{"id":10068,"date":"2026-01-06T23:13:27","date_gmt":"2026-01-06T22:13:27","guid":{"rendered":"https:\/\/universnews224.com\/?p=10068"},"modified":"2026-01-06T23:13:27","modified_gmt":"2026-01-06T22:13:27","slug":"guinee-claude-pivi-figure-du-massacre-de-2009-est-mort-en-detention","status":"publish","type":"post","link":"https:\/\/universnews224.com\/index.php\/guinee-claude-pivi-figure-du-massacre-de-2009-est-mort-en-detention\/","title":{"rendered":"Guin\u00e9e : Claude Pivi, figure du massacre de 2009, est mort en d\u00e9tention"},"content":{"rendered":"<p dir=\"ltr\"><b>L\u2019ancien colonel Claude Pivi, condamn\u00e9 \u00e0 la perp\u00e9tuit\u00e9 pour crimes contre l\u2019humanit\u00e9, est d\u00e9c\u00e9d\u00e9 ce mardi 6 janvier 2026 \u00e0 Conakry. Son d\u00e9c\u00e8s survient apr\u00e8s une d\u00e9gradation brutale de son \u00e9tat de sant\u00e9 \u00e0 l&rsquo;h\u00f4pital militaire.<\/b><\/p>\n<h3>\u200bUne fin de vie sous surveillance m\u00e9dicale<\/h3>\n<p dir=\"ltr\">\u200bIncarc\u00e9r\u00e9 \u00e0 la prison de Coyah depuis la fin de sa cavale en septembre 2024, l&rsquo;ancien ministre de la S\u00e9curit\u00e9 pr\u00e9sidentielle souffrait de plusieurs pathologies chroniques (diab\u00e8te, hypertension et goutte). Selon le Parquet g\u00e9n\u00e9ral, une \u00ab non-observance de son traitement \u00bb serait \u00e0 l&rsquo;origine d&rsquo;une crise d&rsquo;hypoglyc\u00e9mie s\u00e9v\u00e8re survenue le 4 janvier.<\/p>\n<p dir=\"ltr\">\u200bMalgr\u00e9 son transfert en soins intensifs au Camp Almamy Samory Tour\u00e9, il a succomb\u00e9 \u00e0 un coma hypoglyc\u00e9mique ce mardi matin.<\/p>\n<h3>\u200bLes points cl\u00e9s de l&rsquo;annonce officielle :<\/h3>\n<ul>\n<li style=\"list-style-type: none\">\n<ul>\n<li>\u200b<b>La cause m\u00e9dicale :<\/b> Complications li\u00e9es \u00e0 un diab\u00e8te s\u00e9v\u00e8re.<\/li>\n<li>\u200b<b>La proc\u00e9dure judiciaire :<\/b> Une autopsie m\u00e9dico-l\u00e9gale a \u00e9t\u00e9 ordonn\u00e9e par le procureur de Coyah pour \u00e9carter tout doute sur les circonstances du d\u00e9c\u00e8s.<\/li>\n<li>\u200b<b>Le contexte :<\/b> Claude Pivi avait \u00e9t\u00e9 condamn\u00e9 en juillet 2024 pour son r\u00f4le central dans le massacre du 28 septembre 2009.<\/li>\n<\/ul>\n<\/li>\n<\/ul>\n<blockquote>\n<p dir=\"ltr\">\u200b\u00ab Le r\u00e9sultat de l&rsquo;autopsie fera l&rsquo;objet d&rsquo;un communiqu\u00e9 par le Parquet G\u00e9n\u00e9ral \u00bb, a pr\u00e9cis\u00e9 l&rsquo;institution, tout en adressant ses condol\u00e9ances \u00e0 la famille et au peuple guin\u00e9en.<\/p>\n<\/blockquote>\n<p>&nbsp;<\/p>\n<h3>\u200bLa fin d&rsquo;un pilier de l&rsquo;\u00e8re Dadis Camara<\/h3>\n<p dir=\"ltr\">\u200bAvec la disparition de Claude Pivi, c&rsquo;est une page sombre et majeure de l&rsquo;histoire s\u00e9curitaire de la Guin\u00e9e qui se tourne. Longtemps craint et influent, il restera dans les m\u00e9moires comme l&rsquo;un des principaux acteurs de la r\u00e9pression sanglante du stade de Conakry, dont il avait \u00e9t\u00e9 l&rsquo;un des derniers hauts responsables \u00e0 \u00eatre rattrap\u00e9 par la justice apr\u00e8s une fuite spectaculaire.<\/p>\n","protected":false},"excerpt":{"rendered":"<p>L\u2019ancien colonel Claude Pivi, condamn\u00e9 \u00e0 la perp\u00e9tuit\u00e9 pour crimes contre l\u2019humanit\u00e9, est d\u00e9c\u00e9d\u00e9 ce<\/p>\n","protected":false},"author":2,"featured_media":10069,"comment_status":"closed","ping_status":"open","sticky":false,"template":"","format":"standard","meta":[],"categories":[3,4],"tags":[237],"yoast_head":"<!-- This site is optimized with the Yoast SEO plugin v19.13 - https:\/\/yoast.com\/wordpress\/plugins\/seo\/ -->\n<title>Guin\u00e9e : Claude Pivi, figure du massacre de 2009, est mort en d\u00e9tention - UNIVERSNEWS224<\/title>\n<meta name=\"robots\" content=\"index, follow, max-snippet:-1, max-image-preview:large, max-video-preview:-1\" \/>\n<link rel=\"canonical\" href=\"https:\/\/universnews224.com\/index.php\/guinee-claude-pivi-figure-du-massacre-de-2009-est-mort-en-detention\/\" \/>\n<meta property=\"og:locale\" content=\"fr_FR\" \/>\n<meta property=\"og:type\" content=\"article\" \/>\n<meta property=\"og:title\" content=\"Guin\u00e9e : Claude Pivi, figure du massacre de 2009, est mort en d\u00e9tention - UNIVERSNEWS224\" \/>\n<meta property=\"og:description\" content=\"L\u2019ancien colonel Claude Pivi, condamn\u00e9 \u00e0 la perp\u00e9tuit\u00e9 pour crimes contre l\u2019humanit\u00e9, est d\u00e9c\u00e9d\u00e9 ce\" \/>\n<meta property=\"og:url\" content=\"https:\/\/universnews224.com\/index.php\/guinee-claude-pivi-figure-du-massacre-de-2009-est-mort-en-detention\/\" \/>\n<meta property=\"og:site_name\" content=\"UNIVERSNEWS224\" \/>\n<meta property=\"article:published_time\" content=\"2026-01-06T22:13:27+00:00\" \/>\n<meta property=\"og:image\" content=\"https:\/\/universnews224.com\/wp-content\/uploads\/2026\/01\/IMG-20260106-WA0011.jpg\" \/>\n\t<meta property=\"og:image:width\" content=\"664\" \/>\n\t<meta property=\"og:image:height\" content=\"442\" \/>\n\t<meta property=\"og:image:type\" content=\"image\/jpeg\" \/>\n<meta name=\"author\" content=\"La R\u00e9daction\" \/>\n<meta name=\"twitter:label1\" content=\"\u00c9crit par\" \/>\n\t<meta name=\"twitter:data1\" content=\"La R\u00e9daction\" \/>\n\t<meta name=\"twitter:label2\" content=\"Dur\u00e9e de lecture estim\u00e9e\" \/>\n\t<meta name=\"twitter:data2\" content=\"2 minutes\" \/>\n<script type=\"application\/ld+json\" class=\"yoast-schema-graph\">{\"@context\":\"https:\/\/schema.org\",\"@graph\":[{\"@type\":\"Article\",\"@id\":\"https:\/\/universnews224.com\/index.php\/guinee-claude-pivi-figure-du-massacre-de-2009-est-mort-en-detention\/#article\",\"isPartOf\":{\"@id\":\"https:\/\/universnews224.com\/index.php\/guinee-claude-pivi-figure-du-massacre-de-2009-est-mort-en-detention\/\"},\"author\":{\"name\":\"La R\u00e9daction\",\"@id\":\"https:\/\/universnews224.com\/#\/schema\/person\/a4b7d4f94a4716df60456a491260485e\"},\"headline\":\"Guin\u00e9e : Claude Pivi, figure du massacre de 2009, est mort en d\u00e9tention\",\"datePublished\":\"2026-01-06T22:13:27+00:00\",\"dateModified\":\"2026-01-06T22:13:27+00:00\",\"mainEntityOfPage\":{\"@id\":\"https:\/\/universnews224.com\/index.php\/guinee-claude-pivi-figure-du-massacre-de-2009-est-mort-en-detention\/\"},\"wordCount\":314,\"publisher\":{\"@id\":\"https:\/\/universnews224.com\/#organization\"},\"keywords\":[\"A la une\"],\"articleSection\":[\"ACTU\",\"POLITIQUE\"],\"inLanguage\":\"fr-FR\"},{\"@type\":\"WebPage\",\"@id\":\"https:\/\/universnews224.com\/index.php\/guinee-claude-pivi-figure-du-massacre-de-2009-est-mort-en-detention\/\",\"url\":\"https:\/\/universnews224.com\/index.php\/guinee-claude-pivi-figure-du-massacre-de-2009-est-mort-en-detention\/\",\"name\":\"Guin\u00e9e : Claude Pivi, figure du massacre de 2009, est mort en d\u00e9tention - UNIVERSNEWS224\",\"isPartOf\":{\"@id\":\"https:\/\/universnews224.com\/#website\"},\"datePublished\":\"2026-01-06T22:13:27+00:00\",\"dateModified\":\"2026-01-06T22:13:27+00:00\",\"inLanguage\":\"fr-FR\",\"potentialAction\":[{\"@type\":\"ReadAction\",\"target\":[\"https:\/\/universnews224.com\/index.php\/guinee-claude-pivi-figure-du-massacre-de-2009-est-mort-en-detention\/\"]}]},{\"@type\":\"WebSite\",\"@id\":\"https:\/\/universnews224.com\/#website\",\"url\":\"https:\/\/universnews224.com\/\",\"name\":\"UNIVERSNEWS224\",\"description\":\"\",\"publisher\":{\"@id\":\"https:\/\/universnews224.com\/#organization\"},\"potentialAction\":[{\"@type\":\"SearchAction\",\"target\":{\"@type\":\"EntryPoint\",\"urlTemplate\":\"https:\/\/universnews224.com\/?s={search_term_string}\"},\"query-input\":\"required name=search_term_string\"}],\"inLanguage\":\"fr-FR\"},{\"@type\":\"Organization\",\"@id\":\"https:\/\/universnews224.com\/#organization\",\"name\":\"UNIVERSNEWS224\",\"url\":\"https:\/\/universnews224.com\/\",\"logo\":{\"@type\":\"ImageObject\",\"inLanguage\":\"fr-FR\",\"@id\":\"https:\/\/universnews224.com\/#\/schema\/logo\/image\/\",\"url\":\"https:\/\/universnews224.com\/wp-content\/uploads\/2022\/08\/cropped-cropped-logoban.jpg\",\"contentUrl\":\"https:\/\/universnews224.com\/wp-content\/uploads\/2022\/08\/cropped-cropped-logoban.jpg\",\"width\":1080,\"height\":138,\"caption\":\"UNIVERSNEWS224\"},\"image\":{\"@id\":\"https:\/\/universnews224.com\/#\/schema\/logo\/image\/\"}},{\"@type\":\"Person\",\"@id\":\"https:\/\/universnews224.com\/#\/schema\/person\/a4b7d4f94a4716df60456a491260485e\",\"name\":\"La R\u00e9daction\",\"image\":{\"@type\":\"ImageObject\",\"inLanguage\":\"fr-FR\",\"@id\":\"https:\/\/universnews224.com\/#\/schema\/person\/image\/\",\"url\":\"https:\/\/secure.gravatar.com\/avatar\/edb90acc7752b23e1b3307ad36c14f0d?s=96&d=mm&r=g\",\"contentUrl\":\"https:\/\/secure.gravatar.com\/avatar\/edb90acc7752b23e1b3307ad36c14f0d?s=96&d=mm&r=g\",\"caption\":\"La R\u00e9daction\"},\"sameAs\":[\"https:\/\/universnews224.com\"],\"url\":\"https:\/\/universnews224.com\/index.php\/author\/m-camara\/\"}]}<\/script>\n<!-- \/ Yoast SEO plugin. -->","yoast_head_json":{"title":"Guin\u00e9e : Claude Pivi, figure du massacre de 2009, est mort en d\u00e9tention - UNIVERSNEWS224","robots":{"index":"index","follow":"follow","max-snippet":"max-snippet:-1","max-image-preview":"max-image-preview:large","max-video-preview":"max-video-preview:-1"},"canonical":"https:\/\/universnews224.com\/index.php\/guinee-claude-pivi-figure-du-massacre-de-2009-est-mort-en-detention\/","og_locale":"fr_FR","og_type":"article","og_title":"Guin\u00e9e : Claude Pivi, figure du massacre de 2009, est mort en d\u00e9tention - UNIVERSNEWS224","og_description":"L\u2019ancien colonel Claude Pivi, condamn\u00e9 \u00e0 la perp\u00e9tuit\u00e9 pour crimes contre l\u2019humanit\u00e9, est d\u00e9c\u00e9d\u00e9 ce","og_url":"https:\/\/universnews224.com\/index.php\/guinee-claude-pivi-figure-du-massacre-de-2009-est-mort-en-detention\/","og_site_name":"UNIVERSNEWS224","article_published_time":"2026-01-06T22:13:27+00:00","og_image":[{"width":664,"height":442,"url":"https:\/\/universnews224.com\/wp-content\/uploads\/2026\/01\/IMG-20260106-WA0011.jpg","type":"image\/jpeg"}],"author":"La R\u00e9daction","twitter_misc":{"\u00c9crit par":"La R\u00e9daction","Dur\u00e9e de lecture estim\u00e9e":"2 minutes"},"schema":{"@context":"https:\/\/schema.org","@graph":[{"@type":"Article","@id":"https:\/\/universnews224.com\/index.php\/guinee-claude-pivi-figure-du-massacre-de-2009-est-mort-en-detention\/#article","isPartOf":{"@id":"https:\/\/universnews224.com\/index.php\/guinee-claude-pivi-figure-du-massacre-de-2009-est-mort-en-detention\/"},"author":{"name":"La R\u00e9daction","@id":"https:\/\/universnews224.com\/#\/schema\/person\/a4b7d4f94a4716df60456a491260485e"},"headline":"Guin\u00e9e : Claude Pivi, figure du massacre de 2009, est mort en d\u00e9tention","datePublished":"2026-01-06T22:13:27+00:00","dateModified":"2026-01-06T22:13:27+00:00","mainEntityOfPage":{"@id":"https:\/\/universnews224.com\/index.php\/guinee-claude-pivi-figure-du-massacre-de-2009-est-mort-en-detention\/"},"wordCount":314,"publisher":{"@id":"https:\/\/universnews224.com\/#organization"},"keywords":["A la une"],"articleSection":["ACTU","POLITIQUE"],"inLanguage":"fr-FR"},{"@type":"WebPage","@id":"https:\/\/universnews224.com\/index.php\/guinee-claude-pivi-figure-du-massacre-de-2009-est-mort-en-detention\/","url":"https:\/\/universnews224.com\/index.php\/guinee-claude-pivi-figure-du-massacre-de-2009-est-mort-en-detention\/","name":"Guin\u00e9e : Claude Pivi, figure du massacre de 2009, est mort en d\u00e9tention - UNIVERSNEWS224","isPartOf":{"@id":"https:\/\/universnews224.com\/#website"},"datePublished":"2026-01-06T22:13:27+00:00","dateModified":"2026-01-06T22:13:27+00:00","inLanguage":"fr-FR","potentialAction":[{"@type":"ReadAction","target":["https:\/\/universnews224.com\/index.php\/guinee-claude-pivi-figure-du-massacre-de-2009-est-mort-en-detention\/"]}]},{"@type":"WebSite","@id":"https:\/\/universnews224.com\/#website","url":"https:\/\/universnews224.com\/","name":"UNIVERSNEWS224","description":"","publisher":{"@id":"https:\/\/universnews224.com\/#organization"},"potentialAction":[{"@type":"SearchAction","target":{"@type":"EntryPoint","urlTemplate":"https:\/\/universnews224.com\/?s={search_term_string}"},"query-input":"required name=search_term_string"}],"inLanguage":"fr-FR"},{"@type":"Organization","@id":"https:\/\/universnews224.com\/#organization","name":"UNIVERSNEWS224","url":"https:\/\/universnews224.com\/","logo":{"@type":"ImageObject","inLanguage":"fr-FR","@id":"https:\/\/universnews224.com\/#\/schema\/logo\/image\/","url":"https:\/\/universnews224.com\/wp-content\/uploads\/2022\/08\/cropped-cropped-logoban.jpg","contentUrl":"https:\/\/universnews224.com\/wp-content\/uploads\/2022\/08\/cropped-cropped-logoban.jpg","width":1080,"height":138,"caption":"UNIVERSNEWS224"},"image":{"@id":"https:\/\/universnews224.com\/#\/schema\/logo\/image\/"}},{"@type":"Person","@id":"https:\/\/universnews224.com\/#\/schema\/person\/a4b7d4f94a4716df60456a491260485e","name":"La R\u00e9daction","image":{"@type":"ImageObject","inLanguage":"fr-FR","@id":"https:\/\/universnews224.com\/#\/schema\/person\/image\/","url":"https:\/\/secure.gravatar.com\/avatar\/edb90acc7752b23e1b3307ad36c14f0d?s=96&d=mm&r=g","contentUrl":"https:\/\/secure.gravatar.com\/avatar\/edb90acc7752b23e1b3307ad36c14f0d?s=96&d=mm&r=g","caption":"La R\u00e9daction"},"sameAs":["https:\/\/universnews224.com"],"url":"https:\/\/universnews224.com\/index.php\/author\/m-camara\/"}]}},"_links":{"self":[{"href":"https:\/\/universnews224.com\/index.php\/wp-json\/wp\/v2\/posts\/10068"}],"collection":[{"href":"https:\/\/universnews224.com\/index.php\/wp-json\/wp\/v2\/posts"}],"about":[{"href":"https:\/\/universnews224.com\/index.php\/wp-json\/wp\/v2\/types\/post"}],"author":[{"embeddable":true,"href":"https:\/\/universnews224.com\/index.php\/wp-json\/wp\/v2\/users\/2"}],"replies":[{"embeddable":true,"href":"https:\/\/universnews224.com\/index.php\/wp-json\/wp\/v2\/comments?post=10068"}],"version-history":[{"count":1,"href":"https:\/\/universnews224.com\/index.php\/wp-json\/wp\/v2\/posts\/10068\/revisions"}],"predecessor-version":[{"id":10070,"href":"https:\/\/universnews224.com\/index.php\/wp-json\/wp\/v2\/posts\/10068\/revisions\/10070"}],"wp:featuredmedia":[{"embeddable":true,"href":"https:\/\/universnews224.com\/index.php\/wp-json\/wp\/v2\/media\/10069"}],"wp:attachment":[{"href":"https:\/\/universnews224.com\/index.php\/wp-json\/wp\/v2\/media?parent=10068"}],"wp:term":[{"taxonomy":"category","embeddable":true,"href":"https:\/\/universnews224.com\/index.php\/wp-json\/wp\/v2\/categories?post=10068"},{"taxonomy":"post_tag","embeddable":true,"href":"https:\/\/universnews224.com\/index.php\/wp-json\/wp\/v2\/tags?post=10068"}],"curies":[{"name":"wp","href":"https:\/\/api.w.org\/{rel}","templated":true}]}}