{"id":10096,"date":"2026-01-15T20:04:28","date_gmt":"2026-01-15T19:04:28","guid":{"rendered":"https:\/\/universnews224.com\/?p=10096"},"modified":"2026-01-15T20:04:28","modified_gmt":"2026-01-15T19:04:28","slug":"cellou-dalein-diallo-en-restant-en-guinee-je-serais-au-cimetiere-ou-en-prison","status":"publish","type":"post","link":"https:\/\/universnews224.com\/index.php\/cellou-dalein-diallo-en-restant-en-guinee-je-serais-au-cimetiere-ou-en-prison\/","title":{"rendered":"Cellou Dalein Diallo: \u00ab\u00a0En restant en Guin\u00e9e, je serais au cimeti\u00e8re ou en prison\u00a0\u00bb"},"content":{"rendered":"<p>Invit\u00e9 sur le plateau de TV5 Monde ce mercredi 14 janvier, le leader de l\u2019UFDG a bris\u00e9 le silence sur son absence prolong\u00e9e du territoire guin\u00e9en. Entre d\u00e9nonciation d&rsquo;une justice aux ordres et survie politique, l&rsquo;ancien Premier ministre justifie son exil comme un acte de r\u00e9sistance.<\/p>\n<div dir=\"auto\">\n<div dir=\"auto\">\n<div dir=\"auto\"><\/div>\n<div dir=\"auto\">\u200b<\/div>\n<div dir=\"auto\"><\/div>\n<div dir=\"auto\">\u200bPour Cellou Dalein Diallo, l\u2019heure n\u2019est plus aux demi-mesures. Interrog\u00e9 par la r\u00e9daction de TV5 Monde, le pr\u00e9sident de l\u2019Union des Forces D\u00e9mocratiques de Guin\u00e9e (UFDG) a pr\u00e9sent\u00e9 son exil non comme un renoncement, mais comme une n\u00e9cessit\u00e9 vitale. Sa d\u00e9claration phare sonne comme un r\u00e9quisitoire contre le pouvoir en place : \u00ab En restant en Guin\u00e9e, je serais au cimeti\u00e8re ou en prison. \u00bb<\/div>\n<div dir=\"auto\"><\/div>\n<div dir=\"auto\">\u200bPar ces mots, l&rsquo;opposant d\u00e9crit un paysage politique verrouill\u00e9 o\u00f9 la dissidence est devenue, selon lui, une activit\u00e9 mortif\u00e8re. Il r\u00e9cuse fermement l&rsquo;\u00e9tiquette de \u00ab fugitif \u00bb, pr\u00e9f\u00e9rant celle d&rsquo;un leader qui pr\u00e9serve sa capacit\u00e9 d&rsquo;action face \u00e0 un climat de r\u00e9pression syst\u00e9matique.<\/div>\n<div dir=\"auto\"><\/div>\n<div dir=\"auto\">\u200b<\/div>\n<div dir=\"auto\"><\/div>\n<div dir=\"auto\">\u200bAu c\u0153ur de son intervention, la question de l&rsquo;\u00c9tat de droit occupe une place centrale. Cellou Dalein Diallo d\u00e9peint une Guin\u00e9e o\u00f9 l&rsquo;appareil judiciaire serait devenu l&rsquo;outil de pr\u00e9dilection du r\u00e9gime pour neutraliser les voix discordantes.<\/div>\n<div dir=\"auto\"><\/div>\n<div dir=\"auto\">\u00ab\u00a0Il n\u2019y a pas de justice en Guin\u00e9e, vous le savez. Tous ceux qui contestent l\u2019Umbria, ses ambitions ou ses v\u00e9rit\u00e9s, savent o\u00f9 ils en sont. Ils sont victimes de disparitions forc\u00e9es ou meurent dans des circonstances non \u00e9lucid\u00e9es\u00a0\u00bb, a-t-il d\u00e9nonc\u00e9.<\/div>\n<div dir=\"auto\"><\/div>\n<div dir=\"auto\"><\/div>\n<div dir=\"auto\"><\/div>\n<div dir=\"auto\"><\/div>\n<div dir=\"auto\">\u200bMalgr\u00e9 la distance, l&rsquo;ancien Premier ministre assure que son influence et sa d\u00e9termination restent intactes. Pour lui, le combat pour la d\u00e9mocratie s&rsquo;est simplement d\u00e9localis\u00e9. En choisissant de rester \u00e0 l&rsquo;ext\u00e9rieur, il estime pouvoir porter la voix du peuple guin\u00e9en plus librement que s&rsquo;il \u00e9tait derri\u00e8re les barreaux.<\/div>\n<div dir=\"auto\"><\/div>\n<div dir=\"auto\">\u200b\u00ab Ce n\u2019est pas la peur qui m\u2019anime, mais la volont\u00e9 ferme de faire avancer la d\u00e9mocratie \u00bb, a-t-il conclu, r\u00e9affirmant son ambition finale : l&rsquo;instauration d&rsquo;un v\u00e9ritable \u00c9tat de droit en Guin\u00e9e.<\/div>\n<div dir=\"auto\"><\/div>\n<div dir=\"auto\"><\/div>\n<\/div>\n<\/div>\n","protected":false},"excerpt":{"rendered":"<p>Invit\u00e9 sur le plateau de TV5 Monde ce mercredi 14 janvier, le leader de l\u2019UFDG<\/p>\n","protected":false},"author":2,"featured_media":9507,"comment_status":"closed","ping_status":"open","sticky":false,"template":"","format":"standard","meta":[],"categories":[3,4],"tags":[237],"yoast_head":"<!-- This site is optimized with the Yoast SEO plugin v19.13 - https:\/\/yoast.com\/wordpress\/plugins\/seo\/ -->\n<title>Cellou Dalein Diallo: &quot;En restant en Guin\u00e9e, je serais au cimeti\u00e8re ou en prison&quot; - UNIVERSNEWS224<\/title>\n<meta name=\"robots\" content=\"index, follow, max-snippet:-1, max-image-preview:large, max-video-preview:-1\" \/>\n<link rel=\"canonical\" href=\"https:\/\/universnews224.com\/index.php\/cellou-dalein-diallo-en-restant-en-guinee-je-serais-au-cimetiere-ou-en-prison\/\" \/>\n<meta property=\"og:locale\" content=\"fr_FR\" \/>\n<meta property=\"og:type\" content=\"article\" \/>\n<meta property=\"og:title\" content=\"Cellou Dalein Diallo: &quot;En restant en Guin\u00e9e, je serais au cimeti\u00e8re ou en prison&quot; - UNIVERSNEWS224\" \/>\n<meta property=\"og:description\" content=\"Invit\u00e9 sur le plateau de TV5 Monde ce mercredi 14 janvier, le leader de l\u2019UFDG\" \/>\n<meta property=\"og:url\" content=\"https:\/\/universnews224.com\/index.php\/cellou-dalein-diallo-en-restant-en-guinee-je-serais-au-cimetiere-ou-en-prison\/\" \/>\n<meta property=\"og:site_name\" content=\"UNIVERSNEWS224\" \/>\n<meta property=\"article:published_time\" content=\"2026-01-15T19:04:28+00:00\" \/>\n<meta property=\"og:image\" content=\"https:\/\/universnews224.com\/wp-content\/uploads\/2025\/11\/Cellou-Dalein.jpg\" \/>\n\t<meta property=\"og:image:width\" content=\"900\" \/>\n\t<meta property=\"og:image:height\" content=\"600\" \/>\n\t<meta property=\"og:image:type\" content=\"image\/jpeg\" \/>\n<meta name=\"author\" content=\"La R\u00e9daction\" \/>\n<meta name=\"twitter:label1\" content=\"\u00c9crit par\" \/>\n\t<meta name=\"twitter:data1\" content=\"La R\u00e9daction\" \/>\n\t<meta name=\"twitter:label2\" content=\"Dur\u00e9e de lecture estim\u00e9e\" \/>\n\t<meta name=\"twitter:data2\" content=\"2 minutes\" \/>\n<script type=\"application\/ld+json\" class=\"yoast-schema-graph\">{\"@context\":\"https:\/\/schema.org\",\"@graph\":[{\"@type\":\"Article\",\"@id\":\"https:\/\/universnews224.com\/index.php\/cellou-dalein-diallo-en-restant-en-guinee-je-serais-au-cimetiere-ou-en-prison\/#article\",\"isPartOf\":{\"@id\":\"https:\/\/universnews224.com\/index.php\/cellou-dalein-diallo-en-restant-en-guinee-je-serais-au-cimetiere-ou-en-prison\/\"},\"author\":{\"name\":\"La R\u00e9daction\",\"@id\":\"https:\/\/universnews224.com\/#\/schema\/person\/a4b7d4f94a4716df60456a491260485e\"},\"headline\":\"Cellou Dalein Diallo: \u00ab\u00a0En restant en Guin\u00e9e, je serais au cimeti\u00e8re ou en prison\u00a0\u00bb\",\"datePublished\":\"2026-01-15T19:04:28+00:00\",\"dateModified\":\"2026-01-15T19:04:28+00:00\",\"mainEntityOfPage\":{\"@id\":\"https:\/\/universnews224.com\/index.php\/cellou-dalein-diallo-en-restant-en-guinee-je-serais-au-cimetiere-ou-en-prison\/\"},\"wordCount\":370,\"publisher\":{\"@id\":\"https:\/\/universnews224.com\/#organization\"},\"keywords\":[\"A la une\"],\"articleSection\":[\"ACTU\",\"POLITIQUE\"],\"inLanguage\":\"fr-FR\"},{\"@type\":\"WebPage\",\"@id\":\"https:\/\/universnews224.com\/index.php\/cellou-dalein-diallo-en-restant-en-guinee-je-serais-au-cimetiere-ou-en-prison\/\",\"url\":\"https:\/\/universnews224.com\/index.php\/cellou-dalein-diallo-en-restant-en-guinee-je-serais-au-cimetiere-ou-en-prison\/\",\"name\":\"Cellou Dalein Diallo: \\\"En restant en Guin\u00e9e, je serais au cimeti\u00e8re ou en prison\\\" - UNIVERSNEWS224\",\"isPartOf\":{\"@id\":\"https:\/\/universnews224.com\/#website\"},\"datePublished\":\"2026-01-15T19:04:28+00:00\",\"dateModified\":\"2026-01-15T19:04:28+00:00\",\"inLanguage\":\"fr-FR\",\"potentialAction\":[{\"@type\":\"ReadAction\",\"target\":[\"https:\/\/universnews224.com\/index.php\/cellou-dalein-diallo-en-restant-en-guinee-je-serais-au-cimetiere-ou-en-prison\/\"]}]},{\"@type\":\"WebSite\",\"@id\":\"https:\/\/universnews224.com\/#website\",\"url\":\"https:\/\/universnews224.com\/\",\"name\":\"UNIVERSNEWS224\",\"description\":\"\",\"publisher\":{\"@id\":\"https:\/\/universnews224.com\/#organization\"},\"potentialAction\":[{\"@type\":\"SearchAction\",\"target\":{\"@type\":\"EntryPoint\",\"urlTemplate\":\"https:\/\/universnews224.com\/?s={search_term_string}\"},\"query-input\":\"required name=search_term_string\"}],\"inLanguage\":\"fr-FR\"},{\"@type\":\"Organization\",\"@id\":\"https:\/\/universnews224.com\/#organization\",\"name\":\"UNIVERSNEWS224\",\"url\":\"https:\/\/universnews224.com\/\",\"logo\":{\"@type\":\"ImageObject\",\"inLanguage\":\"fr-FR\",\"@id\":\"https:\/\/universnews224.com\/#\/schema\/logo\/image\/\",\"url\":\"https:\/\/universnews224.com\/wp-content\/uploads\/2022\/08\/cropped-cropped-logoban.jpg\",\"contentUrl\":\"https:\/\/universnews224.com\/wp-content\/uploads\/2022\/08\/cropped-cropped-logoban.jpg\",\"width\":1080,\"height\":138,\"caption\":\"UNIVERSNEWS224\"},\"image\":{\"@id\":\"https:\/\/universnews224.com\/#\/schema\/logo\/image\/\"}},{\"@type\":\"Person\",\"@id\":\"https:\/\/universnews224.com\/#\/schema\/person\/a4b7d4f94a4716df60456a491260485e\",\"name\":\"La R\u00e9daction\",\"image\":{\"@type\":\"ImageObject\",\"inLanguage\":\"fr-FR\",\"@id\":\"https:\/\/universnews224.com\/#\/schema\/person\/image\/\",\"url\":\"https:\/\/secure.gravatar.com\/avatar\/edb90acc7752b23e1b3307ad36c14f0d?s=96&d=mm&r=g\",\"contentUrl\":\"https:\/\/secure.gravatar.com\/avatar\/edb90acc7752b23e1b3307ad36c14f0d?s=96&d=mm&r=g\",\"caption\":\"La R\u00e9daction\"},\"sameAs\":[\"https:\/\/universnews224.com\"],\"url\":\"https:\/\/universnews224.com\/index.php\/author\/m-camara\/\"}]}<\/script>\n<!-- \/ Yoast SEO plugin. -->","yoast_head_json":{"title":"Cellou Dalein Diallo: \"En restant en Guin\u00e9e, je serais au cimeti\u00e8re ou en prison\" - UNIVERSNEWS224","robots":{"index":"index","follow":"follow","max-snippet":"max-snippet:-1","max-image-preview":"max-image-preview:large","max-video-preview":"max-video-preview:-1"},"canonical":"https:\/\/universnews224.com\/index.php\/cellou-dalein-diallo-en-restant-en-guinee-je-serais-au-cimetiere-ou-en-prison\/","og_locale":"fr_FR","og_type":"article","og_title":"Cellou Dalein Diallo: \"En restant en Guin\u00e9e, je serais au cimeti\u00e8re ou en prison\" - UNIVERSNEWS224","og_description":"Invit\u00e9 sur le plateau de TV5 Monde ce mercredi 14 janvier, le leader de l\u2019UFDG","og_url":"https:\/\/universnews224.com\/index.php\/cellou-dalein-diallo-en-restant-en-guinee-je-serais-au-cimetiere-ou-en-prison\/","og_site_name":"UNIVERSNEWS224","article_published_time":"2026-01-15T19:04:28+00:00","og_image":[{"width":900,"height":600,"url":"https:\/\/universnews224.com\/wp-content\/uploads\/2025\/11\/Cellou-Dalein.jpg","type":"image\/jpeg"}],"author":"La R\u00e9daction","twitter_misc":{"\u00c9crit par":"La R\u00e9daction","Dur\u00e9e de lecture estim\u00e9e":"2 minutes"},"schema":{"@context":"https:\/\/schema.org","@graph":[{"@type":"Article","@id":"https:\/\/universnews224.com\/index.php\/cellou-dalein-diallo-en-restant-en-guinee-je-serais-au-cimetiere-ou-en-prison\/#article","isPartOf":{"@id":"https:\/\/universnews224.com\/index.php\/cellou-dalein-diallo-en-restant-en-guinee-je-serais-au-cimetiere-ou-en-prison\/"},"author":{"name":"La R\u00e9daction","@id":"https:\/\/universnews224.com\/#\/schema\/person\/a4b7d4f94a4716df60456a491260485e"},"headline":"Cellou Dalein Diallo: \u00ab\u00a0En restant en Guin\u00e9e, je serais au cimeti\u00e8re ou en prison\u00a0\u00bb","datePublished":"2026-01-15T19:04:28+00:00","dateModified":"2026-01-15T19:04:28+00:00","mainEntityOfPage":{"@id":"https:\/\/universnews224.com\/index.php\/cellou-dalein-diallo-en-restant-en-guinee-je-serais-au-cimetiere-ou-en-prison\/"},"wordCount":370,"publisher":{"@id":"https:\/\/universnews224.com\/#organization"},"keywords":["A la une"],"articleSection":["ACTU","POLITIQUE"],"inLanguage":"fr-FR"},{"@type":"WebPage","@id":"https:\/\/universnews224.com\/index.php\/cellou-dalein-diallo-en-restant-en-guinee-je-serais-au-cimetiere-ou-en-prison\/","url":"https:\/\/universnews224.com\/index.php\/cellou-dalein-diallo-en-restant-en-guinee-je-serais-au-cimetiere-ou-en-prison\/","name":"Cellou Dalein Diallo: \"En restant en Guin\u00e9e, je serais au cimeti\u00e8re ou en prison\" - UNIVERSNEWS224","isPartOf":{"@id":"https:\/\/universnews224.com\/#website"},"datePublished":"2026-01-15T19:04:28+00:00","dateModified":"2026-01-15T19:04:28+00:00","inLanguage":"fr-FR","potentialAction":[{"@type":"ReadAction","target":["https:\/\/universnews224.com\/index.php\/cellou-dalein-diallo-en-restant-en-guinee-je-serais-au-cimetiere-ou-en-prison\/"]}]},{"@type":"WebSite","@id":"https:\/\/universnews224.com\/#website","url":"https:\/\/universnews224.com\/","name":"UNIVERSNEWS224","description":"","publisher":{"@id":"https:\/\/universnews224.com\/#organization"},"potentialAction":[{"@type":"SearchAction","target":{"@type":"EntryPoint","urlTemplate":"https:\/\/universnews224.com\/?s={search_term_string}"},"query-input":"required name=search_term_string"}],"inLanguage":"fr-FR"},{"@type":"Organization","@id":"https:\/\/universnews224.com\/#organization","name":"UNIVERSNEWS224","url":"https:\/\/universnews224.com\/","logo":{"@type":"ImageObject","inLanguage":"fr-FR","@id":"https:\/\/universnews224.com\/#\/schema\/logo\/image\/","url":"https:\/\/universnews224.com\/wp-content\/uploads\/2022\/08\/cropped-cropped-logoban.jpg","contentUrl":"https:\/\/universnews224.com\/wp-content\/uploads\/2022\/08\/cropped-cropped-logoban.jpg","width":1080,"height":138,"caption":"UNIVERSNEWS224"},"image":{"@id":"https:\/\/universnews224.com\/#\/schema\/logo\/image\/"}},{"@type":"Person","@id":"https:\/\/universnews224.com\/#\/schema\/person\/a4b7d4f94a4716df60456a491260485e","name":"La R\u00e9daction","image":{"@type":"ImageObject","inLanguage":"fr-FR","@id":"https:\/\/universnews224.com\/#\/schema\/person\/image\/","url":"https:\/\/secure.gravatar.com\/avatar\/edb90acc7752b23e1b3307ad36c14f0d?s=96&d=mm&r=g","contentUrl":"https:\/\/secure.gravatar.com\/avatar\/edb90acc7752b23e1b3307ad36c14f0d?s=96&d=mm&r=g","caption":"La R\u00e9daction"},"sameAs":["https:\/\/universnews224.com"],"url":"https:\/\/universnews224.com\/index.php\/author\/m-camara\/"}]}},"_links":{"self":[{"href":"https:\/\/universnews224.com\/index.php\/wp-json\/wp\/v2\/posts\/10096"}],"collection":[{"href":"https:\/\/universnews224.com\/index.php\/wp-json\/wp\/v2\/posts"}],"about":[{"href":"https:\/\/universnews224.com\/index.php\/wp-json\/wp\/v2\/types\/post"}],"author":[{"embeddable":true,"href":"https:\/\/universnews224.com\/index.php\/wp-json\/wp\/v2\/users\/2"}],"replies":[{"embeddable":true,"href":"https:\/\/universnews224.com\/index.php\/wp-json\/wp\/v2\/comments?post=10096"}],"version-history":[{"count":1,"href":"https:\/\/universnews224.com\/index.php\/wp-json\/wp\/v2\/posts\/10096\/revisions"}],"predecessor-version":[{"id":10097,"href":"https:\/\/universnews224.com\/index.php\/wp-json\/wp\/v2\/posts\/10096\/revisions\/10097"}],"wp:featuredmedia":[{"embeddable":true,"href":"https:\/\/universnews224.com\/index.php\/wp-json\/wp\/v2\/media\/9507"}],"wp:attachment":[{"href":"https:\/\/universnews224.com\/index.php\/wp-json\/wp\/v2\/media?parent=10096"}],"wp:term":[{"taxonomy":"category","embeddable":true,"href":"https:\/\/universnews224.com\/index.php\/wp-json\/wp\/v2\/categories?post=10096"},{"taxonomy":"post_tag","embeddable":true,"href":"https:\/\/universnews224.com\/index.php\/wp-json\/wp\/v2\/tags?post=10096"}],"curies":[{"name":"wp","href":"https:\/\/api.w.org\/{rel}","templated":true}]}}