{"id":10099,"date":"2026-01-16T15:50:39","date_gmt":"2026-01-16T14:50:39","guid":{"rendered":"https:\/\/universnews224.com\/?p=10099"},"modified":"2026-01-16T15:50:39","modified_gmt":"2026-01-16T14:50:39","slug":"agepi-aboubacar-soumah-elu-president-pour-un-mandat-de-cohesion-et-de-solidarite","status":"publish","type":"post","link":"https:\/\/universnews224.com\/index.php\/agepi-aboubacar-soumah-elu-president-pour-un-mandat-de-cohesion-et-de-solidarite\/","title":{"rendered":"AGEPI : Aboubacar Soumah \u00e9lu pr\u00e9sident pour un mandat de \u00ab coh\u00e9sion et de solidarit\u00e9 \u00bb"},"content":{"rendered":"<p>L\u2019Association Guin\u00e9enne des \u00c9diteurs de la Presse Ind\u00e9pendante (AGEPI) a tourn\u00e9 une page de son histoire ce vendredi 16 janvier 2026. Aboubacar Soumah, administrateur g\u00e9n\u00e9ral du journal Le Renard, a \u00e9t\u00e9 port\u00e9 \u00e0 la t\u00eate de l\u2019institution avec une mission claire : restaurer l\u2019unit\u00e9 au sein de la presse \u00e9crite guin\u00e9enne.<\/p>\n<div dir=\"auto\">\n<div dir=\"auto\"><\/div>\n<div dir=\"auto\">\u200bC\u2019est dans une atmosph\u00e8re empreinte d\u2019\u00e9motion et de solennit\u00e9 que les congressistes ont fait leur choix. Par un vote unanime, les \u00e9diteurs ont confi\u00e9 les destin\u00e9es de leur association \u00e0 Aboubacar Soumah pour les trois prochaines ann\u00e9es. Un pl\u00e9biscite que le nouveau pr\u00e9sident a accueilli comme un signal fort envoy\u00e9 \u00e0 l&rsquo;ensemble de la corporation.<\/div>\n<div dir=\"auto\"><\/div>\n<div dir=\"auto\">\u200b<\/div>\n<div dir=\"auto\">\u200bD\u00e8s sa premi\u00e8re prise de parole, le pr\u00e9sident \u00e9lu a tenu \u00e0 marquer une rupture avec les remous du pass\u00e9. \u00ab Le temps de la division est d\u00e9finitivement derri\u00e8re nous \u00bb, a-t-il martel\u00e9 avec conviction. Conscient des fragilit\u00e9s qui ont pu \u00e9mailler la vie de l\u2019association, il a plac\u00e9 son mandat sous le signe de la \u00ab coh\u00e9sion retrouv\u00e9e et de la solidarit\u00e9 agissante \u00bb.<\/div>\n<div dir=\"auto\"><\/div>\n<div dir=\"auto\">\u200bPour Aboubacar Soumah, l\u2019heure n\u2019est plus aux querelles intestines mais \u00e0 l\u2019action collective. \u00ab Une nouvelle page d\u00e9bute aujourd\u2019hui, et elle s\u2019\u00e9crira avec tout le monde, sans exception \u00bb, a-t-il promis, tendant ainsi une main fraternelle \u00e0 toutes les sensibilit\u00e9s de la corporation.<\/div>\n<div dir=\"auto\"><\/div>\n<div dir=\"auto\">\u200bRelever les d\u00e9fis de la presse \u00e9crite<\/div>\n<div dir=\"auto\"><\/div>\n<div dir=\"auto\">\u200bLe secteur de la presse \u00e9crite en Guin\u00e9e traverse une p\u00e9riode charni\u00e8re, marqu\u00e9e par des d\u00e9fis \u00e9conomiques et structurels majeurs. Le nouveau pr\u00e9sident de l&rsquo;AGEPI en a fait son cheval de bataille :<\/div>\n<div dir=\"auto\">\u200bL&rsquo;union comme levier : Selon lui, la p\u00e9rennit\u00e9 des entreprises de presse d\u00e9pend de leur capacit\u00e9 \u00e0 parler d&rsquo;une seule voix.<\/div>\n<div dir=\"auto\">\u200bLe retour de la cr\u00e9dibilit\u00e9 : Redonner \u00e0 la presse \u00e9crite sa \u00ab valeur d&rsquo;antan \u00bb pour rester le socle de l&rsquo;information cr\u00e9dible.<\/div>\n<div dir=\"auto\">\u200bL&rsquo;action imm\u00e9diate : Le nouveau bureau s&rsquo;est engag\u00e9 \u00e0 se mettre au travail \u00ab d\u00e8s demain \u00bb.<\/div>\n<div dir=\"auto\"><\/div>\n<div dir=\"auto\">\u200bUn appel aux partenaires<\/div>\n<div dir=\"auto\"><\/div>\n<div dir=\"auto\">\u200bS\u2019adressant aux partenaires techniques et financiers, Aboubacar Soumah a pr\u00e9sent\u00e9 une AGEPI d\u00e9sormais \u00ab unie, solide et d\u00e9termin\u00e9e \u00bb. Il a invit\u00e9 ces acteurs \u00e0 soutenir ce nouvel \u00e9lan, rappelant que soutenir la presse \u00e9crite revient \u00e0 investir dans la qualit\u00e9 et la durabilit\u00e9 de l&rsquo;espace m\u00e9diatique guin\u00e9en.<\/div>\n<div dir=\"auto\">\u200bEn rendant hommage \u00e0 ses pr\u00e9d\u00e9cesseurs, le nouvel homme fort de l\u2019AGEPI a conclu son discours par une note d&rsquo;espoir, assurant que l\u2019institution est d\u00e9sormais \u00ab entre de bonnes mains \u00bb pour entamer cette \u00e8re de r\u00e9ussite collective.<\/div>\n<div dir=\"auto\"><\/div>\n<div dir=\"auto\">R\u00e9daction<\/div>\n<\/div>\n","protected":false},"excerpt":{"rendered":"<p>L\u2019Association Guin\u00e9enne des \u00c9diteurs de la Presse Ind\u00e9pendante (AGEPI) a tourn\u00e9 une page de son<\/p>\n","protected":false},"author":2,"featured_media":10100,"comment_status":"closed","ping_status":"open","sticky":false,"template":"","format":"standard","meta":[],"categories":[3,4],"tags":[237],"yoast_head":"<!-- This site is optimized with the Yoast SEO plugin v19.13 - https:\/\/yoast.com\/wordpress\/plugins\/seo\/ -->\n<title>AGEPI : Aboubacar Soumah \u00e9lu pr\u00e9sident pour un mandat de \u00ab coh\u00e9sion et de solidarit\u00e9 \u00bb - UNIVERSNEWS224<\/title>\n<meta name=\"robots\" content=\"index, follow, max-snippet:-1, max-image-preview:large, max-video-preview:-1\" \/>\n<link rel=\"canonical\" href=\"https:\/\/universnews224.com\/index.php\/agepi-aboubacar-soumah-elu-president-pour-un-mandat-de-cohesion-et-de-solidarite\/\" \/>\n<meta property=\"og:locale\" content=\"fr_FR\" \/>\n<meta property=\"og:type\" content=\"article\" \/>\n<meta property=\"og:title\" content=\"AGEPI : Aboubacar Soumah \u00e9lu pr\u00e9sident pour un mandat de \u00ab coh\u00e9sion et de solidarit\u00e9 \u00bb - UNIVERSNEWS224\" \/>\n<meta property=\"og:description\" content=\"L\u2019Association Guin\u00e9enne des \u00c9diteurs de la Presse Ind\u00e9pendante (AGEPI) a tourn\u00e9 une page de son\" \/>\n<meta property=\"og:url\" content=\"https:\/\/universnews224.com\/index.php\/agepi-aboubacar-soumah-elu-president-pour-un-mandat-de-cohesion-et-de-solidarite\/\" \/>\n<meta property=\"og:site_name\" content=\"UNIVERSNEWS224\" \/>\n<meta property=\"article:published_time\" content=\"2026-01-16T14:50:39+00:00\" \/>\n<meta property=\"og:image\" content=\"https:\/\/universnews224.com\/wp-content\/uploads\/2026\/01\/IMG-20260116-WA0013.jpg\" \/>\n\t<meta property=\"og:image:width\" content=\"1020\" \/>\n\t<meta property=\"og:image:height\" content=\"574\" \/>\n\t<meta property=\"og:image:type\" content=\"image\/jpeg\" \/>\n<meta name=\"author\" content=\"La R\u00e9daction\" \/>\n<meta name=\"twitter:label1\" content=\"\u00c9crit par\" \/>\n\t<meta name=\"twitter:data1\" content=\"La R\u00e9daction\" \/>\n\t<meta name=\"twitter:label2\" content=\"Dur\u00e9e de lecture estim\u00e9e\" \/>\n\t<meta name=\"twitter:data2\" content=\"2 minutes\" \/>\n<script type=\"application\/ld+json\" class=\"yoast-schema-graph\">{\"@context\":\"https:\/\/schema.org\",\"@graph\":[{\"@type\":\"Article\",\"@id\":\"https:\/\/universnews224.com\/index.php\/agepi-aboubacar-soumah-elu-president-pour-un-mandat-de-cohesion-et-de-solidarite\/#article\",\"isPartOf\":{\"@id\":\"https:\/\/universnews224.com\/index.php\/agepi-aboubacar-soumah-elu-president-pour-un-mandat-de-cohesion-et-de-solidarite\/\"},\"author\":{\"name\":\"La R\u00e9daction\",\"@id\":\"https:\/\/universnews224.com\/#\/schema\/person\/a4b7d4f94a4716df60456a491260485e\"},\"headline\":\"AGEPI : Aboubacar Soumah \u00e9lu pr\u00e9sident pour un mandat de \u00ab coh\u00e9sion et de solidarit\u00e9 \u00bb\",\"datePublished\":\"2026-01-16T14:50:39+00:00\",\"dateModified\":\"2026-01-16T14:50:39+00:00\",\"mainEntityOfPage\":{\"@id\":\"https:\/\/universnews224.com\/index.php\/agepi-aboubacar-soumah-elu-president-pour-un-mandat-de-cohesion-et-de-solidarite\/\"},\"wordCount\":447,\"publisher\":{\"@id\":\"https:\/\/universnews224.com\/#organization\"},\"keywords\":[\"A la une\"],\"articleSection\":[\"ACTU\",\"POLITIQUE\"],\"inLanguage\":\"fr-FR\"},{\"@type\":\"WebPage\",\"@id\":\"https:\/\/universnews224.com\/index.php\/agepi-aboubacar-soumah-elu-president-pour-un-mandat-de-cohesion-et-de-solidarite\/\",\"url\":\"https:\/\/universnews224.com\/index.php\/agepi-aboubacar-soumah-elu-president-pour-un-mandat-de-cohesion-et-de-solidarite\/\",\"name\":\"AGEPI : Aboubacar Soumah \u00e9lu pr\u00e9sident pour un mandat de \u00ab coh\u00e9sion et de solidarit\u00e9 \u00bb - UNIVERSNEWS224\",\"isPartOf\":{\"@id\":\"https:\/\/universnews224.com\/#website\"},\"datePublished\":\"2026-01-16T14:50:39+00:00\",\"dateModified\":\"2026-01-16T14:50:39+00:00\",\"inLanguage\":\"fr-FR\",\"potentialAction\":[{\"@type\":\"ReadAction\",\"target\":[\"https:\/\/universnews224.com\/index.php\/agepi-aboubacar-soumah-elu-president-pour-un-mandat-de-cohesion-et-de-solidarite\/\"]}]},{\"@type\":\"WebSite\",\"@id\":\"https:\/\/universnews224.com\/#website\",\"url\":\"https:\/\/universnews224.com\/\",\"name\":\"UNIVERSNEWS224\",\"description\":\"\",\"publisher\":{\"@id\":\"https:\/\/universnews224.com\/#organization\"},\"potentialAction\":[{\"@type\":\"SearchAction\",\"target\":{\"@type\":\"EntryPoint\",\"urlTemplate\":\"https:\/\/universnews224.com\/?s={search_term_string}\"},\"query-input\":\"required name=search_term_string\"}],\"inLanguage\":\"fr-FR\"},{\"@type\":\"Organization\",\"@id\":\"https:\/\/universnews224.com\/#organization\",\"name\":\"UNIVERSNEWS224\",\"url\":\"https:\/\/universnews224.com\/\",\"logo\":{\"@type\":\"ImageObject\",\"inLanguage\":\"fr-FR\",\"@id\":\"https:\/\/universnews224.com\/#\/schema\/logo\/image\/\",\"url\":\"https:\/\/universnews224.com\/wp-content\/uploads\/2022\/08\/cropped-cropped-logoban.jpg\",\"contentUrl\":\"https:\/\/universnews224.com\/wp-content\/uploads\/2022\/08\/cropped-cropped-logoban.jpg\",\"width\":1080,\"height\":138,\"caption\":\"UNIVERSNEWS224\"},\"image\":{\"@id\":\"https:\/\/universnews224.com\/#\/schema\/logo\/image\/\"}},{\"@type\":\"Person\",\"@id\":\"https:\/\/universnews224.com\/#\/schema\/person\/a4b7d4f94a4716df60456a491260485e\",\"name\":\"La R\u00e9daction\",\"image\":{\"@type\":\"ImageObject\",\"inLanguage\":\"fr-FR\",\"@id\":\"https:\/\/universnews224.com\/#\/schema\/person\/image\/\",\"url\":\"https:\/\/secure.gravatar.com\/avatar\/edb90acc7752b23e1b3307ad36c14f0d?s=96&d=mm&r=g\",\"contentUrl\":\"https:\/\/secure.gravatar.com\/avatar\/edb90acc7752b23e1b3307ad36c14f0d?s=96&d=mm&r=g\",\"caption\":\"La R\u00e9daction\"},\"sameAs\":[\"https:\/\/universnews224.com\"],\"url\":\"https:\/\/universnews224.com\/index.php\/author\/m-camara\/\"}]}<\/script>\n<!-- \/ Yoast SEO plugin. -->","yoast_head_json":{"title":"AGEPI : Aboubacar Soumah \u00e9lu pr\u00e9sident pour un mandat de \u00ab coh\u00e9sion et de solidarit\u00e9 \u00bb - UNIVERSNEWS224","robots":{"index":"index","follow":"follow","max-snippet":"max-snippet:-1","max-image-preview":"max-image-preview:large","max-video-preview":"max-video-preview:-1"},"canonical":"https:\/\/universnews224.com\/index.php\/agepi-aboubacar-soumah-elu-president-pour-un-mandat-de-cohesion-et-de-solidarite\/","og_locale":"fr_FR","og_type":"article","og_title":"AGEPI : Aboubacar Soumah \u00e9lu pr\u00e9sident pour un mandat de \u00ab coh\u00e9sion et de solidarit\u00e9 \u00bb - UNIVERSNEWS224","og_description":"L\u2019Association Guin\u00e9enne des \u00c9diteurs de la Presse Ind\u00e9pendante (AGEPI) a tourn\u00e9 une page de son","og_url":"https:\/\/universnews224.com\/index.php\/agepi-aboubacar-soumah-elu-president-pour-un-mandat-de-cohesion-et-de-solidarite\/","og_site_name":"UNIVERSNEWS224","article_published_time":"2026-01-16T14:50:39+00:00","og_image":[{"width":1020,"height":574,"url":"https:\/\/universnews224.com\/wp-content\/uploads\/2026\/01\/IMG-20260116-WA0013.jpg","type":"image\/jpeg"}],"author":"La R\u00e9daction","twitter_misc":{"\u00c9crit par":"La R\u00e9daction","Dur\u00e9e de lecture estim\u00e9e":"2 minutes"},"schema":{"@context":"https:\/\/schema.org","@graph":[{"@type":"Article","@id":"https:\/\/universnews224.com\/index.php\/agepi-aboubacar-soumah-elu-president-pour-un-mandat-de-cohesion-et-de-solidarite\/#article","isPartOf":{"@id":"https:\/\/universnews224.com\/index.php\/agepi-aboubacar-soumah-elu-president-pour-un-mandat-de-cohesion-et-de-solidarite\/"},"author":{"name":"La R\u00e9daction","@id":"https:\/\/universnews224.com\/#\/schema\/person\/a4b7d4f94a4716df60456a491260485e"},"headline":"AGEPI : Aboubacar Soumah \u00e9lu pr\u00e9sident pour un mandat de \u00ab coh\u00e9sion et de solidarit\u00e9 \u00bb","datePublished":"2026-01-16T14:50:39+00:00","dateModified":"2026-01-16T14:50:39+00:00","mainEntityOfPage":{"@id":"https:\/\/universnews224.com\/index.php\/agepi-aboubacar-soumah-elu-president-pour-un-mandat-de-cohesion-et-de-solidarite\/"},"wordCount":447,"publisher":{"@id":"https:\/\/universnews224.com\/#organization"},"keywords":["A la une"],"articleSection":["ACTU","POLITIQUE"],"inLanguage":"fr-FR"},{"@type":"WebPage","@id":"https:\/\/universnews224.com\/index.php\/agepi-aboubacar-soumah-elu-president-pour-un-mandat-de-cohesion-et-de-solidarite\/","url":"https:\/\/universnews224.com\/index.php\/agepi-aboubacar-soumah-elu-president-pour-un-mandat-de-cohesion-et-de-solidarite\/","name":"AGEPI : Aboubacar Soumah \u00e9lu pr\u00e9sident pour un mandat de \u00ab coh\u00e9sion et de solidarit\u00e9 \u00bb - UNIVERSNEWS224","isPartOf":{"@id":"https:\/\/universnews224.com\/#website"},"datePublished":"2026-01-16T14:50:39+00:00","dateModified":"2026-01-16T14:50:39+00:00","inLanguage":"fr-FR","potentialAction":[{"@type":"ReadAction","target":["https:\/\/universnews224.com\/index.php\/agepi-aboubacar-soumah-elu-president-pour-un-mandat-de-cohesion-et-de-solidarite\/"]}]},{"@type":"WebSite","@id":"https:\/\/universnews224.com\/#website","url":"https:\/\/universnews224.com\/","name":"UNIVERSNEWS224","description":"","publisher":{"@id":"https:\/\/universnews224.com\/#organization"},"potentialAction":[{"@type":"SearchAction","target":{"@type":"EntryPoint","urlTemplate":"https:\/\/universnews224.com\/?s={search_term_string}"},"query-input":"required name=search_term_string"}],"inLanguage":"fr-FR"},{"@type":"Organization","@id":"https:\/\/universnews224.com\/#organization","name":"UNIVERSNEWS224","url":"https:\/\/universnews224.com\/","logo":{"@type":"ImageObject","inLanguage":"fr-FR","@id":"https:\/\/universnews224.com\/#\/schema\/logo\/image\/","url":"https:\/\/universnews224.com\/wp-content\/uploads\/2022\/08\/cropped-cropped-logoban.jpg","contentUrl":"https:\/\/universnews224.com\/wp-content\/uploads\/2022\/08\/cropped-cropped-logoban.jpg","width":1080,"height":138,"caption":"UNIVERSNEWS224"},"image":{"@id":"https:\/\/universnews224.com\/#\/schema\/logo\/image\/"}},{"@type":"Person","@id":"https:\/\/universnews224.com\/#\/schema\/person\/a4b7d4f94a4716df60456a491260485e","name":"La R\u00e9daction","image":{"@type":"ImageObject","inLanguage":"fr-FR","@id":"https:\/\/universnews224.com\/#\/schema\/person\/image\/","url":"https:\/\/secure.gravatar.com\/avatar\/edb90acc7752b23e1b3307ad36c14f0d?s=96&d=mm&r=g","contentUrl":"https:\/\/secure.gravatar.com\/avatar\/edb90acc7752b23e1b3307ad36c14f0d?s=96&d=mm&r=g","caption":"La R\u00e9daction"},"sameAs":["https:\/\/universnews224.com"],"url":"https:\/\/universnews224.com\/index.php\/author\/m-camara\/"}]}},"_links":{"self":[{"href":"https:\/\/universnews224.com\/index.php\/wp-json\/wp\/v2\/posts\/10099"}],"collection":[{"href":"https:\/\/universnews224.com\/index.php\/wp-json\/wp\/v2\/posts"}],"about":[{"href":"https:\/\/universnews224.com\/index.php\/wp-json\/wp\/v2\/types\/post"}],"author":[{"embeddable":true,"href":"https:\/\/universnews224.com\/index.php\/wp-json\/wp\/v2\/users\/2"}],"replies":[{"embeddable":true,"href":"https:\/\/universnews224.com\/index.php\/wp-json\/wp\/v2\/comments?post=10099"}],"version-history":[{"count":1,"href":"https:\/\/universnews224.com\/index.php\/wp-json\/wp\/v2\/posts\/10099\/revisions"}],"predecessor-version":[{"id":10101,"href":"https:\/\/universnews224.com\/index.php\/wp-json\/wp\/v2\/posts\/10099\/revisions\/10101"}],"wp:featuredmedia":[{"embeddable":true,"href":"https:\/\/universnews224.com\/index.php\/wp-json\/wp\/v2\/media\/10100"}],"wp:attachment":[{"href":"https:\/\/universnews224.com\/index.php\/wp-json\/wp\/v2\/media?parent=10099"}],"wp:term":[{"taxonomy":"category","embeddable":true,"href":"https:\/\/universnews224.com\/index.php\/wp-json\/wp\/v2\/categories?post=10099"},{"taxonomy":"post_tag","embeddable":true,"href":"https:\/\/universnews224.com\/index.php\/wp-json\/wp\/v2\/tags?post=10099"}],"curies":[{"name":"wp","href":"https:\/\/api.w.org\/{rel}","templated":true}]}}