{"id":10105,"date":"2026-01-17T17:15:54","date_gmt":"2026-01-17T16:15:54","guid":{"rendered":"https:\/\/universnews224.com\/?p=10105"},"modified":"2026-01-17T17:15:54","modified_gmt":"2026-01-17T16:15:54","slug":"guinee-mamadi-doumbouya-officiellement-investi-president-de-la-republique","status":"publish","type":"post","link":"https:\/\/universnews224.com\/index.php\/guinee-mamadi-doumbouya-officiellement-investi-president-de-la-republique\/","title":{"rendered":"Guin\u00e9e : Mamadi Doumbouya officiellement investi Pr\u00e9sident de la R\u00e9publique\u00a0"},"content":{"rendered":"<p>CONAKRY \u2013 Ce samedi 17 janvier 2026, le stade G\u00e9n\u00e9ral Lansana Cont\u00e9 de Nongo a vibr\u00e9 au rythme d&rsquo;une page d&rsquo;histoire qui se tourne. Devant un parterre de chefs d&rsquo;\u00c9tat et une Cour supr\u00eame r\u00e9unie en audience solennelle, Mamadi Doumbouya a pr\u00eat\u00e9 serment, devenant officiellement le Pr\u00e9sident de la R\u00e9publique de Guin\u00e9e pour un mandat de sept ans<\/p>\n<div dir=\"auto\">\n<div dir=\"auto\"><\/div>\n<div dir=\"auto\">\u200bUn pl\u00e9biscite et un engagement solennel<\/div>\n<div dir=\"auto\"><\/div>\n<div dir=\"auto\">\u200bPort\u00e9 au pouvoir par une victoire \u00e9crasante lors du scrutin du 28 d\u00e9cembre dernier (86,72 % des voix), le nouveau chef de l&rsquo;\u00c9tat a plac\u00e9 cette c\u00e9r\u00e9monie sous le sceau de la l\u00e9galit\u00e9 constitutionnelle.<\/div>\n<div dir=\"auto\"><\/div>\n<div dir=\"auto\">\u200bRespectant scrupuleusement le rituel r\u00e9publicain \u00e9dict\u00e9 par l\u2019article 59 de la Loi fondamentale, Mamadi Doumbouya, la main droite lev\u00e9e, a prononc\u00e9 un serment fort devant une assistance recueillie :<\/div>\n<div dir=\"auto\">\u200b\u00ab [&#8230;] Je jure devant Dieu et devant le peuple de Guin\u00e9e [&#8230;] de respecter et de faire respecter scrupuleusement la Constitution&#8230; de ne jamais recourir aux pouvoirs qui me sont d\u00e9volus \u00e0 des fins personnelles&#8230; En cas de parjure, que je subisse la rigueur de la loi. \u00bb<\/div>\n<div dir=\"auto\"><\/div>\n<div dir=\"auto\">\u200bCet engagement marque son entr\u00e9e officielle en fonction pour un septennat (renouvelable une seule fois), ax\u00e9 sur la d\u00e9fense de l&rsquo;int\u00e9grit\u00e9 territoriale et la primaut\u00e9 de l&rsquo;int\u00e9r\u00eat national sur les ambitions individuelles.<\/div>\n<div dir=\"auto\"><\/div>\n<div dir=\"auto\">\u200bUn rayonnement diplomatique africain<\/div>\n<div dir=\"auto\"><\/div>\n<div dir=\"auto\">\u200bLa tribune d&rsquo;honneur de Nongo affichait complet, t\u00e9moignant d&rsquo;une reconnaissance r\u00e9gionale et internationale significative. De nombreux dirigeants du continent ont fait le d\u00e9placement pour saluer cette transition vers l&rsquo;ordre constitutionnel il s&rsquo;agit de<\/div>\n<div dir=\"auto\">Mohamed Ould El-Ghazaouani, pr\u00e9sident de la R\u00e9publique islamique de Mauritanie, Julius Maada Bio de la Sierra-Leone, Brice Clotaire Oligui Nguema, pr\u00e9sident du Gabon, Adama Barrow, pr\u00e9sident de la Gambie, Paul Kagam\u00e9, pr\u00e9sident du Rwanda, G\u00e9n\u00e9ral Assimi Go\u00efta du Mali, le pr\u00e9sident Bassirou Diomaye Faye du S\u00e9n\u00e9gal, le pr\u00e9sident lib\u00e9rien Joseph Boakai, ainsi que la vice-pr\u00e9sidente du Ghana, Naana Jane Opoku-Agyemang, et le vice-pr\u00e9sident du Nigeria, Kashim Shettima.<\/div>\n<div dir=\"auto\"><\/div>\n<div dir=\"auto\">\u200bD\u00e9sormais investi de la l\u00e9gitimit\u00e9 des urnes, Mamadi Doumbouya a sept ans pour transformer ses promesses en r\u00e9alit\u00e9s durables pour la nation.<\/div>\n<div dir=\"auto\"><\/div>\n<div dir=\"auto\"><\/div>\n<div dir=\"auto\"><\/div>\n<div dir=\"auto\"><\/div>\n<div dir=\"auto\">\u200bAfrique de l&rsquo;Ouest : Bassirou Diomaye Faye (S\u00e9n\u00e9gal), Adama Barrow (Gambie), Joseph Boakai (Liberia), ainsi que le G\u00e9n\u00e9ral Assimi Go\u00efta (Mali).<\/div>\n<div dir=\"auto\">\u200bAfrique Centrale et Est : Brice Clotaire Oligui Nguema (Gabon) et Paul Kagame (Rwanda).<\/div>\n<div dir=\"auto\">\u200bRepr\u00e9sentations de haut niveau : Mohamed Ould El-Ghazaouani (Mauritanie), ainsi que les vice-pr\u00e9sidences du Ghana (Naana Jane Opoku-Agyemang) et du Nigeria (Kashim Shettima).<\/div>\n<div dir=\"auto\">\u200bLes d\u00e9fis d&rsquo;un septennat<\/div>\n<div dir=\"auto\">\u200bSi l&rsquo;heure \u00e9tait \u00e0 la c\u00e9l\u00e9bration, les enjeux qui attendent le Pr\u00e9sident Doumbouya sont colossaux. Ce nouveau mandat s&rsquo;ouvre sur une exigence de r\u00e9sultats concrets. La population guin\u00e9enne, qui a massivement valid\u00e9 ce choix dans les urnes, attend d\u00e9sormais des avanc\u00e9es majeures sur deux fronts principaux : la consolidation de la coh\u00e9sion sociale et la relance dynamique du d\u00e9veloppement \u00e9conomique.<\/div>\n<div dir=\"auto\"><\/div>\n<div dir=\"auto\">\u200bD\u00e9sormais investi de la l\u00e9gitimit\u00e9 des urnes, Mamadi Doumbouya a sept ans pour transformer ses promesses en r\u00e9alit\u00e9s durables pour la nation.<\/div>\n<\/div>\n","protected":false},"excerpt":{"rendered":"<p>CONAKRY \u2013 Ce samedi 17 janvier 2026, le stade G\u00e9n\u00e9ral Lansana Cont\u00e9 de Nongo a<\/p>\n","protected":false},"author":2,"featured_media":10106,"comment_status":"closed","ping_status":"open","sticky":false,"template":"","format":"standard","meta":[],"categories":[3,4],"tags":[237],"yoast_head":"<!-- This site is optimized with the Yoast SEO plugin v19.13 - https:\/\/yoast.com\/wordpress\/plugins\/seo\/ -->\n<title>Guin\u00e9e : Mamadi Doumbouya officiellement investi Pr\u00e9sident de la R\u00e9publique\u00a0 - UNIVERSNEWS224<\/title>\n<meta name=\"robots\" content=\"index, follow, max-snippet:-1, max-image-preview:large, max-video-preview:-1\" \/>\n<link rel=\"canonical\" href=\"https:\/\/universnews224.com\/index.php\/guinee-mamadi-doumbouya-officiellement-investi-president-de-la-republique\/\" \/>\n<meta property=\"og:locale\" content=\"fr_FR\" \/>\n<meta property=\"og:type\" content=\"article\" \/>\n<meta property=\"og:title\" content=\"Guin\u00e9e : Mamadi Doumbouya officiellement investi Pr\u00e9sident de la R\u00e9publique\u00a0 - UNIVERSNEWS224\" \/>\n<meta property=\"og:description\" content=\"CONAKRY \u2013 Ce samedi 17 janvier 2026, le stade G\u00e9n\u00e9ral Lansana Cont\u00e9 de Nongo a\" \/>\n<meta property=\"og:url\" content=\"https:\/\/universnews224.com\/index.php\/guinee-mamadi-doumbouya-officiellement-investi-president-de-la-republique\/\" \/>\n<meta property=\"og:site_name\" content=\"UNIVERSNEWS224\" \/>\n<meta property=\"article:published_time\" content=\"2026-01-17T16:15:54+00:00\" \/>\n<meta property=\"og:image\" content=\"https:\/\/universnews224.com\/wp-content\/uploads\/2026\/01\/WhatsApp-Image-2026-01-17-at-14.58.09.jpeg\" \/>\n\t<meta property=\"og:image:width\" content=\"606\" \/>\n\t<meta property=\"og:image:height\" content=\"455\" \/>\n\t<meta property=\"og:image:type\" content=\"image\/jpeg\" \/>\n<meta name=\"author\" content=\"La R\u00e9daction\" \/>\n<meta name=\"twitter:label1\" content=\"\u00c9crit par\" \/>\n\t<meta name=\"twitter:data1\" content=\"La R\u00e9daction\" \/>\n\t<meta name=\"twitter:label2\" content=\"Dur\u00e9e de lecture estim\u00e9e\" \/>\n\t<meta name=\"twitter:data2\" content=\"3 minutes\" \/>\n<script type=\"application\/ld+json\" class=\"yoast-schema-graph\">{\"@context\":\"https:\/\/schema.org\",\"@graph\":[{\"@type\":\"Article\",\"@id\":\"https:\/\/universnews224.com\/index.php\/guinee-mamadi-doumbouya-officiellement-investi-president-de-la-republique\/#article\",\"isPartOf\":{\"@id\":\"https:\/\/universnews224.com\/index.php\/guinee-mamadi-doumbouya-officiellement-investi-president-de-la-republique\/\"},\"author\":{\"name\":\"La R\u00e9daction\",\"@id\":\"https:\/\/universnews224.com\/#\/schema\/person\/a4b7d4f94a4716df60456a491260485e\"},\"headline\":\"Guin\u00e9e : Mamadi Doumbouya officiellement investi Pr\u00e9sident de la R\u00e9publique\u00a0\",\"datePublished\":\"2026-01-17T16:15:54+00:00\",\"dateModified\":\"2026-01-17T16:15:54+00:00\",\"mainEntityOfPage\":{\"@id\":\"https:\/\/universnews224.com\/index.php\/guinee-mamadi-doumbouya-officiellement-investi-president-de-la-republique\/\"},\"wordCount\":540,\"publisher\":{\"@id\":\"https:\/\/universnews224.com\/#organization\"},\"keywords\":[\"A la une\"],\"articleSection\":[\"ACTU\",\"POLITIQUE\"],\"inLanguage\":\"fr-FR\"},{\"@type\":\"WebPage\",\"@id\":\"https:\/\/universnews224.com\/index.php\/guinee-mamadi-doumbouya-officiellement-investi-president-de-la-republique\/\",\"url\":\"https:\/\/universnews224.com\/index.php\/guinee-mamadi-doumbouya-officiellement-investi-president-de-la-republique\/\",\"name\":\"Guin\u00e9e : Mamadi Doumbouya officiellement investi Pr\u00e9sident de la R\u00e9publique\u00a0 - UNIVERSNEWS224\",\"isPartOf\":{\"@id\":\"https:\/\/universnews224.com\/#website\"},\"datePublished\":\"2026-01-17T16:15:54+00:00\",\"dateModified\":\"2026-01-17T16:15:54+00:00\",\"inLanguage\":\"fr-FR\",\"potentialAction\":[{\"@type\":\"ReadAction\",\"target\":[\"https:\/\/universnews224.com\/index.php\/guinee-mamadi-doumbouya-officiellement-investi-president-de-la-republique\/\"]}]},{\"@type\":\"WebSite\",\"@id\":\"https:\/\/universnews224.com\/#website\",\"url\":\"https:\/\/universnews224.com\/\",\"name\":\"UNIVERSNEWS224\",\"description\":\"\",\"publisher\":{\"@id\":\"https:\/\/universnews224.com\/#organization\"},\"potentialAction\":[{\"@type\":\"SearchAction\",\"target\":{\"@type\":\"EntryPoint\",\"urlTemplate\":\"https:\/\/universnews224.com\/?s={search_term_string}\"},\"query-input\":\"required name=search_term_string\"}],\"inLanguage\":\"fr-FR\"},{\"@type\":\"Organization\",\"@id\":\"https:\/\/universnews224.com\/#organization\",\"name\":\"UNIVERSNEWS224\",\"url\":\"https:\/\/universnews224.com\/\",\"logo\":{\"@type\":\"ImageObject\",\"inLanguage\":\"fr-FR\",\"@id\":\"https:\/\/universnews224.com\/#\/schema\/logo\/image\/\",\"url\":\"https:\/\/universnews224.com\/wp-content\/uploads\/2022\/08\/cropped-cropped-logoban.jpg\",\"contentUrl\":\"https:\/\/universnews224.com\/wp-content\/uploads\/2022\/08\/cropped-cropped-logoban.jpg\",\"width\":1080,\"height\":138,\"caption\":\"UNIVERSNEWS224\"},\"image\":{\"@id\":\"https:\/\/universnews224.com\/#\/schema\/logo\/image\/\"}},{\"@type\":\"Person\",\"@id\":\"https:\/\/universnews224.com\/#\/schema\/person\/a4b7d4f94a4716df60456a491260485e\",\"name\":\"La R\u00e9daction\",\"image\":{\"@type\":\"ImageObject\",\"inLanguage\":\"fr-FR\",\"@id\":\"https:\/\/universnews224.com\/#\/schema\/person\/image\/\",\"url\":\"https:\/\/secure.gravatar.com\/avatar\/edb90acc7752b23e1b3307ad36c14f0d?s=96&d=mm&r=g\",\"contentUrl\":\"https:\/\/secure.gravatar.com\/avatar\/edb90acc7752b23e1b3307ad36c14f0d?s=96&d=mm&r=g\",\"caption\":\"La R\u00e9daction\"},\"sameAs\":[\"https:\/\/universnews224.com\"],\"url\":\"https:\/\/universnews224.com\/index.php\/author\/m-camara\/\"}]}<\/script>\n<!-- \/ Yoast SEO plugin. -->","yoast_head_json":{"title":"Guin\u00e9e : Mamadi Doumbouya officiellement investi Pr\u00e9sident de la R\u00e9publique\u00a0 - UNIVERSNEWS224","robots":{"index":"index","follow":"follow","max-snippet":"max-snippet:-1","max-image-preview":"max-image-preview:large","max-video-preview":"max-video-preview:-1"},"canonical":"https:\/\/universnews224.com\/index.php\/guinee-mamadi-doumbouya-officiellement-investi-president-de-la-republique\/","og_locale":"fr_FR","og_type":"article","og_title":"Guin\u00e9e : Mamadi Doumbouya officiellement investi Pr\u00e9sident de la R\u00e9publique\u00a0 - UNIVERSNEWS224","og_description":"CONAKRY \u2013 Ce samedi 17 janvier 2026, le stade G\u00e9n\u00e9ral Lansana Cont\u00e9 de Nongo a","og_url":"https:\/\/universnews224.com\/index.php\/guinee-mamadi-doumbouya-officiellement-investi-president-de-la-republique\/","og_site_name":"UNIVERSNEWS224","article_published_time":"2026-01-17T16:15:54+00:00","og_image":[{"width":606,"height":455,"url":"https:\/\/universnews224.com\/wp-content\/uploads\/2026\/01\/WhatsApp-Image-2026-01-17-at-14.58.09.jpeg","type":"image\/jpeg"}],"author":"La R\u00e9daction","twitter_misc":{"\u00c9crit par":"La R\u00e9daction","Dur\u00e9e de lecture estim\u00e9e":"3 minutes"},"schema":{"@context":"https:\/\/schema.org","@graph":[{"@type":"Article","@id":"https:\/\/universnews224.com\/index.php\/guinee-mamadi-doumbouya-officiellement-investi-president-de-la-republique\/#article","isPartOf":{"@id":"https:\/\/universnews224.com\/index.php\/guinee-mamadi-doumbouya-officiellement-investi-president-de-la-republique\/"},"author":{"name":"La R\u00e9daction","@id":"https:\/\/universnews224.com\/#\/schema\/person\/a4b7d4f94a4716df60456a491260485e"},"headline":"Guin\u00e9e : Mamadi Doumbouya officiellement investi Pr\u00e9sident de la R\u00e9publique\u00a0","datePublished":"2026-01-17T16:15:54+00:00","dateModified":"2026-01-17T16:15:54+00:00","mainEntityOfPage":{"@id":"https:\/\/universnews224.com\/index.php\/guinee-mamadi-doumbouya-officiellement-investi-president-de-la-republique\/"},"wordCount":540,"publisher":{"@id":"https:\/\/universnews224.com\/#organization"},"keywords":["A la une"],"articleSection":["ACTU","POLITIQUE"],"inLanguage":"fr-FR"},{"@type":"WebPage","@id":"https:\/\/universnews224.com\/index.php\/guinee-mamadi-doumbouya-officiellement-investi-president-de-la-republique\/","url":"https:\/\/universnews224.com\/index.php\/guinee-mamadi-doumbouya-officiellement-investi-president-de-la-republique\/","name":"Guin\u00e9e : Mamadi Doumbouya officiellement investi Pr\u00e9sident de la R\u00e9publique\u00a0 - UNIVERSNEWS224","isPartOf":{"@id":"https:\/\/universnews224.com\/#website"},"datePublished":"2026-01-17T16:15:54+00:00","dateModified":"2026-01-17T16:15:54+00:00","inLanguage":"fr-FR","potentialAction":[{"@type":"ReadAction","target":["https:\/\/universnews224.com\/index.php\/guinee-mamadi-doumbouya-officiellement-investi-president-de-la-republique\/"]}]},{"@type":"WebSite","@id":"https:\/\/universnews224.com\/#website","url":"https:\/\/universnews224.com\/","name":"UNIVERSNEWS224","description":"","publisher":{"@id":"https:\/\/universnews224.com\/#organization"},"potentialAction":[{"@type":"SearchAction","target":{"@type":"EntryPoint","urlTemplate":"https:\/\/universnews224.com\/?s={search_term_string}"},"query-input":"required name=search_term_string"}],"inLanguage":"fr-FR"},{"@type":"Organization","@id":"https:\/\/universnews224.com\/#organization","name":"UNIVERSNEWS224","url":"https:\/\/universnews224.com\/","logo":{"@type":"ImageObject","inLanguage":"fr-FR","@id":"https:\/\/universnews224.com\/#\/schema\/logo\/image\/","url":"https:\/\/universnews224.com\/wp-content\/uploads\/2022\/08\/cropped-cropped-logoban.jpg","contentUrl":"https:\/\/universnews224.com\/wp-content\/uploads\/2022\/08\/cropped-cropped-logoban.jpg","width":1080,"height":138,"caption":"UNIVERSNEWS224"},"image":{"@id":"https:\/\/universnews224.com\/#\/schema\/logo\/image\/"}},{"@type":"Person","@id":"https:\/\/universnews224.com\/#\/schema\/person\/a4b7d4f94a4716df60456a491260485e","name":"La R\u00e9daction","image":{"@type":"ImageObject","inLanguage":"fr-FR","@id":"https:\/\/universnews224.com\/#\/schema\/person\/image\/","url":"https:\/\/secure.gravatar.com\/avatar\/edb90acc7752b23e1b3307ad36c14f0d?s=96&d=mm&r=g","contentUrl":"https:\/\/secure.gravatar.com\/avatar\/edb90acc7752b23e1b3307ad36c14f0d?s=96&d=mm&r=g","caption":"La R\u00e9daction"},"sameAs":["https:\/\/universnews224.com"],"url":"https:\/\/universnews224.com\/index.php\/author\/m-camara\/"}]}},"_links":{"self":[{"href":"https:\/\/universnews224.com\/index.php\/wp-json\/wp\/v2\/posts\/10105"}],"collection":[{"href":"https:\/\/universnews224.com\/index.php\/wp-json\/wp\/v2\/posts"}],"about":[{"href":"https:\/\/universnews224.com\/index.php\/wp-json\/wp\/v2\/types\/post"}],"author":[{"embeddable":true,"href":"https:\/\/universnews224.com\/index.php\/wp-json\/wp\/v2\/users\/2"}],"replies":[{"embeddable":true,"href":"https:\/\/universnews224.com\/index.php\/wp-json\/wp\/v2\/comments?post=10105"}],"version-history":[{"count":1,"href":"https:\/\/universnews224.com\/index.php\/wp-json\/wp\/v2\/posts\/10105\/revisions"}],"predecessor-version":[{"id":10107,"href":"https:\/\/universnews224.com\/index.php\/wp-json\/wp\/v2\/posts\/10105\/revisions\/10107"}],"wp:featuredmedia":[{"embeddable":true,"href":"https:\/\/universnews224.com\/index.php\/wp-json\/wp\/v2\/media\/10106"}],"wp:attachment":[{"href":"https:\/\/universnews224.com\/index.php\/wp-json\/wp\/v2\/media?parent=10105"}],"wp:term":[{"taxonomy":"category","embeddable":true,"href":"https:\/\/universnews224.com\/index.php\/wp-json\/wp\/v2\/categories?post=10105"},{"taxonomy":"post_tag","embeddable":true,"href":"https:\/\/universnews224.com\/index.php\/wp-json\/wp\/v2\/tags?post=10105"}],"curies":[{"name":"wp","href":"https:\/\/api.w.org\/{rel}","templated":true}]}}