{"id":10150,"date":"2026-01-23T13:55:02","date_gmt":"2026-01-23T12:55:02","guid":{"rendered":"https:\/\/universnews224.com\/?p=10150"},"modified":"2026-01-23T13:55:02","modified_gmt":"2026-01-23T12:55:02","slug":"demission-du-gouvernement-dre-diaka-sidibe-exprime-sa-gratitude-au-president-mamadi-doumbouya","status":"publish","type":"post","link":"https:\/\/universnews224.com\/index.php\/demission-du-gouvernement-dre-diaka-sidibe-exprime-sa-gratitude-au-president-mamadi-doumbouya\/","title":{"rendered":"D\u00e9mission du gouvernement : Dre Diaka Sidib\u00e9 exprime sa gratitude au Pr\u00e9sident Mamadi Doumbouya"},"content":{"rendered":"<p>Apr\u00e8s son investiture pour un mandat de sept ans \u00e0 la t\u00eate du pays, le Pr\u00e9sident de la R\u00e9publique, le G\u00e9n\u00e9ral Mamadi Doumbouya, a proc\u00e9d\u00e9 ce jeudi 22 janvier 2026 \u00e0 la dissolution du gouvernement de transition dirig\u00e9 par Amadou Oury Bah. Cette d\u00e9cision fait suite \u00e0 la pr\u00e9sentation de la lettre de d\u00e9mission collective du Premier ministre et des membres de son cabinet.<\/p>\n<div dir=\"auto\">\n<div dir=\"auto\"><\/div>\n<div dir=\"auto\">\u200bD\u00e8s l\u2019annonce officielle, Dre Diaka Sidib\u00e9, d\u00e9sormais ex-ministre de l\u2019Industrie et des Petites et Moyennes Entreprises, a rendu un hommage appuy\u00e9 au Chef de l&rsquo;\u00c9tat. Elle a exprim\u00e9 sa profonde reconnaissance pour la confiance qui lui a \u00e9t\u00e9 t\u00e9moign\u00e9e durant ses quatre ann\u00e9es de fonctions minist\u00e9rielles.<\/div>\n<div dir=\"auto\"><\/div>\n<div dir=\"auto\">\u200bDans une publication solennelle sur sa page Facebook, elle a affirm\u00e9 :<\/div>\n<div dir=\"auto\"><\/div>\n<div dir=\"auto\">\u200b\u00ab Apr\u00e8s quatre ann\u00e9es et trois mois d\u2019engagement au sein du Gouvernement de la Transition, une \u00e9tape importante s\u2019ach\u00e8ve aujourd\u2019hui avec la d\u00e9mission du gouvernement ce jeudi 22 janvier 2026. J\u2019exprime ma profonde gratitude au Pr\u00e9sident de la R\u00e9publique, Chef de l\u2019\u00c9tat, Son Excellence Mamadi Doumbouya, pour la confiance qu\u2019il m\u2019a accord\u00e9e en me permettant d\u2019exercer ces responsabilit\u00e9s durant cette p\u00e9riode. \u00bb<\/div>\n<div dir=\"auto\"><\/div>\n<div dir=\"auto\">\u200bDre Diaka Sidib\u00e9 a ensuite r\u00e9affirm\u00e9 sa pleine disponibilit\u00e9 ainsi que son engagement constant \u00e0 servir la nation avec loyaut\u00e9 et d\u00e9termination. Elle a \u00e9galement tenu \u00e0 remercier le Premier ministre, Monsieur Amadou Oury Bah, l\u2019ensemble de ses coll\u00e8gues, ainsi que toutes les \u00e9quipes qui ont \u0153uvr\u00e9 quotidiennement au service des Guin\u00e9ens.<\/div>\n<div dir=\"auto\">\u200bL\u2019ex-ministre de l\u2019Industrie et des PME a conclu son message en affichant sa fiert\u00e9 pour la mission accomplie, tout en r\u00e9it\u00e9rant sa volont\u00e9 de continuer \u00e0 contribuer au d\u00e9veloppement socio-\u00e9conomique du pays.<\/div>\n<div dir=\"auto\">\u200b<\/div>\n<div dir=\"auto\">Alass Sylla pour universnews224.com<\/div>\n<div dir=\"auto\"><\/div>\n<div dir=\"auto\">625.480.252<\/div>\n<\/div>\n","protected":false},"excerpt":{"rendered":"<p>Apr\u00e8s son investiture pour un mandat de sept ans \u00e0 la t\u00eate du pays, le<\/p>\n","protected":false},"author":2,"featured_media":10151,"comment_status":"closed","ping_status":"open","sticky":false,"template":"","format":"standard","meta":[],"categories":[3,4],"tags":[237],"yoast_head":"<!-- This site is optimized with the Yoast SEO plugin v19.13 - https:\/\/yoast.com\/wordpress\/plugins\/seo\/ -->\n<title>D\u00e9mission du gouvernement : Dre Diaka Sidib\u00e9 exprime sa gratitude au Pr\u00e9sident Mamadi Doumbouya - UNIVERSNEWS224<\/title>\n<meta name=\"robots\" content=\"index, follow, max-snippet:-1, max-image-preview:large, max-video-preview:-1\" \/>\n<link rel=\"canonical\" href=\"https:\/\/universnews224.com\/index.php\/demission-du-gouvernement-dre-diaka-sidibe-exprime-sa-gratitude-au-president-mamadi-doumbouya\/\" \/>\n<meta property=\"og:locale\" content=\"fr_FR\" \/>\n<meta property=\"og:type\" content=\"article\" \/>\n<meta property=\"og:title\" content=\"D\u00e9mission du gouvernement : Dre Diaka Sidib\u00e9 exprime sa gratitude au Pr\u00e9sident Mamadi Doumbouya - UNIVERSNEWS224\" \/>\n<meta property=\"og:description\" content=\"Apr\u00e8s son investiture pour un mandat de sept ans \u00e0 la t\u00eate du pays, le\" \/>\n<meta property=\"og:url\" content=\"https:\/\/universnews224.com\/index.php\/demission-du-gouvernement-dre-diaka-sidibe-exprime-sa-gratitude-au-president-mamadi-doumbouya\/\" \/>\n<meta property=\"og:site_name\" content=\"UNIVERSNEWS224\" \/>\n<meta property=\"article:published_time\" content=\"2026-01-23T12:55:02+00:00\" \/>\n<meta property=\"og:image\" content=\"https:\/\/universnews224.com\/wp-content\/uploads\/2026\/01\/IMG-20260123-WA0002.jpg\" \/>\n\t<meta property=\"og:image:width\" content=\"921\" \/>\n\t<meta property=\"og:image:height\" content=\"960\" \/>\n\t<meta property=\"og:image:type\" content=\"image\/jpeg\" \/>\n<meta name=\"author\" content=\"La R\u00e9daction\" \/>\n<meta name=\"twitter:label1\" content=\"\u00c9crit par\" \/>\n\t<meta name=\"twitter:data1\" content=\"La R\u00e9daction\" \/>\n\t<meta name=\"twitter:label2\" content=\"Dur\u00e9e de lecture estim\u00e9e\" \/>\n\t<meta name=\"twitter:data2\" content=\"2 minutes\" \/>\n<script type=\"application\/ld+json\" class=\"yoast-schema-graph\">{\"@context\":\"https:\/\/schema.org\",\"@graph\":[{\"@type\":\"Article\",\"@id\":\"https:\/\/universnews224.com\/index.php\/demission-du-gouvernement-dre-diaka-sidibe-exprime-sa-gratitude-au-president-mamadi-doumbouya\/#article\",\"isPartOf\":{\"@id\":\"https:\/\/universnews224.com\/index.php\/demission-du-gouvernement-dre-diaka-sidibe-exprime-sa-gratitude-au-president-mamadi-doumbouya\/\"},\"author\":{\"name\":\"La R\u00e9daction\",\"@id\":\"https:\/\/universnews224.com\/#\/schema\/person\/a4b7d4f94a4716df60456a491260485e\"},\"headline\":\"D\u00e9mission du gouvernement : Dre Diaka Sidib\u00e9 exprime sa gratitude au Pr\u00e9sident Mamadi Doumbouya\",\"datePublished\":\"2026-01-23T12:55:02+00:00\",\"dateModified\":\"2026-01-23T12:55:02+00:00\",\"mainEntityOfPage\":{\"@id\":\"https:\/\/universnews224.com\/index.php\/demission-du-gouvernement-dre-diaka-sidibe-exprime-sa-gratitude-au-president-mamadi-doumbouya\/\"},\"wordCount\":322,\"publisher\":{\"@id\":\"https:\/\/universnews224.com\/#organization\"},\"keywords\":[\"A la une\"],\"articleSection\":[\"ACTU\",\"POLITIQUE\"],\"inLanguage\":\"fr-FR\"},{\"@type\":\"WebPage\",\"@id\":\"https:\/\/universnews224.com\/index.php\/demission-du-gouvernement-dre-diaka-sidibe-exprime-sa-gratitude-au-president-mamadi-doumbouya\/\",\"url\":\"https:\/\/universnews224.com\/index.php\/demission-du-gouvernement-dre-diaka-sidibe-exprime-sa-gratitude-au-president-mamadi-doumbouya\/\",\"name\":\"D\u00e9mission du gouvernement : Dre Diaka Sidib\u00e9 exprime sa gratitude au Pr\u00e9sident Mamadi Doumbouya - UNIVERSNEWS224\",\"isPartOf\":{\"@id\":\"https:\/\/universnews224.com\/#website\"},\"datePublished\":\"2026-01-23T12:55:02+00:00\",\"dateModified\":\"2026-01-23T12:55:02+00:00\",\"inLanguage\":\"fr-FR\",\"potentialAction\":[{\"@type\":\"ReadAction\",\"target\":[\"https:\/\/universnews224.com\/index.php\/demission-du-gouvernement-dre-diaka-sidibe-exprime-sa-gratitude-au-president-mamadi-doumbouya\/\"]}]},{\"@type\":\"WebSite\",\"@id\":\"https:\/\/universnews224.com\/#website\",\"url\":\"https:\/\/universnews224.com\/\",\"name\":\"UNIVERSNEWS224\",\"description\":\"\",\"publisher\":{\"@id\":\"https:\/\/universnews224.com\/#organization\"},\"potentialAction\":[{\"@type\":\"SearchAction\",\"target\":{\"@type\":\"EntryPoint\",\"urlTemplate\":\"https:\/\/universnews224.com\/?s={search_term_string}\"},\"query-input\":\"required name=search_term_string\"}],\"inLanguage\":\"fr-FR\"},{\"@type\":\"Organization\",\"@id\":\"https:\/\/universnews224.com\/#organization\",\"name\":\"UNIVERSNEWS224\",\"url\":\"https:\/\/universnews224.com\/\",\"logo\":{\"@type\":\"ImageObject\",\"inLanguage\":\"fr-FR\",\"@id\":\"https:\/\/universnews224.com\/#\/schema\/logo\/image\/\",\"url\":\"https:\/\/universnews224.com\/wp-content\/uploads\/2022\/08\/cropped-cropped-logoban.jpg\",\"contentUrl\":\"https:\/\/universnews224.com\/wp-content\/uploads\/2022\/08\/cropped-cropped-logoban.jpg\",\"width\":1080,\"height\":138,\"caption\":\"UNIVERSNEWS224\"},\"image\":{\"@id\":\"https:\/\/universnews224.com\/#\/schema\/logo\/image\/\"}},{\"@type\":\"Person\",\"@id\":\"https:\/\/universnews224.com\/#\/schema\/person\/a4b7d4f94a4716df60456a491260485e\",\"name\":\"La R\u00e9daction\",\"image\":{\"@type\":\"ImageObject\",\"inLanguage\":\"fr-FR\",\"@id\":\"https:\/\/universnews224.com\/#\/schema\/person\/image\/\",\"url\":\"https:\/\/secure.gravatar.com\/avatar\/edb90acc7752b23e1b3307ad36c14f0d?s=96&d=mm&r=g\",\"contentUrl\":\"https:\/\/secure.gravatar.com\/avatar\/edb90acc7752b23e1b3307ad36c14f0d?s=96&d=mm&r=g\",\"caption\":\"La R\u00e9daction\"},\"sameAs\":[\"https:\/\/universnews224.com\"],\"url\":\"https:\/\/universnews224.com\/index.php\/author\/m-camara\/\"}]}<\/script>\n<!-- \/ Yoast SEO plugin. -->","yoast_head_json":{"title":"D\u00e9mission du gouvernement : Dre Diaka Sidib\u00e9 exprime sa gratitude au Pr\u00e9sident Mamadi Doumbouya - UNIVERSNEWS224","robots":{"index":"index","follow":"follow","max-snippet":"max-snippet:-1","max-image-preview":"max-image-preview:large","max-video-preview":"max-video-preview:-1"},"canonical":"https:\/\/universnews224.com\/index.php\/demission-du-gouvernement-dre-diaka-sidibe-exprime-sa-gratitude-au-president-mamadi-doumbouya\/","og_locale":"fr_FR","og_type":"article","og_title":"D\u00e9mission du gouvernement : Dre Diaka Sidib\u00e9 exprime sa gratitude au Pr\u00e9sident Mamadi Doumbouya - UNIVERSNEWS224","og_description":"Apr\u00e8s son investiture pour un mandat de sept ans \u00e0 la t\u00eate du pays, le","og_url":"https:\/\/universnews224.com\/index.php\/demission-du-gouvernement-dre-diaka-sidibe-exprime-sa-gratitude-au-president-mamadi-doumbouya\/","og_site_name":"UNIVERSNEWS224","article_published_time":"2026-01-23T12:55:02+00:00","og_image":[{"width":921,"height":960,"url":"https:\/\/universnews224.com\/wp-content\/uploads\/2026\/01\/IMG-20260123-WA0002.jpg","type":"image\/jpeg"}],"author":"La R\u00e9daction","twitter_misc":{"\u00c9crit par":"La R\u00e9daction","Dur\u00e9e de lecture estim\u00e9e":"2 minutes"},"schema":{"@context":"https:\/\/schema.org","@graph":[{"@type":"Article","@id":"https:\/\/universnews224.com\/index.php\/demission-du-gouvernement-dre-diaka-sidibe-exprime-sa-gratitude-au-president-mamadi-doumbouya\/#article","isPartOf":{"@id":"https:\/\/universnews224.com\/index.php\/demission-du-gouvernement-dre-diaka-sidibe-exprime-sa-gratitude-au-president-mamadi-doumbouya\/"},"author":{"name":"La R\u00e9daction","@id":"https:\/\/universnews224.com\/#\/schema\/person\/a4b7d4f94a4716df60456a491260485e"},"headline":"D\u00e9mission du gouvernement : Dre Diaka Sidib\u00e9 exprime sa gratitude au Pr\u00e9sident Mamadi Doumbouya","datePublished":"2026-01-23T12:55:02+00:00","dateModified":"2026-01-23T12:55:02+00:00","mainEntityOfPage":{"@id":"https:\/\/universnews224.com\/index.php\/demission-du-gouvernement-dre-diaka-sidibe-exprime-sa-gratitude-au-president-mamadi-doumbouya\/"},"wordCount":322,"publisher":{"@id":"https:\/\/universnews224.com\/#organization"},"keywords":["A la une"],"articleSection":["ACTU","POLITIQUE"],"inLanguage":"fr-FR"},{"@type":"WebPage","@id":"https:\/\/universnews224.com\/index.php\/demission-du-gouvernement-dre-diaka-sidibe-exprime-sa-gratitude-au-president-mamadi-doumbouya\/","url":"https:\/\/universnews224.com\/index.php\/demission-du-gouvernement-dre-diaka-sidibe-exprime-sa-gratitude-au-president-mamadi-doumbouya\/","name":"D\u00e9mission du gouvernement : Dre Diaka Sidib\u00e9 exprime sa gratitude au Pr\u00e9sident Mamadi Doumbouya - UNIVERSNEWS224","isPartOf":{"@id":"https:\/\/universnews224.com\/#website"},"datePublished":"2026-01-23T12:55:02+00:00","dateModified":"2026-01-23T12:55:02+00:00","inLanguage":"fr-FR","potentialAction":[{"@type":"ReadAction","target":["https:\/\/universnews224.com\/index.php\/demission-du-gouvernement-dre-diaka-sidibe-exprime-sa-gratitude-au-president-mamadi-doumbouya\/"]}]},{"@type":"WebSite","@id":"https:\/\/universnews224.com\/#website","url":"https:\/\/universnews224.com\/","name":"UNIVERSNEWS224","description":"","publisher":{"@id":"https:\/\/universnews224.com\/#organization"},"potentialAction":[{"@type":"SearchAction","target":{"@type":"EntryPoint","urlTemplate":"https:\/\/universnews224.com\/?s={search_term_string}"},"query-input":"required name=search_term_string"}],"inLanguage":"fr-FR"},{"@type":"Organization","@id":"https:\/\/universnews224.com\/#organization","name":"UNIVERSNEWS224","url":"https:\/\/universnews224.com\/","logo":{"@type":"ImageObject","inLanguage":"fr-FR","@id":"https:\/\/universnews224.com\/#\/schema\/logo\/image\/","url":"https:\/\/universnews224.com\/wp-content\/uploads\/2022\/08\/cropped-cropped-logoban.jpg","contentUrl":"https:\/\/universnews224.com\/wp-content\/uploads\/2022\/08\/cropped-cropped-logoban.jpg","width":1080,"height":138,"caption":"UNIVERSNEWS224"},"image":{"@id":"https:\/\/universnews224.com\/#\/schema\/logo\/image\/"}},{"@type":"Person","@id":"https:\/\/universnews224.com\/#\/schema\/person\/a4b7d4f94a4716df60456a491260485e","name":"La R\u00e9daction","image":{"@type":"ImageObject","inLanguage":"fr-FR","@id":"https:\/\/universnews224.com\/#\/schema\/person\/image\/","url":"https:\/\/secure.gravatar.com\/avatar\/edb90acc7752b23e1b3307ad36c14f0d?s=96&d=mm&r=g","contentUrl":"https:\/\/secure.gravatar.com\/avatar\/edb90acc7752b23e1b3307ad36c14f0d?s=96&d=mm&r=g","caption":"La R\u00e9daction"},"sameAs":["https:\/\/universnews224.com"],"url":"https:\/\/universnews224.com\/index.php\/author\/m-camara\/"}]}},"_links":{"self":[{"href":"https:\/\/universnews224.com\/index.php\/wp-json\/wp\/v2\/posts\/10150"}],"collection":[{"href":"https:\/\/universnews224.com\/index.php\/wp-json\/wp\/v2\/posts"}],"about":[{"href":"https:\/\/universnews224.com\/index.php\/wp-json\/wp\/v2\/types\/post"}],"author":[{"embeddable":true,"href":"https:\/\/universnews224.com\/index.php\/wp-json\/wp\/v2\/users\/2"}],"replies":[{"embeddable":true,"href":"https:\/\/universnews224.com\/index.php\/wp-json\/wp\/v2\/comments?post=10150"}],"version-history":[{"count":1,"href":"https:\/\/universnews224.com\/index.php\/wp-json\/wp\/v2\/posts\/10150\/revisions"}],"predecessor-version":[{"id":10152,"href":"https:\/\/universnews224.com\/index.php\/wp-json\/wp\/v2\/posts\/10150\/revisions\/10152"}],"wp:featuredmedia":[{"embeddable":true,"href":"https:\/\/universnews224.com\/index.php\/wp-json\/wp\/v2\/media\/10151"}],"wp:attachment":[{"href":"https:\/\/universnews224.com\/index.php\/wp-json\/wp\/v2\/media?parent=10150"}],"wp:term":[{"taxonomy":"category","embeddable":true,"href":"https:\/\/universnews224.com\/index.php\/wp-json\/wp\/v2\/categories?post=10150"},{"taxonomy":"post_tag","embeddable":true,"href":"https:\/\/universnews224.com\/index.php\/wp-json\/wp\/v2\/tags?post=10150"}],"curies":[{"name":"wp","href":"https:\/\/api.w.org\/{rel}","templated":true}]}}