{"id":1031,"date":"2022-03-25T17:33:16","date_gmt":"2022-03-25T16:33:16","guid":{"rendered":"https:\/\/universnews224.com\/?p=1031"},"modified":"2022-03-25T22:42:11","modified_gmt":"2022-03-25T21:42:11","slug":"makanera-repond-a-doussou-conde-nous-navons-jamais-tenu-de-reunion-pour-parler-de-laudio","status":"publish","type":"post","link":"https:\/\/universnews224.com\/index.php\/makanera-repond-a-doussou-conde-nous-navons-jamais-tenu-de-reunion-pour-parler-de-laudio\/","title":{"rendered":"Makan\u00e9ra r\u00e9pond \u00e0 Doussou Cond\u00e9 : \u00ab nous n\u2019avons jamais tenu de r\u00e9union pour parler de l\u2019audio \u00bb"},"content":{"rendered":"<p>Dans une sortie m\u00e9diatique chez nos confr\u00e8res de FIM FM le vendredi 25 mars 2022, dame Doussou Cond\u00e9 a accus\u00e9 Dr Ibrahima Kassory Fofana, Alhouseny Makan\u00e9ra Kak\u00e9 et Papa Koly Kourouma d\u2019avoir tent\u00e9 de dissimuler l\u2019audio d\u2019Alpha Cond\u00e9 qui a fini par se retrouver sur la place publique.<\/p>\n<p>Interrog\u00e9 par notre r\u00e9daction sur cette accusation, Makan\u00e9ra Kak\u00e9 a r\u00e9pondu sans d\u00e9tour \u00e0 madame Doussou.<\/p>\n<p>\u00ab<em>C\u2019est une contre-v\u00e9rit\u00e9. Pour la simple raison, Dr Kassory et moi, nous n\u2019avons jamais \u00e9chang\u00e9 par rapport \u00e0 l\u2019audio et je n\u2019ai jamais voulu m\u2019impliquer par rapport \u00e0 ce qui concerne la mise en place du comit\u00e9 ex\u00e9cutif provisoire \u00e0 la t\u00eate du RPG arc-en-ciel pendant au moins huit jours. C\u2019est lorsqu\u2019il y a eu la pression de milliers et de milliers de personnes du RPG arc-en-ciel pour me demander de me prononcer sur le choix, que j\u2019ai \u00e9t\u00e9 amen\u00e9 \u00e0 apporter des pr\u00e9cisions pour dire qu\u2019aujourd\u2019hui, l\u2019homme qui peut rassembler, qui peut transcender les diff\u00e9rents clivages ethniques, r\u00e9gionalistes et qui est \u00e0 m\u00eame amener le RPG \u00e0 remporter la future \u00e9lection pr\u00e9sidentielle reste et demeure M. Kassory Fofana. Quand je prends l\u2019audio, peut-\u00eatre Madame Doussou n\u2019a pas bien compris. Nous, on avait aucun int\u00e9r\u00eat de dissimuler ce qui est dans l\u2019audio (\u2026). Vouloir dire aujourd\u2019hui que nous avons voulu le dissimuler, pour quel int\u00e9r\u00eat ? Dans un parti politique, quand il y a un probl\u00e8me qui est pos\u00e9, il n\u2019y a que deux solutions : le consensus ou le vote. Sur plus de 70 membres du BPN, je n\u2019ai pas vu cinq (5) personnes qui se sont d\u00e9solidaris\u00e9es\u2026 Alors au fond, pour quel int\u00e9r\u00eat on va dissimuler ? Je voudrais quand-m\u00eame rappeler que tous ceux qui sont en train de parler aujourd\u2019hui, ils ne sont ni pour Kassory ni pour Kalil. Alors que nous, nous sommes pour Kassory et Kalil. Je dis \u00e0 tous les responsables, militants et sympathisants du RPG que quand vous faites le choix et que l\u2019adversaire n\u2019est pas content, c\u2019est que le choix est bon. Papa Koly, Kassory et moi n\u2019avons jamais de la vie tenu une r\u00e9union pour parler de l\u2019audio. La gestion coll\u00e9giale ne veut pas dire qu\u2019il n\u2019y a pas de t\u00eate<\/em>\u00bb, a r\u00e9pondu Alhouseny Makan\u00e9ra Kak\u00e9, qui promet d\u2019ailleurs une conf\u00e9rence de presse dans l\u2019apr\u00e8s-midi de ce vendredi.<\/p>\n<div class=\"jeg_ad jeg_ad_article jnews_content_inline_ads \">\n<div class=\"ads-wrapper align-center \">\n<div class=\"ads_code\">\n<p><ins class=\"adsbygoogle\" data-ad-client=\"ca-pub-1870189416508001\" data-ad-slot=\"5141807392\" data-ad-format=\"auto\" data-full-width-responsive=\"true\"><\/ins><strong>Mosaiqueguinee.com<\/strong><\/p>\n<\/div>\n<\/div>\n<\/div>\n","protected":false},"excerpt":{"rendered":"<p>Dans une sortie m\u00e9diatique chez nos confr\u00e8res de FIM FM le vendredi 25 mars 2022,<\/p>\n","protected":false},"author":2,"featured_media":1032,"comment_status":"closed","ping_status":"open","sticky":false,"template":"","format":"standard","meta":[],"categories":[3,4],"tags":[229],"yoast_head":"<!-- This site is optimized with the Yoast SEO plugin v19.13 - https:\/\/yoast.com\/wordpress\/plugins\/seo\/ -->\n<title>Makan\u00e9ra r\u00e9pond \u00e0 Doussou Cond\u00e9 : \u00ab nous n\u2019avons jamais tenu de r\u00e9union pour parler de l\u2019audio \u00bb - UNIVERSNEWS224<\/title>\n<meta name=\"robots\" content=\"index, follow, max-snippet:-1, max-image-preview:large, max-video-preview:-1\" \/>\n<link rel=\"canonical\" href=\"https:\/\/universnews224.com\/index.php\/makanera-repond-a-doussou-conde-nous-navons-jamais-tenu-de-reunion-pour-parler-de-laudio\/\" \/>\n<meta property=\"og:locale\" content=\"fr_FR\" \/>\n<meta property=\"og:type\" content=\"article\" \/>\n<meta property=\"og:title\" content=\"Makan\u00e9ra r\u00e9pond \u00e0 Doussou Cond\u00e9 : \u00ab nous n\u2019avons jamais tenu de r\u00e9union pour parler de l\u2019audio \u00bb - UNIVERSNEWS224\" \/>\n<meta property=\"og:description\" content=\"Dans une sortie m\u00e9diatique chez nos confr\u00e8res de FIM FM le vendredi 25 mars 2022,\" \/>\n<meta property=\"og:url\" content=\"https:\/\/universnews224.com\/index.php\/makanera-repond-a-doussou-conde-nous-navons-jamais-tenu-de-reunion-pour-parler-de-laudio\/\" \/>\n<meta property=\"og:site_name\" content=\"UNIVERSNEWS224\" \/>\n<meta property=\"article:published_time\" content=\"2022-03-25T16:33:16+00:00\" \/>\n<meta property=\"article:modified_time\" content=\"2022-03-25T21:42:11+00:00\" \/>\n<meta property=\"og:image\" content=\"https:\/\/universnews224.com\/wp-content\/uploads\/2022\/03\/173B19F5-4231-4011-A66F-11EB73853FC3.jpeg\" \/>\n\t<meta property=\"og:image:width\" content=\"480\" \/>\n\t<meta property=\"og:image:height\" content=\"360\" \/>\n\t<meta property=\"og:image:type\" content=\"image\/jpeg\" \/>\n<meta name=\"author\" content=\"La R\u00e9daction\" \/>\n<meta name=\"twitter:label1\" content=\"\u00c9crit par\" \/>\n\t<meta name=\"twitter:data1\" content=\"La R\u00e9daction\" \/>\n\t<meta name=\"twitter:label2\" content=\"Dur\u00e9e de lecture estim\u00e9e\" \/>\n\t<meta name=\"twitter:data2\" content=\"2 minutes\" \/>\n<script type=\"application\/ld+json\" class=\"yoast-schema-graph\">{\"@context\":\"https:\/\/schema.org\",\"@graph\":[{\"@type\":\"Article\",\"@id\":\"https:\/\/universnews224.com\/index.php\/makanera-repond-a-doussou-conde-nous-navons-jamais-tenu-de-reunion-pour-parler-de-laudio\/#article\",\"isPartOf\":{\"@id\":\"https:\/\/universnews224.com\/index.php\/makanera-repond-a-doussou-conde-nous-navons-jamais-tenu-de-reunion-pour-parler-de-laudio\/\"},\"author\":{\"name\":\"La R\u00e9daction\",\"@id\":\"https:\/\/universnews224.com\/#\/schema\/person\/a4b7d4f94a4716df60456a491260485e\"},\"headline\":\"Makan\u00e9ra r\u00e9pond \u00e0 Doussou Cond\u00e9 : \u00ab nous n\u2019avons jamais tenu de r\u00e9union pour parler de l\u2019audio \u00bb\",\"datePublished\":\"2022-03-25T16:33:16+00:00\",\"dateModified\":\"2022-03-25T21:42:11+00:00\",\"mainEntityOfPage\":{\"@id\":\"https:\/\/universnews224.com\/index.php\/makanera-repond-a-doussou-conde-nous-navons-jamais-tenu-de-reunion-pour-parler-de-laudio\/\"},\"wordCount\":449,\"publisher\":{\"@id\":\"https:\/\/universnews224.com\/#organization\"},\"keywords\":[\"La une\"],\"articleSection\":[\"ACTU\",\"POLITIQUE\"],\"inLanguage\":\"fr-FR\"},{\"@type\":\"WebPage\",\"@id\":\"https:\/\/universnews224.com\/index.php\/makanera-repond-a-doussou-conde-nous-navons-jamais-tenu-de-reunion-pour-parler-de-laudio\/\",\"url\":\"https:\/\/universnews224.com\/index.php\/makanera-repond-a-doussou-conde-nous-navons-jamais-tenu-de-reunion-pour-parler-de-laudio\/\",\"name\":\"Makan\u00e9ra r\u00e9pond \u00e0 Doussou Cond\u00e9 : \u00ab nous n\u2019avons jamais tenu de r\u00e9union pour parler de l\u2019audio \u00bb - UNIVERSNEWS224\",\"isPartOf\":{\"@id\":\"https:\/\/universnews224.com\/#website\"},\"datePublished\":\"2022-03-25T16:33:16+00:00\",\"dateModified\":\"2022-03-25T21:42:11+00:00\",\"inLanguage\":\"fr-FR\",\"potentialAction\":[{\"@type\":\"ReadAction\",\"target\":[\"https:\/\/universnews224.com\/index.php\/makanera-repond-a-doussou-conde-nous-navons-jamais-tenu-de-reunion-pour-parler-de-laudio\/\"]}]},{\"@type\":\"WebSite\",\"@id\":\"https:\/\/universnews224.com\/#website\",\"url\":\"https:\/\/universnews224.com\/\",\"name\":\"UNIVERSNEWS224\",\"description\":\"\",\"publisher\":{\"@id\":\"https:\/\/universnews224.com\/#organization\"},\"potentialAction\":[{\"@type\":\"SearchAction\",\"target\":{\"@type\":\"EntryPoint\",\"urlTemplate\":\"https:\/\/universnews224.com\/?s={search_term_string}\"},\"query-input\":\"required name=search_term_string\"}],\"inLanguage\":\"fr-FR\"},{\"@type\":\"Organization\",\"@id\":\"https:\/\/universnews224.com\/#organization\",\"name\":\"UNIVERSNEWS224\",\"url\":\"https:\/\/universnews224.com\/\",\"logo\":{\"@type\":\"ImageObject\",\"inLanguage\":\"fr-FR\",\"@id\":\"https:\/\/universnews224.com\/#\/schema\/logo\/image\/\",\"url\":\"https:\/\/universnews224.com\/wp-content\/uploads\/2022\/08\/cropped-cropped-logoban.jpg\",\"contentUrl\":\"https:\/\/universnews224.com\/wp-content\/uploads\/2022\/08\/cropped-cropped-logoban.jpg\",\"width\":1080,\"height\":138,\"caption\":\"UNIVERSNEWS224\"},\"image\":{\"@id\":\"https:\/\/universnews224.com\/#\/schema\/logo\/image\/\"}},{\"@type\":\"Person\",\"@id\":\"https:\/\/universnews224.com\/#\/schema\/person\/a4b7d4f94a4716df60456a491260485e\",\"name\":\"La R\u00e9daction\",\"image\":{\"@type\":\"ImageObject\",\"inLanguage\":\"fr-FR\",\"@id\":\"https:\/\/universnews224.com\/#\/schema\/person\/image\/\",\"url\":\"https:\/\/secure.gravatar.com\/avatar\/edb90acc7752b23e1b3307ad36c14f0d?s=96&d=mm&r=g\",\"contentUrl\":\"https:\/\/secure.gravatar.com\/avatar\/edb90acc7752b23e1b3307ad36c14f0d?s=96&d=mm&r=g\",\"caption\":\"La R\u00e9daction\"},\"sameAs\":[\"https:\/\/universnews224.com\"],\"url\":\"https:\/\/universnews224.com\/index.php\/author\/m-camara\/\"}]}<\/script>\n<!-- \/ Yoast SEO plugin. -->","yoast_head_json":{"title":"Makan\u00e9ra r\u00e9pond \u00e0 Doussou Cond\u00e9 : \u00ab nous n\u2019avons jamais tenu de r\u00e9union pour parler de l\u2019audio \u00bb - UNIVERSNEWS224","robots":{"index":"index","follow":"follow","max-snippet":"max-snippet:-1","max-image-preview":"max-image-preview:large","max-video-preview":"max-video-preview:-1"},"canonical":"https:\/\/universnews224.com\/index.php\/makanera-repond-a-doussou-conde-nous-navons-jamais-tenu-de-reunion-pour-parler-de-laudio\/","og_locale":"fr_FR","og_type":"article","og_title":"Makan\u00e9ra r\u00e9pond \u00e0 Doussou Cond\u00e9 : \u00ab nous n\u2019avons jamais tenu de r\u00e9union pour parler de l\u2019audio \u00bb - UNIVERSNEWS224","og_description":"Dans une sortie m\u00e9diatique chez nos confr\u00e8res de FIM FM le vendredi 25 mars 2022,","og_url":"https:\/\/universnews224.com\/index.php\/makanera-repond-a-doussou-conde-nous-navons-jamais-tenu-de-reunion-pour-parler-de-laudio\/","og_site_name":"UNIVERSNEWS224","article_published_time":"2022-03-25T16:33:16+00:00","article_modified_time":"2022-03-25T21:42:11+00:00","og_image":[{"width":480,"height":360,"url":"https:\/\/universnews224.com\/wp-content\/uploads\/2022\/03\/173B19F5-4231-4011-A66F-11EB73853FC3.jpeg","type":"image\/jpeg"}],"author":"La R\u00e9daction","twitter_misc":{"\u00c9crit par":"La R\u00e9daction","Dur\u00e9e de lecture estim\u00e9e":"2 minutes"},"schema":{"@context":"https:\/\/schema.org","@graph":[{"@type":"Article","@id":"https:\/\/universnews224.com\/index.php\/makanera-repond-a-doussou-conde-nous-navons-jamais-tenu-de-reunion-pour-parler-de-laudio\/#article","isPartOf":{"@id":"https:\/\/universnews224.com\/index.php\/makanera-repond-a-doussou-conde-nous-navons-jamais-tenu-de-reunion-pour-parler-de-laudio\/"},"author":{"name":"La R\u00e9daction","@id":"https:\/\/universnews224.com\/#\/schema\/person\/a4b7d4f94a4716df60456a491260485e"},"headline":"Makan\u00e9ra r\u00e9pond \u00e0 Doussou Cond\u00e9 : \u00ab nous n\u2019avons jamais tenu de r\u00e9union pour parler de l\u2019audio \u00bb","datePublished":"2022-03-25T16:33:16+00:00","dateModified":"2022-03-25T21:42:11+00:00","mainEntityOfPage":{"@id":"https:\/\/universnews224.com\/index.php\/makanera-repond-a-doussou-conde-nous-navons-jamais-tenu-de-reunion-pour-parler-de-laudio\/"},"wordCount":449,"publisher":{"@id":"https:\/\/universnews224.com\/#organization"},"keywords":["La une"],"articleSection":["ACTU","POLITIQUE"],"inLanguage":"fr-FR"},{"@type":"WebPage","@id":"https:\/\/universnews224.com\/index.php\/makanera-repond-a-doussou-conde-nous-navons-jamais-tenu-de-reunion-pour-parler-de-laudio\/","url":"https:\/\/universnews224.com\/index.php\/makanera-repond-a-doussou-conde-nous-navons-jamais-tenu-de-reunion-pour-parler-de-laudio\/","name":"Makan\u00e9ra r\u00e9pond \u00e0 Doussou Cond\u00e9 : \u00ab nous n\u2019avons jamais tenu de r\u00e9union pour parler de l\u2019audio \u00bb - UNIVERSNEWS224","isPartOf":{"@id":"https:\/\/universnews224.com\/#website"},"datePublished":"2022-03-25T16:33:16+00:00","dateModified":"2022-03-25T21:42:11+00:00","inLanguage":"fr-FR","potentialAction":[{"@type":"ReadAction","target":["https:\/\/universnews224.com\/index.php\/makanera-repond-a-doussou-conde-nous-navons-jamais-tenu-de-reunion-pour-parler-de-laudio\/"]}]},{"@type":"WebSite","@id":"https:\/\/universnews224.com\/#website","url":"https:\/\/universnews224.com\/","name":"UNIVERSNEWS224","description":"","publisher":{"@id":"https:\/\/universnews224.com\/#organization"},"potentialAction":[{"@type":"SearchAction","target":{"@type":"EntryPoint","urlTemplate":"https:\/\/universnews224.com\/?s={search_term_string}"},"query-input":"required name=search_term_string"}],"inLanguage":"fr-FR"},{"@type":"Organization","@id":"https:\/\/universnews224.com\/#organization","name":"UNIVERSNEWS224","url":"https:\/\/universnews224.com\/","logo":{"@type":"ImageObject","inLanguage":"fr-FR","@id":"https:\/\/universnews224.com\/#\/schema\/logo\/image\/","url":"https:\/\/universnews224.com\/wp-content\/uploads\/2022\/08\/cropped-cropped-logoban.jpg","contentUrl":"https:\/\/universnews224.com\/wp-content\/uploads\/2022\/08\/cropped-cropped-logoban.jpg","width":1080,"height":138,"caption":"UNIVERSNEWS224"},"image":{"@id":"https:\/\/universnews224.com\/#\/schema\/logo\/image\/"}},{"@type":"Person","@id":"https:\/\/universnews224.com\/#\/schema\/person\/a4b7d4f94a4716df60456a491260485e","name":"La R\u00e9daction","image":{"@type":"ImageObject","inLanguage":"fr-FR","@id":"https:\/\/universnews224.com\/#\/schema\/person\/image\/","url":"https:\/\/secure.gravatar.com\/avatar\/edb90acc7752b23e1b3307ad36c14f0d?s=96&d=mm&r=g","contentUrl":"https:\/\/secure.gravatar.com\/avatar\/edb90acc7752b23e1b3307ad36c14f0d?s=96&d=mm&r=g","caption":"La R\u00e9daction"},"sameAs":["https:\/\/universnews224.com"],"url":"https:\/\/universnews224.com\/index.php\/author\/m-camara\/"}]}},"_links":{"self":[{"href":"https:\/\/universnews224.com\/index.php\/wp-json\/wp\/v2\/posts\/1031"}],"collection":[{"href":"https:\/\/universnews224.com\/index.php\/wp-json\/wp\/v2\/posts"}],"about":[{"href":"https:\/\/universnews224.com\/index.php\/wp-json\/wp\/v2\/types\/post"}],"author":[{"embeddable":true,"href":"https:\/\/universnews224.com\/index.php\/wp-json\/wp\/v2\/users\/2"}],"replies":[{"embeddable":true,"href":"https:\/\/universnews224.com\/index.php\/wp-json\/wp\/v2\/comments?post=1031"}],"version-history":[{"count":3,"href":"https:\/\/universnews224.com\/index.php\/wp-json\/wp\/v2\/posts\/1031\/revisions"}],"predecessor-version":[{"id":1035,"href":"https:\/\/universnews224.com\/index.php\/wp-json\/wp\/v2\/posts\/1031\/revisions\/1035"}],"wp:featuredmedia":[{"embeddable":true,"href":"https:\/\/universnews224.com\/index.php\/wp-json\/wp\/v2\/media\/1032"}],"wp:attachment":[{"href":"https:\/\/universnews224.com\/index.php\/wp-json\/wp\/v2\/media?parent=1031"}],"wp:term":[{"taxonomy":"category","embeddable":true,"href":"https:\/\/universnews224.com\/index.php\/wp-json\/wp\/v2\/categories?post=1031"},{"taxonomy":"post_tag","embeddable":true,"href":"https:\/\/universnews224.com\/index.php\/wp-json\/wp\/v2\/tags?post=1031"}],"curies":[{"name":"wp","href":"https:\/\/api.w.org\/{rel}","templated":true}]}}