{"id":10349,"date":"2026-03-02T14:27:33","date_gmt":"2026-03-02T13:27:33","guid":{"rendered":"https:\/\/universnews224.com\/?p=10349"},"modified":"2026-03-02T14:27:33","modified_gmt":"2026-03-02T13:27:33","slug":"fin-des-speculations-le-palais-clarifie-letat-de-sante-du-president-doumbouya","status":"publish","type":"post","link":"https:\/\/universnews224.com\/index.php\/fin-des-speculations-le-palais-clarifie-letat-de-sante-du-president-doumbouya\/","title":{"rendered":"Fin des sp\u00e9culations : Le Palais clarifie l&rsquo;\u00e9tat de sant\u00e9 du Pr\u00e9sident Doumbouya"},"content":{"rendered":"<p>Depuis plusieurs jours, l&rsquo;opinion publique guin\u00e9enne \u00e9tait suspendue \u00e0 des rumeurs persistantes \u00e9voquant une d\u00e9gradation de la sant\u00e9 du Chef de l&rsquo;\u00c9tat, allant jusqu&rsquo;\u00e0 sp\u00e9culer sur une hospitalisation secr\u00e8te en Asie. Pour \u00e9teindre l&rsquo;incendie m\u00e9diatique, Elhadj Thierno Mamadou Bah (TMB), Conseiller personnel du Pr\u00e9sident, a rompu le silence lors d&rsquo;une mise au point officielle.<\/p>\n<div dir=\"auto\">\n<div dir=\"auto\"><\/div>\n<div dir=\"auto\">\u200b Un contact direct pour rassurer l&rsquo;opinion<\/div>\n<div dir=\"auto\"><\/div>\n<div dir=\"auto\">\u200bLoin des bruits de couloir, le conseiller a affirm\u00e9 s&rsquo;\u00eatre entretenu personnellement avec le Pr\u00e9sident Mamadi Doumbouya ce dimanche 1er mars. Selon ses dires, l&rsquo;\u00e9change a port\u00e9 aussi bien sur les dossiers de la Nation que sur des sujets priv\u00e9s, confirmant un Chef d&rsquo;\u00c9tat serein et pleinement op\u00e9rationnel.<\/div>\n<div dir=\"auto\"><\/div>\n<div dir=\"auto\">\u200b\u00ab Le Pr\u00e9sident se porte tr\u00e8s bien. Il n\u2019y a absolument aucune raison de c\u00e9der \u00e0 l\u2019inqui\u00e9tude ou \u00e0 la sp\u00e9culation \u00bb, a-t-il d\u00e9clar\u00e9 avec fermet\u00e9.<\/div>\n<div dir=\"auto\"><\/div>\n<div dir=\"auto\">\u00a0La gestion du \u00ab\u00a0facteur humain\u00a0\u00bb : Pr\u00e9venir le burn-out<\/div>\n<div dir=\"auto\"><\/div>\n<div dir=\"auto\">\u200bL&rsquo;information majeure de cette sortie r\u00e9side dans la reconnaissance de la charge de travail colossale support\u00e9e par le Pr\u00e9sident depuis cinq ans. TMB d\u00e9crit un rythme de travail quasi-monacal :<\/div>\n<div dir=\"auto\"><\/div>\n<div dir=\"auto\">\u00ab\u00a0Il est n\u00e9anmoins important de rappeler que le Chef de l\u2019Etat n\u2019a pas connu de repos depuis plusieurs ann\u00e9es. Les cinq derni\u00e8res ann\u00e9es ont \u00e9t\u00e9 d\u2019une intensit\u00e9 exceptionnelle, tant sur le plan physique qu\u2019intellectuel. Ses journ\u00e9es d\u00e9butent r\u00e9guli\u00e8rement \u00e0 6h30 et se prolongent jusqu\u2019\u00e0 minuit, parfois au-del\u00e0. Ce rythme soutenu, maintenu avec constance depuis plusieurs ann\u00e9es, t\u00e9moigne de son engagement total au service de la Nation. En marge du sommet de l\u2019Union africaine, il a saisi l\u2019opportunit\u00e9 de prendre quelques jours de repos. Ce moment de pause lui a d\u2019ailleurs \u00e9t\u00e9 fortement recommand\u00e9 par ses proches collaborateurs et sa famille afin d\u2019\u00e9viter un burn-out, c\u2019est-\u00e0-dire tout risque d\u2019\u00e9puisement li\u00e9 \u00e0 une surcharge prolong\u00e9e de travail. Il en a profit\u00e9 pour effectuer un check-up m\u00e9dical de routine, comme le font les dirigeants responsables soucieux de pr\u00e9server leur pleine capacit\u00e9 d\u2019action. Je puis affirmer, avec la plus grande clart\u00e9 que les r\u00e9sultats sont rassurants, tout va tr\u00e8s bien\u00a0\u00bb, a-t-il soulign\u00e9.<\/div>\n<div dir=\"auto\"><\/div>\n<div dir=\"auto\"><\/div>\n<div dir=\"auto\">\u200bC&rsquo;est sous la pression amicale de sa famille et de ses collaborateurs que le Chef de l&rsquo;\u00c9tat a accept\u00e9 de marquer une pause. L&rsquo;objectif affich\u00e9 est clair : \u00e9viter l&rsquo;\u00e9puisement professionnel (burn-out) apr\u00e8s le dernier sommet de l&rsquo;Union Africaine.<\/div>\n<div dir=\"auto\"><\/div>\n<div dir=\"auto\">\u200bUn bilan m\u00e9dical au \u00ab\u00a0vert\u00a0\u00bb<\/div>\n<div dir=\"auto\"><\/div>\n<div dir=\"auto\">\u200bProfitant de ce repos, le Pr\u00e9sident a effectu\u00e9 un check-up m\u00e9dical de routine. Le conseiller personnel a tenu \u00e0 pr\u00e9ciser que les r\u00e9sultats sont extr\u00eamement satisfaisants. Cette d\u00e9marche est pr\u00e9sent\u00e9e comme l&rsquo;acte d&rsquo;un dirigeant responsable, soucieux de maintenir ses capacit\u00e9s physiques pour la conduite des r\u00e9formes du pays.<\/div>\n<div dir=\"auto\"><\/div>\n<div dir=\"auto\">En conclusion, le Palais appelle la population \u00e0 faire preuve de discernement et \u00e0 ignorer les canaux de d\u00e9sinformation. Le retour du Pr\u00e9sident Doumbouya est annonc\u00e9 pour \u00ab les tout prochains jours \u00bb, avec une d\u00e9termination renouvel\u00e9e.<\/div>\n<div dir=\"auto\"><\/div>\n<div dir=\"auto\"><\/div>\n<div dir=\"auto\">\n<div dir=\"auto\">\u200b<\/div>\n<\/div>\n<\/div>\n","protected":false},"excerpt":{"rendered":"<p>Depuis plusieurs jours, l&rsquo;opinion publique guin\u00e9enne \u00e9tait suspendue \u00e0 des rumeurs persistantes \u00e9voquant une d\u00e9gradation<\/p>\n","protected":false},"author":2,"featured_media":10350,"comment_status":"closed","ping_status":"open","sticky":false,"template":"","format":"standard","meta":[],"categories":[3,4],"tags":[229],"yoast_head":"<!-- This site is optimized with the Yoast SEO plugin v19.13 - https:\/\/yoast.com\/wordpress\/plugins\/seo\/ -->\n<title>Fin des sp\u00e9culations : Le Palais clarifie l&#039;\u00e9tat de sant\u00e9 du Pr\u00e9sident Doumbouya - UNIVERSNEWS224<\/title>\n<meta name=\"robots\" content=\"index, follow, max-snippet:-1, max-image-preview:large, max-video-preview:-1\" \/>\n<link rel=\"canonical\" href=\"https:\/\/universnews224.com\/index.php\/fin-des-speculations-le-palais-clarifie-letat-de-sante-du-president-doumbouya\/\" \/>\n<meta property=\"og:locale\" content=\"fr_FR\" \/>\n<meta property=\"og:type\" content=\"article\" \/>\n<meta property=\"og:title\" content=\"Fin des sp\u00e9culations : Le Palais clarifie l&#039;\u00e9tat de sant\u00e9 du Pr\u00e9sident Doumbouya - UNIVERSNEWS224\" \/>\n<meta property=\"og:description\" content=\"Depuis plusieurs jours, l&rsquo;opinion publique guin\u00e9enne \u00e9tait suspendue \u00e0 des rumeurs persistantes \u00e9voquant une d\u00e9gradation\" \/>\n<meta property=\"og:url\" content=\"https:\/\/universnews224.com\/index.php\/fin-des-speculations-le-palais-clarifie-letat-de-sante-du-president-doumbouya\/\" \/>\n<meta property=\"og:site_name\" content=\"UNIVERSNEWS224\" \/>\n<meta property=\"article:published_time\" content=\"2026-03-02T13:27:33+00:00\" \/>\n<meta property=\"og:image\" content=\"https:\/\/universnews224.com\/wp-content\/uploads\/2026\/03\/FB_IMG_1772457171785.jpg\" \/>\n\t<meta property=\"og:image:width\" content=\"1066\" \/>\n\t<meta property=\"og:image:height\" content=\"676\" \/>\n\t<meta property=\"og:image:type\" content=\"image\/jpeg\" \/>\n<meta name=\"author\" content=\"La R\u00e9daction\" \/>\n<meta name=\"twitter:label1\" content=\"\u00c9crit par\" \/>\n\t<meta name=\"twitter:data1\" content=\"La R\u00e9daction\" \/>\n\t<meta name=\"twitter:label2\" content=\"Dur\u00e9e de lecture estim\u00e9e\" \/>\n\t<meta name=\"twitter:data2\" content=\"3 minutes\" \/>\n<script type=\"application\/ld+json\" class=\"yoast-schema-graph\">{\"@context\":\"https:\/\/schema.org\",\"@graph\":[{\"@type\":\"Article\",\"@id\":\"https:\/\/universnews224.com\/index.php\/fin-des-speculations-le-palais-clarifie-letat-de-sante-du-president-doumbouya\/#article\",\"isPartOf\":{\"@id\":\"https:\/\/universnews224.com\/index.php\/fin-des-speculations-le-palais-clarifie-letat-de-sante-du-president-doumbouya\/\"},\"author\":{\"name\":\"La R\u00e9daction\",\"@id\":\"https:\/\/universnews224.com\/#\/schema\/person\/a4b7d4f94a4716df60456a491260485e\"},\"headline\":\"Fin des sp\u00e9culations : Le Palais clarifie l&rsquo;\u00e9tat de sant\u00e9 du Pr\u00e9sident Doumbouya\",\"datePublished\":\"2026-03-02T13:27:33+00:00\",\"dateModified\":\"2026-03-02T13:27:33+00:00\",\"mainEntityOfPage\":{\"@id\":\"https:\/\/universnews224.com\/index.php\/fin-des-speculations-le-palais-clarifie-letat-de-sante-du-president-doumbouya\/\"},\"wordCount\":531,\"publisher\":{\"@id\":\"https:\/\/universnews224.com\/#organization\"},\"keywords\":[\"La une\"],\"articleSection\":[\"ACTU\",\"POLITIQUE\"],\"inLanguage\":\"fr-FR\"},{\"@type\":\"WebPage\",\"@id\":\"https:\/\/universnews224.com\/index.php\/fin-des-speculations-le-palais-clarifie-letat-de-sante-du-president-doumbouya\/\",\"url\":\"https:\/\/universnews224.com\/index.php\/fin-des-speculations-le-palais-clarifie-letat-de-sante-du-president-doumbouya\/\",\"name\":\"Fin des sp\u00e9culations : Le Palais clarifie l'\u00e9tat de sant\u00e9 du Pr\u00e9sident Doumbouya - UNIVERSNEWS224\",\"isPartOf\":{\"@id\":\"https:\/\/universnews224.com\/#website\"},\"datePublished\":\"2026-03-02T13:27:33+00:00\",\"dateModified\":\"2026-03-02T13:27:33+00:00\",\"inLanguage\":\"fr-FR\",\"potentialAction\":[{\"@type\":\"ReadAction\",\"target\":[\"https:\/\/universnews224.com\/index.php\/fin-des-speculations-le-palais-clarifie-letat-de-sante-du-president-doumbouya\/\"]}]},{\"@type\":\"WebSite\",\"@id\":\"https:\/\/universnews224.com\/#website\",\"url\":\"https:\/\/universnews224.com\/\",\"name\":\"UNIVERSNEWS224\",\"description\":\"\",\"publisher\":{\"@id\":\"https:\/\/universnews224.com\/#organization\"},\"potentialAction\":[{\"@type\":\"SearchAction\",\"target\":{\"@type\":\"EntryPoint\",\"urlTemplate\":\"https:\/\/universnews224.com\/?s={search_term_string}\"},\"query-input\":\"required name=search_term_string\"}],\"inLanguage\":\"fr-FR\"},{\"@type\":\"Organization\",\"@id\":\"https:\/\/universnews224.com\/#organization\",\"name\":\"UNIVERSNEWS224\",\"url\":\"https:\/\/universnews224.com\/\",\"logo\":{\"@type\":\"ImageObject\",\"inLanguage\":\"fr-FR\",\"@id\":\"https:\/\/universnews224.com\/#\/schema\/logo\/image\/\",\"url\":\"https:\/\/universnews224.com\/wp-content\/uploads\/2022\/08\/cropped-cropped-logoban.jpg\",\"contentUrl\":\"https:\/\/universnews224.com\/wp-content\/uploads\/2022\/08\/cropped-cropped-logoban.jpg\",\"width\":1080,\"height\":138,\"caption\":\"UNIVERSNEWS224\"},\"image\":{\"@id\":\"https:\/\/universnews224.com\/#\/schema\/logo\/image\/\"}},{\"@type\":\"Person\",\"@id\":\"https:\/\/universnews224.com\/#\/schema\/person\/a4b7d4f94a4716df60456a491260485e\",\"name\":\"La R\u00e9daction\",\"image\":{\"@type\":\"ImageObject\",\"inLanguage\":\"fr-FR\",\"@id\":\"https:\/\/universnews224.com\/#\/schema\/person\/image\/\",\"url\":\"https:\/\/secure.gravatar.com\/avatar\/edb90acc7752b23e1b3307ad36c14f0d?s=96&d=mm&r=g\",\"contentUrl\":\"https:\/\/secure.gravatar.com\/avatar\/edb90acc7752b23e1b3307ad36c14f0d?s=96&d=mm&r=g\",\"caption\":\"La R\u00e9daction\"},\"sameAs\":[\"https:\/\/universnews224.com\"],\"url\":\"https:\/\/universnews224.com\/index.php\/author\/m-camara\/\"}]}<\/script>\n<!-- \/ Yoast SEO plugin. -->","yoast_head_json":{"title":"Fin des sp\u00e9culations : Le Palais clarifie l'\u00e9tat de sant\u00e9 du Pr\u00e9sident Doumbouya - UNIVERSNEWS224","robots":{"index":"index","follow":"follow","max-snippet":"max-snippet:-1","max-image-preview":"max-image-preview:large","max-video-preview":"max-video-preview:-1"},"canonical":"https:\/\/universnews224.com\/index.php\/fin-des-speculations-le-palais-clarifie-letat-de-sante-du-president-doumbouya\/","og_locale":"fr_FR","og_type":"article","og_title":"Fin des sp\u00e9culations : Le Palais clarifie l'\u00e9tat de sant\u00e9 du Pr\u00e9sident Doumbouya - UNIVERSNEWS224","og_description":"Depuis plusieurs jours, l&rsquo;opinion publique guin\u00e9enne \u00e9tait suspendue \u00e0 des rumeurs persistantes \u00e9voquant une d\u00e9gradation","og_url":"https:\/\/universnews224.com\/index.php\/fin-des-speculations-le-palais-clarifie-letat-de-sante-du-president-doumbouya\/","og_site_name":"UNIVERSNEWS224","article_published_time":"2026-03-02T13:27:33+00:00","og_image":[{"width":1066,"height":676,"url":"https:\/\/universnews224.com\/wp-content\/uploads\/2026\/03\/FB_IMG_1772457171785.jpg","type":"image\/jpeg"}],"author":"La R\u00e9daction","twitter_misc":{"\u00c9crit par":"La R\u00e9daction","Dur\u00e9e de lecture estim\u00e9e":"3 minutes"},"schema":{"@context":"https:\/\/schema.org","@graph":[{"@type":"Article","@id":"https:\/\/universnews224.com\/index.php\/fin-des-speculations-le-palais-clarifie-letat-de-sante-du-president-doumbouya\/#article","isPartOf":{"@id":"https:\/\/universnews224.com\/index.php\/fin-des-speculations-le-palais-clarifie-letat-de-sante-du-president-doumbouya\/"},"author":{"name":"La R\u00e9daction","@id":"https:\/\/universnews224.com\/#\/schema\/person\/a4b7d4f94a4716df60456a491260485e"},"headline":"Fin des sp\u00e9culations : Le Palais clarifie l&rsquo;\u00e9tat de sant\u00e9 du Pr\u00e9sident Doumbouya","datePublished":"2026-03-02T13:27:33+00:00","dateModified":"2026-03-02T13:27:33+00:00","mainEntityOfPage":{"@id":"https:\/\/universnews224.com\/index.php\/fin-des-speculations-le-palais-clarifie-letat-de-sante-du-president-doumbouya\/"},"wordCount":531,"publisher":{"@id":"https:\/\/universnews224.com\/#organization"},"keywords":["La une"],"articleSection":["ACTU","POLITIQUE"],"inLanguage":"fr-FR"},{"@type":"WebPage","@id":"https:\/\/universnews224.com\/index.php\/fin-des-speculations-le-palais-clarifie-letat-de-sante-du-president-doumbouya\/","url":"https:\/\/universnews224.com\/index.php\/fin-des-speculations-le-palais-clarifie-letat-de-sante-du-president-doumbouya\/","name":"Fin des sp\u00e9culations : Le Palais clarifie l'\u00e9tat de sant\u00e9 du Pr\u00e9sident Doumbouya - UNIVERSNEWS224","isPartOf":{"@id":"https:\/\/universnews224.com\/#website"},"datePublished":"2026-03-02T13:27:33+00:00","dateModified":"2026-03-02T13:27:33+00:00","inLanguage":"fr-FR","potentialAction":[{"@type":"ReadAction","target":["https:\/\/universnews224.com\/index.php\/fin-des-speculations-le-palais-clarifie-letat-de-sante-du-president-doumbouya\/"]}]},{"@type":"WebSite","@id":"https:\/\/universnews224.com\/#website","url":"https:\/\/universnews224.com\/","name":"UNIVERSNEWS224","description":"","publisher":{"@id":"https:\/\/universnews224.com\/#organization"},"potentialAction":[{"@type":"SearchAction","target":{"@type":"EntryPoint","urlTemplate":"https:\/\/universnews224.com\/?s={search_term_string}"},"query-input":"required name=search_term_string"}],"inLanguage":"fr-FR"},{"@type":"Organization","@id":"https:\/\/universnews224.com\/#organization","name":"UNIVERSNEWS224","url":"https:\/\/universnews224.com\/","logo":{"@type":"ImageObject","inLanguage":"fr-FR","@id":"https:\/\/universnews224.com\/#\/schema\/logo\/image\/","url":"https:\/\/universnews224.com\/wp-content\/uploads\/2022\/08\/cropped-cropped-logoban.jpg","contentUrl":"https:\/\/universnews224.com\/wp-content\/uploads\/2022\/08\/cropped-cropped-logoban.jpg","width":1080,"height":138,"caption":"UNIVERSNEWS224"},"image":{"@id":"https:\/\/universnews224.com\/#\/schema\/logo\/image\/"}},{"@type":"Person","@id":"https:\/\/universnews224.com\/#\/schema\/person\/a4b7d4f94a4716df60456a491260485e","name":"La R\u00e9daction","image":{"@type":"ImageObject","inLanguage":"fr-FR","@id":"https:\/\/universnews224.com\/#\/schema\/person\/image\/","url":"https:\/\/secure.gravatar.com\/avatar\/edb90acc7752b23e1b3307ad36c14f0d?s=96&d=mm&r=g","contentUrl":"https:\/\/secure.gravatar.com\/avatar\/edb90acc7752b23e1b3307ad36c14f0d?s=96&d=mm&r=g","caption":"La R\u00e9daction"},"sameAs":["https:\/\/universnews224.com"],"url":"https:\/\/universnews224.com\/index.php\/author\/m-camara\/"}]}},"_links":{"self":[{"href":"https:\/\/universnews224.com\/index.php\/wp-json\/wp\/v2\/posts\/10349"}],"collection":[{"href":"https:\/\/universnews224.com\/index.php\/wp-json\/wp\/v2\/posts"}],"about":[{"href":"https:\/\/universnews224.com\/index.php\/wp-json\/wp\/v2\/types\/post"}],"author":[{"embeddable":true,"href":"https:\/\/universnews224.com\/index.php\/wp-json\/wp\/v2\/users\/2"}],"replies":[{"embeddable":true,"href":"https:\/\/universnews224.com\/index.php\/wp-json\/wp\/v2\/comments?post=10349"}],"version-history":[{"count":1,"href":"https:\/\/universnews224.com\/index.php\/wp-json\/wp\/v2\/posts\/10349\/revisions"}],"predecessor-version":[{"id":10351,"href":"https:\/\/universnews224.com\/index.php\/wp-json\/wp\/v2\/posts\/10349\/revisions\/10351"}],"wp:featuredmedia":[{"embeddable":true,"href":"https:\/\/universnews224.com\/index.php\/wp-json\/wp\/v2\/media\/10350"}],"wp:attachment":[{"href":"https:\/\/universnews224.com\/index.php\/wp-json\/wp\/v2\/media?parent=10349"}],"wp:term":[{"taxonomy":"category","embeddable":true,"href":"https:\/\/universnews224.com\/index.php\/wp-json\/wp\/v2\/categories?post=10349"},{"taxonomy":"post_tag","embeddable":true,"href":"https:\/\/universnews224.com\/index.php\/wp-json\/wp\/v2\/tags?post=10349"}],"curies":[{"name":"wp","href":"https:\/\/api.w.org\/{rel}","templated":true}]}}