{"id":10358,"date":"2026-03-04T19:36:52","date_gmt":"2026-03-04T18:36:52","guid":{"rendered":"https:\/\/universnews224.com\/?p=10358"},"modified":"2026-03-04T19:36:52","modified_gmt":"2026-03-04T18:36:52","slug":"ministere-du-commerce-les-equipes-de-controle-se-lancent-dans-la-bataille-des-prix-et-de-la-qualite-sur-les-marches-de-conakry","status":"publish","type":"post","link":"https:\/\/universnews224.com\/index.php\/ministere-du-commerce-les-equipes-de-controle-se-lancent-dans-la-bataille-des-prix-et-de-la-qualite-sur-les-marches-de-conakry\/","title":{"rendered":"Minist\u00e8re du Commerce : les \u00e9quipes de contr\u00f4le se lancent dans la bataille des prix et de la qualit\u00e9 sur les march\u00e9s de Conakry"},"content":{"rendered":"<p>Sous l&rsquo;impulsion de la Ministre de l&rsquo;Industrie et du Commerce, Madame Fatima Camara, une r\u00e9ponse op\u00e9rationnelle a \u00e9t\u00e9 apport\u00e9e aux attentes du Chef de l&rsquo;\u00c9tat concernant la stabilisation des prix des denr\u00e9es de premi\u00e8re n\u00e9cessit\u00e9. Cette initiative fait suite au protocole sur les prix plafonds r\u00e9cemment sign\u00e9 entre la Chambre de Commerce, d\u2019Industrie et d\u2019Artisanat (CCIAG), la Direction G\u00e9n\u00e9rale des Douanes (DGD) et la Direction Nationale du Commerce Int\u00e9rieur et de la Concurrence (DNCIC).<a href=\"https:\/\/universnews224.com\/wp-content\/uploads\/2026\/03\/IMG-20260304-WA0017.jpg\"><img loading=\"lazy\" class=\"alignnone size-medium wp-image-10360\" src=\"https:\/\/universnews224.com\/wp-content\/uploads\/2026\/03\/IMG-20260304-WA0017-300x169.jpg\" alt=\"\" width=\"300\" height=\"169\" srcset=\"https:\/\/universnews224.com\/wp-content\/uploads\/2026\/03\/IMG-20260304-WA0017-300x169.jpg 300w, https:\/\/universnews224.com\/wp-content\/uploads\/2026\/03\/IMG-20260304-WA0017-1024x576.jpg 1024w, https:\/\/universnews224.com\/wp-content\/uploads\/2026\/03\/IMG-20260304-WA0017-768x432.jpg 768w, https:\/\/universnews224.com\/wp-content\/uploads\/2026\/03\/IMG-20260304-WA0017-800x450.jpg 800w, https:\/\/universnews224.com\/wp-content\/uploads\/2026\/03\/IMG-20260304-WA0017.jpg 1280w\" sizes=\"(max-width: 300px) 100vw, 300px\" \/><\/a><\/p>\n<p>Le Minist\u00e8re entend ainsi renforcer les m\u00e9canismes de suivi, de contr\u00f4le et d\u2019accompagnement des op\u00e9rateurs \u00e9conomiques sur l&rsquo;ensemble du territoire national. Une mission conjointe sur le terrain ce mercredi 04 mars 2026, les services techniques de l&rsquo;Office National de Contr\u00f4le Qualit\u00e9 (ONCQ), de l&rsquo;Institut Guin\u00e9en de Normalisation et de M\u00e9trologie (IGNM) et de la Direction de la Concurrence \u00e9taient d\u00e9ploy\u00e9s \u00e0 Conakry. Ce d\u00e9ploiement marque le lancement de la campagne nationale de contr\u00f4le des prix, de la qualit\u00e9, des poids et mesures des produits de premi\u00e8re n\u00e9cessit\u00e9.<a href=\"https:\/\/universnews224.com\/wp-content\/uploads\/2026\/03\/IMG-20260304-WA0020.jpg\"><img loading=\"lazy\" class=\"alignnone size-medium wp-image-10361\" src=\"https:\/\/universnews224.com\/wp-content\/uploads\/2026\/03\/IMG-20260304-WA0020-300x169.jpg\" alt=\"\" width=\"300\" height=\"169\" srcset=\"https:\/\/universnews224.com\/wp-content\/uploads\/2026\/03\/IMG-20260304-WA0020-300x169.jpg 300w, https:\/\/universnews224.com\/wp-content\/uploads\/2026\/03\/IMG-20260304-WA0020-1024x576.jpg 1024w, https:\/\/universnews224.com\/wp-content\/uploads\/2026\/03\/IMG-20260304-WA0020-768x432.jpg 768w, https:\/\/universnews224.com\/wp-content\/uploads\/2026\/03\/IMG-20260304-WA0020-800x450.jpg 800w, https:\/\/universnews224.com\/wp-content\/uploads\/2026\/03\/IMG-20260304-WA0020.jpg 1280w\" sizes=\"(max-width: 300px) 100vw, 300px\" \/><\/a><\/p>\n<p>L&rsquo;objectif est de s&rsquo;assurer du respect effectif des engagements du protocole et consolider les actions de sensibilisation aupr\u00e8s des commer\u00e7ants et des consommateurs. D\u00e9but\u00e9e au march\u00e9 de Madina, l&rsquo;inspection s&rsquo;est poursuivie vers les march\u00e9s de Taouyah et de Kaporo, o\u00f9 les op\u00e9rations se sont achev\u00e9es sur une note de satisfaction.<a href=\"https:\/\/universnews224.com\/wp-content\/uploads\/2026\/03\/IMG-20260304-WA0021.jpg\"><img loading=\"lazy\" class=\"alignnone size-medium wp-image-10362\" src=\"https:\/\/universnews224.com\/wp-content\/uploads\/2026\/03\/IMG-20260304-WA0021-300x169.jpg\" alt=\"\" width=\"300\" height=\"169\" srcset=\"https:\/\/universnews224.com\/wp-content\/uploads\/2026\/03\/IMG-20260304-WA0021-300x169.jpg 300w, https:\/\/universnews224.com\/wp-content\/uploads\/2026\/03\/IMG-20260304-WA0021-1024x576.jpg 1024w, https:\/\/universnews224.com\/wp-content\/uploads\/2026\/03\/IMG-20260304-WA0021-768x432.jpg 768w, https:\/\/universnews224.com\/wp-content\/uploads\/2026\/03\/IMG-20260304-WA0021-800x450.jpg 800w, https:\/\/universnews224.com\/wp-content\/uploads\/2026\/03\/IMG-20260304-WA0021.jpg 1280w\" sizes=\"(max-width: 300px) 100vw, 300px\" \/><\/a><\/p>\n<p>P\u00e9p\u00e9 Pascal Koropogui, Directeur G\u00e9n\u00e9ral Adjoint de l&rsquo;IGNM, a partag\u00e9 son constat de la journ\u00e9e :<a href=\"https:\/\/universnews224.com\/wp-content\/uploads\/2026\/03\/IMG-20260304-WA0022.jpg\"><img loading=\"lazy\" class=\"alignnone size-medium wp-image-10363\" src=\"https:\/\/universnews224.com\/wp-content\/uploads\/2026\/03\/IMG-20260304-WA0022-300x184.jpg\" alt=\"\" width=\"300\" height=\"184\" srcset=\"https:\/\/universnews224.com\/wp-content\/uploads\/2026\/03\/IMG-20260304-WA0022-300x184.jpg 300w, https:\/\/universnews224.com\/wp-content\/uploads\/2026\/03\/IMG-20260304-WA0022-1024x629.jpg 1024w, https:\/\/universnews224.com\/wp-content\/uploads\/2026\/03\/IMG-20260304-WA0022-768x472.jpg 768w, https:\/\/universnews224.com\/wp-content\/uploads\/2026\/03\/IMG-20260304-WA0022.jpg 1280w\" sizes=\"(max-width: 300px) 100vw, 300px\" \/><\/a><br \/>\n\u00ab Nous menons une mission conjointe avec la DNCIC et l&rsquo;ONCQ pour v\u00e9rifier l&rsquo;application des prix plafonds par les grossistes et d\u00e9taillants, arrivent \u00e0 respecter les prix \u00e9tablis par le minist\u00e8re. Parall\u00e8lement, l&rsquo;IGNM contr\u00f4le le contenu net des produits pr\u00e9emball\u00e9s (riz, lait, oignons, etc.). Dans l&rsquo;ensemble, nous constatons une conformit\u00e9, notamment pour le riz et le sucre. Quelques variations de poids ont \u00e9t\u00e9 not\u00e9es sur l&rsquo;oignon, ce qui s&rsquo;explique par l&rsquo;humidit\u00e9 et la dur\u00e9e de conservation. Concernant les prix, les engagements sont respect\u00e9s. \u00bb<\/p>\n<p>De son c\u00f4t\u00e9, Mohamed Kadiatou Sylla, Directeur G\u00e9n\u00e9ral de l&rsquo;ONCQ, a soulign\u00e9 l&rsquo;aspect sanitaire :<a href=\"https:\/\/universnews224.com\/wp-content\/uploads\/2026\/03\/IMG-20260304-WA0023.jpg\"><img loading=\"lazy\" class=\"alignnone size-medium wp-image-10364\" src=\"https:\/\/universnews224.com\/wp-content\/uploads\/2026\/03\/IMG-20260304-WA0023-300x210.jpg\" alt=\"\" width=\"300\" height=\"210\" srcset=\"https:\/\/universnews224.com\/wp-content\/uploads\/2026\/03\/IMG-20260304-WA0023-300x210.jpg 300w, https:\/\/universnews224.com\/wp-content\/uploads\/2026\/03\/IMG-20260304-WA0023-1024x718.jpg 1024w, https:\/\/universnews224.com\/wp-content\/uploads\/2026\/03\/IMG-20260304-WA0023-768x539.jpg 768w, https:\/\/universnews224.com\/wp-content\/uploads\/2026\/03\/IMG-20260304-WA0023.jpg 1280w\" sizes=\"(max-width: 300px) 100vw, 300px\" \/><\/a><\/p>\n<p>\u00ab Cette activit\u00e9 s&rsquo;inscrit dans la vision strat\u00e9gique de Mme la Ministre pour le ratissage des produits impropres \u00e0 la consommation. Notre objectif est de retirer du march\u00e9 tout produit non conforme aux normes guin\u00e9ennes. Nous avons d\u00e9ploy\u00e9 des agents sur toute l&rsquo;\u00e9tendue du territoire pour prot\u00e9ger le consommateur, particuli\u00e8rement en cette p\u00e9riode de grande consommation o\u00f9 la contrefa\u00e7on repr\u00e9sente un risque pour la sant\u00e9 publique et l&rsquo;\u00e9conomie sans oublier r\u00e9ellement l&rsquo;\u00e9quit\u00e9 commerciale dont l&rsquo;Etat, \u00e0 travers le Minist\u00e8re du Commerce, observe pour promouvoir le commerce loyal.\u00bb<\/p>\n<p>Pour cl\u00f4turer cette premi\u00e8re journ\u00e9e, M. Mohamed Traor\u00e9, Directeur National du Commerce Int\u00e9rieur et de la Concurrence, a r\u00e9sum\u00e9 les enjeux au nom de la Ministre :<a href=\"https:\/\/universnews224.com\/wp-content\/uploads\/2026\/03\/IMG-20260304-WA0024.jpg\"><img loading=\"lazy\" class=\"alignnone size-medium wp-image-10365\" src=\"https:\/\/universnews224.com\/wp-content\/uploads\/2026\/03\/IMG-20260304-WA0024-300x233.jpg\" alt=\"\" width=\"300\" height=\"233\" srcset=\"https:\/\/universnews224.com\/wp-content\/uploads\/2026\/03\/IMG-20260304-WA0024-300x233.jpg 300w, https:\/\/universnews224.com\/wp-content\/uploads\/2026\/03\/IMG-20260304-WA0024-1024x794.jpg 1024w, https:\/\/universnews224.com\/wp-content\/uploads\/2026\/03\/IMG-20260304-WA0024-768x595.jpg 768w, https:\/\/universnews224.com\/wp-content\/uploads\/2026\/03\/IMG-20260304-WA0024.jpg 1206w\" sizes=\"(max-width: 300px) 100vw, 300px\" \/><\/a><br \/>\n\u00ab Cette campagne nationale se d\u00e9roule simultan\u00e9ment \u00e0 Conakry et dans toutes les pr\u00e9fectures de l&rsquo;int\u00e9rieur. Le constat est encourageant : la plupart des commer\u00e7ants sont d\u00e9j\u00e0 inform\u00e9s et appliquent le protocole sign\u00e9 le 16 f\u00e9vrier. C&rsquo;est une opportunit\u00e9 pour nous de p\u00e9renniser ces contr\u00f4les. Et nous sommes en phase avec les diff\u00e9rents gestionnaires de march\u00e9 pour que tout le monde fasse de cette lutte sa sienne parce qu&rsquo;un march\u00e9 stabilis\u00e9 va profiter \u00e0 toute la population \u00bb<br \/>\nIl a \u00e9galement lanc\u00e9 un appel \u00e0 la vigilance citoyenne :<a href=\"https:\/\/universnews224.com\/wp-content\/uploads\/2026\/03\/IMG-20260304-WA0020.jpg\"><img loading=\"lazy\" class=\"alignnone size-medium wp-image-10361\" src=\"https:\/\/universnews224.com\/wp-content\/uploads\/2026\/03\/IMG-20260304-WA0020-300x169.jpg\" alt=\"\" width=\"300\" height=\"169\" srcset=\"https:\/\/universnews224.com\/wp-content\/uploads\/2026\/03\/IMG-20260304-WA0020-300x169.jpg 300w, https:\/\/universnews224.com\/wp-content\/uploads\/2026\/03\/IMG-20260304-WA0020-1024x576.jpg 1024w, https:\/\/universnews224.com\/wp-content\/uploads\/2026\/03\/IMG-20260304-WA0020-768x432.jpg 768w, https:\/\/universnews224.com\/wp-content\/uploads\/2026\/03\/IMG-20260304-WA0020-800x450.jpg 800w, https:\/\/universnews224.com\/wp-content\/uploads\/2026\/03\/IMG-20260304-WA0020.jpg 1280w\" sizes=\"(max-width: 300px) 100vw, 300px\" \/><\/a><\/p>\n<p>\u00ab Nous encourageons la population \u00e0 utiliser le num\u00e9ro vert 142. C&rsquo;est un outil pr\u00e9cieux qui nous permet d&rsquo;obtenir des informations rapidement et de prendre les mesures idoines pour garantir un commerce loyal et des prix stabilis\u00e9s. \u00bb<\/p>\n<p>Alass Sylla pour universnews224.com<br \/>\n625.480.252<\/p>\n","protected":false},"excerpt":{"rendered":"<p>Sous l&rsquo;impulsion de la Ministre de l&rsquo;Industrie et du Commerce, Madame Fatima Camara, une r\u00e9ponse<\/p>\n","protected":false},"author":2,"featured_media":10366,"comment_status":"closed","ping_status":"open","sticky":false,"template":"","format":"standard","meta":[],"categories":[3,5],"tags":[237],"yoast_head":"<!-- This site is optimized with the Yoast SEO plugin v19.13 - https:\/\/yoast.com\/wordpress\/plugins\/seo\/ -->\n<title>Minist\u00e8re du Commerce : les \u00e9quipes de contr\u00f4le se lancent dans la bataille des prix et de la qualit\u00e9 sur les march\u00e9s de Conakry - UNIVERSNEWS224<\/title>\n<meta name=\"robots\" content=\"index, follow, max-snippet:-1, max-image-preview:large, max-video-preview:-1\" \/>\n<link rel=\"canonical\" href=\"https:\/\/universnews224.com\/index.php\/ministere-du-commerce-les-equipes-de-controle-se-lancent-dans-la-bataille-des-prix-et-de-la-qualite-sur-les-marches-de-conakry\/\" \/>\n<meta property=\"og:locale\" content=\"fr_FR\" \/>\n<meta property=\"og:type\" content=\"article\" \/>\n<meta property=\"og:title\" content=\"Minist\u00e8re du Commerce : les \u00e9quipes de contr\u00f4le se lancent dans la bataille des prix et de la qualit\u00e9 sur les march\u00e9s de Conakry - UNIVERSNEWS224\" \/>\n<meta property=\"og:description\" content=\"Sous l&rsquo;impulsion de la Ministre de l&rsquo;Industrie et du Commerce, Madame Fatima Camara, une r\u00e9ponse\" \/>\n<meta property=\"og:url\" content=\"https:\/\/universnews224.com\/index.php\/ministere-du-commerce-les-equipes-de-controle-se-lancent-dans-la-bataille-des-prix-et-de-la-qualite-sur-les-marches-de-conakry\/\" \/>\n<meta property=\"og:site_name\" content=\"UNIVERSNEWS224\" \/>\n<meta property=\"article:published_time\" content=\"2026-03-04T18:36:52+00:00\" \/>\n<meta property=\"og:image\" content=\"https:\/\/universnews224.com\/wp-content\/uploads\/2026\/03\/IMG-20260304-WA0020-1.jpg\" \/>\n\t<meta property=\"og:image:width\" content=\"1280\" \/>\n\t<meta property=\"og:image:height\" content=\"720\" \/>\n\t<meta property=\"og:image:type\" content=\"image\/jpeg\" \/>\n<meta name=\"author\" content=\"La R\u00e9daction\" \/>\n<meta name=\"twitter:label1\" content=\"\u00c9crit par\" \/>\n\t<meta name=\"twitter:data1\" content=\"La R\u00e9daction\" \/>\n\t<meta name=\"twitter:label2\" content=\"Dur\u00e9e de lecture estim\u00e9e\" \/>\n\t<meta name=\"twitter:data2\" content=\"5 minutes\" \/>\n<script type=\"application\/ld+json\" class=\"yoast-schema-graph\">{\"@context\":\"https:\/\/schema.org\",\"@graph\":[{\"@type\":\"Article\",\"@id\":\"https:\/\/universnews224.com\/index.php\/ministere-du-commerce-les-equipes-de-controle-se-lancent-dans-la-bataille-des-prix-et-de-la-qualite-sur-les-marches-de-conakry\/#article\",\"isPartOf\":{\"@id\":\"https:\/\/universnews224.com\/index.php\/ministere-du-commerce-les-equipes-de-controle-se-lancent-dans-la-bataille-des-prix-et-de-la-qualite-sur-les-marches-de-conakry\/\"},\"author\":{\"name\":\"La R\u00e9daction\",\"@id\":\"https:\/\/universnews224.com\/#\/schema\/person\/a4b7d4f94a4716df60456a491260485e\"},\"headline\":\"Minist\u00e8re du Commerce : les \u00e9quipes de contr\u00f4le se lancent dans la bataille des prix et de la qualit\u00e9 sur les march\u00e9s de Conakry\",\"datePublished\":\"2026-03-04T18:36:52+00:00\",\"dateModified\":\"2026-03-04T18:36:52+00:00\",\"mainEntityOfPage\":{\"@id\":\"https:\/\/universnews224.com\/index.php\/ministere-du-commerce-les-equipes-de-controle-se-lancent-dans-la-bataille-des-prix-et-de-la-qualite-sur-les-marches-de-conakry\/\"},\"wordCount\":657,\"publisher\":{\"@id\":\"https:\/\/universnews224.com\/#organization\"},\"keywords\":[\"A la une\"],\"articleSection\":[\"ACTU\",\"SOCI\u00c9T\u00c9\"],\"inLanguage\":\"fr-FR\"},{\"@type\":\"WebPage\",\"@id\":\"https:\/\/universnews224.com\/index.php\/ministere-du-commerce-les-equipes-de-controle-se-lancent-dans-la-bataille-des-prix-et-de-la-qualite-sur-les-marches-de-conakry\/\",\"url\":\"https:\/\/universnews224.com\/index.php\/ministere-du-commerce-les-equipes-de-controle-se-lancent-dans-la-bataille-des-prix-et-de-la-qualite-sur-les-marches-de-conakry\/\",\"name\":\"Minist\u00e8re du Commerce : les \u00e9quipes de contr\u00f4le se lancent dans la bataille des prix et de la qualit\u00e9 sur les march\u00e9s de Conakry - UNIVERSNEWS224\",\"isPartOf\":{\"@id\":\"https:\/\/universnews224.com\/#website\"},\"datePublished\":\"2026-03-04T18:36:52+00:00\",\"dateModified\":\"2026-03-04T18:36:52+00:00\",\"inLanguage\":\"fr-FR\",\"potentialAction\":[{\"@type\":\"ReadAction\",\"target\":[\"https:\/\/universnews224.com\/index.php\/ministere-du-commerce-les-equipes-de-controle-se-lancent-dans-la-bataille-des-prix-et-de-la-qualite-sur-les-marches-de-conakry\/\"]}]},{\"@type\":\"WebSite\",\"@id\":\"https:\/\/universnews224.com\/#website\",\"url\":\"https:\/\/universnews224.com\/\",\"name\":\"UNIVERSNEWS224\",\"description\":\"\",\"publisher\":{\"@id\":\"https:\/\/universnews224.com\/#organization\"},\"potentialAction\":[{\"@type\":\"SearchAction\",\"target\":{\"@type\":\"EntryPoint\",\"urlTemplate\":\"https:\/\/universnews224.com\/?s={search_term_string}\"},\"query-input\":\"required name=search_term_string\"}],\"inLanguage\":\"fr-FR\"},{\"@type\":\"Organization\",\"@id\":\"https:\/\/universnews224.com\/#organization\",\"name\":\"UNIVERSNEWS224\",\"url\":\"https:\/\/universnews224.com\/\",\"logo\":{\"@type\":\"ImageObject\",\"inLanguage\":\"fr-FR\",\"@id\":\"https:\/\/universnews224.com\/#\/schema\/logo\/image\/\",\"url\":\"https:\/\/universnews224.com\/wp-content\/uploads\/2022\/08\/cropped-cropped-logoban.jpg\",\"contentUrl\":\"https:\/\/universnews224.com\/wp-content\/uploads\/2022\/08\/cropped-cropped-logoban.jpg\",\"width\":1080,\"height\":138,\"caption\":\"UNIVERSNEWS224\"},\"image\":{\"@id\":\"https:\/\/universnews224.com\/#\/schema\/logo\/image\/\"}},{\"@type\":\"Person\",\"@id\":\"https:\/\/universnews224.com\/#\/schema\/person\/a4b7d4f94a4716df60456a491260485e\",\"name\":\"La R\u00e9daction\",\"image\":{\"@type\":\"ImageObject\",\"inLanguage\":\"fr-FR\",\"@id\":\"https:\/\/universnews224.com\/#\/schema\/person\/image\/\",\"url\":\"https:\/\/secure.gravatar.com\/avatar\/edb90acc7752b23e1b3307ad36c14f0d?s=96&d=mm&r=g\",\"contentUrl\":\"https:\/\/secure.gravatar.com\/avatar\/edb90acc7752b23e1b3307ad36c14f0d?s=96&d=mm&r=g\",\"caption\":\"La R\u00e9daction\"},\"sameAs\":[\"https:\/\/universnews224.com\"],\"url\":\"https:\/\/universnews224.com\/index.php\/author\/m-camara\/\"}]}<\/script>\n<!-- \/ Yoast SEO plugin. -->","yoast_head_json":{"title":"Minist\u00e8re du Commerce : les \u00e9quipes de contr\u00f4le se lancent dans la bataille des prix et de la qualit\u00e9 sur les march\u00e9s de Conakry - UNIVERSNEWS224","robots":{"index":"index","follow":"follow","max-snippet":"max-snippet:-1","max-image-preview":"max-image-preview:large","max-video-preview":"max-video-preview:-1"},"canonical":"https:\/\/universnews224.com\/index.php\/ministere-du-commerce-les-equipes-de-controle-se-lancent-dans-la-bataille-des-prix-et-de-la-qualite-sur-les-marches-de-conakry\/","og_locale":"fr_FR","og_type":"article","og_title":"Minist\u00e8re du Commerce : les \u00e9quipes de contr\u00f4le se lancent dans la bataille des prix et de la qualit\u00e9 sur les march\u00e9s de Conakry - UNIVERSNEWS224","og_description":"Sous l&rsquo;impulsion de la Ministre de l&rsquo;Industrie et du Commerce, Madame Fatima Camara, une r\u00e9ponse","og_url":"https:\/\/universnews224.com\/index.php\/ministere-du-commerce-les-equipes-de-controle-se-lancent-dans-la-bataille-des-prix-et-de-la-qualite-sur-les-marches-de-conakry\/","og_site_name":"UNIVERSNEWS224","article_published_time":"2026-03-04T18:36:52+00:00","og_image":[{"width":1280,"height":720,"url":"https:\/\/universnews224.com\/wp-content\/uploads\/2026\/03\/IMG-20260304-WA0020-1.jpg","type":"image\/jpeg"}],"author":"La R\u00e9daction","twitter_misc":{"\u00c9crit par":"La R\u00e9daction","Dur\u00e9e de lecture estim\u00e9e":"5 minutes"},"schema":{"@context":"https:\/\/schema.org","@graph":[{"@type":"Article","@id":"https:\/\/universnews224.com\/index.php\/ministere-du-commerce-les-equipes-de-controle-se-lancent-dans-la-bataille-des-prix-et-de-la-qualite-sur-les-marches-de-conakry\/#article","isPartOf":{"@id":"https:\/\/universnews224.com\/index.php\/ministere-du-commerce-les-equipes-de-controle-se-lancent-dans-la-bataille-des-prix-et-de-la-qualite-sur-les-marches-de-conakry\/"},"author":{"name":"La R\u00e9daction","@id":"https:\/\/universnews224.com\/#\/schema\/person\/a4b7d4f94a4716df60456a491260485e"},"headline":"Minist\u00e8re du Commerce : les \u00e9quipes de contr\u00f4le se lancent dans la bataille des prix et de la qualit\u00e9 sur les march\u00e9s de Conakry","datePublished":"2026-03-04T18:36:52+00:00","dateModified":"2026-03-04T18:36:52+00:00","mainEntityOfPage":{"@id":"https:\/\/universnews224.com\/index.php\/ministere-du-commerce-les-equipes-de-controle-se-lancent-dans-la-bataille-des-prix-et-de-la-qualite-sur-les-marches-de-conakry\/"},"wordCount":657,"publisher":{"@id":"https:\/\/universnews224.com\/#organization"},"keywords":["A la une"],"articleSection":["ACTU","SOCI\u00c9T\u00c9"],"inLanguage":"fr-FR"},{"@type":"WebPage","@id":"https:\/\/universnews224.com\/index.php\/ministere-du-commerce-les-equipes-de-controle-se-lancent-dans-la-bataille-des-prix-et-de-la-qualite-sur-les-marches-de-conakry\/","url":"https:\/\/universnews224.com\/index.php\/ministere-du-commerce-les-equipes-de-controle-se-lancent-dans-la-bataille-des-prix-et-de-la-qualite-sur-les-marches-de-conakry\/","name":"Minist\u00e8re du Commerce : les \u00e9quipes de contr\u00f4le se lancent dans la bataille des prix et de la qualit\u00e9 sur les march\u00e9s de Conakry - UNIVERSNEWS224","isPartOf":{"@id":"https:\/\/universnews224.com\/#website"},"datePublished":"2026-03-04T18:36:52+00:00","dateModified":"2026-03-04T18:36:52+00:00","inLanguage":"fr-FR","potentialAction":[{"@type":"ReadAction","target":["https:\/\/universnews224.com\/index.php\/ministere-du-commerce-les-equipes-de-controle-se-lancent-dans-la-bataille-des-prix-et-de-la-qualite-sur-les-marches-de-conakry\/"]}]},{"@type":"WebSite","@id":"https:\/\/universnews224.com\/#website","url":"https:\/\/universnews224.com\/","name":"UNIVERSNEWS224","description":"","publisher":{"@id":"https:\/\/universnews224.com\/#organization"},"potentialAction":[{"@type":"SearchAction","target":{"@type":"EntryPoint","urlTemplate":"https:\/\/universnews224.com\/?s={search_term_string}"},"query-input":"required name=search_term_string"}],"inLanguage":"fr-FR"},{"@type":"Organization","@id":"https:\/\/universnews224.com\/#organization","name":"UNIVERSNEWS224","url":"https:\/\/universnews224.com\/","logo":{"@type":"ImageObject","inLanguage":"fr-FR","@id":"https:\/\/universnews224.com\/#\/schema\/logo\/image\/","url":"https:\/\/universnews224.com\/wp-content\/uploads\/2022\/08\/cropped-cropped-logoban.jpg","contentUrl":"https:\/\/universnews224.com\/wp-content\/uploads\/2022\/08\/cropped-cropped-logoban.jpg","width":1080,"height":138,"caption":"UNIVERSNEWS224"},"image":{"@id":"https:\/\/universnews224.com\/#\/schema\/logo\/image\/"}},{"@type":"Person","@id":"https:\/\/universnews224.com\/#\/schema\/person\/a4b7d4f94a4716df60456a491260485e","name":"La R\u00e9daction","image":{"@type":"ImageObject","inLanguage":"fr-FR","@id":"https:\/\/universnews224.com\/#\/schema\/person\/image\/","url":"https:\/\/secure.gravatar.com\/avatar\/edb90acc7752b23e1b3307ad36c14f0d?s=96&d=mm&r=g","contentUrl":"https:\/\/secure.gravatar.com\/avatar\/edb90acc7752b23e1b3307ad36c14f0d?s=96&d=mm&r=g","caption":"La R\u00e9daction"},"sameAs":["https:\/\/universnews224.com"],"url":"https:\/\/universnews224.com\/index.php\/author\/m-camara\/"}]}},"_links":{"self":[{"href":"https:\/\/universnews224.com\/index.php\/wp-json\/wp\/v2\/posts\/10358"}],"collection":[{"href":"https:\/\/universnews224.com\/index.php\/wp-json\/wp\/v2\/posts"}],"about":[{"href":"https:\/\/universnews224.com\/index.php\/wp-json\/wp\/v2\/types\/post"}],"author":[{"embeddable":true,"href":"https:\/\/universnews224.com\/index.php\/wp-json\/wp\/v2\/users\/2"}],"replies":[{"embeddable":true,"href":"https:\/\/universnews224.com\/index.php\/wp-json\/wp\/v2\/comments?post=10358"}],"version-history":[{"count":1,"href":"https:\/\/universnews224.com\/index.php\/wp-json\/wp\/v2\/posts\/10358\/revisions"}],"predecessor-version":[{"id":10367,"href":"https:\/\/universnews224.com\/index.php\/wp-json\/wp\/v2\/posts\/10358\/revisions\/10367"}],"wp:featuredmedia":[{"embeddable":true,"href":"https:\/\/universnews224.com\/index.php\/wp-json\/wp\/v2\/media\/10366"}],"wp:attachment":[{"href":"https:\/\/universnews224.com\/index.php\/wp-json\/wp\/v2\/media?parent=10358"}],"wp:term":[{"taxonomy":"category","embeddable":true,"href":"https:\/\/universnews224.com\/index.php\/wp-json\/wp\/v2\/categories?post=10358"},{"taxonomy":"post_tag","embeddable":true,"href":"https:\/\/universnews224.com\/index.php\/wp-json\/wp\/v2\/tags?post=10358"}],"curies":[{"name":"wp","href":"https:\/\/api.w.org\/{rel}","templated":true}]}}