{"id":10368,"date":"2026-03-05T00:09:03","date_gmt":"2026-03-04T23:09:03","guid":{"rendered":"https:\/\/universnews224.com\/?p=10368"},"modified":"2026-03-05T00:09:03","modified_gmt":"2026-03-04T23:09:03","slug":"guinee-le-president-mamadi-doumbouya-attendu-a-conakry-ce-vendredi","status":"publish","type":"post","link":"https:\/\/universnews224.com\/index.php\/guinee-le-president-mamadi-doumbouya-attendu-a-conakry-ce-vendredi\/","title":{"rendered":"Guin\u00e9e : Le Pr\u00e9sident Mamadi Doumbouya attendu \u00e0 Conakry ce vendredi"},"content":{"rendered":"<p dir=\"ltr\">Apr\u00e8s un s\u00e9jour de plusieurs jours hors de ses fronti\u00e8res, le Chef de l\u2019\u00c9tat guin\u00e9en, le G\u00e9n\u00e9ral <b>Mamadi Doumbouya<\/b>, s&rsquo;appr\u00eate \u00e0 retrouver le sol national. L&rsquo;annonce a \u00e9t\u00e9 officialis\u00e9e par un communiqu\u00e9 de la Pr\u00e9sidence de la R\u00e9publique.<\/p>\n<h3>\u200b<b>Un retour sous le signe de la solennit\u00e9<\/b><\/h3>\n<p dir=\"ltr\">\u200bLe Palais Mohammed V a confirm\u00e9 que le vol pr\u00e9sidentiel se posera \u00e0 l\u2019<b>A\u00e9roport international Ahmed S\u00e9kou Tour\u00e9 ce vendredi 6 mars 2026<\/b>. Ce retour marque la fin d\u2019une mission dont les d\u00e9tails n&rsquo;ont pas \u00e9t\u00e9 exhaustivement d\u00e9taill\u00e9s dans la note officielle, mais qui a tenu le chef de l\u2019ex\u00e9cutif \u00e9loign\u00e9 de la capitale pendant une courte p\u00e9riode.<\/p>\n<h3>\u200b<b>Dispositif d&rsquo;accueil<\/b><\/h3>\n<p dir=\"ltr\">\u200bPour marquer l&rsquo;\u00e9v\u00e9nement, un comit\u00e9 d&rsquo;accueil de haut rang est attendu sur le tarmac. Seront pr\u00e9sents :<\/p>\n<ul>\n<li style=\"list-style-type: none\">\n<ul>\n<li>\u200bLes hauts dignitaires des <b>institutions r\u00e9publicaines<\/b> ;<\/li>\n<li>\u200bLes membres du <b>Gouvernement<\/b> ;<\/li>\n<li>\u200bLe <b>corps diplomatique<\/b> accr\u00e9dit\u00e9 en Guin\u00e9e.<\/li>\n<\/ul>\n<\/li>\n<\/ul>\n<blockquote>\n<p dir=\"ltr\">\u200b<b>Note aux citoyens :<\/b> Bien que le communiqu\u00e9 souligne le caract\u00e8re officiel de la r\u00e9ception \u00e0 l&rsquo;a\u00e9roport, l&rsquo;ambiance dans la capitale risque d&rsquo;\u00eatre particuli\u00e8rement anim\u00e9e aux abords de l&rsquo;autoroute Fidel Castro pour saluer le passage du cort\u00e8ge pr\u00e9sidentiel.<\/p>\n<\/blockquote>\n","protected":false},"excerpt":{"rendered":"<p>Apr\u00e8s un s\u00e9jour de plusieurs jours hors de ses fronti\u00e8res, le Chef de l\u2019\u00c9tat guin\u00e9en,<\/p>\n","protected":false},"author":2,"featured_media":10066,"comment_status":"closed","ping_status":"open","sticky":false,"template":"","format":"standard","meta":[],"categories":[3,4],"tags":[237],"yoast_head":"<!-- This site is optimized with the Yoast SEO plugin v19.13 - https:\/\/yoast.com\/wordpress\/plugins\/seo\/ -->\n<title>Guin\u00e9e : Le Pr\u00e9sident Mamadi Doumbouya attendu \u00e0 Conakry ce vendredi - UNIVERSNEWS224<\/title>\n<meta name=\"robots\" content=\"index, follow, max-snippet:-1, max-image-preview:large, max-video-preview:-1\" \/>\n<link rel=\"canonical\" href=\"https:\/\/universnews224.com\/index.php\/guinee-le-president-mamadi-doumbouya-attendu-a-conakry-ce-vendredi\/\" \/>\n<meta property=\"og:locale\" content=\"fr_FR\" \/>\n<meta property=\"og:type\" content=\"article\" \/>\n<meta property=\"og:title\" content=\"Guin\u00e9e : Le Pr\u00e9sident Mamadi Doumbouya attendu \u00e0 Conakry ce vendredi - UNIVERSNEWS224\" \/>\n<meta property=\"og:description\" content=\"Apr\u00e8s un s\u00e9jour de plusieurs jours hors de ses fronti\u00e8res, le Chef de l\u2019\u00c9tat guin\u00e9en,\" \/>\n<meta property=\"og:url\" content=\"https:\/\/universnews224.com\/index.php\/guinee-le-president-mamadi-doumbouya-attendu-a-conakry-ce-vendredi\/\" \/>\n<meta property=\"og:site_name\" content=\"UNIVERSNEWS224\" \/>\n<meta property=\"article:published_time\" content=\"2026-03-04T23:09:03+00:00\" \/>\n<meta property=\"og:image\" content=\"https:\/\/universnews224.com\/wp-content\/uploads\/2026\/01\/IMG-20260104-WA0037.jpg\" \/>\n\t<meta property=\"og:image:width\" content=\"853\" \/>\n\t<meta property=\"og:image:height\" content=\"1280\" \/>\n\t<meta property=\"og:image:type\" content=\"image\/jpeg\" \/>\n<meta name=\"author\" content=\"La R\u00e9daction\" \/>\n<meta name=\"twitter:label1\" content=\"\u00c9crit par\" \/>\n\t<meta name=\"twitter:data1\" content=\"La R\u00e9daction\" \/>\n\t<meta name=\"twitter:label2\" content=\"Dur\u00e9e de lecture estim\u00e9e\" \/>\n\t<meta name=\"twitter:data2\" content=\"1 minute\" \/>\n<script type=\"application\/ld+json\" class=\"yoast-schema-graph\">{\"@context\":\"https:\/\/schema.org\",\"@graph\":[{\"@type\":\"Article\",\"@id\":\"https:\/\/universnews224.com\/index.php\/guinee-le-president-mamadi-doumbouya-attendu-a-conakry-ce-vendredi\/#article\",\"isPartOf\":{\"@id\":\"https:\/\/universnews224.com\/index.php\/guinee-le-president-mamadi-doumbouya-attendu-a-conakry-ce-vendredi\/\"},\"author\":{\"name\":\"La R\u00e9daction\",\"@id\":\"https:\/\/universnews224.com\/#\/schema\/person\/a4b7d4f94a4716df60456a491260485e\"},\"headline\":\"Guin\u00e9e : Le Pr\u00e9sident Mamadi Doumbouya attendu \u00e0 Conakry ce vendredi\",\"datePublished\":\"2026-03-04T23:09:03+00:00\",\"dateModified\":\"2026-03-04T23:09:03+00:00\",\"mainEntityOfPage\":{\"@id\":\"https:\/\/universnews224.com\/index.php\/guinee-le-president-mamadi-doumbouya-attendu-a-conakry-ce-vendredi\/\"},\"wordCount\":217,\"publisher\":{\"@id\":\"https:\/\/universnews224.com\/#organization\"},\"keywords\":[\"A la une\"],\"articleSection\":[\"ACTU\",\"POLITIQUE\"],\"inLanguage\":\"fr-FR\"},{\"@type\":\"WebPage\",\"@id\":\"https:\/\/universnews224.com\/index.php\/guinee-le-president-mamadi-doumbouya-attendu-a-conakry-ce-vendredi\/\",\"url\":\"https:\/\/universnews224.com\/index.php\/guinee-le-president-mamadi-doumbouya-attendu-a-conakry-ce-vendredi\/\",\"name\":\"Guin\u00e9e : Le Pr\u00e9sident Mamadi Doumbouya attendu \u00e0 Conakry ce vendredi - UNIVERSNEWS224\",\"isPartOf\":{\"@id\":\"https:\/\/universnews224.com\/#website\"},\"datePublished\":\"2026-03-04T23:09:03+00:00\",\"dateModified\":\"2026-03-04T23:09:03+00:00\",\"inLanguage\":\"fr-FR\",\"potentialAction\":[{\"@type\":\"ReadAction\",\"target\":[\"https:\/\/universnews224.com\/index.php\/guinee-le-president-mamadi-doumbouya-attendu-a-conakry-ce-vendredi\/\"]}]},{\"@type\":\"WebSite\",\"@id\":\"https:\/\/universnews224.com\/#website\",\"url\":\"https:\/\/universnews224.com\/\",\"name\":\"UNIVERSNEWS224\",\"description\":\"\",\"publisher\":{\"@id\":\"https:\/\/universnews224.com\/#organization\"},\"potentialAction\":[{\"@type\":\"SearchAction\",\"target\":{\"@type\":\"EntryPoint\",\"urlTemplate\":\"https:\/\/universnews224.com\/?s={search_term_string}\"},\"query-input\":\"required name=search_term_string\"}],\"inLanguage\":\"fr-FR\"},{\"@type\":\"Organization\",\"@id\":\"https:\/\/universnews224.com\/#organization\",\"name\":\"UNIVERSNEWS224\",\"url\":\"https:\/\/universnews224.com\/\",\"logo\":{\"@type\":\"ImageObject\",\"inLanguage\":\"fr-FR\",\"@id\":\"https:\/\/universnews224.com\/#\/schema\/logo\/image\/\",\"url\":\"https:\/\/universnews224.com\/wp-content\/uploads\/2022\/08\/cropped-cropped-logoban.jpg\",\"contentUrl\":\"https:\/\/universnews224.com\/wp-content\/uploads\/2022\/08\/cropped-cropped-logoban.jpg\",\"width\":1080,\"height\":138,\"caption\":\"UNIVERSNEWS224\"},\"image\":{\"@id\":\"https:\/\/universnews224.com\/#\/schema\/logo\/image\/\"}},{\"@type\":\"Person\",\"@id\":\"https:\/\/universnews224.com\/#\/schema\/person\/a4b7d4f94a4716df60456a491260485e\",\"name\":\"La R\u00e9daction\",\"image\":{\"@type\":\"ImageObject\",\"inLanguage\":\"fr-FR\",\"@id\":\"https:\/\/universnews224.com\/#\/schema\/person\/image\/\",\"url\":\"https:\/\/secure.gravatar.com\/avatar\/edb90acc7752b23e1b3307ad36c14f0d?s=96&d=mm&r=g\",\"contentUrl\":\"https:\/\/secure.gravatar.com\/avatar\/edb90acc7752b23e1b3307ad36c14f0d?s=96&d=mm&r=g\",\"caption\":\"La R\u00e9daction\"},\"sameAs\":[\"https:\/\/universnews224.com\"],\"url\":\"https:\/\/universnews224.com\/index.php\/author\/m-camara\/\"}]}<\/script>\n<!-- \/ Yoast SEO plugin. -->","yoast_head_json":{"title":"Guin\u00e9e : Le Pr\u00e9sident Mamadi Doumbouya attendu \u00e0 Conakry ce vendredi - UNIVERSNEWS224","robots":{"index":"index","follow":"follow","max-snippet":"max-snippet:-1","max-image-preview":"max-image-preview:large","max-video-preview":"max-video-preview:-1"},"canonical":"https:\/\/universnews224.com\/index.php\/guinee-le-president-mamadi-doumbouya-attendu-a-conakry-ce-vendredi\/","og_locale":"fr_FR","og_type":"article","og_title":"Guin\u00e9e : Le Pr\u00e9sident Mamadi Doumbouya attendu \u00e0 Conakry ce vendredi - UNIVERSNEWS224","og_description":"Apr\u00e8s un s\u00e9jour de plusieurs jours hors de ses fronti\u00e8res, le Chef de l\u2019\u00c9tat guin\u00e9en,","og_url":"https:\/\/universnews224.com\/index.php\/guinee-le-president-mamadi-doumbouya-attendu-a-conakry-ce-vendredi\/","og_site_name":"UNIVERSNEWS224","article_published_time":"2026-03-04T23:09:03+00:00","og_image":[{"width":853,"height":1280,"url":"https:\/\/universnews224.com\/wp-content\/uploads\/2026\/01\/IMG-20260104-WA0037.jpg","type":"image\/jpeg"}],"author":"La R\u00e9daction","twitter_misc":{"\u00c9crit par":"La R\u00e9daction","Dur\u00e9e de lecture estim\u00e9e":"1 minute"},"schema":{"@context":"https:\/\/schema.org","@graph":[{"@type":"Article","@id":"https:\/\/universnews224.com\/index.php\/guinee-le-president-mamadi-doumbouya-attendu-a-conakry-ce-vendredi\/#article","isPartOf":{"@id":"https:\/\/universnews224.com\/index.php\/guinee-le-president-mamadi-doumbouya-attendu-a-conakry-ce-vendredi\/"},"author":{"name":"La R\u00e9daction","@id":"https:\/\/universnews224.com\/#\/schema\/person\/a4b7d4f94a4716df60456a491260485e"},"headline":"Guin\u00e9e : Le Pr\u00e9sident Mamadi Doumbouya attendu \u00e0 Conakry ce vendredi","datePublished":"2026-03-04T23:09:03+00:00","dateModified":"2026-03-04T23:09:03+00:00","mainEntityOfPage":{"@id":"https:\/\/universnews224.com\/index.php\/guinee-le-president-mamadi-doumbouya-attendu-a-conakry-ce-vendredi\/"},"wordCount":217,"publisher":{"@id":"https:\/\/universnews224.com\/#organization"},"keywords":["A la une"],"articleSection":["ACTU","POLITIQUE"],"inLanguage":"fr-FR"},{"@type":"WebPage","@id":"https:\/\/universnews224.com\/index.php\/guinee-le-president-mamadi-doumbouya-attendu-a-conakry-ce-vendredi\/","url":"https:\/\/universnews224.com\/index.php\/guinee-le-president-mamadi-doumbouya-attendu-a-conakry-ce-vendredi\/","name":"Guin\u00e9e : Le Pr\u00e9sident Mamadi Doumbouya attendu \u00e0 Conakry ce vendredi - UNIVERSNEWS224","isPartOf":{"@id":"https:\/\/universnews224.com\/#website"},"datePublished":"2026-03-04T23:09:03+00:00","dateModified":"2026-03-04T23:09:03+00:00","inLanguage":"fr-FR","potentialAction":[{"@type":"ReadAction","target":["https:\/\/universnews224.com\/index.php\/guinee-le-president-mamadi-doumbouya-attendu-a-conakry-ce-vendredi\/"]}]},{"@type":"WebSite","@id":"https:\/\/universnews224.com\/#website","url":"https:\/\/universnews224.com\/","name":"UNIVERSNEWS224","description":"","publisher":{"@id":"https:\/\/universnews224.com\/#organization"},"potentialAction":[{"@type":"SearchAction","target":{"@type":"EntryPoint","urlTemplate":"https:\/\/universnews224.com\/?s={search_term_string}"},"query-input":"required name=search_term_string"}],"inLanguage":"fr-FR"},{"@type":"Organization","@id":"https:\/\/universnews224.com\/#organization","name":"UNIVERSNEWS224","url":"https:\/\/universnews224.com\/","logo":{"@type":"ImageObject","inLanguage":"fr-FR","@id":"https:\/\/universnews224.com\/#\/schema\/logo\/image\/","url":"https:\/\/universnews224.com\/wp-content\/uploads\/2022\/08\/cropped-cropped-logoban.jpg","contentUrl":"https:\/\/universnews224.com\/wp-content\/uploads\/2022\/08\/cropped-cropped-logoban.jpg","width":1080,"height":138,"caption":"UNIVERSNEWS224"},"image":{"@id":"https:\/\/universnews224.com\/#\/schema\/logo\/image\/"}},{"@type":"Person","@id":"https:\/\/universnews224.com\/#\/schema\/person\/a4b7d4f94a4716df60456a491260485e","name":"La R\u00e9daction","image":{"@type":"ImageObject","inLanguage":"fr-FR","@id":"https:\/\/universnews224.com\/#\/schema\/person\/image\/","url":"https:\/\/secure.gravatar.com\/avatar\/edb90acc7752b23e1b3307ad36c14f0d?s=96&d=mm&r=g","contentUrl":"https:\/\/secure.gravatar.com\/avatar\/edb90acc7752b23e1b3307ad36c14f0d?s=96&d=mm&r=g","caption":"La R\u00e9daction"},"sameAs":["https:\/\/universnews224.com"],"url":"https:\/\/universnews224.com\/index.php\/author\/m-camara\/"}]}},"_links":{"self":[{"href":"https:\/\/universnews224.com\/index.php\/wp-json\/wp\/v2\/posts\/10368"}],"collection":[{"href":"https:\/\/universnews224.com\/index.php\/wp-json\/wp\/v2\/posts"}],"about":[{"href":"https:\/\/universnews224.com\/index.php\/wp-json\/wp\/v2\/types\/post"}],"author":[{"embeddable":true,"href":"https:\/\/universnews224.com\/index.php\/wp-json\/wp\/v2\/users\/2"}],"replies":[{"embeddable":true,"href":"https:\/\/universnews224.com\/index.php\/wp-json\/wp\/v2\/comments?post=10368"}],"version-history":[{"count":1,"href":"https:\/\/universnews224.com\/index.php\/wp-json\/wp\/v2\/posts\/10368\/revisions"}],"predecessor-version":[{"id":10369,"href":"https:\/\/universnews224.com\/index.php\/wp-json\/wp\/v2\/posts\/10368\/revisions\/10369"}],"wp:featuredmedia":[{"embeddable":true,"href":"https:\/\/universnews224.com\/index.php\/wp-json\/wp\/v2\/media\/10066"}],"wp:attachment":[{"href":"https:\/\/universnews224.com\/index.php\/wp-json\/wp\/v2\/media?parent=10368"}],"wp:term":[{"taxonomy":"category","embeddable":true,"href":"https:\/\/universnews224.com\/index.php\/wp-json\/wp\/v2\/categories?post=10368"},{"taxonomy":"post_tag","embeddable":true,"href":"https:\/\/universnews224.com\/index.php\/wp-json\/wp\/v2\/tags?post=10368"}],"curies":[{"name":"wp","href":"https:\/\/api.w.org\/{rel}","templated":true}]}}