{"id":10379,"date":"2026-03-07T00:48:22","date_gmt":"2026-03-06T23:48:22","guid":{"rendered":"https:\/\/universnews224.com\/?p=10379"},"modified":"2026-03-07T00:48:22","modified_gmt":"2026-03-06T23:48:22","slug":"presidence-de-la-republique-grand-remaniement-technique-au-palais-mohammed-v","status":"publish","type":"post","link":"https:\/\/universnews224.com\/index.php\/presidence-de-la-republique-grand-remaniement-technique-au-palais-mohammed-v\/","title":{"rendered":"Pr\u00e9sidence de la R\u00e9publique : Grand remaniement technique au Palais Mohammed V"},"content":{"rendered":"<p>Le Chef de l\u2019\u00c9tat Mamadi Doumbouya, poursuit la structuration de son cabinet de conseil. \u00c0 travers un d\u00e9cret rendu public ce vendredi 6 mars 2026 \u00e0 la t\u00e9l\u00e9vision nationale, la Pr\u00e9sidence a annonc\u00e9 la nomination de quatorze hauts cadres, marquant une volont\u00e9 manifeste de renforcer l&rsquo;expertise strat\u00e9gique autour du pouvoir central.<\/p>\n<div dir=\"auto\"><\/div>\n<div dir=\"auto\">1. Conseiller juridique : Dr Alpha Oumar Camara;<\/div>\n<div dir=\"auto\">2. Conseiller charg\u00e9 des relations avec les institutions de la R\u00e9publique. Dr Antoine Akoi Sovogui;<\/div>\n<div dir=\"auto\">3. Conseiller charg\u00e9 des questions d\u2019infrastructures et de transport : M. Yaya Sow;<\/div>\n<div dir=\"auto\">4. Conseiller charg\u00e9 des questions d\u2019\u00e9nergie : M. Aly Seydouba Soumah;<\/div>\n<div dir=\"auto\">5. Conseiller personnel : M. Thierno Mamadou Bah;<\/div>\n<div dir=\"auto\">6. Conseiller charg\u00e9 de la strat\u00e9gie de croissance et de d\u00e9veloppement \u00e9conomique. Mme Ma\u00efmouna Diakhaby;<\/div>\n<div dir=\"auto\">7. Conseiller charg\u00e9 de mission : M. Mamadou Djan Diallo;<\/div>\n<div dir=\"auto\"><\/div>\n<div dir=\"auto\">8. Conseiller charg\u00e9 de mission : Colonel Tidiane Traor\u00e9;<\/div>\n<div dir=\"auto\">9. Conseiller charg\u00e9 de mission : M. Balla Koivogui;<\/div>\n<div dir=\"auto\">10. Conseiller charg\u00e9 de mission : M. Ahmed Badara Aly Diallo:<\/div>\n<div dir=\"auto\">11. Conseiller charg\u00e9 de mission : M. Kenoko Camara;<\/div>\n<div dir=\"auto\">12. Conseiller charg\u00e9 de mission : M. Mohamed Fiman Camara;<\/div>\n<div dir=\"auto\">13. Conseiller charg\u00e9e de l\u2019assainissement et de l\u2019environnement : Mme Charlotte Daff\u00e9;<\/div>\n<div dir=\"auto\">14. Conseiller en charge de l\u2019emploi, du travail et de la protection civile : M. Moussa Ciss\u00e9;<\/div>\n<div dir=\"auto\">\u00a0Secr\u00e9tariat g\u00e9n\u00e9ral de la pr\u00e9sidence de la R\u00e9publique.<\/div>\n<div dir=\"auto\"><\/div>\n<div dir=\"auto\">1. Conseiller principal du ministre secr\u00e9taire g\u00e9n\u00e9ral de la pr\u00e9sidence de la R\u00e9publique :<\/div>\n<div dir=\"auto\"><\/div>\n<div dir=\"auto\">M. Oumar Diop.<\/div>\n<div dir=\"auto\">\n<div dir=\"auto\">\n<div dir=\"auto\"><\/div>\n<div dir=\"auto\"><\/div>\n<\/div>\n<\/div>\n","protected":false},"excerpt":{"rendered":"<p>Le Chef de l\u2019\u00c9tat Mamadi Doumbouya, poursuit la structuration de son cabinet de conseil. \u00c0<\/p>\n","protected":false},"author":2,"featured_media":10231,"comment_status":"closed","ping_status":"open","sticky":false,"template":"","format":"standard","meta":[],"categories":[3,4],"tags":[237],"yoast_head":"<!-- This site is optimized with the Yoast SEO plugin v19.13 - https:\/\/yoast.com\/wordpress\/plugins\/seo\/ -->\n<title>Pr\u00e9sidence de la R\u00e9publique : Grand remaniement technique au Palais Mohammed V - UNIVERSNEWS224<\/title>\n<meta name=\"robots\" content=\"index, follow, max-snippet:-1, max-image-preview:large, max-video-preview:-1\" \/>\n<link rel=\"canonical\" href=\"https:\/\/universnews224.com\/index.php\/presidence-de-la-republique-grand-remaniement-technique-au-palais-mohammed-v\/\" \/>\n<meta property=\"og:locale\" content=\"fr_FR\" \/>\n<meta property=\"og:type\" content=\"article\" \/>\n<meta property=\"og:title\" content=\"Pr\u00e9sidence de la R\u00e9publique : Grand remaniement technique au Palais Mohammed V - UNIVERSNEWS224\" \/>\n<meta property=\"og:description\" content=\"Le Chef de l\u2019\u00c9tat Mamadi Doumbouya, poursuit la structuration de son cabinet de conseil. \u00c0\" \/>\n<meta property=\"og:url\" content=\"https:\/\/universnews224.com\/index.php\/presidence-de-la-republique-grand-remaniement-technique-au-palais-mohammed-v\/\" \/>\n<meta property=\"og:site_name\" content=\"UNIVERSNEWS224\" \/>\n<meta property=\"article:published_time\" content=\"2026-03-06T23:48:22+00:00\" \/>\n<meta property=\"og:image\" content=\"https:\/\/universnews224.com\/wp-content\/uploads\/2026\/02\/IMG-20250929-WA0023.jpg\" \/>\n\t<meta property=\"og:image:width\" content=\"2048\" \/>\n\t<meta property=\"og:image:height\" content=\"1364\" \/>\n\t<meta property=\"og:image:type\" content=\"image\/jpeg\" \/>\n<meta name=\"author\" content=\"La R\u00e9daction\" \/>\n<meta name=\"twitter:label1\" content=\"\u00c9crit par\" \/>\n\t<meta name=\"twitter:data1\" content=\"La R\u00e9daction\" \/>\n\t<meta name=\"twitter:label2\" content=\"Dur\u00e9e de lecture estim\u00e9e\" \/>\n\t<meta name=\"twitter:data2\" content=\"2 minutes\" \/>\n<script type=\"application\/ld+json\" class=\"yoast-schema-graph\">{\"@context\":\"https:\/\/schema.org\",\"@graph\":[{\"@type\":\"Article\",\"@id\":\"https:\/\/universnews224.com\/index.php\/presidence-de-la-republique-grand-remaniement-technique-au-palais-mohammed-v\/#article\",\"isPartOf\":{\"@id\":\"https:\/\/universnews224.com\/index.php\/presidence-de-la-republique-grand-remaniement-technique-au-palais-mohammed-v\/\"},\"author\":{\"name\":\"La R\u00e9daction\",\"@id\":\"https:\/\/universnews224.com\/#\/schema\/person\/a4b7d4f94a4716df60456a491260485e\"},\"headline\":\"Pr\u00e9sidence de la R\u00e9publique : Grand remaniement technique au Palais Mohammed V\",\"datePublished\":\"2026-03-06T23:48:22+00:00\",\"dateModified\":\"2026-03-06T23:48:22+00:00\",\"mainEntityOfPage\":{\"@id\":\"https:\/\/universnews224.com\/index.php\/presidence-de-la-republique-grand-remaniement-technique-au-palais-mohammed-v\/\"},\"wordCount\":240,\"publisher\":{\"@id\":\"https:\/\/universnews224.com\/#organization\"},\"keywords\":[\"A la une\"],\"articleSection\":[\"ACTU\",\"POLITIQUE\"],\"inLanguage\":\"fr-FR\"},{\"@type\":\"WebPage\",\"@id\":\"https:\/\/universnews224.com\/index.php\/presidence-de-la-republique-grand-remaniement-technique-au-palais-mohammed-v\/\",\"url\":\"https:\/\/universnews224.com\/index.php\/presidence-de-la-republique-grand-remaniement-technique-au-palais-mohammed-v\/\",\"name\":\"Pr\u00e9sidence de la R\u00e9publique : Grand remaniement technique au Palais Mohammed V - UNIVERSNEWS224\",\"isPartOf\":{\"@id\":\"https:\/\/universnews224.com\/#website\"},\"datePublished\":\"2026-03-06T23:48:22+00:00\",\"dateModified\":\"2026-03-06T23:48:22+00:00\",\"inLanguage\":\"fr-FR\",\"potentialAction\":[{\"@type\":\"ReadAction\",\"target\":[\"https:\/\/universnews224.com\/index.php\/presidence-de-la-republique-grand-remaniement-technique-au-palais-mohammed-v\/\"]}]},{\"@type\":\"WebSite\",\"@id\":\"https:\/\/universnews224.com\/#website\",\"url\":\"https:\/\/universnews224.com\/\",\"name\":\"UNIVERSNEWS224\",\"description\":\"\",\"publisher\":{\"@id\":\"https:\/\/universnews224.com\/#organization\"},\"potentialAction\":[{\"@type\":\"SearchAction\",\"target\":{\"@type\":\"EntryPoint\",\"urlTemplate\":\"https:\/\/universnews224.com\/?s={search_term_string}\"},\"query-input\":\"required name=search_term_string\"}],\"inLanguage\":\"fr-FR\"},{\"@type\":\"Organization\",\"@id\":\"https:\/\/universnews224.com\/#organization\",\"name\":\"UNIVERSNEWS224\",\"url\":\"https:\/\/universnews224.com\/\",\"logo\":{\"@type\":\"ImageObject\",\"inLanguage\":\"fr-FR\",\"@id\":\"https:\/\/universnews224.com\/#\/schema\/logo\/image\/\",\"url\":\"https:\/\/universnews224.com\/wp-content\/uploads\/2022\/08\/cropped-cropped-logoban.jpg\",\"contentUrl\":\"https:\/\/universnews224.com\/wp-content\/uploads\/2022\/08\/cropped-cropped-logoban.jpg\",\"width\":1080,\"height\":138,\"caption\":\"UNIVERSNEWS224\"},\"image\":{\"@id\":\"https:\/\/universnews224.com\/#\/schema\/logo\/image\/\"}},{\"@type\":\"Person\",\"@id\":\"https:\/\/universnews224.com\/#\/schema\/person\/a4b7d4f94a4716df60456a491260485e\",\"name\":\"La R\u00e9daction\",\"image\":{\"@type\":\"ImageObject\",\"inLanguage\":\"fr-FR\",\"@id\":\"https:\/\/universnews224.com\/#\/schema\/person\/image\/\",\"url\":\"https:\/\/secure.gravatar.com\/avatar\/edb90acc7752b23e1b3307ad36c14f0d?s=96&d=mm&r=g\",\"contentUrl\":\"https:\/\/secure.gravatar.com\/avatar\/edb90acc7752b23e1b3307ad36c14f0d?s=96&d=mm&r=g\",\"caption\":\"La R\u00e9daction\"},\"sameAs\":[\"https:\/\/universnews224.com\"],\"url\":\"https:\/\/universnews224.com\/index.php\/author\/m-camara\/\"}]}<\/script>\n<!-- \/ Yoast SEO plugin. -->","yoast_head_json":{"title":"Pr\u00e9sidence de la R\u00e9publique : Grand remaniement technique au Palais Mohammed V - UNIVERSNEWS224","robots":{"index":"index","follow":"follow","max-snippet":"max-snippet:-1","max-image-preview":"max-image-preview:large","max-video-preview":"max-video-preview:-1"},"canonical":"https:\/\/universnews224.com\/index.php\/presidence-de-la-republique-grand-remaniement-technique-au-palais-mohammed-v\/","og_locale":"fr_FR","og_type":"article","og_title":"Pr\u00e9sidence de la R\u00e9publique : Grand remaniement technique au Palais Mohammed V - UNIVERSNEWS224","og_description":"Le Chef de l\u2019\u00c9tat Mamadi Doumbouya, poursuit la structuration de son cabinet de conseil. \u00c0","og_url":"https:\/\/universnews224.com\/index.php\/presidence-de-la-republique-grand-remaniement-technique-au-palais-mohammed-v\/","og_site_name":"UNIVERSNEWS224","article_published_time":"2026-03-06T23:48:22+00:00","og_image":[{"width":2048,"height":1364,"url":"https:\/\/universnews224.com\/wp-content\/uploads\/2026\/02\/IMG-20250929-WA0023.jpg","type":"image\/jpeg"}],"author":"La R\u00e9daction","twitter_misc":{"\u00c9crit par":"La R\u00e9daction","Dur\u00e9e de lecture estim\u00e9e":"2 minutes"},"schema":{"@context":"https:\/\/schema.org","@graph":[{"@type":"Article","@id":"https:\/\/universnews224.com\/index.php\/presidence-de-la-republique-grand-remaniement-technique-au-palais-mohammed-v\/#article","isPartOf":{"@id":"https:\/\/universnews224.com\/index.php\/presidence-de-la-republique-grand-remaniement-technique-au-palais-mohammed-v\/"},"author":{"name":"La R\u00e9daction","@id":"https:\/\/universnews224.com\/#\/schema\/person\/a4b7d4f94a4716df60456a491260485e"},"headline":"Pr\u00e9sidence de la R\u00e9publique : Grand remaniement technique au Palais Mohammed V","datePublished":"2026-03-06T23:48:22+00:00","dateModified":"2026-03-06T23:48:22+00:00","mainEntityOfPage":{"@id":"https:\/\/universnews224.com\/index.php\/presidence-de-la-republique-grand-remaniement-technique-au-palais-mohammed-v\/"},"wordCount":240,"publisher":{"@id":"https:\/\/universnews224.com\/#organization"},"keywords":["A la une"],"articleSection":["ACTU","POLITIQUE"],"inLanguage":"fr-FR"},{"@type":"WebPage","@id":"https:\/\/universnews224.com\/index.php\/presidence-de-la-republique-grand-remaniement-technique-au-palais-mohammed-v\/","url":"https:\/\/universnews224.com\/index.php\/presidence-de-la-republique-grand-remaniement-technique-au-palais-mohammed-v\/","name":"Pr\u00e9sidence de la R\u00e9publique : Grand remaniement technique au Palais Mohammed V - UNIVERSNEWS224","isPartOf":{"@id":"https:\/\/universnews224.com\/#website"},"datePublished":"2026-03-06T23:48:22+00:00","dateModified":"2026-03-06T23:48:22+00:00","inLanguage":"fr-FR","potentialAction":[{"@type":"ReadAction","target":["https:\/\/universnews224.com\/index.php\/presidence-de-la-republique-grand-remaniement-technique-au-palais-mohammed-v\/"]}]},{"@type":"WebSite","@id":"https:\/\/universnews224.com\/#website","url":"https:\/\/universnews224.com\/","name":"UNIVERSNEWS224","description":"","publisher":{"@id":"https:\/\/universnews224.com\/#organization"},"potentialAction":[{"@type":"SearchAction","target":{"@type":"EntryPoint","urlTemplate":"https:\/\/universnews224.com\/?s={search_term_string}"},"query-input":"required name=search_term_string"}],"inLanguage":"fr-FR"},{"@type":"Organization","@id":"https:\/\/universnews224.com\/#organization","name":"UNIVERSNEWS224","url":"https:\/\/universnews224.com\/","logo":{"@type":"ImageObject","inLanguage":"fr-FR","@id":"https:\/\/universnews224.com\/#\/schema\/logo\/image\/","url":"https:\/\/universnews224.com\/wp-content\/uploads\/2022\/08\/cropped-cropped-logoban.jpg","contentUrl":"https:\/\/universnews224.com\/wp-content\/uploads\/2022\/08\/cropped-cropped-logoban.jpg","width":1080,"height":138,"caption":"UNIVERSNEWS224"},"image":{"@id":"https:\/\/universnews224.com\/#\/schema\/logo\/image\/"}},{"@type":"Person","@id":"https:\/\/universnews224.com\/#\/schema\/person\/a4b7d4f94a4716df60456a491260485e","name":"La R\u00e9daction","image":{"@type":"ImageObject","inLanguage":"fr-FR","@id":"https:\/\/universnews224.com\/#\/schema\/person\/image\/","url":"https:\/\/secure.gravatar.com\/avatar\/edb90acc7752b23e1b3307ad36c14f0d?s=96&d=mm&r=g","contentUrl":"https:\/\/secure.gravatar.com\/avatar\/edb90acc7752b23e1b3307ad36c14f0d?s=96&d=mm&r=g","caption":"La R\u00e9daction"},"sameAs":["https:\/\/universnews224.com"],"url":"https:\/\/universnews224.com\/index.php\/author\/m-camara\/"}]}},"_links":{"self":[{"href":"https:\/\/universnews224.com\/index.php\/wp-json\/wp\/v2\/posts\/10379"}],"collection":[{"href":"https:\/\/universnews224.com\/index.php\/wp-json\/wp\/v2\/posts"}],"about":[{"href":"https:\/\/universnews224.com\/index.php\/wp-json\/wp\/v2\/types\/post"}],"author":[{"embeddable":true,"href":"https:\/\/universnews224.com\/index.php\/wp-json\/wp\/v2\/users\/2"}],"replies":[{"embeddable":true,"href":"https:\/\/universnews224.com\/index.php\/wp-json\/wp\/v2\/comments?post=10379"}],"version-history":[{"count":1,"href":"https:\/\/universnews224.com\/index.php\/wp-json\/wp\/v2\/posts\/10379\/revisions"}],"predecessor-version":[{"id":10380,"href":"https:\/\/universnews224.com\/index.php\/wp-json\/wp\/v2\/posts\/10379\/revisions\/10380"}],"wp:featuredmedia":[{"embeddable":true,"href":"https:\/\/universnews224.com\/index.php\/wp-json\/wp\/v2\/media\/10231"}],"wp:attachment":[{"href":"https:\/\/universnews224.com\/index.php\/wp-json\/wp\/v2\/media?parent=10379"}],"wp:term":[{"taxonomy":"category","embeddable":true,"href":"https:\/\/universnews224.com\/index.php\/wp-json\/wp\/v2\/categories?post=10379"},{"taxonomy":"post_tag","embeddable":true,"href":"https:\/\/universnews224.com\/index.php\/wp-json\/wp\/v2\/tags?post=10379"}],"curies":[{"name":"wp","href":"https:\/\/api.w.org\/{rel}","templated":true}]}}