{"id":10389,"date":"2026-03-08T17:51:12","date_gmt":"2026-03-08T16:51:12","guid":{"rendered":"https:\/\/universnews224.com\/?p=10389"},"modified":"2026-03-08T17:51:12","modified_gmt":"2026-03-08T16:51:12","slug":"journee-internationale-des-droits-de-la-femme-2026-interview-exclusive-de-dre-zalikatou-diallo","status":"publish","type":"post","link":"https:\/\/universnews224.com\/index.php\/journee-internationale-des-droits-de-la-femme-2026-interview-exclusive-de-dre-zalikatou-diallo\/","title":{"rendered":"JOURN\u00c9E INTERNATIONALE DES DROITS DE LA FEMME 2026 : INTERVIEW EXCLUSIVE \u200bDE DRE. ZALIKATOU DIALLO."},"content":{"rendered":"<p>Chaque ann\u00e9e le 8 mars est une journ\u00e9e mondiale de mobilisation, de sensibilisation et de lutte pour l\u2019\u00e9galit\u00e9 entre les femmes et les hommes, la justice, et contre les violences sexistes. Cette ann\u00e9e, le th\u00e8me est essentiellement consacr\u00e9 aux : \u00ab Droits, Justice, et Action pour toutes femmes et filles \u00bb ,un th\u00e8me qui trouve ses origines dans les manifestations ouvri\u00e8res. En Guin\u00e9e, l\u2019ancienne ministre des droits de l\u2019homme et de Citoyennet\u00e9 \u00e9galement ancienne secr\u00e9taire g\u00e9n\u00e9rale du forum des femmes parlementaires de la 8\u00e8me l\u00e9gislature Dre Zalikatou Diallo nous a accord\u00e9 une interview exclusive \u00e0 l\u2019occasion de cette journ\u00e9e r\u00e9serv\u00e9e pour les droits de la femme \u00e0 travers le monde. Lisez<\/p>\n<div class=\"page-wrapper\">\n<div id=\"content\" class=\"site-content\">\n<div class=\"cm-container\">\n<div class=\"inner-page-wrapper\">\n<div id=\"primary\" class=\"content-area\"><main id=\"main\" class=\"site-main\"><\/p>\n<div class=\"cm_post_page_lay_wrap\">\n<div class=\"single-container\">\n<div class=\"row\">\n<div class=\"cm-col-lg-8 cm-col-12 sticky_portion\">\n<div class=\"theiaStickySidebar\">\n<div class=\"content-entry\">\n<article id=\"post-19850\" class=\"post-detail post-19850 post type-post status-publish format-standard has-post-thumbnail hentry category-actu\">\n<div class=\"the_content\">\n<p><strong>\u200bMadame la Ministre, nous c\u00e9l\u00e9brons ce 8 mars la Journ\u00e9e Internationale des Droits des Femmes. Quel sens donnez-vous \u00e0 cette \u00e9dition, plac\u00e9e sous le th\u00e8me : \u00ab Droits, Justice, et Action pour toutes femmes et filles \u00bb ?<\/strong><\/p>\n<p><strong>\u200bDre Zalikatou Diallo :\u00a0<\/strong>La Journ\u00e9e du 8 mars de chaque ann\u00e9e, proclam\u00e9e par les Nations Unies en 1977 comme journ\u00e9e Internationale des Droits de la femme, repr\u00e9sente pour nous , une grande opportunit\u00e9 de mobilisation et de sensibilisation pour les droits de la gent f\u00e9minine et l\u2019\u00e9galit\u00e9 des sexes \u00e0 l\u2019\u00e9chelle plan\u00e9taire. \u00c0 noter que le Th\u00e8me central de cette ann\u00e9e est : \u00ab DROITS, JUSTICE, ET ACTION POUR TOUTES FEMMES ET FILLES \u00bb. Un th\u00e8me d\u2019une pertinence sans commune mesure lorsqu\u2019il reste \u00e9tablit qu\u2019\u00e0 l\u2019\u00e9chelle mondiale, les femmes ne b\u00e9n\u00e9ficient toujours que de 64 % des droits juridiques accord\u00e9s aux hommes. Je m\u2019en voudrais \u00e9galement si je ne profitais pas de cette occasion pour rendre un vibrant hommage \u00e0 nos illustres devanci\u00e8res qui ont d\u00e9blayer le chemin pour en arriver l\u00e0. Ceci, depuis 1910 o\u00f9, Clara Zetkine ( Journaliste et femme politique Allemande) a pour la premi\u00e8re fois \u00e9mi l\u2019id\u00e9e de l\u2019organisation d\u2019une Journ\u00e9e Internationale des femmes. C\u2019\u00e9tait \u00e0 la faveur de la tenue de la 2\u00e8me Conf\u00e9rence Internationale des Femmes Socialistes \u00e0 Copenhague. Depuis ce top d\u00e9part, la lutte pour les droits des femmes n\u2019a gu\u00e8re connu de r\u00e9pit au fil des ann\u00e9es et des g\u00e9n\u00e9rations, atay\u00e9e par la volont\u00e9 politique des dirigeants des \u00c9tats membres de L\u2019ONU et de bien d\u2019institutions internationales, r\u00e9gionales et nationales. Dans notre contexte, cette journ\u00e9e qui doit \u00eatre moins festive serait plut\u00f4t mise \u00e0 profit pour faire le bilan des acquis \u00e0 tous les niveaux, \u00e9valuer non seulement les progr\u00e8s, mais aussi les points faibles en vue de peaufiner de nouvelles strat\u00e9gies pouvant vaincre les v\u00e9ritables chellenges dans nos diff\u00e9rents domaines d\u2019intervention. Le jeu en vaut la chandelle tellement les d\u00e9fis demeurent toujours consistants de nos jours, en d\u00e9pit de tout.<\/p>\n<p><strong><a href=\"https:\/\/envergure224.com\/wp-content\/uploads\/2026\/03\/IMG_20180125_190554.jpg\"><img loading=\"lazy\" class=\"alignnone size-medium wp-image-19843\" src=\"https:\/\/envergure224.com\/wp-content\/uploads\/2026\/03\/IMG_20180125_190554-265x300.jpg\" alt=\"\" width=\"265\" height=\"300\" \/><\/a><\/strong><\/p>\n<p><strong>\u200bVous avez occup\u00e9 de hautes fonctions, notamment comme 1\u00e8re Vice-pr\u00e9sidente de l\u2019Assembl\u00e9e Nationale et Ministre.\u00a0Quel regard portez-vous sur l\u2019\u00e9volution de la condition f\u00e9minine en Guin\u00e9e depuis l\u2019ind\u00e9pendance ?<\/strong><\/p>\n<p><strong>\u200bDre Zalikatou Diallo :<\/strong>\u00a0En tant qu\u2019ancienne Ministre, Je retiens que depuis l\u2019accession de notre pays \u00e0 la souverainet\u00e9 le 2 octobre 1958, les r\u00e9gimes successifs et leurs dirigeants ont toujours pr\u00f4n\u00e9 au fil des d\u00e9cennies, l\u2019\u00e9mancipation, la promotion et l\u2019autonomisation de la femme Guin\u00e9enne en collaboration avec les les ONG, les Institutions Internationales et autres. En t\u00e9moignent les signatures et ratifications par notre pays la Guin\u00e9e, de tous instruments juridiques relatifs aux droits de la femme. Trait\u00e9s et conventions internationales qui ont connu une domestication dans nos textes de lois y aff\u00e9rents. Fort heureusement, de nos jours, l\u2019autonomisation des femmes conna\u00eet progressivement des avanc\u00e9es significatives m\u00eame si le chemin reste toujours sem\u00e9 d\u2019ambuches pour la plus part d\u2019entre elles. C\u2019est le lieu de leur rendre un vibrant hommage dans la mesure o\u00f9 elles occupent une place de choix dans le secteur informel, l\u2019agriculture de subsistance, de m\u00eame que divers autres activit\u00e9s g\u00e9n\u00e9ratrices de revenus.<\/p>\n<p><strong>Justement, concernant la repr\u00e9sentativit\u00e9 politique, vous avez \u00e9t\u00e9 une actrice cl\u00e9 de la Loi sur la Parit\u00e9,v<\/strong><strong>ous \u00eates aussi une femme de lettres. Puisque vous avez publi\u00e9 plusieurs ouvrages en 2022 et 2025. Quel est le message de vos derniers livres ?<\/strong><\/p>\n<p><a href=\"https:\/\/envergure224.com\/wp-content\/uploads\/2026\/03\/DSC_3815-1024x683-2.jpg\"><img loading=\"lazy\" class=\"size-medium wp-image-19853\" src=\"https:\/\/envergure224.com\/wp-content\/uploads\/2026\/03\/DSC_3815-1024x683-2-300x266.jpg\" alt=\"\" width=\"300\" height=\"266\" \/><\/a><\/p>\n<p><strong>Dre Zalikatou Diallo:<\/strong>\u00a0En tant qu\u2019ancienne secr\u00e9taire g\u00e9n\u00e9rale du Forum des Femmes Parlementaires de Guin\u00e9e de la 8\u00e8me l\u00e9gislature, j \u2018ai \u00e9t\u00e9 une actrice non des moindres lors de l\u2019 \u00e9laboration, l\u2019examen et l\u2019adoption de la loi sur la Parit\u00e9 Homme femmes pour les mandats \u00e9lectoraux et les fonctions \u00e9lectives. Par la suite , en tant que 1\u00e8re Vice-pr\u00e9sidente de l\u2019assembl\u00e9e nationale de Guin\u00e9e de la 9\u00e8me l\u00e9gislature, le Forum des femmes parlementaires de Guin\u00e9e a poursuivie sa dynamique vertueuse qui aurait pu conduire \u00e0 la mise en \u0153uvre de cette loi aucours des joutes \u00e9lectorales pr\u00e9vues. Aussi, l\u2019avenir s\u2019annon\u00e7ait bien radieux pour la gent f\u00e9minine Guin\u00e9enne avec le gouvernement de Mai 2021 qui comptait 11 femmes en son sein. Il fut le gouvernement le plus prolifique en terme de repr\u00e9sentativit\u00e9 des femmes depuis l\u2019ind\u00e9pendance de la Guin\u00e9e. Un fait in\u00e9dit qui d\u00e9notte la volont\u00e9 politique n\u00e9anmoins de nos dirigeants de r\u00e9pondre aux attentes et surtout d\u2019\u00eatre en conformit\u00e9 avec les engagements du pays sur l\u2019\u00e9chiquier africain et international. Ferrue de la lutte pour les droits des femmes, la lutte contre les violences faites aux femmes, la promotion et l\u2019autonomisation de la femme Guin\u00e9enne, je continue d\u2019interagir avec bien d\u2019autres actrices dans cette dynamique. Je suis la Pr\u00e9sidente de la COFEPAD-GUINEE, Secr\u00e9taire g\u00e9n\u00e9rale de AWLN chapitre Guin\u00e9e, et membre du REFAMP. Je contribue dans ce combat \u00e0 travers la publication d\u2019ouvrages d\u00e9di\u00e9s \u00e0 la lutte pour les droits des femmes \u00e0 savoir : FEMMES DE GUIN\u00c9E, OSONS ET \u00d4TONS LES \u0152ILL\u00c8RES, paru en 2022 aux \u00e9ditions l\u2019harmattan Guin\u00e9e, CE JOUR O\u00d9 NOUS F\u00dbMES EXCIS\u00c9ES : STOPPONS LE MUTILATIONS G\u00c9NITALES F\u00c9MININES, paru \u00e0 Mamou \u00e9dition en 2025 , CITOYENNET\u00c9 ACTIVE ET PAIX POUR UNE GUIN\u00c9E PROSP\u00c9RE, paru aux \u00e9ditions l\u2019harmattan Guin\u00e9e en 2025, o\u00f9 les femmes ont un r\u00f4le majeur \u00e0 jouer. Un autre ouvrage doit \u00e9galement para\u00eetre incessamment concernant la lutte contre les violences faites aux femmes avec une co \u00e9dition des maisons GANDAL et MAMOU \u00c9DITION.<\/p>\n<p><strong>Quel est votre souhait le plus ardent pour les femmes guin\u00e9ennes en ce 8 mars 2026 ?<\/strong><\/p>\n<p><strong>\u200bDre Zalikatou Diallo :<\/strong>\u00a0Mon souhait de plus ardent est de voir les autorit\u00e9s et tous les autres acteurs \u0153uvrer pour la r\u00e9duction drastique du d\u00e9calage entre le volume des discours et la r\u00e9alit\u00e9 tangible en mati\u00e8re de r\u00e9sultats escompt\u00e9s. R\u00e9sultats qui pourraient \u00eatre atteint gr\u00e2ce \u00e0 la mise en \u0153uvre de toutes les dispositions et recommandations prises en faveur des femmes. Condition sine qua non de la r\u00e9duction significative de la discrimination sexiste au d\u00e9triment de ces derni\u00e8res. Je demande aux autorit\u00e9s et \u00e0 tous les acteurs de passer \u00e0 l\u2019action concr\u00e8te. La discrimination sexiste ne reculera que si nous appliquons rigoureusement les recommandations et les lois d\u00e9j\u00e0 existantes. Je veux voir une Guin\u00e9e o\u00f9 le m\u00e9rite d\u2019une femme n\u2019est plus frein\u00e9 par son genre.<\/p>\n<p><strong>R\u00e9alis\u00e9e par Naby Camara\u00a0<\/strong><\/p>\n<p><strong>\u00a0<\/strong><b><\/b><\/p>\n<p>&nbsp;<\/p>\n<div class=\"wp-socializer wpsr-share-icons\" data-lg-action=\"show\" data-sm-action=\"show\" data-sm-width=\"768\"><\/div>\n<\/div>\n<\/article>\n<\/div>\n<\/div>\n<\/div>\n<\/div>\n<\/div>\n<\/div>\n<p><\/main><\/div>\n<\/div>\n<\/div>\n<\/div>\n<footer class=\"footer\">\n<div class=\"footer_inner\">\n<div class=\"cm-container\">\n<div class=\"copyright_section\">\n<div class=\"row\">\n<div class=\"cm-col-lg-5 cm-col-md-6 cm-col-12\">\n<div class=\"footer_nav\">\n<p>&nbsp;<\/p>\n<\/div>\n<\/div>\n<\/div>\n<\/div>\n<\/div>\n<\/div>\n<\/footer>\n<\/div>\n","protected":false},"excerpt":{"rendered":"<p>Chaque ann\u00e9e le 8 mars est une journ\u00e9e mondiale de mobilisation, de sensibilisation et de<\/p>\n","protected":false},"author":2,"featured_media":10390,"comment_status":"closed","ping_status":"open","sticky":false,"template":"","format":"standard","meta":[],"categories":[3,5],"tags":[237],"yoast_head":"<!-- This site is optimized with the Yoast SEO plugin v19.13 - https:\/\/yoast.com\/wordpress\/plugins\/seo\/ -->\n<title>JOURN\u00c9E INTERNATIONALE DES DROITS DE LA FEMME 2026 : INTERVIEW EXCLUSIVE \u200bDE DRE. ZALIKATOU DIALLO. - UNIVERSNEWS224<\/title>\n<meta name=\"robots\" content=\"index, follow, max-snippet:-1, max-image-preview:large, max-video-preview:-1\" \/>\n<link rel=\"canonical\" href=\"https:\/\/universnews224.com\/index.php\/journee-internationale-des-droits-de-la-femme-2026-interview-exclusive-de-dre-zalikatou-diallo\/\" \/>\n<meta property=\"og:locale\" content=\"fr_FR\" \/>\n<meta property=\"og:type\" content=\"article\" \/>\n<meta property=\"og:title\" content=\"JOURN\u00c9E INTERNATIONALE DES DROITS DE LA FEMME 2026 : INTERVIEW EXCLUSIVE \u200bDE DRE. ZALIKATOU DIALLO. - UNIVERSNEWS224\" \/>\n<meta property=\"og:description\" content=\"Chaque ann\u00e9e le 8 mars est une journ\u00e9e mondiale de mobilisation, de sensibilisation et de\" \/>\n<meta property=\"og:url\" content=\"https:\/\/universnews224.com\/index.php\/journee-internationale-des-droits-de-la-femme-2026-interview-exclusive-de-dre-zalikatou-diallo\/\" \/>\n<meta property=\"og:site_name\" content=\"UNIVERSNEWS224\" \/>\n<meta property=\"article:published_time\" content=\"2026-03-08T16:51:12+00:00\" \/>\n<meta property=\"og:image\" content=\"https:\/\/universnews224.com\/wp-content\/uploads\/2026\/03\/zalikatou-diallo-1.jpg\" \/>\n\t<meta property=\"og:image:width\" content=\"240\" \/>\n\t<meta property=\"og:image:height\" content=\"279\" \/>\n\t<meta property=\"og:image:type\" content=\"image\/jpeg\" \/>\n<meta name=\"author\" content=\"La R\u00e9daction\" \/>\n<meta name=\"twitter:label1\" content=\"\u00c9crit par\" \/>\n\t<meta name=\"twitter:data1\" content=\"La R\u00e9daction\" \/>\n\t<meta name=\"twitter:label2\" content=\"Dur\u00e9e de lecture estim\u00e9e\" \/>\n\t<meta name=\"twitter:data2\" content=\"7 minutes\" \/>\n<script type=\"application\/ld+json\" class=\"yoast-schema-graph\">{\"@context\":\"https:\/\/schema.org\",\"@graph\":[{\"@type\":\"Article\",\"@id\":\"https:\/\/universnews224.com\/index.php\/journee-internationale-des-droits-de-la-femme-2026-interview-exclusive-de-dre-zalikatou-diallo\/#article\",\"isPartOf\":{\"@id\":\"https:\/\/universnews224.com\/index.php\/journee-internationale-des-droits-de-la-femme-2026-interview-exclusive-de-dre-zalikatou-diallo\/\"},\"author\":{\"name\":\"La R\u00e9daction\",\"@id\":\"https:\/\/universnews224.com\/#\/schema\/person\/a4b7d4f94a4716df60456a491260485e\"},\"headline\":\"JOURN\u00c9E INTERNATIONALE DES DROITS DE LA FEMME 2026 : INTERVIEW EXCLUSIVE \u200bDE DRE. ZALIKATOU DIALLO.\",\"datePublished\":\"2026-03-08T16:51:12+00:00\",\"dateModified\":\"2026-03-08T16:51:12+00:00\",\"mainEntityOfPage\":{\"@id\":\"https:\/\/universnews224.com\/index.php\/journee-internationale-des-droits-de-la-femme-2026-interview-exclusive-de-dre-zalikatou-diallo\/\"},\"wordCount\":1281,\"publisher\":{\"@id\":\"https:\/\/universnews224.com\/#organization\"},\"keywords\":[\"A la une\"],\"articleSection\":[\"ACTU\",\"SOCI\u00c9T\u00c9\"],\"inLanguage\":\"fr-FR\"},{\"@type\":\"WebPage\",\"@id\":\"https:\/\/universnews224.com\/index.php\/journee-internationale-des-droits-de-la-femme-2026-interview-exclusive-de-dre-zalikatou-diallo\/\",\"url\":\"https:\/\/universnews224.com\/index.php\/journee-internationale-des-droits-de-la-femme-2026-interview-exclusive-de-dre-zalikatou-diallo\/\",\"name\":\"JOURN\u00c9E INTERNATIONALE DES DROITS DE LA FEMME 2026 : INTERVIEW EXCLUSIVE \u200bDE DRE. ZALIKATOU DIALLO. - UNIVERSNEWS224\",\"isPartOf\":{\"@id\":\"https:\/\/universnews224.com\/#website\"},\"datePublished\":\"2026-03-08T16:51:12+00:00\",\"dateModified\":\"2026-03-08T16:51:12+00:00\",\"inLanguage\":\"fr-FR\",\"potentialAction\":[{\"@type\":\"ReadAction\",\"target\":[\"https:\/\/universnews224.com\/index.php\/journee-internationale-des-droits-de-la-femme-2026-interview-exclusive-de-dre-zalikatou-diallo\/\"]}]},{\"@type\":\"WebSite\",\"@id\":\"https:\/\/universnews224.com\/#website\",\"url\":\"https:\/\/universnews224.com\/\",\"name\":\"UNIVERSNEWS224\",\"description\":\"\",\"publisher\":{\"@id\":\"https:\/\/universnews224.com\/#organization\"},\"potentialAction\":[{\"@type\":\"SearchAction\",\"target\":{\"@type\":\"EntryPoint\",\"urlTemplate\":\"https:\/\/universnews224.com\/?s={search_term_string}\"},\"query-input\":\"required name=search_term_string\"}],\"inLanguage\":\"fr-FR\"},{\"@type\":\"Organization\",\"@id\":\"https:\/\/universnews224.com\/#organization\",\"name\":\"UNIVERSNEWS224\",\"url\":\"https:\/\/universnews224.com\/\",\"logo\":{\"@type\":\"ImageObject\",\"inLanguage\":\"fr-FR\",\"@id\":\"https:\/\/universnews224.com\/#\/schema\/logo\/image\/\",\"url\":\"https:\/\/universnews224.com\/wp-content\/uploads\/2022\/08\/cropped-cropped-logoban.jpg\",\"contentUrl\":\"https:\/\/universnews224.com\/wp-content\/uploads\/2022\/08\/cropped-cropped-logoban.jpg\",\"width\":1080,\"height\":138,\"caption\":\"UNIVERSNEWS224\"},\"image\":{\"@id\":\"https:\/\/universnews224.com\/#\/schema\/logo\/image\/\"}},{\"@type\":\"Person\",\"@id\":\"https:\/\/universnews224.com\/#\/schema\/person\/a4b7d4f94a4716df60456a491260485e\",\"name\":\"La R\u00e9daction\",\"image\":{\"@type\":\"ImageObject\",\"inLanguage\":\"fr-FR\",\"@id\":\"https:\/\/universnews224.com\/#\/schema\/person\/image\/\",\"url\":\"https:\/\/secure.gravatar.com\/avatar\/edb90acc7752b23e1b3307ad36c14f0d?s=96&d=mm&r=g\",\"contentUrl\":\"https:\/\/secure.gravatar.com\/avatar\/edb90acc7752b23e1b3307ad36c14f0d?s=96&d=mm&r=g\",\"caption\":\"La R\u00e9daction\"},\"sameAs\":[\"https:\/\/universnews224.com\"],\"url\":\"https:\/\/universnews224.com\/index.php\/author\/m-camara\/\"}]}<\/script>\n<!-- \/ Yoast SEO plugin. -->","yoast_head_json":{"title":"JOURN\u00c9E INTERNATIONALE DES DROITS DE LA FEMME 2026 : INTERVIEW EXCLUSIVE \u200bDE DRE. ZALIKATOU DIALLO. - UNIVERSNEWS224","robots":{"index":"index","follow":"follow","max-snippet":"max-snippet:-1","max-image-preview":"max-image-preview:large","max-video-preview":"max-video-preview:-1"},"canonical":"https:\/\/universnews224.com\/index.php\/journee-internationale-des-droits-de-la-femme-2026-interview-exclusive-de-dre-zalikatou-diallo\/","og_locale":"fr_FR","og_type":"article","og_title":"JOURN\u00c9E INTERNATIONALE DES DROITS DE LA FEMME 2026 : INTERVIEW EXCLUSIVE \u200bDE DRE. ZALIKATOU DIALLO. - UNIVERSNEWS224","og_description":"Chaque ann\u00e9e le 8 mars est une journ\u00e9e mondiale de mobilisation, de sensibilisation et de","og_url":"https:\/\/universnews224.com\/index.php\/journee-internationale-des-droits-de-la-femme-2026-interview-exclusive-de-dre-zalikatou-diallo\/","og_site_name":"UNIVERSNEWS224","article_published_time":"2026-03-08T16:51:12+00:00","og_image":[{"width":240,"height":279,"url":"https:\/\/universnews224.com\/wp-content\/uploads\/2026\/03\/zalikatou-diallo-1.jpg","type":"image\/jpeg"}],"author":"La R\u00e9daction","twitter_misc":{"\u00c9crit par":"La R\u00e9daction","Dur\u00e9e de lecture estim\u00e9e":"7 minutes"},"schema":{"@context":"https:\/\/schema.org","@graph":[{"@type":"Article","@id":"https:\/\/universnews224.com\/index.php\/journee-internationale-des-droits-de-la-femme-2026-interview-exclusive-de-dre-zalikatou-diallo\/#article","isPartOf":{"@id":"https:\/\/universnews224.com\/index.php\/journee-internationale-des-droits-de-la-femme-2026-interview-exclusive-de-dre-zalikatou-diallo\/"},"author":{"name":"La R\u00e9daction","@id":"https:\/\/universnews224.com\/#\/schema\/person\/a4b7d4f94a4716df60456a491260485e"},"headline":"JOURN\u00c9E INTERNATIONALE DES DROITS DE LA FEMME 2026 : INTERVIEW EXCLUSIVE \u200bDE DRE. ZALIKATOU DIALLO.","datePublished":"2026-03-08T16:51:12+00:00","dateModified":"2026-03-08T16:51:12+00:00","mainEntityOfPage":{"@id":"https:\/\/universnews224.com\/index.php\/journee-internationale-des-droits-de-la-femme-2026-interview-exclusive-de-dre-zalikatou-diallo\/"},"wordCount":1281,"publisher":{"@id":"https:\/\/universnews224.com\/#organization"},"keywords":["A la une"],"articleSection":["ACTU","SOCI\u00c9T\u00c9"],"inLanguage":"fr-FR"},{"@type":"WebPage","@id":"https:\/\/universnews224.com\/index.php\/journee-internationale-des-droits-de-la-femme-2026-interview-exclusive-de-dre-zalikatou-diallo\/","url":"https:\/\/universnews224.com\/index.php\/journee-internationale-des-droits-de-la-femme-2026-interview-exclusive-de-dre-zalikatou-diallo\/","name":"JOURN\u00c9E INTERNATIONALE DES DROITS DE LA FEMME 2026 : INTERVIEW EXCLUSIVE \u200bDE DRE. ZALIKATOU DIALLO. - UNIVERSNEWS224","isPartOf":{"@id":"https:\/\/universnews224.com\/#website"},"datePublished":"2026-03-08T16:51:12+00:00","dateModified":"2026-03-08T16:51:12+00:00","inLanguage":"fr-FR","potentialAction":[{"@type":"ReadAction","target":["https:\/\/universnews224.com\/index.php\/journee-internationale-des-droits-de-la-femme-2026-interview-exclusive-de-dre-zalikatou-diallo\/"]}]},{"@type":"WebSite","@id":"https:\/\/universnews224.com\/#website","url":"https:\/\/universnews224.com\/","name":"UNIVERSNEWS224","description":"","publisher":{"@id":"https:\/\/universnews224.com\/#organization"},"potentialAction":[{"@type":"SearchAction","target":{"@type":"EntryPoint","urlTemplate":"https:\/\/universnews224.com\/?s={search_term_string}"},"query-input":"required name=search_term_string"}],"inLanguage":"fr-FR"},{"@type":"Organization","@id":"https:\/\/universnews224.com\/#organization","name":"UNIVERSNEWS224","url":"https:\/\/universnews224.com\/","logo":{"@type":"ImageObject","inLanguage":"fr-FR","@id":"https:\/\/universnews224.com\/#\/schema\/logo\/image\/","url":"https:\/\/universnews224.com\/wp-content\/uploads\/2022\/08\/cropped-cropped-logoban.jpg","contentUrl":"https:\/\/universnews224.com\/wp-content\/uploads\/2022\/08\/cropped-cropped-logoban.jpg","width":1080,"height":138,"caption":"UNIVERSNEWS224"},"image":{"@id":"https:\/\/universnews224.com\/#\/schema\/logo\/image\/"}},{"@type":"Person","@id":"https:\/\/universnews224.com\/#\/schema\/person\/a4b7d4f94a4716df60456a491260485e","name":"La R\u00e9daction","image":{"@type":"ImageObject","inLanguage":"fr-FR","@id":"https:\/\/universnews224.com\/#\/schema\/person\/image\/","url":"https:\/\/secure.gravatar.com\/avatar\/edb90acc7752b23e1b3307ad36c14f0d?s=96&d=mm&r=g","contentUrl":"https:\/\/secure.gravatar.com\/avatar\/edb90acc7752b23e1b3307ad36c14f0d?s=96&d=mm&r=g","caption":"La R\u00e9daction"},"sameAs":["https:\/\/universnews224.com"],"url":"https:\/\/universnews224.com\/index.php\/author\/m-camara\/"}]}},"_links":{"self":[{"href":"https:\/\/universnews224.com\/index.php\/wp-json\/wp\/v2\/posts\/10389"}],"collection":[{"href":"https:\/\/universnews224.com\/index.php\/wp-json\/wp\/v2\/posts"}],"about":[{"href":"https:\/\/universnews224.com\/index.php\/wp-json\/wp\/v2\/types\/post"}],"author":[{"embeddable":true,"href":"https:\/\/universnews224.com\/index.php\/wp-json\/wp\/v2\/users\/2"}],"replies":[{"embeddable":true,"href":"https:\/\/universnews224.com\/index.php\/wp-json\/wp\/v2\/comments?post=10389"}],"version-history":[{"count":1,"href":"https:\/\/universnews224.com\/index.php\/wp-json\/wp\/v2\/posts\/10389\/revisions"}],"predecessor-version":[{"id":10391,"href":"https:\/\/universnews224.com\/index.php\/wp-json\/wp\/v2\/posts\/10389\/revisions\/10391"}],"wp:featuredmedia":[{"embeddable":true,"href":"https:\/\/universnews224.com\/index.php\/wp-json\/wp\/v2\/media\/10390"}],"wp:attachment":[{"href":"https:\/\/universnews224.com\/index.php\/wp-json\/wp\/v2\/media?parent=10389"}],"wp:term":[{"taxonomy":"category","embeddable":true,"href":"https:\/\/universnews224.com\/index.php\/wp-json\/wp\/v2\/categories?post=10389"},{"taxonomy":"post_tag","embeddable":true,"href":"https:\/\/universnews224.com\/index.php\/wp-json\/wp\/v2\/tags?post=10389"}],"curies":[{"name":"wp","href":"https:\/\/api.w.org\/{rel}","templated":true}]}}