{"id":10392,"date":"2026-03-08T18:50:17","date_gmt":"2026-03-08T17:50:17","guid":{"rendered":"https:\/\/universnews224.com\/?p=10392"},"modified":"2026-03-08T18:50:17","modified_gmt":"2026-03-08T17:50:17","slug":"celebration-de-lanniversaire-de-kpc-foi-reconnaissance-et-football-au-menu-a-kaloum","status":"publish","type":"post","link":"https:\/\/universnews224.com\/index.php\/celebration-de-lanniversaire-de-kpc-foi-reconnaissance-et-football-au-menu-a-kaloum\/","title":{"rendered":"C\u00e9l\u00e9bration de l&rsquo;anniversaire de KPC : Foi, Reconnaissance et Football au menu \u00e0 Kaloum"},"content":{"rendered":"<p><strong>CONAKRY \u2013 Ce dimanche 8 mars 2026, la commune de Kaloum a vibr\u00e9 au rythme d\u2019un vibrant hommage rendu \u00e0 l\u2019homme d\u2019affaires Kerfalla Person Camara (KPC). \u00c0 l\u2019initiative du journaliste Amadou Hamza Bah, une lecture du Saint Coran a \u00e9t\u00e9 organis\u00e9e \u00e0 la mosqu\u00e9e de Teminetaye, suivie de r\u00e9jouissances sportives, marquant ainsi une double c\u00e9l\u00e9bration : l&rsquo;anniversaire du magnat de l&rsquo;immobilier et la Journ\u00e9e internationale des droits des femmes.<\/strong><\/p>\n<p>&nbsp;<\/p>\n<p><a href=\"https:\/\/universnews224.com\/wp-content\/uploads\/2026\/03\/20260308_142558-scaled.jpg\"><img loading=\"lazy\" class=\"alignnone size-medium wp-image-10395\" src=\"https:\/\/universnews224.com\/wp-content\/uploads\/2026\/03\/20260308_142558-300x169.jpg\" alt=\"\" width=\"300\" height=\"169\" srcset=\"https:\/\/universnews224.com\/wp-content\/uploads\/2026\/03\/20260308_142558-300x169.jpg 300w, https:\/\/universnews224.com\/wp-content\/uploads\/2026\/03\/20260308_142558-1024x576.jpg 1024w, https:\/\/universnews224.com\/wp-content\/uploads\/2026\/03\/20260308_142558-768x432.jpg 768w, https:\/\/universnews224.com\/wp-content\/uploads\/2026\/03\/20260308_142558-1536x864.jpg 1536w, https:\/\/universnews224.com\/wp-content\/uploads\/2026\/03\/20260308_142558-2048x1153.jpg 2048w, https:\/\/universnews224.com\/wp-content\/uploads\/2026\/03\/20260308_142558-800x450.jpg 800w\" sizes=\"(max-width: 300px) 100vw, 300px\" \/><\/a><\/p>\n<div dir=\"auto\">\n<div dir=\"auto\"><\/div>\n<div dir=\"auto\"><strong>La pi\u00e9t\u00e9 au service de la r\u00e9ussite<\/strong><\/div>\n<\/div>\n<div dir=\"auto\"><\/div>\n<div dir=\"auto\">\n<div dir=\"auto\">\u200bD\u00e8s apr\u00e8s la pri\u00e8re de 14h , la mosqu\u00e9e de Teminetaye a affich\u00e9 complet. Fid\u00e8les, dignitaires religieux et confr\u00e8res journalistes se sont mobilis\u00e9s en masse pour r\u00e9pondre \u00e0 l\u2019appel d\u2019Amadou Hamza Bah. L\u2019objectif \u00e9tait clair : implorer la gr\u00e2ce divine pour celui qui est per\u00e7u comme un pilier du d\u00e9veloppement \u00e9conomique en Guin\u00e9e.<\/div>\n<div dir=\"auto\"><\/div>\n<div dir=\"auto\">\u200bDans son allocution, Elhadj Youssouf Fadil Sylla, premier imam de la mosqu\u00e9e, a salu\u00e9 les actions philanthropiques de l\u2019homme d\u2019affaires :<a href=\"https:\/\/universnews224.com\/wp-content\/uploads\/2026\/03\/20260308_143523-scaled.jpg\"><img loading=\"lazy\" class=\"alignnone size-medium wp-image-10396\" src=\"https:\/\/universnews224.com\/wp-content\/uploads\/2026\/03\/20260308_143523-300x169.jpg\" alt=\"\" width=\"300\" height=\"169\" srcset=\"https:\/\/universnews224.com\/wp-content\/uploads\/2026\/03\/20260308_143523-300x169.jpg 300w, https:\/\/universnews224.com\/wp-content\/uploads\/2026\/03\/20260308_143523-1024x576.jpg 1024w, https:\/\/universnews224.com\/wp-content\/uploads\/2026\/03\/20260308_143523-768x432.jpg 768w, https:\/\/universnews224.com\/wp-content\/uploads\/2026\/03\/20260308_143523-1536x864.jpg 1536w, https:\/\/universnews224.com\/wp-content\/uploads\/2026\/03\/20260308_143523-2048x1153.jpg 2048w, https:\/\/universnews224.com\/wp-content\/uploads\/2026\/03\/20260308_143523-800x450.jpg 800w\" sizes=\"(max-width: 300px) 100vw, 300px\" \/><\/a><\/div>\n<div dir=\"auto\"><\/div>\n<div dir=\"auto\">\u200b\u00ab <em>Nous prions Allah de continuer \u00e0 b\u00e9nir KPC. Son r\u00f4le dans la lutte contre la pauvret\u00e9 dans notre pays est ind\u00e9niable. C\u2019est un homme qui partage et qui soutient sa communaut\u00e9<\/em>. \u00bb<\/div>\n<div dir=\"auto\"><\/div>\n<div dir=\"auto\">\u200bLe choix du spirituel sur le mat\u00e9riel<\/div>\n<div dir=\"auto\"><\/div>\n<div dir=\"auto\">\u200bPour l\u2019initiateur de l\u2019\u00e9v\u00e9nement, le choix d\u2019une lecture du Coran n&rsquo;est pas fortuit. En plein mois de Ramadan, p\u00e9riode de p\u00e9nitence et de partage, Amadou Hamza Bah a souhait\u00e9 offrir \u00e0 KPC ce qu&rsquo;il y a de plus pr\u00e9cieux : la pri\u00e8re.<a href=\"https:\/\/universnews224.com\/wp-content\/uploads\/2026\/03\/20260308_144135-scaled.jpg\"><img loading=\"lazy\" class=\"alignnone size-medium wp-image-10397\" src=\"https:\/\/universnews224.com\/wp-content\/uploads\/2026\/03\/20260308_144135-300x169.jpg\" alt=\"\" width=\"300\" height=\"169\" srcset=\"https:\/\/universnews224.com\/wp-content\/uploads\/2026\/03\/20260308_144135-300x169.jpg 300w, https:\/\/universnews224.com\/wp-content\/uploads\/2026\/03\/20260308_144135-1024x576.jpg 1024w, https:\/\/universnews224.com\/wp-content\/uploads\/2026\/03\/20260308_144135-768x432.jpg 768w, https:\/\/universnews224.com\/wp-content\/uploads\/2026\/03\/20260308_144135-1536x864.jpg 1536w, https:\/\/universnews224.com\/wp-content\/uploads\/2026\/03\/20260308_144135-2048x1153.jpg 2048w, https:\/\/universnews224.com\/wp-content\/uploads\/2026\/03\/20260308_144135-800x450.jpg 800w\" sizes=\"(max-width: 300px) 100vw, 300px\" \/><\/a><\/div>\n<div dir=\"auto\"><\/div>\n<div dir=\"auto\">\u200b\u00ab <em>Qu\u2019est-ce que je peux lui offrir qui puisse le marquer<\/em> ? \u00bb s&rsquo;est interrog\u00e9 le journaliste devant l&rsquo;assembl\u00e9e. \u00ab <em>Si j\u2019ach\u00e8te un v\u00eatement ou de la nourriture, il en a d\u00e9j\u00e0 les moyens. La seule chose qui puisse v\u00e9ritablement l\u2019accompagner et qu&rsquo;il n&rsquo;oubliera jamais, c\u2019est de mobiliser les imams pour implorer Dieu pour sa sant\u00e9, sa long\u00e9vit\u00e9 et la prosp\u00e9rit\u00e9 de son entreprise<\/em>. \u00bb<\/div>\n<div dir=\"auto\"><\/div>\n<div dir=\"auto\">\u200b<strong>Un 8 mars sous le signe du sport f\u00e9minin<\/strong><\/div>\n<div dir=\"auto\"><\/div>\n<div dir=\"auto\">\u200bLa c\u00e9l\u00e9bration ne s&rsquo;est pas arr\u00eat\u00e9e aux portes de la mosqu\u00e9e. Co\u00efncidence heureuse du calendrier, l&rsquo;anniversaire de KPC tombe le 8 mars, journ\u00e9e d\u00e9di\u00e9e aux femmes. Pour honorer cette double occasion, un match de gala opposant deux \u00e9quipes f\u00e9minines a \u00e9t\u00e9 programm\u00e9 en fin de journ\u00e9e.<\/div>\n<div dir=\"auto\"><\/div>\n<div dir=\"auto\">\u200b\u00ab <em>R\u00e9unir des jeunes filles talentueuses pour jouer en son nom le jour de la f\u00eate internationale des droits des femmes est un honneur \u00bb, a pr\u00e9cis\u00e9 Amadou Hamza Bah, soulignant ainsi sa volont\u00e9 de lier la reconnaissance envers un grand homme au soutien de l&rsquo;\u00e9mancipation de la jeunesse f\u00e9minine.<\/em><\/div>\n<div dir=\"auto\"><\/div>\n<div dir=\"auto\"><a href=\"https:\/\/universnews224.com\/wp-content\/uploads\/2026\/03\/20260308_144135-scaled.jpg\"><img loading=\"lazy\" class=\"alignnone size-medium wp-image-10397\" src=\"https:\/\/universnews224.com\/wp-content\/uploads\/2026\/03\/20260308_144135-300x169.jpg\" alt=\"\" width=\"300\" height=\"169\" srcset=\"https:\/\/universnews224.com\/wp-content\/uploads\/2026\/03\/20260308_144135-300x169.jpg 300w, https:\/\/universnews224.com\/wp-content\/uploads\/2026\/03\/20260308_144135-1024x576.jpg 1024w, https:\/\/universnews224.com\/wp-content\/uploads\/2026\/03\/20260308_144135-768x432.jpg 768w, https:\/\/universnews224.com\/wp-content\/uploads\/2026\/03\/20260308_144135-1536x864.jpg 1536w, https:\/\/universnews224.com\/wp-content\/uploads\/2026\/03\/20260308_144135-2048x1153.jpg 2048w, https:\/\/universnews224.com\/wp-content\/uploads\/2026\/03\/20260308_144135-800x450.jpg 800w\" sizes=\"(max-width: 300px) 100vw, 300px\" \/><\/a><\/div>\n<div dir=\"auto\"><\/div>\n<div dir=\"auto\">\u200bEn r\u00e9sum\u00e9, cette journ\u00e9e aura \u00e9t\u00e9 un m\u00e9lange r\u00e9ussi de ferveur religieuse et de coh\u00e9sion sociale, prouvant une fois de plus l&rsquo;aura dont b\u00e9n\u00e9ficie Kerfalla Person Camara aupr\u00e8s de ses concitoyens.<\/div>\n<div dir=\"auto\"><\/div>\n<div dir=\"auto\">Decoster<\/div>\n<\/div>\n","protected":false},"excerpt":{"rendered":"<p>CONAKRY \u2013 Ce dimanche 8 mars 2026, la commune de Kaloum a vibr\u00e9 au rythme<\/p>\n","protected":false},"author":2,"featured_media":10395,"comment_status":"closed","ping_status":"open","sticky":false,"template":"","format":"standard","meta":[],"categories":[3,5],"tags":[237],"yoast_head":"<!-- This site is optimized with the Yoast SEO plugin v19.13 - https:\/\/yoast.com\/wordpress\/plugins\/seo\/ -->\n<title>C\u00e9l\u00e9bration de l&#039;anniversaire de KPC : Foi, Reconnaissance et Football au menu \u00e0 Kaloum - UNIVERSNEWS224<\/title>\n<meta name=\"robots\" content=\"index, follow, max-snippet:-1, max-image-preview:large, max-video-preview:-1\" \/>\n<link rel=\"canonical\" href=\"https:\/\/universnews224.com\/index.php\/celebration-de-lanniversaire-de-kpc-foi-reconnaissance-et-football-au-menu-a-kaloum\/\" \/>\n<meta property=\"og:locale\" content=\"fr_FR\" \/>\n<meta property=\"og:type\" content=\"article\" \/>\n<meta property=\"og:title\" content=\"C\u00e9l\u00e9bration de l&#039;anniversaire de KPC : Foi, Reconnaissance et Football au menu \u00e0 Kaloum - UNIVERSNEWS224\" \/>\n<meta property=\"og:description\" content=\"CONAKRY \u2013 Ce dimanche 8 mars 2026, la commune de Kaloum a vibr\u00e9 au rythme\" \/>\n<meta property=\"og:url\" content=\"https:\/\/universnews224.com\/index.php\/celebration-de-lanniversaire-de-kpc-foi-reconnaissance-et-football-au-menu-a-kaloum\/\" \/>\n<meta property=\"og:site_name\" content=\"UNIVERSNEWS224\" \/>\n<meta property=\"article:published_time\" content=\"2026-03-08T17:50:17+00:00\" \/>\n<meta property=\"og:image\" content=\"https:\/\/universnews224.com\/wp-content\/uploads\/2026\/03\/20260308_142558-scaled.jpg\" \/>\n\t<meta property=\"og:image:width\" content=\"2560\" \/>\n\t<meta property=\"og:image:height\" content=\"1441\" \/>\n\t<meta property=\"og:image:type\" content=\"image\/jpeg\" \/>\n<meta name=\"author\" content=\"La R\u00e9daction\" \/>\n<meta name=\"twitter:label1\" content=\"\u00c9crit par\" \/>\n\t<meta name=\"twitter:data1\" content=\"La R\u00e9daction\" \/>\n\t<meta name=\"twitter:label2\" content=\"Dur\u00e9e de lecture estim\u00e9e\" \/>\n\t<meta name=\"twitter:data2\" content=\"3 minutes\" \/>\n<script type=\"application\/ld+json\" class=\"yoast-schema-graph\">{\"@context\":\"https:\/\/schema.org\",\"@graph\":[{\"@type\":\"Article\",\"@id\":\"https:\/\/universnews224.com\/index.php\/celebration-de-lanniversaire-de-kpc-foi-reconnaissance-et-football-au-menu-a-kaloum\/#article\",\"isPartOf\":{\"@id\":\"https:\/\/universnews224.com\/index.php\/celebration-de-lanniversaire-de-kpc-foi-reconnaissance-et-football-au-menu-a-kaloum\/\"},\"author\":{\"name\":\"La R\u00e9daction\",\"@id\":\"https:\/\/universnews224.com\/#\/schema\/person\/a4b7d4f94a4716df60456a491260485e\"},\"headline\":\"C\u00e9l\u00e9bration de l&rsquo;anniversaire de KPC : Foi, Reconnaissance et Football au menu \u00e0 Kaloum\",\"datePublished\":\"2026-03-08T17:50:17+00:00\",\"dateModified\":\"2026-03-08T17:50:17+00:00\",\"mainEntityOfPage\":{\"@id\":\"https:\/\/universnews224.com\/index.php\/celebration-de-lanniversaire-de-kpc-foi-reconnaissance-et-football-au-menu-a-kaloum\/\"},\"wordCount\":503,\"publisher\":{\"@id\":\"https:\/\/universnews224.com\/#organization\"},\"keywords\":[\"A la une\"],\"articleSection\":[\"ACTU\",\"SOCI\u00c9T\u00c9\"],\"inLanguage\":\"fr-FR\"},{\"@type\":\"WebPage\",\"@id\":\"https:\/\/universnews224.com\/index.php\/celebration-de-lanniversaire-de-kpc-foi-reconnaissance-et-football-au-menu-a-kaloum\/\",\"url\":\"https:\/\/universnews224.com\/index.php\/celebration-de-lanniversaire-de-kpc-foi-reconnaissance-et-football-au-menu-a-kaloum\/\",\"name\":\"C\u00e9l\u00e9bration de l'anniversaire de KPC : Foi, Reconnaissance et Football au menu \u00e0 Kaloum - UNIVERSNEWS224\",\"isPartOf\":{\"@id\":\"https:\/\/universnews224.com\/#website\"},\"datePublished\":\"2026-03-08T17:50:17+00:00\",\"dateModified\":\"2026-03-08T17:50:17+00:00\",\"inLanguage\":\"fr-FR\",\"potentialAction\":[{\"@type\":\"ReadAction\",\"target\":[\"https:\/\/universnews224.com\/index.php\/celebration-de-lanniversaire-de-kpc-foi-reconnaissance-et-football-au-menu-a-kaloum\/\"]}]},{\"@type\":\"WebSite\",\"@id\":\"https:\/\/universnews224.com\/#website\",\"url\":\"https:\/\/universnews224.com\/\",\"name\":\"UNIVERSNEWS224\",\"description\":\"\",\"publisher\":{\"@id\":\"https:\/\/universnews224.com\/#organization\"},\"potentialAction\":[{\"@type\":\"SearchAction\",\"target\":{\"@type\":\"EntryPoint\",\"urlTemplate\":\"https:\/\/universnews224.com\/?s={search_term_string}\"},\"query-input\":\"required name=search_term_string\"}],\"inLanguage\":\"fr-FR\"},{\"@type\":\"Organization\",\"@id\":\"https:\/\/universnews224.com\/#organization\",\"name\":\"UNIVERSNEWS224\",\"url\":\"https:\/\/universnews224.com\/\",\"logo\":{\"@type\":\"ImageObject\",\"inLanguage\":\"fr-FR\",\"@id\":\"https:\/\/universnews224.com\/#\/schema\/logo\/image\/\",\"url\":\"https:\/\/universnews224.com\/wp-content\/uploads\/2022\/08\/cropped-cropped-logoban.jpg\",\"contentUrl\":\"https:\/\/universnews224.com\/wp-content\/uploads\/2022\/08\/cropped-cropped-logoban.jpg\",\"width\":1080,\"height\":138,\"caption\":\"UNIVERSNEWS224\"},\"image\":{\"@id\":\"https:\/\/universnews224.com\/#\/schema\/logo\/image\/\"}},{\"@type\":\"Person\",\"@id\":\"https:\/\/universnews224.com\/#\/schema\/person\/a4b7d4f94a4716df60456a491260485e\",\"name\":\"La R\u00e9daction\",\"image\":{\"@type\":\"ImageObject\",\"inLanguage\":\"fr-FR\",\"@id\":\"https:\/\/universnews224.com\/#\/schema\/person\/image\/\",\"url\":\"https:\/\/secure.gravatar.com\/avatar\/edb90acc7752b23e1b3307ad36c14f0d?s=96&d=mm&r=g\",\"contentUrl\":\"https:\/\/secure.gravatar.com\/avatar\/edb90acc7752b23e1b3307ad36c14f0d?s=96&d=mm&r=g\",\"caption\":\"La R\u00e9daction\"},\"sameAs\":[\"https:\/\/universnews224.com\"],\"url\":\"https:\/\/universnews224.com\/index.php\/author\/m-camara\/\"}]}<\/script>\n<!-- \/ Yoast SEO plugin. -->","yoast_head_json":{"title":"C\u00e9l\u00e9bration de l'anniversaire de KPC : Foi, Reconnaissance et Football au menu \u00e0 Kaloum - UNIVERSNEWS224","robots":{"index":"index","follow":"follow","max-snippet":"max-snippet:-1","max-image-preview":"max-image-preview:large","max-video-preview":"max-video-preview:-1"},"canonical":"https:\/\/universnews224.com\/index.php\/celebration-de-lanniversaire-de-kpc-foi-reconnaissance-et-football-au-menu-a-kaloum\/","og_locale":"fr_FR","og_type":"article","og_title":"C\u00e9l\u00e9bration de l'anniversaire de KPC : Foi, Reconnaissance et Football au menu \u00e0 Kaloum - UNIVERSNEWS224","og_description":"CONAKRY \u2013 Ce dimanche 8 mars 2026, la commune de Kaloum a vibr\u00e9 au rythme","og_url":"https:\/\/universnews224.com\/index.php\/celebration-de-lanniversaire-de-kpc-foi-reconnaissance-et-football-au-menu-a-kaloum\/","og_site_name":"UNIVERSNEWS224","article_published_time":"2026-03-08T17:50:17+00:00","og_image":[{"width":2560,"height":1441,"url":"https:\/\/universnews224.com\/wp-content\/uploads\/2026\/03\/20260308_142558-scaled.jpg","type":"image\/jpeg"}],"author":"La R\u00e9daction","twitter_misc":{"\u00c9crit par":"La R\u00e9daction","Dur\u00e9e de lecture estim\u00e9e":"3 minutes"},"schema":{"@context":"https:\/\/schema.org","@graph":[{"@type":"Article","@id":"https:\/\/universnews224.com\/index.php\/celebration-de-lanniversaire-de-kpc-foi-reconnaissance-et-football-au-menu-a-kaloum\/#article","isPartOf":{"@id":"https:\/\/universnews224.com\/index.php\/celebration-de-lanniversaire-de-kpc-foi-reconnaissance-et-football-au-menu-a-kaloum\/"},"author":{"name":"La R\u00e9daction","@id":"https:\/\/universnews224.com\/#\/schema\/person\/a4b7d4f94a4716df60456a491260485e"},"headline":"C\u00e9l\u00e9bration de l&rsquo;anniversaire de KPC : Foi, Reconnaissance et Football au menu \u00e0 Kaloum","datePublished":"2026-03-08T17:50:17+00:00","dateModified":"2026-03-08T17:50:17+00:00","mainEntityOfPage":{"@id":"https:\/\/universnews224.com\/index.php\/celebration-de-lanniversaire-de-kpc-foi-reconnaissance-et-football-au-menu-a-kaloum\/"},"wordCount":503,"publisher":{"@id":"https:\/\/universnews224.com\/#organization"},"keywords":["A la une"],"articleSection":["ACTU","SOCI\u00c9T\u00c9"],"inLanguage":"fr-FR"},{"@type":"WebPage","@id":"https:\/\/universnews224.com\/index.php\/celebration-de-lanniversaire-de-kpc-foi-reconnaissance-et-football-au-menu-a-kaloum\/","url":"https:\/\/universnews224.com\/index.php\/celebration-de-lanniversaire-de-kpc-foi-reconnaissance-et-football-au-menu-a-kaloum\/","name":"C\u00e9l\u00e9bration de l'anniversaire de KPC : Foi, Reconnaissance et Football au menu \u00e0 Kaloum - UNIVERSNEWS224","isPartOf":{"@id":"https:\/\/universnews224.com\/#website"},"datePublished":"2026-03-08T17:50:17+00:00","dateModified":"2026-03-08T17:50:17+00:00","inLanguage":"fr-FR","potentialAction":[{"@type":"ReadAction","target":["https:\/\/universnews224.com\/index.php\/celebration-de-lanniversaire-de-kpc-foi-reconnaissance-et-football-au-menu-a-kaloum\/"]}]},{"@type":"WebSite","@id":"https:\/\/universnews224.com\/#website","url":"https:\/\/universnews224.com\/","name":"UNIVERSNEWS224","description":"","publisher":{"@id":"https:\/\/universnews224.com\/#organization"},"potentialAction":[{"@type":"SearchAction","target":{"@type":"EntryPoint","urlTemplate":"https:\/\/universnews224.com\/?s={search_term_string}"},"query-input":"required name=search_term_string"}],"inLanguage":"fr-FR"},{"@type":"Organization","@id":"https:\/\/universnews224.com\/#organization","name":"UNIVERSNEWS224","url":"https:\/\/universnews224.com\/","logo":{"@type":"ImageObject","inLanguage":"fr-FR","@id":"https:\/\/universnews224.com\/#\/schema\/logo\/image\/","url":"https:\/\/universnews224.com\/wp-content\/uploads\/2022\/08\/cropped-cropped-logoban.jpg","contentUrl":"https:\/\/universnews224.com\/wp-content\/uploads\/2022\/08\/cropped-cropped-logoban.jpg","width":1080,"height":138,"caption":"UNIVERSNEWS224"},"image":{"@id":"https:\/\/universnews224.com\/#\/schema\/logo\/image\/"}},{"@type":"Person","@id":"https:\/\/universnews224.com\/#\/schema\/person\/a4b7d4f94a4716df60456a491260485e","name":"La R\u00e9daction","image":{"@type":"ImageObject","inLanguage":"fr-FR","@id":"https:\/\/universnews224.com\/#\/schema\/person\/image\/","url":"https:\/\/secure.gravatar.com\/avatar\/edb90acc7752b23e1b3307ad36c14f0d?s=96&d=mm&r=g","contentUrl":"https:\/\/secure.gravatar.com\/avatar\/edb90acc7752b23e1b3307ad36c14f0d?s=96&d=mm&r=g","caption":"La R\u00e9daction"},"sameAs":["https:\/\/universnews224.com"],"url":"https:\/\/universnews224.com\/index.php\/author\/m-camara\/"}]}},"_links":{"self":[{"href":"https:\/\/universnews224.com\/index.php\/wp-json\/wp\/v2\/posts\/10392"}],"collection":[{"href":"https:\/\/universnews224.com\/index.php\/wp-json\/wp\/v2\/posts"}],"about":[{"href":"https:\/\/universnews224.com\/index.php\/wp-json\/wp\/v2\/types\/post"}],"author":[{"embeddable":true,"href":"https:\/\/universnews224.com\/index.php\/wp-json\/wp\/v2\/users\/2"}],"replies":[{"embeddable":true,"href":"https:\/\/universnews224.com\/index.php\/wp-json\/wp\/v2\/comments?post=10392"}],"version-history":[{"count":1,"href":"https:\/\/universnews224.com\/index.php\/wp-json\/wp\/v2\/posts\/10392\/revisions"}],"predecessor-version":[{"id":10398,"href":"https:\/\/universnews224.com\/index.php\/wp-json\/wp\/v2\/posts\/10392\/revisions\/10398"}],"wp:featuredmedia":[{"embeddable":true,"href":"https:\/\/universnews224.com\/index.php\/wp-json\/wp\/v2\/media\/10395"}],"wp:attachment":[{"href":"https:\/\/universnews224.com\/index.php\/wp-json\/wp\/v2\/media?parent=10392"}],"wp:term":[{"taxonomy":"category","embeddable":true,"href":"https:\/\/universnews224.com\/index.php\/wp-json\/wp\/v2\/categories?post=10392"},{"taxonomy":"post_tag","embeddable":true,"href":"https:\/\/universnews224.com\/index.php\/wp-json\/wp\/v2\/tags?post=10392"}],"curies":[{"name":"wp","href":"https:\/\/api.w.org\/{rel}","templated":true}]}}