{"id":10405,"date":"2026-03-10T11:35:42","date_gmt":"2026-03-10T10:35:42","guid":{"rendered":"https:\/\/universnews224.com\/?p=10405"},"modified":"2026-03-10T11:35:42","modified_gmt":"2026-03-10T10:35:42","slug":"boffa-en-deuil-le-patriarche-elhadj-kounou-modou-camara-ancien-combattant-de-la-seconde-guerre-mondiale-est-decede","status":"publish","type":"post","link":"https:\/\/universnews224.com\/index.php\/boffa-en-deuil-le-patriarche-elhadj-kounou-modou-camara-ancien-combattant-de-la-seconde-guerre-mondiale-est-decede\/","title":{"rendered":"Boffa en deuil : le patriarche Elhadj Kounou Modou Camara, ancien combattant de la Seconde Guerre mondiale est d\u00e9c\u00e9d\u00e9"},"content":{"rendered":"<p>La pr\u00e9fecture de Boffa, et plus particuli\u00e8rement la communaut\u00e9 Baga, est plong\u00e9e dans l\u2019affliction. Nous avons le regret d\u2019annoncer le d\u00e9c\u00e8s du patriarche Elhadj Kounou Modou Camara, survenu ce mardi 10 mars 2026 \u00e0 Dibensy (Monchon), dans la sous-pr\u00e9fecture de Tougnifily, des suites d\u2019une maladie.<br \/>\n<b>Un h\u00e9ros de l\u2019histoire guin\u00e9enne<\/b><br \/>\n\u200b<a href=\"https:\/\/flammeguinee.com\/index.php\/boffa-en-deuil-le-patriarche-elhadj-kounou-modou-camara-ancien-combattant-de-la-seconde-guerre-mondiale-est-decede\/attachment\/1773129009507\/\" rel=\"attachment wp-att-29606\"><img loading=\"lazy\" class=\"size-medium wp-image-29606 aligncenter td-animation-stack-type0-2\" src=\"https:\/\/flammeguinee.com\/wp-content\/uploads\/2026\/03\/1773129009507-225x300.jpg\" alt=\"\" width=\"225\" height=\"300\" \/><\/a>La disparition d\u2019Elhadj Kounou Modou Camara est une perte immense pour la nation. Figure embl\u00e9matique et respect\u00e9e, il a servi avec une loyaut\u00e9 exemplaire. Ancien combattant, il fit partie de ces braves soldats guin\u00e9ens engag\u00e9s sur les fronts de la Seconde Guerre mondiale pour la lib\u00e9ration de la France. Son parcours reste un t\u00e9moignage vivant de courage et de d\u00e9vouement.<br \/>\n<b>Obs\u00e8ques<\/b><br \/>\nConform\u00e9ment aux rites fun\u00e9raires, l\u2019inhumation du patriarche aura lieu ce m\u00eame jour,\u00a0<b>mardi 10 mars 2026<\/b>, \u00e0 Dibensy (Monchon), son village natal, apr\u00e8s la pri\u00e8re de 14 heures.<br \/>\n<b>Condol\u00e9ances officielles<\/b><\/p>\n<p>En cette douloureuse circonstance, l\u2019information est port\u00e9e \u00e0 la haute attention de :<br \/>\n<b><a href=\"https:\/\/flammeguinee.com\/index.php\/boffa-en-deuil-le-patriarche-elhadj-kounou-modou-camara-ancien-combattant-de-la-seconde-guerre-mondiale-est-decede\/1665159762646-1-1-3\/\" rel=\"attachment wp-att-29603\"><img loading=\"lazy\" class=\"size-medium wp-image-29603 aligncenter td-animation-stack-type0-2\" src=\"https:\/\/flammeguinee.com\/wp-content\/uploads\/2026\/03\/1665159762646-1-1-300x200.jpg\" alt=\"\" width=\"300\" height=\"200\" \/><\/a>Son Excellence le G\u00e9n\u00e9ral de Corps d\u2019Arm\u00e9e Mamadi Doumbouya<\/b>, Pr\u00e9sident de la R\u00e9publique ;<br \/>\n\u2022 \u200b<b>Monsieur Amadou Oury Bah<\/b>, Premier Ministre, Chef du Gouvernement ;<br \/>\n\u2022 \u200bL\u2019ensemble des membres du Gouvernement ;<br \/>\n\u2022 \u200bLa Direction G\u00e9n\u00e9rale des Pensions Militaires, \u2022 \u200bLe Minist\u00e8re de l\u2019Action Sociale, de la Promotion F\u00e9minine et des Personnes Vuln\u00e9rables.<\/p>\n<p>La r\u00e9daction de\u00a0<i>flammeguinee.com<\/i>\u00a0pr\u00e9sente ses condol\u00e9ances les plus attrist\u00e9es \u00e0 la famille \u00e9plor\u00e9e et au peuple de Guin\u00e9e.<\/p>\n<p><b>Par flammeguinee.com<\/b><br \/>\n<b>Contact : 628 98 46 60<\/b><\/p>\n","protected":false},"excerpt":{"rendered":"<p>La pr\u00e9fecture de Boffa, et plus particuli\u00e8rement la communaut\u00e9 Baga, est plong\u00e9e dans l\u2019affliction. Nous<\/p>\n","protected":false},"author":2,"featured_media":10406,"comment_status":"closed","ping_status":"open","sticky":false,"template":"","format":"standard","meta":[],"categories":[3,5],"tags":[237],"yoast_head":"<!-- This site is optimized with the Yoast SEO plugin v19.13 - https:\/\/yoast.com\/wordpress\/plugins\/seo\/ -->\n<title>Boffa en deuil : le patriarche Elhadj Kounou Modou Camara, ancien combattant de la Seconde Guerre mondiale est d\u00e9c\u00e9d\u00e9 - UNIVERSNEWS224<\/title>\n<meta name=\"robots\" content=\"index, follow, max-snippet:-1, max-image-preview:large, max-video-preview:-1\" \/>\n<link rel=\"canonical\" href=\"https:\/\/universnews224.com\/index.php\/boffa-en-deuil-le-patriarche-elhadj-kounou-modou-camara-ancien-combattant-de-la-seconde-guerre-mondiale-est-decede\/\" \/>\n<meta property=\"og:locale\" content=\"fr_FR\" \/>\n<meta property=\"og:type\" content=\"article\" \/>\n<meta property=\"og:title\" content=\"Boffa en deuil : le patriarche Elhadj Kounou Modou Camara, ancien combattant de la Seconde Guerre mondiale est d\u00e9c\u00e9d\u00e9 - UNIVERSNEWS224\" \/>\n<meta property=\"og:description\" content=\"La pr\u00e9fecture de Boffa, et plus particuli\u00e8rement la communaut\u00e9 Baga, est plong\u00e9e dans l\u2019affliction. Nous\" \/>\n<meta property=\"og:url\" content=\"https:\/\/universnews224.com\/index.php\/boffa-en-deuil-le-patriarche-elhadj-kounou-modou-camara-ancien-combattant-de-la-seconde-guerre-mondiale-est-decede\/\" \/>\n<meta property=\"og:site_name\" content=\"UNIVERSNEWS224\" \/>\n<meta property=\"article:published_time\" content=\"2026-03-10T10:35:42+00:00\" \/>\n<meta property=\"og:image\" content=\"https:\/\/universnews224.com\/wp-content\/uploads\/2026\/03\/FB_IMG_1773128899143.jpg\" \/>\n\t<meta property=\"og:image:width\" content=\"1440\" \/>\n\t<meta property=\"og:image:height\" content=\"996\" \/>\n\t<meta property=\"og:image:type\" content=\"image\/jpeg\" \/>\n<meta name=\"author\" content=\"La R\u00e9daction\" \/>\n<meta name=\"twitter:label1\" content=\"\u00c9crit par\" \/>\n\t<meta name=\"twitter:data1\" content=\"La R\u00e9daction\" \/>\n\t<meta name=\"twitter:label2\" content=\"Dur\u00e9e de lecture estim\u00e9e\" \/>\n\t<meta name=\"twitter:data2\" content=\"2 minutes\" \/>\n<script type=\"application\/ld+json\" class=\"yoast-schema-graph\">{\"@context\":\"https:\/\/schema.org\",\"@graph\":[{\"@type\":\"Article\",\"@id\":\"https:\/\/universnews224.com\/index.php\/boffa-en-deuil-le-patriarche-elhadj-kounou-modou-camara-ancien-combattant-de-la-seconde-guerre-mondiale-est-decede\/#article\",\"isPartOf\":{\"@id\":\"https:\/\/universnews224.com\/index.php\/boffa-en-deuil-le-patriarche-elhadj-kounou-modou-camara-ancien-combattant-de-la-seconde-guerre-mondiale-est-decede\/\"},\"author\":{\"name\":\"La R\u00e9daction\",\"@id\":\"https:\/\/universnews224.com\/#\/schema\/person\/a4b7d4f94a4716df60456a491260485e\"},\"headline\":\"Boffa en deuil : le patriarche Elhadj Kounou Modou Camara, ancien combattant de la Seconde Guerre mondiale est d\u00e9c\u00e9d\u00e9\",\"datePublished\":\"2026-03-10T10:35:42+00:00\",\"dateModified\":\"2026-03-10T10:35:42+00:00\",\"mainEntityOfPage\":{\"@id\":\"https:\/\/universnews224.com\/index.php\/boffa-en-deuil-le-patriarche-elhadj-kounou-modou-camara-ancien-combattant-de-la-seconde-guerre-mondiale-est-decede\/\"},\"wordCount\":283,\"publisher\":{\"@id\":\"https:\/\/universnews224.com\/#organization\"},\"keywords\":[\"A la une\"],\"articleSection\":[\"ACTU\",\"SOCI\u00c9T\u00c9\"],\"inLanguage\":\"fr-FR\"},{\"@type\":\"WebPage\",\"@id\":\"https:\/\/universnews224.com\/index.php\/boffa-en-deuil-le-patriarche-elhadj-kounou-modou-camara-ancien-combattant-de-la-seconde-guerre-mondiale-est-decede\/\",\"url\":\"https:\/\/universnews224.com\/index.php\/boffa-en-deuil-le-patriarche-elhadj-kounou-modou-camara-ancien-combattant-de-la-seconde-guerre-mondiale-est-decede\/\",\"name\":\"Boffa en deuil : le patriarche Elhadj Kounou Modou Camara, ancien combattant de la Seconde Guerre mondiale est d\u00e9c\u00e9d\u00e9 - UNIVERSNEWS224\",\"isPartOf\":{\"@id\":\"https:\/\/universnews224.com\/#website\"},\"datePublished\":\"2026-03-10T10:35:42+00:00\",\"dateModified\":\"2026-03-10T10:35:42+00:00\",\"inLanguage\":\"fr-FR\",\"potentialAction\":[{\"@type\":\"ReadAction\",\"target\":[\"https:\/\/universnews224.com\/index.php\/boffa-en-deuil-le-patriarche-elhadj-kounou-modou-camara-ancien-combattant-de-la-seconde-guerre-mondiale-est-decede\/\"]}]},{\"@type\":\"WebSite\",\"@id\":\"https:\/\/universnews224.com\/#website\",\"url\":\"https:\/\/universnews224.com\/\",\"name\":\"UNIVERSNEWS224\",\"description\":\"\",\"publisher\":{\"@id\":\"https:\/\/universnews224.com\/#organization\"},\"potentialAction\":[{\"@type\":\"SearchAction\",\"target\":{\"@type\":\"EntryPoint\",\"urlTemplate\":\"https:\/\/universnews224.com\/?s={search_term_string}\"},\"query-input\":\"required name=search_term_string\"}],\"inLanguage\":\"fr-FR\"},{\"@type\":\"Organization\",\"@id\":\"https:\/\/universnews224.com\/#organization\",\"name\":\"UNIVERSNEWS224\",\"url\":\"https:\/\/universnews224.com\/\",\"logo\":{\"@type\":\"ImageObject\",\"inLanguage\":\"fr-FR\",\"@id\":\"https:\/\/universnews224.com\/#\/schema\/logo\/image\/\",\"url\":\"https:\/\/universnews224.com\/wp-content\/uploads\/2022\/08\/cropped-cropped-logoban.jpg\",\"contentUrl\":\"https:\/\/universnews224.com\/wp-content\/uploads\/2022\/08\/cropped-cropped-logoban.jpg\",\"width\":1080,\"height\":138,\"caption\":\"UNIVERSNEWS224\"},\"image\":{\"@id\":\"https:\/\/universnews224.com\/#\/schema\/logo\/image\/\"}},{\"@type\":\"Person\",\"@id\":\"https:\/\/universnews224.com\/#\/schema\/person\/a4b7d4f94a4716df60456a491260485e\",\"name\":\"La R\u00e9daction\",\"image\":{\"@type\":\"ImageObject\",\"inLanguage\":\"fr-FR\",\"@id\":\"https:\/\/universnews224.com\/#\/schema\/person\/image\/\",\"url\":\"https:\/\/secure.gravatar.com\/avatar\/edb90acc7752b23e1b3307ad36c14f0d?s=96&d=mm&r=g\",\"contentUrl\":\"https:\/\/secure.gravatar.com\/avatar\/edb90acc7752b23e1b3307ad36c14f0d?s=96&d=mm&r=g\",\"caption\":\"La R\u00e9daction\"},\"sameAs\":[\"https:\/\/universnews224.com\"],\"url\":\"https:\/\/universnews224.com\/index.php\/author\/m-camara\/\"}]}<\/script>\n<!-- \/ Yoast SEO plugin. -->","yoast_head_json":{"title":"Boffa en deuil : le patriarche Elhadj Kounou Modou Camara, ancien combattant de la Seconde Guerre mondiale est d\u00e9c\u00e9d\u00e9 - UNIVERSNEWS224","robots":{"index":"index","follow":"follow","max-snippet":"max-snippet:-1","max-image-preview":"max-image-preview:large","max-video-preview":"max-video-preview:-1"},"canonical":"https:\/\/universnews224.com\/index.php\/boffa-en-deuil-le-patriarche-elhadj-kounou-modou-camara-ancien-combattant-de-la-seconde-guerre-mondiale-est-decede\/","og_locale":"fr_FR","og_type":"article","og_title":"Boffa en deuil : le patriarche Elhadj Kounou Modou Camara, ancien combattant de la Seconde Guerre mondiale est d\u00e9c\u00e9d\u00e9 - UNIVERSNEWS224","og_description":"La pr\u00e9fecture de Boffa, et plus particuli\u00e8rement la communaut\u00e9 Baga, est plong\u00e9e dans l\u2019affliction. Nous","og_url":"https:\/\/universnews224.com\/index.php\/boffa-en-deuil-le-patriarche-elhadj-kounou-modou-camara-ancien-combattant-de-la-seconde-guerre-mondiale-est-decede\/","og_site_name":"UNIVERSNEWS224","article_published_time":"2026-03-10T10:35:42+00:00","og_image":[{"width":1440,"height":996,"url":"https:\/\/universnews224.com\/wp-content\/uploads\/2026\/03\/FB_IMG_1773128899143.jpg","type":"image\/jpeg"}],"author":"La R\u00e9daction","twitter_misc":{"\u00c9crit par":"La R\u00e9daction","Dur\u00e9e de lecture estim\u00e9e":"2 minutes"},"schema":{"@context":"https:\/\/schema.org","@graph":[{"@type":"Article","@id":"https:\/\/universnews224.com\/index.php\/boffa-en-deuil-le-patriarche-elhadj-kounou-modou-camara-ancien-combattant-de-la-seconde-guerre-mondiale-est-decede\/#article","isPartOf":{"@id":"https:\/\/universnews224.com\/index.php\/boffa-en-deuil-le-patriarche-elhadj-kounou-modou-camara-ancien-combattant-de-la-seconde-guerre-mondiale-est-decede\/"},"author":{"name":"La R\u00e9daction","@id":"https:\/\/universnews224.com\/#\/schema\/person\/a4b7d4f94a4716df60456a491260485e"},"headline":"Boffa en deuil : le patriarche Elhadj Kounou Modou Camara, ancien combattant de la Seconde Guerre mondiale est d\u00e9c\u00e9d\u00e9","datePublished":"2026-03-10T10:35:42+00:00","dateModified":"2026-03-10T10:35:42+00:00","mainEntityOfPage":{"@id":"https:\/\/universnews224.com\/index.php\/boffa-en-deuil-le-patriarche-elhadj-kounou-modou-camara-ancien-combattant-de-la-seconde-guerre-mondiale-est-decede\/"},"wordCount":283,"publisher":{"@id":"https:\/\/universnews224.com\/#organization"},"keywords":["A la une"],"articleSection":["ACTU","SOCI\u00c9T\u00c9"],"inLanguage":"fr-FR"},{"@type":"WebPage","@id":"https:\/\/universnews224.com\/index.php\/boffa-en-deuil-le-patriarche-elhadj-kounou-modou-camara-ancien-combattant-de-la-seconde-guerre-mondiale-est-decede\/","url":"https:\/\/universnews224.com\/index.php\/boffa-en-deuil-le-patriarche-elhadj-kounou-modou-camara-ancien-combattant-de-la-seconde-guerre-mondiale-est-decede\/","name":"Boffa en deuil : le patriarche Elhadj Kounou Modou Camara, ancien combattant de la Seconde Guerre mondiale est d\u00e9c\u00e9d\u00e9 - UNIVERSNEWS224","isPartOf":{"@id":"https:\/\/universnews224.com\/#website"},"datePublished":"2026-03-10T10:35:42+00:00","dateModified":"2026-03-10T10:35:42+00:00","inLanguage":"fr-FR","potentialAction":[{"@type":"ReadAction","target":["https:\/\/universnews224.com\/index.php\/boffa-en-deuil-le-patriarche-elhadj-kounou-modou-camara-ancien-combattant-de-la-seconde-guerre-mondiale-est-decede\/"]}]},{"@type":"WebSite","@id":"https:\/\/universnews224.com\/#website","url":"https:\/\/universnews224.com\/","name":"UNIVERSNEWS224","description":"","publisher":{"@id":"https:\/\/universnews224.com\/#organization"},"potentialAction":[{"@type":"SearchAction","target":{"@type":"EntryPoint","urlTemplate":"https:\/\/universnews224.com\/?s={search_term_string}"},"query-input":"required name=search_term_string"}],"inLanguage":"fr-FR"},{"@type":"Organization","@id":"https:\/\/universnews224.com\/#organization","name":"UNIVERSNEWS224","url":"https:\/\/universnews224.com\/","logo":{"@type":"ImageObject","inLanguage":"fr-FR","@id":"https:\/\/universnews224.com\/#\/schema\/logo\/image\/","url":"https:\/\/universnews224.com\/wp-content\/uploads\/2022\/08\/cropped-cropped-logoban.jpg","contentUrl":"https:\/\/universnews224.com\/wp-content\/uploads\/2022\/08\/cropped-cropped-logoban.jpg","width":1080,"height":138,"caption":"UNIVERSNEWS224"},"image":{"@id":"https:\/\/universnews224.com\/#\/schema\/logo\/image\/"}},{"@type":"Person","@id":"https:\/\/universnews224.com\/#\/schema\/person\/a4b7d4f94a4716df60456a491260485e","name":"La R\u00e9daction","image":{"@type":"ImageObject","inLanguage":"fr-FR","@id":"https:\/\/universnews224.com\/#\/schema\/person\/image\/","url":"https:\/\/secure.gravatar.com\/avatar\/edb90acc7752b23e1b3307ad36c14f0d?s=96&d=mm&r=g","contentUrl":"https:\/\/secure.gravatar.com\/avatar\/edb90acc7752b23e1b3307ad36c14f0d?s=96&d=mm&r=g","caption":"La R\u00e9daction"},"sameAs":["https:\/\/universnews224.com"],"url":"https:\/\/universnews224.com\/index.php\/author\/m-camara\/"}]}},"_links":{"self":[{"href":"https:\/\/universnews224.com\/index.php\/wp-json\/wp\/v2\/posts\/10405"}],"collection":[{"href":"https:\/\/universnews224.com\/index.php\/wp-json\/wp\/v2\/posts"}],"about":[{"href":"https:\/\/universnews224.com\/index.php\/wp-json\/wp\/v2\/types\/post"}],"author":[{"embeddable":true,"href":"https:\/\/universnews224.com\/index.php\/wp-json\/wp\/v2\/users\/2"}],"replies":[{"embeddable":true,"href":"https:\/\/universnews224.com\/index.php\/wp-json\/wp\/v2\/comments?post=10405"}],"version-history":[{"count":1,"href":"https:\/\/universnews224.com\/index.php\/wp-json\/wp\/v2\/posts\/10405\/revisions"}],"predecessor-version":[{"id":10407,"href":"https:\/\/universnews224.com\/index.php\/wp-json\/wp\/v2\/posts\/10405\/revisions\/10407"}],"wp:featuredmedia":[{"embeddable":true,"href":"https:\/\/universnews224.com\/index.php\/wp-json\/wp\/v2\/media\/10406"}],"wp:attachment":[{"href":"https:\/\/universnews224.com\/index.php\/wp-json\/wp\/v2\/media?parent=10405"}],"wp:term":[{"taxonomy":"category","embeddable":true,"href":"https:\/\/universnews224.com\/index.php\/wp-json\/wp\/v2\/categories?post=10405"},{"taxonomy":"post_tag","embeddable":true,"href":"https:\/\/universnews224.com\/index.php\/wp-json\/wp\/v2\/tags?post=10405"}],"curies":[{"name":"wp","href":"https:\/\/api.w.org\/{rel}","templated":true}]}}