{"id":10408,"date":"2026-03-11T00:22:13","date_gmt":"2026-03-10T23:22:13","guid":{"rendered":"https:\/\/universnews224.com\/?p=10408"},"modified":"2026-03-14T05:01:01","modified_gmt":"2026-03-14T04:01:01","slug":"decret-presidentiel-vaste-mouvement-au-sein-de-la-haute-hierarchie-militaire-guineenne-dans-un-decret-lu-dans-la-soiree-de-ce-mardi-10-mars-2026-a-la-television-nationale-le-president-de-la-repub","status":"publish","type":"post","link":"https:\/\/universnews224.com\/index.php\/decret-presidentiel-vaste-mouvement-au-sein-de-la-haute-hierarchie-militaire-guineenne-dans-un-decret-lu-dans-la-soiree-de-ce-mardi-10-mars-2026-a-la-television-nationale-le-president-de-la-repub\/","title":{"rendered":""},"content":{"rendered":"<p>Dans un d\u00e9cret lu dans la soir\u00e9e de ce mardi 10 mars 2026 \u00e0 la t\u00e9l\u00e9vision nationale, le pr\u00e9sident de la R\u00e9publique, Mamadi Doumbouya, a proc\u00e9d\u00e9 \u00e0 la nomination de plusieurs officiers g\u00e9n\u00e9raux et officiers sup\u00e9rieurs au d\u00e9partement en charge de la D\u00e9fense nationale.<\/p>\n<p>Il s&rsquo;agit:<\/p>\n<p>1- Inspecteur g\u00e9n\u00e9ral des Forces arm\u00e9es : g\u00e9n\u00e9ral de brigade S\u00e9na Camara, matricule : 14207-G ;<\/p>\n<p>2- Inspecteur g\u00e9n\u00e9ral adjoint des Arm\u00e9es : g\u00e9n\u00e9ral de brigade Boubacar Barry, matricule : 26708-G ;<\/p>\n<p>&nbsp;<\/p>\n<p>3- Secr\u00e9taire g\u00e9n\u00e9ral de l\u2019\u00c9tat-Major g\u00e9n\u00e9ral des Arm\u00e9es : g\u00e9n\u00e9ral de brigade N\u2019Famara Oular\u00e9, matricule : 18108-G ;<\/p>\n<p>4- Directeur des Op\u00e9rations, du Plan et de l\u2019Emploi des Forces : g\u00e9n\u00e9ral de brigade Amidou Soumah, matricule : 27299-G ;<\/p>\n<p>5- Commandant du Bataillon autonome de Bok\u00e9 : colonel Ibrahima Sadio Diallo, matricule : 25277-G ;<\/p>\n<p>6- Commandant du Bataillon d\u2019infanterie de Siguiri : colonel Sand\u00e9 Tour\u00e9, matricule : 18927-G ;<\/p>\n<p>7- Commandant du Bataillon d\u2019infanterie de Koundara : colonel Lancinet Keita, matricule : 17572-G ;<\/p>\n<p>8- Commandant du Bataillon d\u2019infanterie de Beyla : colonel Isidor Kalit\u00e9 Camara, matricule : 25108-G<\/p>\n<p>&nbsp;<\/p>\n","protected":false},"excerpt":{"rendered":"<p>Dans un d\u00e9cret lu dans la soir\u00e9e de ce mardi 10 mars 2026 \u00e0 la<\/p>\n","protected":false},"author":2,"featured_media":10409,"comment_status":"closed","ping_status":"open","sticky":false,"template":"","format":"standard","meta":[],"categories":[3,4],"tags":[237],"yoast_head":"<!-- This site is optimized with the Yoast SEO plugin v19.13 - https:\/\/yoast.com\/wordpress\/plugins\/seo\/ -->\n<title>- UNIVERSNEWS224<\/title>\n<meta name=\"robots\" content=\"index, follow, max-snippet:-1, max-image-preview:large, max-video-preview:-1\" \/>\n<link rel=\"canonical\" href=\"https:\/\/universnews224.com\/index.php\/decret-presidentiel-vaste-mouvement-au-sein-de-la-haute-hierarchie-militaire-guineenne-dans-un-decret-lu-dans-la-soiree-de-ce-mardi-10-mars-2026-a-la-television-nationale-le-president-de-la-repub\/\" \/>\n<meta property=\"og:locale\" content=\"fr_FR\" \/>\n<meta property=\"og:type\" content=\"article\" \/>\n<meta property=\"og:title\" content=\"- UNIVERSNEWS224\" \/>\n<meta property=\"og:description\" content=\"Dans un d\u00e9cret lu dans la soir\u00e9e de ce mardi 10 mars 2026 \u00e0 la\" \/>\n<meta property=\"og:url\" content=\"https:\/\/universnews224.com\/index.php\/decret-presidentiel-vaste-mouvement-au-sein-de-la-haute-hierarchie-militaire-guineenne-dans-un-decret-lu-dans-la-soiree-de-ce-mardi-10-mars-2026-a-la-television-nationale-le-president-de-la-repub\/\" \/>\n<meta property=\"og:site_name\" content=\"UNIVERSNEWS224\" \/>\n<meta property=\"article:published_time\" content=\"2026-03-10T23:22:13+00:00\" \/>\n<meta property=\"article:modified_time\" content=\"2026-03-14T04:01:01+00:00\" \/>\n<meta property=\"og:image\" content=\"https:\/\/universnews224.com\/wp-content\/uploads\/2026\/03\/Colonel-Doumbouya.jpg\" \/>\n\t<meta property=\"og:image:width\" content=\"870\" \/>\n\t<meta property=\"og:image:height\" content=\"522\" \/>\n\t<meta property=\"og:image:type\" content=\"image\/jpeg\" \/>\n<meta name=\"author\" content=\"La R\u00e9daction\" \/>\n<meta name=\"twitter:label1\" content=\"\u00c9crit par\" \/>\n\t<meta name=\"twitter:data1\" content=\"La R\u00e9daction\" \/>\n\t<meta name=\"twitter:label2\" content=\"Dur\u00e9e de lecture estim\u00e9e\" \/>\n\t<meta name=\"twitter:data2\" content=\"1 minute\" \/>\n<script type=\"application\/ld+json\" class=\"yoast-schema-graph\">{\"@context\":\"https:\/\/schema.org\",\"@graph\":[{\"@type\":\"Article\",\"@id\":\"https:\/\/universnews224.com\/index.php\/decret-presidentiel-vaste-mouvement-au-sein-de-la-haute-hierarchie-militaire-guineenne-dans-un-decret-lu-dans-la-soiree-de-ce-mardi-10-mars-2026-a-la-television-nationale-le-president-de-la-repub\/#article\",\"isPartOf\":{\"@id\":\"https:\/\/universnews224.com\/index.php\/decret-presidentiel-vaste-mouvement-au-sein-de-la-haute-hierarchie-militaire-guineenne-dans-un-decret-lu-dans-la-soiree-de-ce-mardi-10-mars-2026-a-la-television-nationale-le-president-de-la-repub\/\"},\"author\":{\"name\":\"La R\u00e9daction\",\"@id\":\"https:\/\/universnews224.com\/#\/schema\/person\/a4b7d4f94a4716df60456a491260485e\"},\"headline\":\"Aucun titre\",\"datePublished\":\"2026-03-10T23:22:13+00:00\",\"dateModified\":\"2026-03-14T04:01:01+00:00\",\"mainEntityOfPage\":{\"@id\":\"https:\/\/universnews224.com\/index.php\/decret-presidentiel-vaste-mouvement-au-sein-de-la-haute-hierarchie-militaire-guineenne-dans-un-decret-lu-dans-la-soiree-de-ce-mardi-10-mars-2026-a-la-television-nationale-le-president-de-la-repub\/\"},\"wordCount\":193,\"publisher\":{\"@id\":\"https:\/\/universnews224.com\/#organization\"},\"keywords\":[\"A la une\"],\"articleSection\":[\"ACTU\",\"POLITIQUE\"],\"inLanguage\":\"fr-FR\"},{\"@type\":\"WebPage\",\"@id\":\"https:\/\/universnews224.com\/index.php\/decret-presidentiel-vaste-mouvement-au-sein-de-la-haute-hierarchie-militaire-guineenne-dans-un-decret-lu-dans-la-soiree-de-ce-mardi-10-mars-2026-a-la-television-nationale-le-president-de-la-repub\/\",\"url\":\"https:\/\/universnews224.com\/index.php\/decret-presidentiel-vaste-mouvement-au-sein-de-la-haute-hierarchie-militaire-guineenne-dans-un-decret-lu-dans-la-soiree-de-ce-mardi-10-mars-2026-a-la-television-nationale-le-president-de-la-repub\/\",\"name\":\"- UNIVERSNEWS224\",\"isPartOf\":{\"@id\":\"https:\/\/universnews224.com\/#website\"},\"datePublished\":\"2026-03-10T23:22:13+00:00\",\"dateModified\":\"2026-03-14T04:01:01+00:00\",\"breadcrumb\":{\"@id\":\"https:\/\/universnews224.com\/index.php\/decret-presidentiel-vaste-mouvement-au-sein-de-la-haute-hierarchie-militaire-guineenne-dans-un-decret-lu-dans-la-soiree-de-ce-mardi-10-mars-2026-a-la-television-nationale-le-president-de-la-repub\/#breadcrumb\"},\"inLanguage\":\"fr-FR\",\"potentialAction\":[{\"@type\":\"ReadAction\",\"target\":[\"https:\/\/universnews224.com\/index.php\/decret-presidentiel-vaste-mouvement-au-sein-de-la-haute-hierarchie-militaire-guineenne-dans-un-decret-lu-dans-la-soiree-de-ce-mardi-10-mars-2026-a-la-television-nationale-le-president-de-la-repub\/\"]}]},{\"@type\":\"BreadcrumbList\",\"@id\":\"https:\/\/universnews224.com\/index.php\/decret-presidentiel-vaste-mouvement-au-sein-de-la-haute-hierarchie-militaire-guineenne-dans-un-decret-lu-dans-la-soiree-de-ce-mardi-10-mars-2026-a-la-television-nationale-le-president-de-la-repub\/#breadcrumb\",\"itemListElement\":[]},{\"@type\":\"WebSite\",\"@id\":\"https:\/\/universnews224.com\/#website\",\"url\":\"https:\/\/universnews224.com\/\",\"name\":\"UNIVERSNEWS224\",\"description\":\"\",\"publisher\":{\"@id\":\"https:\/\/universnews224.com\/#organization\"},\"potentialAction\":[{\"@type\":\"SearchAction\",\"target\":{\"@type\":\"EntryPoint\",\"urlTemplate\":\"https:\/\/universnews224.com\/?s={search_term_string}\"},\"query-input\":\"required name=search_term_string\"}],\"inLanguage\":\"fr-FR\"},{\"@type\":\"Organization\",\"@id\":\"https:\/\/universnews224.com\/#organization\",\"name\":\"UNIVERSNEWS224\",\"url\":\"https:\/\/universnews224.com\/\",\"logo\":{\"@type\":\"ImageObject\",\"inLanguage\":\"fr-FR\",\"@id\":\"https:\/\/universnews224.com\/#\/schema\/logo\/image\/\",\"url\":\"https:\/\/universnews224.com\/wp-content\/uploads\/2022\/08\/cropped-cropped-logoban.jpg\",\"contentUrl\":\"https:\/\/universnews224.com\/wp-content\/uploads\/2022\/08\/cropped-cropped-logoban.jpg\",\"width\":1080,\"height\":138,\"caption\":\"UNIVERSNEWS224\"},\"image\":{\"@id\":\"https:\/\/universnews224.com\/#\/schema\/logo\/image\/\"}},{\"@type\":\"Person\",\"@id\":\"https:\/\/universnews224.com\/#\/schema\/person\/a4b7d4f94a4716df60456a491260485e\",\"name\":\"La R\u00e9daction\",\"image\":{\"@type\":\"ImageObject\",\"inLanguage\":\"fr-FR\",\"@id\":\"https:\/\/universnews224.com\/#\/schema\/person\/image\/\",\"url\":\"https:\/\/secure.gravatar.com\/avatar\/edb90acc7752b23e1b3307ad36c14f0d?s=96&d=mm&r=g\",\"contentUrl\":\"https:\/\/secure.gravatar.com\/avatar\/edb90acc7752b23e1b3307ad36c14f0d?s=96&d=mm&r=g\",\"caption\":\"La R\u00e9daction\"},\"sameAs\":[\"https:\/\/universnews224.com\"],\"url\":\"https:\/\/universnews224.com\/index.php\/author\/m-camara\/\"}]}<\/script>\n<!-- \/ Yoast SEO plugin. -->","yoast_head_json":{"title":"- UNIVERSNEWS224","robots":{"index":"index","follow":"follow","max-snippet":"max-snippet:-1","max-image-preview":"max-image-preview:large","max-video-preview":"max-video-preview:-1"},"canonical":"https:\/\/universnews224.com\/index.php\/decret-presidentiel-vaste-mouvement-au-sein-de-la-haute-hierarchie-militaire-guineenne-dans-un-decret-lu-dans-la-soiree-de-ce-mardi-10-mars-2026-a-la-television-nationale-le-president-de-la-repub\/","og_locale":"fr_FR","og_type":"article","og_title":"- UNIVERSNEWS224","og_description":"Dans un d\u00e9cret lu dans la soir\u00e9e de ce mardi 10 mars 2026 \u00e0 la","og_url":"https:\/\/universnews224.com\/index.php\/decret-presidentiel-vaste-mouvement-au-sein-de-la-haute-hierarchie-militaire-guineenne-dans-un-decret-lu-dans-la-soiree-de-ce-mardi-10-mars-2026-a-la-television-nationale-le-president-de-la-repub\/","og_site_name":"UNIVERSNEWS224","article_published_time":"2026-03-10T23:22:13+00:00","article_modified_time":"2026-03-14T04:01:01+00:00","og_image":[{"width":870,"height":522,"url":"https:\/\/universnews224.com\/wp-content\/uploads\/2026\/03\/Colonel-Doumbouya.jpg","type":"image\/jpeg"}],"author":"La R\u00e9daction","twitter_misc":{"\u00c9crit par":"La R\u00e9daction","Dur\u00e9e de lecture estim\u00e9e":"1 minute"},"schema":{"@context":"https:\/\/schema.org","@graph":[{"@type":"Article","@id":"https:\/\/universnews224.com\/index.php\/decret-presidentiel-vaste-mouvement-au-sein-de-la-haute-hierarchie-militaire-guineenne-dans-un-decret-lu-dans-la-soiree-de-ce-mardi-10-mars-2026-a-la-television-nationale-le-president-de-la-repub\/#article","isPartOf":{"@id":"https:\/\/universnews224.com\/index.php\/decret-presidentiel-vaste-mouvement-au-sein-de-la-haute-hierarchie-militaire-guineenne-dans-un-decret-lu-dans-la-soiree-de-ce-mardi-10-mars-2026-a-la-television-nationale-le-president-de-la-repub\/"},"author":{"name":"La R\u00e9daction","@id":"https:\/\/universnews224.com\/#\/schema\/person\/a4b7d4f94a4716df60456a491260485e"},"headline":"Aucun titre","datePublished":"2026-03-10T23:22:13+00:00","dateModified":"2026-03-14T04:01:01+00:00","mainEntityOfPage":{"@id":"https:\/\/universnews224.com\/index.php\/decret-presidentiel-vaste-mouvement-au-sein-de-la-haute-hierarchie-militaire-guineenne-dans-un-decret-lu-dans-la-soiree-de-ce-mardi-10-mars-2026-a-la-television-nationale-le-president-de-la-repub\/"},"wordCount":193,"publisher":{"@id":"https:\/\/universnews224.com\/#organization"},"keywords":["A la une"],"articleSection":["ACTU","POLITIQUE"],"inLanguage":"fr-FR"},{"@type":"WebPage","@id":"https:\/\/universnews224.com\/index.php\/decret-presidentiel-vaste-mouvement-au-sein-de-la-haute-hierarchie-militaire-guineenne-dans-un-decret-lu-dans-la-soiree-de-ce-mardi-10-mars-2026-a-la-television-nationale-le-president-de-la-repub\/","url":"https:\/\/universnews224.com\/index.php\/decret-presidentiel-vaste-mouvement-au-sein-de-la-haute-hierarchie-militaire-guineenne-dans-un-decret-lu-dans-la-soiree-de-ce-mardi-10-mars-2026-a-la-television-nationale-le-president-de-la-repub\/","name":"- UNIVERSNEWS224","isPartOf":{"@id":"https:\/\/universnews224.com\/#website"},"datePublished":"2026-03-10T23:22:13+00:00","dateModified":"2026-03-14T04:01:01+00:00","breadcrumb":{"@id":"https:\/\/universnews224.com\/index.php\/decret-presidentiel-vaste-mouvement-au-sein-de-la-haute-hierarchie-militaire-guineenne-dans-un-decret-lu-dans-la-soiree-de-ce-mardi-10-mars-2026-a-la-television-nationale-le-president-de-la-repub\/#breadcrumb"},"inLanguage":"fr-FR","potentialAction":[{"@type":"ReadAction","target":["https:\/\/universnews224.com\/index.php\/decret-presidentiel-vaste-mouvement-au-sein-de-la-haute-hierarchie-militaire-guineenne-dans-un-decret-lu-dans-la-soiree-de-ce-mardi-10-mars-2026-a-la-television-nationale-le-president-de-la-repub\/"]}]},{"@type":"BreadcrumbList","@id":"https:\/\/universnews224.com\/index.php\/decret-presidentiel-vaste-mouvement-au-sein-de-la-haute-hierarchie-militaire-guineenne-dans-un-decret-lu-dans-la-soiree-de-ce-mardi-10-mars-2026-a-la-television-nationale-le-president-de-la-repub\/#breadcrumb","itemListElement":[]},{"@type":"WebSite","@id":"https:\/\/universnews224.com\/#website","url":"https:\/\/universnews224.com\/","name":"UNIVERSNEWS224","description":"","publisher":{"@id":"https:\/\/universnews224.com\/#organization"},"potentialAction":[{"@type":"SearchAction","target":{"@type":"EntryPoint","urlTemplate":"https:\/\/universnews224.com\/?s={search_term_string}"},"query-input":"required name=search_term_string"}],"inLanguage":"fr-FR"},{"@type":"Organization","@id":"https:\/\/universnews224.com\/#organization","name":"UNIVERSNEWS224","url":"https:\/\/universnews224.com\/","logo":{"@type":"ImageObject","inLanguage":"fr-FR","@id":"https:\/\/universnews224.com\/#\/schema\/logo\/image\/","url":"https:\/\/universnews224.com\/wp-content\/uploads\/2022\/08\/cropped-cropped-logoban.jpg","contentUrl":"https:\/\/universnews224.com\/wp-content\/uploads\/2022\/08\/cropped-cropped-logoban.jpg","width":1080,"height":138,"caption":"UNIVERSNEWS224"},"image":{"@id":"https:\/\/universnews224.com\/#\/schema\/logo\/image\/"}},{"@type":"Person","@id":"https:\/\/universnews224.com\/#\/schema\/person\/a4b7d4f94a4716df60456a491260485e","name":"La R\u00e9daction","image":{"@type":"ImageObject","inLanguage":"fr-FR","@id":"https:\/\/universnews224.com\/#\/schema\/person\/image\/","url":"https:\/\/secure.gravatar.com\/avatar\/edb90acc7752b23e1b3307ad36c14f0d?s=96&d=mm&r=g","contentUrl":"https:\/\/secure.gravatar.com\/avatar\/edb90acc7752b23e1b3307ad36c14f0d?s=96&d=mm&r=g","caption":"La R\u00e9daction"},"sameAs":["https:\/\/universnews224.com"],"url":"https:\/\/universnews224.com\/index.php\/author\/m-camara\/"}]}},"_links":{"self":[{"href":"https:\/\/universnews224.com\/index.php\/wp-json\/wp\/v2\/posts\/10408"}],"collection":[{"href":"https:\/\/universnews224.com\/index.php\/wp-json\/wp\/v2\/posts"}],"about":[{"href":"https:\/\/universnews224.com\/index.php\/wp-json\/wp\/v2\/types\/post"}],"author":[{"embeddable":true,"href":"https:\/\/universnews224.com\/index.php\/wp-json\/wp\/v2\/users\/2"}],"replies":[{"embeddable":true,"href":"https:\/\/universnews224.com\/index.php\/wp-json\/wp\/v2\/comments?post=10408"}],"version-history":[{"count":2,"href":"https:\/\/universnews224.com\/index.php\/wp-json\/wp\/v2\/posts\/10408\/revisions"}],"predecessor-version":[{"id":10428,"href":"https:\/\/universnews224.com\/index.php\/wp-json\/wp\/v2\/posts\/10408\/revisions\/10428"}],"wp:featuredmedia":[{"embeddable":true,"href":"https:\/\/universnews224.com\/index.php\/wp-json\/wp\/v2\/media\/10409"}],"wp:attachment":[{"href":"https:\/\/universnews224.com\/index.php\/wp-json\/wp\/v2\/media?parent=10408"}],"wp:term":[{"taxonomy":"category","embeddable":true,"href":"https:\/\/universnews224.com\/index.php\/wp-json\/wp\/v2\/categories?post=10408"},{"taxonomy":"post_tag","embeddable":true,"href":"https:\/\/universnews224.com\/index.php\/wp-json\/wp\/v2\/tags?post=10408"}],"curies":[{"name":"wp","href":"https:\/\/api.w.org\/{rel}","templated":true}]}}