{"id":10413,"date":"2026-03-13T18:49:16","date_gmt":"2026-03-13T17:49:16","guid":{"rendered":"https:\/\/universnews224.com\/?p=10413"},"modified":"2026-03-13T18:49:16","modified_gmt":"2026-03-13T17:49:16","slug":"kindia-fatima-camara-en-premiere-ligne-pour-veiller-au-respect-des-prix-plafonds","status":"publish","type":"post","link":"https:\/\/universnews224.com\/index.php\/kindia-fatima-camara-en-premiere-ligne-pour-veiller-au-respect-des-prix-plafonds\/","title":{"rendered":"Kindia : Fatima Camara en premi\u00e8re ligne pour veiller au respect des prix plafonds"},"content":{"rendered":"<p>Apr\u00e8s l&rsquo;\u00e9tape de Conakry, le contr\u00f4le de la stabilisation des prix des denr\u00e9es de premi\u00e8re n\u00e9cessit\u00e9 se poursuit \u00e0 l&rsquo;int\u00e9rieur du pays. Cette op\u00e9ration fait suite au protocole sur les prix plafonds r\u00e9cemment sign\u00e9 entre la Chambre de Commerce, d\u2019Industrie et d\u2019Artisanat, la Direction G\u00e9n\u00e9rale des Douanes (DGD) et la Direction Nationale du Commerce Int\u00e9rieur et de la Concurrence (DNCIC). L&rsquo;objectif est clair : stabiliser les prix des produits essentiels durant le mois de Ramadan et du Car\u00eame.<a href=\"https:\/\/universnews224.com\/wp-content\/uploads\/2026\/03\/IMG-20260313-WA0136.jpg\"><img loading=\"lazy\" class=\"alignnone size-medium wp-image-10414\" src=\"https:\/\/universnews224.com\/wp-content\/uploads\/2026\/03\/IMG-20260313-WA0136-300x200.jpg\" alt=\"\" width=\"300\" height=\"200\" srcset=\"https:\/\/universnews224.com\/wp-content\/uploads\/2026\/03\/IMG-20260313-WA0136-300x200.jpg 300w, https:\/\/universnews224.com\/wp-content\/uploads\/2026\/03\/IMG-20260313-WA0136-1024x683.jpg 1024w, https:\/\/universnews224.com\/wp-content\/uploads\/2026\/03\/IMG-20260313-WA0136-768x512.jpg 768w, https:\/\/universnews224.com\/wp-content\/uploads\/2026\/03\/IMG-20260313-WA0136.jpg 1080w\" sizes=\"(max-width: 300px) 100vw, 300px\" \/><\/a><\/p>\n<p>Sous un signe de vigilance, ce vendredi 13 mars 2026, la cit\u00e9 des agrumes \u00e0 Kindia \u00e0 accueilli la ministre Fatima Camara de continu\u00e9 sa tourn\u00e9e de contr\u00f4le en cette p\u00e9riode de p\u00e9nitence et de pardon. Cette d\u00e9marche s\u2019inscrit dans le cadre des instructions du pr\u00e9sident de la R\u00e9publique, le G\u00e9n\u00e9ral Mamadi Doumbouya, et du Premier ministre, Amadou Oury Bah, qui appellent \u00e0 une vigilance accrue pour pr\u00e9server le pouvoir d\u2019achat des populations.<a href=\"https:\/\/universnews224.com\/wp-content\/uploads\/2026\/03\/IMG-20260313-WA0135.jpg\"><img loading=\"lazy\" class=\"alignnone size-medium wp-image-10415\" src=\"https:\/\/universnews224.com\/wp-content\/uploads\/2026\/03\/IMG-20260313-WA0135-300x200.jpg\" alt=\"\" width=\"300\" height=\"200\" srcset=\"https:\/\/universnews224.com\/wp-content\/uploads\/2026\/03\/IMG-20260313-WA0135-300x200.jpg 300w, https:\/\/universnews224.com\/wp-content\/uploads\/2026\/03\/IMG-20260313-WA0135-1024x683.jpg 1024w, https:\/\/universnews224.com\/wp-content\/uploads\/2026\/03\/IMG-20260313-WA0135-768x512.jpg 768w, https:\/\/universnews224.com\/wp-content\/uploads\/2026\/03\/IMG-20260313-WA0135.jpg 1080w\" sizes=\"(max-width: 300px) 100vw, 300px\" \/><\/a><\/p>\n<p>Accompagn\u00e9e des responsables des services techniques de son d\u00e9partement, la ministre a inspect\u00e9 plusieurs boutiques, magasins et points de vente. La d\u00e9l\u00e9gation a proc\u00e9d\u00e9 \u00e0 des v\u00e9rifications rigoureuses portant sur : Les prix pratiqu\u00e9s par les d\u00e9taillants, le poids des produits mis en vente et les conditions de conservation des denr\u00e9es.<a href=\"https:\/\/universnews224.com\/wp-content\/uploads\/2026\/03\/IMG-20260313-WA0137.jpg\"><img loading=\"lazy\" class=\"alignnone size-medium wp-image-10416\" src=\"https:\/\/universnews224.com\/wp-content\/uploads\/2026\/03\/IMG-20260313-WA0137-300x200.jpg\" alt=\"\" width=\"300\" height=\"200\" srcset=\"https:\/\/universnews224.com\/wp-content\/uploads\/2026\/03\/IMG-20260313-WA0137-300x200.jpg 300w, https:\/\/universnews224.com\/wp-content\/uploads\/2026\/03\/IMG-20260313-WA0137-1024x683.jpg 1024w, https:\/\/universnews224.com\/wp-content\/uploads\/2026\/03\/IMG-20260313-WA0137-768x512.jpg 768w, https:\/\/universnews224.com\/wp-content\/uploads\/2026\/03\/IMG-20260313-WA0137.jpg 1080w\" sizes=\"(max-width: 300px) 100vw, 300px\" \/><\/a><\/p>\n<p>Fatima Camara a \u00e9galement pris le temps d\u2019\u00e9changer avec les commer\u00e7ants afin de recueillir leurs pr\u00e9occupations et d\u2019\u00e9valuer les r\u00e9alit\u00e9s du march\u00e9 local. Un bilan globalement positif.<\/p>\n<p>\u00c0 l\u2019issue de cette visite, la ministre s\u2019est dite satisfaite de la situation observ\u00e9e au grand march\u00e9 de Kindia. Selon ses constats, les prix des denr\u00e9es concern\u00e9es sont globalement respect\u00e9s et, pour certains articles, se situent m\u00eame en dessous du plafond fix\u00e9 par le gouvernement.<br \/>\nToutefois, quelques anomalies ont \u00e9t\u00e9 relev\u00e9es comme : l&rsquo;insuffisance dans la conservation de certains produits.<br \/>\nUn l\u00e9ger \u00e9cart de poids constat\u00e9 sur un article sp\u00e9cifique, qui sera retir\u00e9 de la vente jusqu\u2019\u00e0 sa mise en conformit\u00e9.<a href=\"https:\/\/universnews224.com\/wp-content\/uploads\/2026\/03\/IMG-20260313-WA0134.jpg\"><img loading=\"lazy\" class=\"alignnone size-medium wp-image-10417\" src=\"https:\/\/universnews224.com\/wp-content\/uploads\/2026\/03\/IMG-20260313-WA0134-300x200.jpg\" alt=\"\" width=\"300\" height=\"200\" srcset=\"https:\/\/universnews224.com\/wp-content\/uploads\/2026\/03\/IMG-20260313-WA0134-300x200.jpg 300w, https:\/\/universnews224.com\/wp-content\/uploads\/2026\/03\/IMG-20260313-WA0134-1024x683.jpg 1024w, https:\/\/universnews224.com\/wp-content\/uploads\/2026\/03\/IMG-20260313-WA0134-768x512.jpg 768w, https:\/\/universnews224.com\/wp-content\/uploads\/2026\/03\/IMG-20260313-WA0134.jpg 1080w\" sizes=\"(max-width: 300px) 100vw, 300px\" \/><\/a><br \/>\n\u200b<br \/>\nPour pr\u00e9venir les abus et encourager la transparence, le minist\u00e8re de l\u2019Industrie et du Commerce rappelle que toute irr\u00e9gularit\u00e9 peut \u00eatre signal\u00e9e par les populations via le num\u00e9ro vert 142.<\/p>\n<p>Alass Sylla pour universnews224.com 625.480.252.<\/p>\n","protected":false},"excerpt":{"rendered":"<p>Apr\u00e8s l&rsquo;\u00e9tape de Conakry, le contr\u00f4le de la stabilisation des prix des denr\u00e9es de premi\u00e8re<\/p>\n","protected":false},"author":2,"featured_media":10415,"comment_status":"closed","ping_status":"open","sticky":false,"template":"","format":"standard","meta":[],"categories":[3,5],"tags":[238],"yoast_head":"<!-- This site is optimized with the Yoast SEO plugin v19.13 - https:\/\/yoast.com\/wordpress\/plugins\/seo\/ -->\n<title>Kindia : Fatima Camara en premi\u00e8re ligne pour veiller au respect des prix plafonds - UNIVERSNEWS224<\/title>\n<meta name=\"robots\" content=\"index, follow, max-snippet:-1, max-image-preview:large, max-video-preview:-1\" \/>\n<link rel=\"canonical\" href=\"https:\/\/universnews224.com\/index.php\/kindia-fatima-camara-en-premiere-ligne-pour-veiller-au-respect-des-prix-plafonds\/\" \/>\n<meta property=\"og:locale\" content=\"fr_FR\" \/>\n<meta property=\"og:type\" content=\"article\" \/>\n<meta property=\"og:title\" content=\"Kindia : Fatima Camara en premi\u00e8re ligne pour veiller au respect des prix plafonds - UNIVERSNEWS224\" \/>\n<meta property=\"og:description\" content=\"Apr\u00e8s l&rsquo;\u00e9tape de Conakry, le contr\u00f4le de la stabilisation des prix des denr\u00e9es de premi\u00e8re\" \/>\n<meta property=\"og:url\" content=\"https:\/\/universnews224.com\/index.php\/kindia-fatima-camara-en-premiere-ligne-pour-veiller-au-respect-des-prix-plafonds\/\" \/>\n<meta property=\"og:site_name\" content=\"UNIVERSNEWS224\" \/>\n<meta property=\"article:published_time\" content=\"2026-03-13T17:49:16+00:00\" \/>\n<meta property=\"og:image\" content=\"https:\/\/universnews224.com\/wp-content\/uploads\/2026\/03\/IMG-20260313-WA0135.jpg\" \/>\n\t<meta property=\"og:image:width\" content=\"1080\" \/>\n\t<meta property=\"og:image:height\" content=\"720\" \/>\n\t<meta property=\"og:image:type\" content=\"image\/jpeg\" \/>\n<meta name=\"author\" content=\"La R\u00e9daction\" \/>\n<meta name=\"twitter:label1\" content=\"\u00c9crit par\" \/>\n\t<meta name=\"twitter:data1\" content=\"La R\u00e9daction\" \/>\n\t<meta name=\"twitter:label2\" content=\"Dur\u00e9e de lecture estim\u00e9e\" \/>\n\t<meta name=\"twitter:data2\" content=\"3 minutes\" \/>\n<script type=\"application\/ld+json\" class=\"yoast-schema-graph\">{\"@context\":\"https:\/\/schema.org\",\"@graph\":[{\"@type\":\"Article\",\"@id\":\"https:\/\/universnews224.com\/index.php\/kindia-fatima-camara-en-premiere-ligne-pour-veiller-au-respect-des-prix-plafonds\/#article\",\"isPartOf\":{\"@id\":\"https:\/\/universnews224.com\/index.php\/kindia-fatima-camara-en-premiere-ligne-pour-veiller-au-respect-des-prix-plafonds\/\"},\"author\":{\"name\":\"La R\u00e9daction\",\"@id\":\"https:\/\/universnews224.com\/#\/schema\/person\/a4b7d4f94a4716df60456a491260485e\"},\"headline\":\"Kindia : Fatima Camara en premi\u00e8re ligne pour veiller au respect des prix plafonds\",\"datePublished\":\"2026-03-13T17:49:16+00:00\",\"dateModified\":\"2026-03-13T17:49:16+00:00\",\"mainEntityOfPage\":{\"@id\":\"https:\/\/universnews224.com\/index.php\/kindia-fatima-camara-en-premiere-ligne-pour-veiller-au-respect-des-prix-plafonds\/\"},\"wordCount\":405,\"publisher\":{\"@id\":\"https:\/\/universnews224.com\/#organization\"},\"keywords\":[\"La un3\"],\"articleSection\":[\"ACTU\",\"SOCI\u00c9T\u00c9\"],\"inLanguage\":\"fr-FR\"},{\"@type\":\"WebPage\",\"@id\":\"https:\/\/universnews224.com\/index.php\/kindia-fatima-camara-en-premiere-ligne-pour-veiller-au-respect-des-prix-plafonds\/\",\"url\":\"https:\/\/universnews224.com\/index.php\/kindia-fatima-camara-en-premiere-ligne-pour-veiller-au-respect-des-prix-plafonds\/\",\"name\":\"Kindia : Fatima Camara en premi\u00e8re ligne pour veiller au respect des prix plafonds - UNIVERSNEWS224\",\"isPartOf\":{\"@id\":\"https:\/\/universnews224.com\/#website\"},\"datePublished\":\"2026-03-13T17:49:16+00:00\",\"dateModified\":\"2026-03-13T17:49:16+00:00\",\"inLanguage\":\"fr-FR\",\"potentialAction\":[{\"@type\":\"ReadAction\",\"target\":[\"https:\/\/universnews224.com\/index.php\/kindia-fatima-camara-en-premiere-ligne-pour-veiller-au-respect-des-prix-plafonds\/\"]}]},{\"@type\":\"WebSite\",\"@id\":\"https:\/\/universnews224.com\/#website\",\"url\":\"https:\/\/universnews224.com\/\",\"name\":\"UNIVERSNEWS224\",\"description\":\"\",\"publisher\":{\"@id\":\"https:\/\/universnews224.com\/#organization\"},\"potentialAction\":[{\"@type\":\"SearchAction\",\"target\":{\"@type\":\"EntryPoint\",\"urlTemplate\":\"https:\/\/universnews224.com\/?s={search_term_string}\"},\"query-input\":\"required name=search_term_string\"}],\"inLanguage\":\"fr-FR\"},{\"@type\":\"Organization\",\"@id\":\"https:\/\/universnews224.com\/#organization\",\"name\":\"UNIVERSNEWS224\",\"url\":\"https:\/\/universnews224.com\/\",\"logo\":{\"@type\":\"ImageObject\",\"inLanguage\":\"fr-FR\",\"@id\":\"https:\/\/universnews224.com\/#\/schema\/logo\/image\/\",\"url\":\"https:\/\/universnews224.com\/wp-content\/uploads\/2022\/08\/cropped-cropped-logoban.jpg\",\"contentUrl\":\"https:\/\/universnews224.com\/wp-content\/uploads\/2022\/08\/cropped-cropped-logoban.jpg\",\"width\":1080,\"height\":138,\"caption\":\"UNIVERSNEWS224\"},\"image\":{\"@id\":\"https:\/\/universnews224.com\/#\/schema\/logo\/image\/\"}},{\"@type\":\"Person\",\"@id\":\"https:\/\/universnews224.com\/#\/schema\/person\/a4b7d4f94a4716df60456a491260485e\",\"name\":\"La R\u00e9daction\",\"image\":{\"@type\":\"ImageObject\",\"inLanguage\":\"fr-FR\",\"@id\":\"https:\/\/universnews224.com\/#\/schema\/person\/image\/\",\"url\":\"https:\/\/secure.gravatar.com\/avatar\/edb90acc7752b23e1b3307ad36c14f0d?s=96&d=mm&r=g\",\"contentUrl\":\"https:\/\/secure.gravatar.com\/avatar\/edb90acc7752b23e1b3307ad36c14f0d?s=96&d=mm&r=g\",\"caption\":\"La R\u00e9daction\"},\"sameAs\":[\"https:\/\/universnews224.com\"],\"url\":\"https:\/\/universnews224.com\/index.php\/author\/m-camara\/\"}]}<\/script>\n<!-- \/ Yoast SEO plugin. -->","yoast_head_json":{"title":"Kindia : Fatima Camara en premi\u00e8re ligne pour veiller au respect des prix plafonds - UNIVERSNEWS224","robots":{"index":"index","follow":"follow","max-snippet":"max-snippet:-1","max-image-preview":"max-image-preview:large","max-video-preview":"max-video-preview:-1"},"canonical":"https:\/\/universnews224.com\/index.php\/kindia-fatima-camara-en-premiere-ligne-pour-veiller-au-respect-des-prix-plafonds\/","og_locale":"fr_FR","og_type":"article","og_title":"Kindia : Fatima Camara en premi\u00e8re ligne pour veiller au respect des prix plafonds - UNIVERSNEWS224","og_description":"Apr\u00e8s l&rsquo;\u00e9tape de Conakry, le contr\u00f4le de la stabilisation des prix des denr\u00e9es de premi\u00e8re","og_url":"https:\/\/universnews224.com\/index.php\/kindia-fatima-camara-en-premiere-ligne-pour-veiller-au-respect-des-prix-plafonds\/","og_site_name":"UNIVERSNEWS224","article_published_time":"2026-03-13T17:49:16+00:00","og_image":[{"width":1080,"height":720,"url":"https:\/\/universnews224.com\/wp-content\/uploads\/2026\/03\/IMG-20260313-WA0135.jpg","type":"image\/jpeg"}],"author":"La R\u00e9daction","twitter_misc":{"\u00c9crit par":"La R\u00e9daction","Dur\u00e9e de lecture estim\u00e9e":"3 minutes"},"schema":{"@context":"https:\/\/schema.org","@graph":[{"@type":"Article","@id":"https:\/\/universnews224.com\/index.php\/kindia-fatima-camara-en-premiere-ligne-pour-veiller-au-respect-des-prix-plafonds\/#article","isPartOf":{"@id":"https:\/\/universnews224.com\/index.php\/kindia-fatima-camara-en-premiere-ligne-pour-veiller-au-respect-des-prix-plafonds\/"},"author":{"name":"La R\u00e9daction","@id":"https:\/\/universnews224.com\/#\/schema\/person\/a4b7d4f94a4716df60456a491260485e"},"headline":"Kindia : Fatima Camara en premi\u00e8re ligne pour veiller au respect des prix plafonds","datePublished":"2026-03-13T17:49:16+00:00","dateModified":"2026-03-13T17:49:16+00:00","mainEntityOfPage":{"@id":"https:\/\/universnews224.com\/index.php\/kindia-fatima-camara-en-premiere-ligne-pour-veiller-au-respect-des-prix-plafonds\/"},"wordCount":405,"publisher":{"@id":"https:\/\/universnews224.com\/#organization"},"keywords":["La un3"],"articleSection":["ACTU","SOCI\u00c9T\u00c9"],"inLanguage":"fr-FR"},{"@type":"WebPage","@id":"https:\/\/universnews224.com\/index.php\/kindia-fatima-camara-en-premiere-ligne-pour-veiller-au-respect-des-prix-plafonds\/","url":"https:\/\/universnews224.com\/index.php\/kindia-fatima-camara-en-premiere-ligne-pour-veiller-au-respect-des-prix-plafonds\/","name":"Kindia : Fatima Camara en premi\u00e8re ligne pour veiller au respect des prix plafonds - UNIVERSNEWS224","isPartOf":{"@id":"https:\/\/universnews224.com\/#website"},"datePublished":"2026-03-13T17:49:16+00:00","dateModified":"2026-03-13T17:49:16+00:00","inLanguage":"fr-FR","potentialAction":[{"@type":"ReadAction","target":["https:\/\/universnews224.com\/index.php\/kindia-fatima-camara-en-premiere-ligne-pour-veiller-au-respect-des-prix-plafonds\/"]}]},{"@type":"WebSite","@id":"https:\/\/universnews224.com\/#website","url":"https:\/\/universnews224.com\/","name":"UNIVERSNEWS224","description":"","publisher":{"@id":"https:\/\/universnews224.com\/#organization"},"potentialAction":[{"@type":"SearchAction","target":{"@type":"EntryPoint","urlTemplate":"https:\/\/universnews224.com\/?s={search_term_string}"},"query-input":"required name=search_term_string"}],"inLanguage":"fr-FR"},{"@type":"Organization","@id":"https:\/\/universnews224.com\/#organization","name":"UNIVERSNEWS224","url":"https:\/\/universnews224.com\/","logo":{"@type":"ImageObject","inLanguage":"fr-FR","@id":"https:\/\/universnews224.com\/#\/schema\/logo\/image\/","url":"https:\/\/universnews224.com\/wp-content\/uploads\/2022\/08\/cropped-cropped-logoban.jpg","contentUrl":"https:\/\/universnews224.com\/wp-content\/uploads\/2022\/08\/cropped-cropped-logoban.jpg","width":1080,"height":138,"caption":"UNIVERSNEWS224"},"image":{"@id":"https:\/\/universnews224.com\/#\/schema\/logo\/image\/"}},{"@type":"Person","@id":"https:\/\/universnews224.com\/#\/schema\/person\/a4b7d4f94a4716df60456a491260485e","name":"La R\u00e9daction","image":{"@type":"ImageObject","inLanguage":"fr-FR","@id":"https:\/\/universnews224.com\/#\/schema\/person\/image\/","url":"https:\/\/secure.gravatar.com\/avatar\/edb90acc7752b23e1b3307ad36c14f0d?s=96&d=mm&r=g","contentUrl":"https:\/\/secure.gravatar.com\/avatar\/edb90acc7752b23e1b3307ad36c14f0d?s=96&d=mm&r=g","caption":"La R\u00e9daction"},"sameAs":["https:\/\/universnews224.com"],"url":"https:\/\/universnews224.com\/index.php\/author\/m-camara\/"}]}},"_links":{"self":[{"href":"https:\/\/universnews224.com\/index.php\/wp-json\/wp\/v2\/posts\/10413"}],"collection":[{"href":"https:\/\/universnews224.com\/index.php\/wp-json\/wp\/v2\/posts"}],"about":[{"href":"https:\/\/universnews224.com\/index.php\/wp-json\/wp\/v2\/types\/post"}],"author":[{"embeddable":true,"href":"https:\/\/universnews224.com\/index.php\/wp-json\/wp\/v2\/users\/2"}],"replies":[{"embeddable":true,"href":"https:\/\/universnews224.com\/index.php\/wp-json\/wp\/v2\/comments?post=10413"}],"version-history":[{"count":1,"href":"https:\/\/universnews224.com\/index.php\/wp-json\/wp\/v2\/posts\/10413\/revisions"}],"predecessor-version":[{"id":10418,"href":"https:\/\/universnews224.com\/index.php\/wp-json\/wp\/v2\/posts\/10413\/revisions\/10418"}],"wp:featuredmedia":[{"embeddable":true,"href":"https:\/\/universnews224.com\/index.php\/wp-json\/wp\/v2\/media\/10415"}],"wp:attachment":[{"href":"https:\/\/universnews224.com\/index.php\/wp-json\/wp\/v2\/media?parent=10413"}],"wp:term":[{"taxonomy":"category","embeddable":true,"href":"https:\/\/universnews224.com\/index.php\/wp-json\/wp\/v2\/categories?post=10413"},{"taxonomy":"post_tag","embeddable":true,"href":"https:\/\/universnews224.com\/index.php\/wp-json\/wp\/v2\/tags?post=10413"}],"curies":[{"name":"wp","href":"https:\/\/api.w.org\/{rel}","templated":true}]}}