{"id":10444,"date":"2026-03-15T14:34:55","date_gmt":"2026-03-15T13:34:55","guid":{"rendered":"https:\/\/universnews224.com\/?p=10444"},"modified":"2026-03-15T14:34:55","modified_gmt":"2026-03-15T13:34:55","slug":"controle-des-prix-et-de-la-qualite-en-guine-fatima-camara-au-marche-central-de-mamou","status":"publish","type":"post","link":"https:\/\/universnews224.com\/index.php\/controle-des-prix-et-de-la-qualite-en-guine-fatima-camara-au-marche-central-de-mamou\/","title":{"rendered":"Contr\u00f4le des prix et de la qualit\u00e9 en Guin\u00e9 : Fatima Camara au march\u00e9 central de Mamou"},"content":{"rendered":"<p>Apr\u00e8s Conakry et Kindia, la campagne nationale de contr\u00f4le des prix, de la qualit\u00e9, des poids et mesures des denr\u00e9es de premi\u00e8re n\u00e9cessit\u00e9 continue sa course normal dans la r\u00e9gion administrative de Mamou. Ce samedi 14 mars 2026, la ministre de l\u2019Industrie et du Commerce, Mme Fatima Camara, accompagn\u00e9e des directions techniques de son d\u00e9partement, de la Chambre de commerce, du pr\u00e9sident de la d\u00e9l\u00e9gation sp\u00e9ciale et du pr\u00e9fet de Mamou, s\u2019est rendue au march\u00e9 central pour s\u2019assurer de l\u2019application des mesures gouvernementales visant \u00e0 prot\u00e9ger les consommateurs.<a href=\"https:\/\/universnews224.com\/wp-content\/uploads\/2026\/03\/IMG-20260315-WA0215.jpg\"><img loading=\"lazy\" class=\"alignnone size-medium wp-image-10445\" src=\"https:\/\/universnews224.com\/wp-content\/uploads\/2026\/03\/IMG-20260315-WA0215-300x199.jpg\" alt=\"\" width=\"300\" height=\"199\" srcset=\"https:\/\/universnews224.com\/wp-content\/uploads\/2026\/03\/IMG-20260315-WA0215-300x199.jpg 300w, https:\/\/universnews224.com\/wp-content\/uploads\/2026\/03\/IMG-20260315-WA0215-1024x681.jpg 1024w, https:\/\/universnews224.com\/wp-content\/uploads\/2026\/03\/IMG-20260315-WA0215-768x511.jpg 768w, https:\/\/universnews224.com\/wp-content\/uploads\/2026\/03\/IMG-20260315-WA0215.jpg 1080w\" sizes=\"(max-width: 300px) 100vw, 300px\" \/><\/a><\/p>\n<p>Avant de rejoindre le principal centre commercial de la ville, la ministre et sa d\u00e9l\u00e9gation ont rendu une visite de courtoisie aux sages de Mamou, s&rsquo;inscrivant ainsi dans une d\u00e9marche de respect envers les autorit\u00e9s morales locales.<a href=\"https:\/\/universnews224.com\/wp-content\/uploads\/2026\/03\/IMG-20260315-WA0216.jpg\"><img loading=\"lazy\" class=\"alignnone size-medium wp-image-10446\" src=\"https:\/\/universnews224.com\/wp-content\/uploads\/2026\/03\/IMG-20260315-WA0216-300x199.jpg\" alt=\"\" width=\"300\" height=\"199\" srcset=\"https:\/\/universnews224.com\/wp-content\/uploads\/2026\/03\/IMG-20260315-WA0216-300x199.jpg 300w, https:\/\/universnews224.com\/wp-content\/uploads\/2026\/03\/IMG-20260315-WA0216-1024x681.jpg 1024w, https:\/\/universnews224.com\/wp-content\/uploads\/2026\/03\/IMG-20260315-WA0216-768x511.jpg 768w, https:\/\/universnews224.com\/wp-content\/uploads\/2026\/03\/IMG-20260315-WA0216.jpg 1080w\" sizes=\"(max-width: 300px) 100vw, 300px\" \/><\/a><\/p>\n<p>Au march\u00e9 central, la ministre a \u00e9chang\u00e9 avec les commer\u00e7ants pour \u00e9couter leurs pr\u00e9occupations, tout en les invitant fermement \u00e0 respecter le protocole d\u2019entente sur le plafonnement des prix. Cette initiative traduit la volont\u00e9 du gouvernement d\u2019assurer la stabilit\u00e9 des march\u00e9s et de garantir la qualit\u00e9 des produits consomm\u00e9s par la population.<a href=\"https:\/\/universnews224.com\/wp-content\/uploads\/2026\/03\/IMG-20260315-WA0213.jpg\"><img loading=\"lazy\" class=\"alignnone size-medium wp-image-10447\" src=\"https:\/\/universnews224.com\/wp-content\/uploads\/2026\/03\/IMG-20260315-WA0213-300x199.jpg\" alt=\"\" width=\"300\" height=\"199\" srcset=\"https:\/\/universnews224.com\/wp-content\/uploads\/2026\/03\/IMG-20260315-WA0213-300x199.jpg 300w, https:\/\/universnews224.com\/wp-content\/uploads\/2026\/03\/IMG-20260315-WA0213-1024x681.jpg 1024w, https:\/\/universnews224.com\/wp-content\/uploads\/2026\/03\/IMG-20260315-WA0213-768x511.jpg 768w, https:\/\/universnews224.com\/wp-content\/uploads\/2026\/03\/IMG-20260315-WA0213.jpg 1080w\" sizes=\"(max-width: 300px) 100vw, 300px\" \/><\/a><\/p>\n<p>Pr\u00e9sent sur le terrain, le Directeur g\u00e9n\u00e9ral de l\u2019Institut guin\u00e9en de normalisation et de la m\u00e9trologie, Sangar\u00e9 Dioum\u00e9, a rappel\u00e9 l\u2019importance de la conformit\u00e9 des balances.<a href=\"https:\/\/universnews224.com\/wp-content\/uploads\/2026\/03\/IMG-20260315-WA0216-1.jpg\"><img loading=\"lazy\" class=\"alignnone size-medium wp-image-10448\" src=\"https:\/\/universnews224.com\/wp-content\/uploads\/2026\/03\/IMG-20260315-WA0216-1-300x199.jpg\" alt=\"\" width=\"300\" height=\"199\" srcset=\"https:\/\/universnews224.com\/wp-content\/uploads\/2026\/03\/IMG-20260315-WA0216-1-300x199.jpg 300w, https:\/\/universnews224.com\/wp-content\/uploads\/2026\/03\/IMG-20260315-WA0216-1-1024x681.jpg 1024w, https:\/\/universnews224.com\/wp-content\/uploads\/2026\/03\/IMG-20260315-WA0216-1-768x511.jpg 768w, https:\/\/universnews224.com\/wp-content\/uploads\/2026\/03\/IMG-20260315-WA0216-1.jpg 1080w\" sizes=\"(max-width: 300px) 100vw, 300px\" \/><\/a><\/p>\n<p>\u00ab La m\u00e9trologie est la science des mesures. Nous avons trouv\u00e9 des instruments conformes, mais \u00e9galement d\u2019autres qui ne le sont pas. Il faudra prendre des dispositions pour v\u00e9rifier ces derniers afin de garantir la fiabilit\u00e9 des transactions \u00bb, a-t-il expliqu\u00e9.<\/p>\n<p>De son c\u00f4t\u00e9, le Directeur g\u00e9n\u00e9ral de l\u2019Office national de contr\u00f4le de qualit\u00e9, Mohamed Kadiatou Sylla, s\u2019est f\u00e9licit\u00e9 de cette mission conjointe entre les directions du minist\u00e8re (Commerce int\u00e9rieur, Normalisation et Contr\u00f4le qualit\u00e9), une premi\u00e8re qui renforce l\u2019efficacit\u00e9 des interventions.<a href=\"https:\/\/universnews224.com\/wp-content\/uploads\/2026\/03\/IMG-20260315-WA0176.jpg\"><img loading=\"lazy\" class=\"alignnone size-medium wp-image-10449\" src=\"https:\/\/universnews224.com\/wp-content\/uploads\/2026\/03\/IMG-20260315-WA0176-300x200.jpg\" alt=\"\" width=\"300\" height=\"200\" srcset=\"https:\/\/universnews224.com\/wp-content\/uploads\/2026\/03\/IMG-20260315-WA0176-300x200.jpg 300w, https:\/\/universnews224.com\/wp-content\/uploads\/2026\/03\/IMG-20260315-WA0176-1024x682.jpg 1024w, https:\/\/universnews224.com\/wp-content\/uploads\/2026\/03\/IMG-20260315-WA0176-768x511.jpg 768w, https:\/\/universnews224.com\/wp-content\/uploads\/2026\/03\/IMG-20260315-WA0176-1536x1022.jpg 1536w, https:\/\/universnews224.com\/wp-content\/uploads\/2026\/03\/IMG-20260315-WA0176-2048x1363.jpg 2048w\" sizes=\"(max-width: 300px) 100vw, 300px\" \/><\/a><\/p>\n<p>Constat : Les op\u00e9rateurs int\u00e8grent de plus en plus la dimension \u00ab\u00a0qualit\u00e9\u00a0\u00bb.<\/p>\n<p>Points d&rsquo;am\u00e9lioration : Des recommandations ont \u00e9t\u00e9 formul\u00e9es sur le stockage, l\u2019a\u00e9ration des magasins, l\u2019hygi\u00e8ne et le respect des dates de p\u00e9remption des brigades d\u2019inspecteurs sillonneront les march\u00e9s de Mamou et Kindia. Des sanctions seront prises en cas de non-respect des r\u00e8gles.<\/p>\n<p>Pour Mohamed Traor\u00e9, Directeur national du commerce int\u00e9rieur et de la concurrence, les indicateurs sont positifs.<a href=\"https:\/\/universnews224.com\/wp-content\/uploads\/2026\/03\/IMG-20260315-WA0216.jpg\"><img loading=\"lazy\" class=\"alignnone size-medium wp-image-10446\" src=\"https:\/\/universnews224.com\/wp-content\/uploads\/2026\/03\/IMG-20260315-WA0216-300x199.jpg\" alt=\"\" width=\"300\" height=\"199\" srcset=\"https:\/\/universnews224.com\/wp-content\/uploads\/2026\/03\/IMG-20260315-WA0216-300x199.jpg 300w, https:\/\/universnews224.com\/wp-content\/uploads\/2026\/03\/IMG-20260315-WA0216-1024x681.jpg 1024w, https:\/\/universnews224.com\/wp-content\/uploads\/2026\/03\/IMG-20260315-WA0216-768x511.jpg 768w, https:\/\/universnews224.com\/wp-content\/uploads\/2026\/03\/IMG-20260315-WA0216.jpg 1080w\" sizes=\"(max-width: 300px) 100vw, 300px\" \/><\/a><\/p>\n<p>\u00ab Globalement, les prix du protocole sign\u00e9 avec la Chambre de commerce et les Douanes sont respect\u00e9s. \u00c0 Mamou, ils sont m\u00eame souvent en dessous des prix plafonds \u00bb, a-t-il affirm\u00e9, pr\u00e9cisant que cette mission r\u00e9pond aux instructions du pr\u00e9sident de la R\u00e9publique, le G\u00e9n\u00e9ral Mamadi Doumbouya.<\/p>\n<p>Cl\u00f4turant la visite, la ministre Fatima Camara a rassur\u00e9 les citoyens : initialement pr\u00e9vue pour trois mois, l\u2019op\u00e9ration pourrait \u00eatre prolong\u00e9e et \u00e9tendue \u00e0 d&rsquo;autres secteurs comme celui de la viande, en collaboration avec le minist\u00e8re de l\u2019\u00c9levage.<\/p>\n<p>Elle a not\u00e9 que la situation \u00e0 Mamou est favoris\u00e9e par une forte concurrence due \u00e0 sa position de carrefour commercial. Elle a toutefois exhort\u00e9 les grossistes \u00e0 respecter strictement les marges fix\u00e9es, pr\u00e9cisant que les contr\u00f4les s&rsquo;appuient d\u00e9sormais sur une v\u00e9rification rigoureuse des carnets de vente.<\/p>\n<p>Alass Sylla pour universnews224.com 625.480.252<\/p>\n","protected":false},"excerpt":{"rendered":"<p>Apr\u00e8s Conakry et Kindia, la campagne nationale de contr\u00f4le des prix, de la qualit\u00e9, des<\/p>\n","protected":false},"author":2,"featured_media":10448,"comment_status":"closed","ping_status":"open","sticky":false,"template":"","format":"standard","meta":[],"categories":[3,4],"tags":[237],"yoast_head":"<!-- This site is optimized with the Yoast SEO plugin v19.13 - https:\/\/yoast.com\/wordpress\/plugins\/seo\/ -->\n<title>Contr\u00f4le des prix et de la qualit\u00e9 en Guin\u00e9 : Fatima Camara au march\u00e9 central de Mamou - UNIVERSNEWS224<\/title>\n<meta name=\"robots\" content=\"index, follow, max-snippet:-1, max-image-preview:large, max-video-preview:-1\" \/>\n<link rel=\"canonical\" href=\"https:\/\/universnews224.com\/index.php\/controle-des-prix-et-de-la-qualite-en-guine-fatima-camara-au-marche-central-de-mamou\/\" \/>\n<meta property=\"og:locale\" content=\"fr_FR\" \/>\n<meta property=\"og:type\" content=\"article\" \/>\n<meta property=\"og:title\" content=\"Contr\u00f4le des prix et de la qualit\u00e9 en Guin\u00e9 : Fatima Camara au march\u00e9 central de Mamou - UNIVERSNEWS224\" \/>\n<meta property=\"og:description\" content=\"Apr\u00e8s Conakry et Kindia, la campagne nationale de contr\u00f4le des prix, de la qualit\u00e9, des\" \/>\n<meta property=\"og:url\" content=\"https:\/\/universnews224.com\/index.php\/controle-des-prix-et-de-la-qualite-en-guine-fatima-camara-au-marche-central-de-mamou\/\" \/>\n<meta property=\"og:site_name\" content=\"UNIVERSNEWS224\" \/>\n<meta property=\"article:published_time\" content=\"2026-03-15T13:34:55+00:00\" \/>\n<meta property=\"og:image\" content=\"https:\/\/universnews224.com\/wp-content\/uploads\/2026\/03\/IMG-20260315-WA0216-1.jpg\" \/>\n\t<meta property=\"og:image:width\" content=\"1080\" \/>\n\t<meta property=\"og:image:height\" content=\"718\" \/>\n\t<meta property=\"og:image:type\" content=\"image\/jpeg\" \/>\n<meta name=\"author\" content=\"La R\u00e9daction\" \/>\n<meta name=\"twitter:label1\" content=\"\u00c9crit par\" \/>\n\t<meta name=\"twitter:data1\" content=\"La R\u00e9daction\" \/>\n\t<meta name=\"twitter:label2\" content=\"Dur\u00e9e de lecture estim\u00e9e\" \/>\n\t<meta name=\"twitter:data2\" content=\"4 minutes\" \/>\n<script type=\"application\/ld+json\" class=\"yoast-schema-graph\">{\"@context\":\"https:\/\/schema.org\",\"@graph\":[{\"@type\":\"Article\",\"@id\":\"https:\/\/universnews224.com\/index.php\/controle-des-prix-et-de-la-qualite-en-guine-fatima-camara-au-marche-central-de-mamou\/#article\",\"isPartOf\":{\"@id\":\"https:\/\/universnews224.com\/index.php\/controle-des-prix-et-de-la-qualite-en-guine-fatima-camara-au-marche-central-de-mamou\/\"},\"author\":{\"name\":\"La R\u00e9daction\",\"@id\":\"https:\/\/universnews224.com\/#\/schema\/person\/a4b7d4f94a4716df60456a491260485e\"},\"headline\":\"Contr\u00f4le des prix et de la qualit\u00e9 en Guin\u00e9 : Fatima Camara au march\u00e9 central de Mamou\",\"datePublished\":\"2026-03-15T13:34:55+00:00\",\"dateModified\":\"2026-03-15T13:34:55+00:00\",\"mainEntityOfPage\":{\"@id\":\"https:\/\/universnews224.com\/index.php\/controle-des-prix-et-de-la-qualite-en-guine-fatima-camara-au-marche-central-de-mamou\/\"},\"wordCount\":576,\"publisher\":{\"@id\":\"https:\/\/universnews224.com\/#organization\"},\"keywords\":[\"A la une\"],\"articleSection\":[\"ACTU\",\"POLITIQUE\"],\"inLanguage\":\"fr-FR\"},{\"@type\":\"WebPage\",\"@id\":\"https:\/\/universnews224.com\/index.php\/controle-des-prix-et-de-la-qualite-en-guine-fatima-camara-au-marche-central-de-mamou\/\",\"url\":\"https:\/\/universnews224.com\/index.php\/controle-des-prix-et-de-la-qualite-en-guine-fatima-camara-au-marche-central-de-mamou\/\",\"name\":\"Contr\u00f4le des prix et de la qualit\u00e9 en Guin\u00e9 : Fatima Camara au march\u00e9 central de Mamou - UNIVERSNEWS224\",\"isPartOf\":{\"@id\":\"https:\/\/universnews224.com\/#website\"},\"datePublished\":\"2026-03-15T13:34:55+00:00\",\"dateModified\":\"2026-03-15T13:34:55+00:00\",\"inLanguage\":\"fr-FR\",\"potentialAction\":[{\"@type\":\"ReadAction\",\"target\":[\"https:\/\/universnews224.com\/index.php\/controle-des-prix-et-de-la-qualite-en-guine-fatima-camara-au-marche-central-de-mamou\/\"]}]},{\"@type\":\"WebSite\",\"@id\":\"https:\/\/universnews224.com\/#website\",\"url\":\"https:\/\/universnews224.com\/\",\"name\":\"UNIVERSNEWS224\",\"description\":\"\",\"publisher\":{\"@id\":\"https:\/\/universnews224.com\/#organization\"},\"potentialAction\":[{\"@type\":\"SearchAction\",\"target\":{\"@type\":\"EntryPoint\",\"urlTemplate\":\"https:\/\/universnews224.com\/?s={search_term_string}\"},\"query-input\":\"required name=search_term_string\"}],\"inLanguage\":\"fr-FR\"},{\"@type\":\"Organization\",\"@id\":\"https:\/\/universnews224.com\/#organization\",\"name\":\"UNIVERSNEWS224\",\"url\":\"https:\/\/universnews224.com\/\",\"logo\":{\"@type\":\"ImageObject\",\"inLanguage\":\"fr-FR\",\"@id\":\"https:\/\/universnews224.com\/#\/schema\/logo\/image\/\",\"url\":\"https:\/\/universnews224.com\/wp-content\/uploads\/2022\/08\/cropped-cropped-logoban.jpg\",\"contentUrl\":\"https:\/\/universnews224.com\/wp-content\/uploads\/2022\/08\/cropped-cropped-logoban.jpg\",\"width\":1080,\"height\":138,\"caption\":\"UNIVERSNEWS224\"},\"image\":{\"@id\":\"https:\/\/universnews224.com\/#\/schema\/logo\/image\/\"}},{\"@type\":\"Person\",\"@id\":\"https:\/\/universnews224.com\/#\/schema\/person\/a4b7d4f94a4716df60456a491260485e\",\"name\":\"La R\u00e9daction\",\"image\":{\"@type\":\"ImageObject\",\"inLanguage\":\"fr-FR\",\"@id\":\"https:\/\/universnews224.com\/#\/schema\/person\/image\/\",\"url\":\"https:\/\/secure.gravatar.com\/avatar\/edb90acc7752b23e1b3307ad36c14f0d?s=96&d=mm&r=g\",\"contentUrl\":\"https:\/\/secure.gravatar.com\/avatar\/edb90acc7752b23e1b3307ad36c14f0d?s=96&d=mm&r=g\",\"caption\":\"La R\u00e9daction\"},\"sameAs\":[\"https:\/\/universnews224.com\"],\"url\":\"https:\/\/universnews224.com\/index.php\/author\/m-camara\/\"}]}<\/script>\n<!-- \/ Yoast SEO plugin. -->","yoast_head_json":{"title":"Contr\u00f4le des prix et de la qualit\u00e9 en Guin\u00e9 : Fatima Camara au march\u00e9 central de Mamou - UNIVERSNEWS224","robots":{"index":"index","follow":"follow","max-snippet":"max-snippet:-1","max-image-preview":"max-image-preview:large","max-video-preview":"max-video-preview:-1"},"canonical":"https:\/\/universnews224.com\/index.php\/controle-des-prix-et-de-la-qualite-en-guine-fatima-camara-au-marche-central-de-mamou\/","og_locale":"fr_FR","og_type":"article","og_title":"Contr\u00f4le des prix et de la qualit\u00e9 en Guin\u00e9 : Fatima Camara au march\u00e9 central de Mamou - UNIVERSNEWS224","og_description":"Apr\u00e8s Conakry et Kindia, la campagne nationale de contr\u00f4le des prix, de la qualit\u00e9, des","og_url":"https:\/\/universnews224.com\/index.php\/controle-des-prix-et-de-la-qualite-en-guine-fatima-camara-au-marche-central-de-mamou\/","og_site_name":"UNIVERSNEWS224","article_published_time":"2026-03-15T13:34:55+00:00","og_image":[{"width":1080,"height":718,"url":"https:\/\/universnews224.com\/wp-content\/uploads\/2026\/03\/IMG-20260315-WA0216-1.jpg","type":"image\/jpeg"}],"author":"La R\u00e9daction","twitter_misc":{"\u00c9crit par":"La R\u00e9daction","Dur\u00e9e de lecture estim\u00e9e":"4 minutes"},"schema":{"@context":"https:\/\/schema.org","@graph":[{"@type":"Article","@id":"https:\/\/universnews224.com\/index.php\/controle-des-prix-et-de-la-qualite-en-guine-fatima-camara-au-marche-central-de-mamou\/#article","isPartOf":{"@id":"https:\/\/universnews224.com\/index.php\/controle-des-prix-et-de-la-qualite-en-guine-fatima-camara-au-marche-central-de-mamou\/"},"author":{"name":"La R\u00e9daction","@id":"https:\/\/universnews224.com\/#\/schema\/person\/a4b7d4f94a4716df60456a491260485e"},"headline":"Contr\u00f4le des prix et de la qualit\u00e9 en Guin\u00e9 : Fatima Camara au march\u00e9 central de Mamou","datePublished":"2026-03-15T13:34:55+00:00","dateModified":"2026-03-15T13:34:55+00:00","mainEntityOfPage":{"@id":"https:\/\/universnews224.com\/index.php\/controle-des-prix-et-de-la-qualite-en-guine-fatima-camara-au-marche-central-de-mamou\/"},"wordCount":576,"publisher":{"@id":"https:\/\/universnews224.com\/#organization"},"keywords":["A la une"],"articleSection":["ACTU","POLITIQUE"],"inLanguage":"fr-FR"},{"@type":"WebPage","@id":"https:\/\/universnews224.com\/index.php\/controle-des-prix-et-de-la-qualite-en-guine-fatima-camara-au-marche-central-de-mamou\/","url":"https:\/\/universnews224.com\/index.php\/controle-des-prix-et-de-la-qualite-en-guine-fatima-camara-au-marche-central-de-mamou\/","name":"Contr\u00f4le des prix et de la qualit\u00e9 en Guin\u00e9 : Fatima Camara au march\u00e9 central de Mamou - UNIVERSNEWS224","isPartOf":{"@id":"https:\/\/universnews224.com\/#website"},"datePublished":"2026-03-15T13:34:55+00:00","dateModified":"2026-03-15T13:34:55+00:00","inLanguage":"fr-FR","potentialAction":[{"@type":"ReadAction","target":["https:\/\/universnews224.com\/index.php\/controle-des-prix-et-de-la-qualite-en-guine-fatima-camara-au-marche-central-de-mamou\/"]}]},{"@type":"WebSite","@id":"https:\/\/universnews224.com\/#website","url":"https:\/\/universnews224.com\/","name":"UNIVERSNEWS224","description":"","publisher":{"@id":"https:\/\/universnews224.com\/#organization"},"potentialAction":[{"@type":"SearchAction","target":{"@type":"EntryPoint","urlTemplate":"https:\/\/universnews224.com\/?s={search_term_string}"},"query-input":"required name=search_term_string"}],"inLanguage":"fr-FR"},{"@type":"Organization","@id":"https:\/\/universnews224.com\/#organization","name":"UNIVERSNEWS224","url":"https:\/\/universnews224.com\/","logo":{"@type":"ImageObject","inLanguage":"fr-FR","@id":"https:\/\/universnews224.com\/#\/schema\/logo\/image\/","url":"https:\/\/universnews224.com\/wp-content\/uploads\/2022\/08\/cropped-cropped-logoban.jpg","contentUrl":"https:\/\/universnews224.com\/wp-content\/uploads\/2022\/08\/cropped-cropped-logoban.jpg","width":1080,"height":138,"caption":"UNIVERSNEWS224"},"image":{"@id":"https:\/\/universnews224.com\/#\/schema\/logo\/image\/"}},{"@type":"Person","@id":"https:\/\/universnews224.com\/#\/schema\/person\/a4b7d4f94a4716df60456a491260485e","name":"La R\u00e9daction","image":{"@type":"ImageObject","inLanguage":"fr-FR","@id":"https:\/\/universnews224.com\/#\/schema\/person\/image\/","url":"https:\/\/secure.gravatar.com\/avatar\/edb90acc7752b23e1b3307ad36c14f0d?s=96&d=mm&r=g","contentUrl":"https:\/\/secure.gravatar.com\/avatar\/edb90acc7752b23e1b3307ad36c14f0d?s=96&d=mm&r=g","caption":"La R\u00e9daction"},"sameAs":["https:\/\/universnews224.com"],"url":"https:\/\/universnews224.com\/index.php\/author\/m-camara\/"}]}},"_links":{"self":[{"href":"https:\/\/universnews224.com\/index.php\/wp-json\/wp\/v2\/posts\/10444"}],"collection":[{"href":"https:\/\/universnews224.com\/index.php\/wp-json\/wp\/v2\/posts"}],"about":[{"href":"https:\/\/universnews224.com\/index.php\/wp-json\/wp\/v2\/types\/post"}],"author":[{"embeddable":true,"href":"https:\/\/universnews224.com\/index.php\/wp-json\/wp\/v2\/users\/2"}],"replies":[{"embeddable":true,"href":"https:\/\/universnews224.com\/index.php\/wp-json\/wp\/v2\/comments?post=10444"}],"version-history":[{"count":1,"href":"https:\/\/universnews224.com\/index.php\/wp-json\/wp\/v2\/posts\/10444\/revisions"}],"predecessor-version":[{"id":10450,"href":"https:\/\/universnews224.com\/index.php\/wp-json\/wp\/v2\/posts\/10444\/revisions\/10450"}],"wp:featuredmedia":[{"embeddable":true,"href":"https:\/\/universnews224.com\/index.php\/wp-json\/wp\/v2\/media\/10448"}],"wp:attachment":[{"href":"https:\/\/universnews224.com\/index.php\/wp-json\/wp\/v2\/media?parent=10444"}],"wp:term":[{"taxonomy":"category","embeddable":true,"href":"https:\/\/universnews224.com\/index.php\/wp-json\/wp\/v2\/categories?post=10444"},{"taxonomy":"post_tag","embeddable":true,"href":"https:\/\/universnews224.com\/index.php\/wp-json\/wp\/v2\/tags?post=10444"}],"curies":[{"name":"wp","href":"https:\/\/api.w.org\/{rel}","templated":true}]}}