{"id":10463,"date":"2026-03-17T01:06:04","date_gmt":"2026-03-17T00:06:04","guid":{"rendered":"https:\/\/universnews224.com\/?p=10463"},"modified":"2026-03-17T01:06:04","modified_gmt":"2026-03-17T00:06:04","slug":"differend-frontalier-voici-ce-quon-peut-retenir-du-sommet-de-conakry","status":"publish","type":"post","link":"https:\/\/universnews224.com\/index.php\/differend-frontalier-voici-ce-quon-peut-retenir-du-sommet-de-conakry\/","title":{"rendered":"Diff\u00e9rend frontalier : Voici ce qu&rsquo;on peut retenir du sommet de Conakry"},"content":{"rendered":"<p>Ce lundi 16 mars 2026, la capitale guin\u00e9enne est devenue le centre n\u00e9vralgique de la diplomatie r\u00e9gionale. Les chefs d\u2019\u00c9tat de la Guin\u00e9e, de la Sierra Leone et du Liberia, rejoints par la C\u00f4te d\u2019Ivoire en qualit\u00e9 d\u2019observateur, se sont accord\u00e9s sur une feuille de route ambitieuse pour la paix et la s\u00e9curit\u00e9 transfrontali\u00e8re.<\/p>\n<p>\u200bSelon le Dr Morissanda Kouyat\u00e9, ministre guin\u00e9en des Affaires \u00e9trang\u00e8res, ce sommet s\u2019inscrit dans le cadre des efforts collectifs visant \u00e0 pr\u00e9server la stabilit\u00e9 le long des fronti\u00e8res communes, \u00e0 renforcer la coop\u00e9ration s\u00e9curitaire et \u00e0 consolider les relations de fraternit\u00e9 et de bon voisinage entre les trois nations.<\/p>\n<p>\u200bPoursuivant son intervention, le chef de la diplomatie guin\u00e9enne a pr\u00e9cis\u00e9 qu\u2019au cours de la rencontre, les trois pr\u00e9sidents ont examin\u00e9 de pr\u00e8s la situation s\u00e9curitaire, accordant une attention particuli\u00e8re aux r\u00e9cents incidents ayant engendr\u00e9 des tensions entre certaines communaut\u00e9s frontali\u00e8res.<\/p>\n<p>\u200b\u00a0\u00bbIls ont exprim\u00e9 leurs pr\u00e9occupations face \u00e0 la prolif\u00e9ration des crises et des conflits \u00e0 l\u2019\u00e9chelle mondiale, dont les r\u00e9percussions \u00e9conomiques, s\u00e9curitaires et humanitaires affectent particuli\u00e8rement les pays en d\u00e9veloppement \u00ab\u00a0, a soulign\u00e9 le ministre.<\/p>\n<p>\u200bUn engagement pour la souverainet\u00e9 et la stabilit\u00e9<\/p>\n<p>\u200bSur la question de la gestion des fronti\u00e8res, les chefs d\u2019\u00c9tat ont r\u00e9affirm\u00e9 leur engagement ind\u00e9fectible envers les principes de souverainet\u00e9, d\u2019inviolabilit\u00e9 des fronti\u00e8res, d\u2019int\u00e9grit\u00e9 territoriale et d\u2019ind\u00e9pendance politique.<\/p>\n<p>\u200b\u00a0\u00bb\u00c0 cet effet, ils ont appel\u00e9 au retour du statu quo de coexistence pacifique entre les communaut\u00e9s frontali\u00e8res\u00a0\u00bb, indique le Dr Morissanda Kouyat\u00e9.<\/p>\n<p>\u00c0 l\u2019issue des \u00e9changes, une s\u00e9rie de r\u00e9solutions a \u00e9t\u00e9 officiellement adopt\u00e9e.<\/p>\n<p>Ci-dessous, ces r\u00e9solutions.<\/p>\n<p>Les parties se sont engag\u00e9es en faveur de la paix, de la s\u00e9curit\u00e9, de la stabilit\u00e9 et du d\u00e9veloppement au sein de l\u2019Union du fleuve Mano. Elles ont r\u00e9it\u00e9r\u00e9 leur volont\u00e9 de r\u00e9soudre les diff\u00e9rends frontaliers entre les \u00c9tats membres de cette organisation par des r\u00e8glements diplomatiques conform\u00e9ment \u00e0 l\u2019article 33 de la Charte des Nations unies.<\/p>\n<p>Les parties se sont engag\u00e9es \u00e0 poursuivre une coop\u00e9ration s\u00e9curitaire conjointe afin de lutter contre l\u2019ins\u00e9curit\u00e9, le terrorisme, la criminalit\u00e9 transnationale organis\u00e9e et les trafics illicites.<\/p>\n<p>Les parties se sont engag\u00e9es \u00e0 d\u00e9velopper et \u00e0 promouvoir conjointement des activit\u00e9s \u00e9conomiques dans les zones frontali\u00e8res au b\u00e9n\u00e9fice de la coexistence pacifique et de la prosp\u00e9rit\u00e9 de leurs populations respectives.<\/p>\n<p>Les parties ont encourag\u00e9 la poursuite des initiatives de coop\u00e9ration \u00e9conomique et d\u2019int\u00e9gration r\u00e9gionale, notamment dans le domaine du commerce, des infrastructures, de l\u2019\u00e9nergie, de l\u2019environnement, ainsi que de la libre circulation des personnes et des biens et services.<\/p>\n<p>Les parties ont d\u00e9cid\u00e9 de renforcer la collaboration entre leurs services de d\u00e9fense et de s\u00e9curit\u00e9, et ceci par l\u2019intensification des patrouilles et des op\u00e9rations frontali\u00e8res conjointes, l\u2019\u00e9change r\u00e9gulier de renseignements et d\u2019informations s\u00e9curitaires, l\u2019\u00e9tablissement de m\u00e9canismes de communication rapide entre les autorit\u00e9s locales et les forces de s\u00e9curit\u00e9.<\/p>\n<p>Les parties ont instruit les services en charge des questions frontali\u00e8res de se r\u00e9unir dans les plus brefs d\u00e9lais afin de pr\u00e9venir et de contenir tous autres incidents et de faciliter le dialogue intercommunautaire et de proposer des solutions concert\u00e9es.<\/p>\n<p>Les parties ont convenu de convoquer, dans un d\u00e9lai d\u2019un mois, un sommet de l\u2019Union du Fleuve Mano visant \u00e0 revitaliser cette institution afin de faciliter un dialogue r\u00e9gulier sur les enjeux de paix, de s\u00e9curit\u00e9 et de d\u00e9veloppement entre les \u00c9tats membres.<\/p>\n<p>Les parties ont exprim\u00e9 leur volont\u00e9 d\u2019effectuer des visites de travail dans leurs pays respectifs, dans l\u2019int\u00e9r\u00eat du renforcement de la fraternit\u00e9, de la coop\u00e9ration et de la coexistence pacifique.<\/p>\n<p>Les parties ont exprim\u00e9, \u00e0 l\u2019issue des travaux, leur profonde gratitude au pr\u00e9sident de la R\u00e9publique de Guin\u00e9e, au gouvernement de la Guin\u00e9e pour l\u2019accueil chaleureux et les dispositions d\u2019excellence prises pour assurer le plein succ\u00e8s de ce sommet extraordinaire et fraternel.<\/p>\n<p>Les parties se sont f\u00e9licit\u00e9es de l\u2019esprit d\u2019ouverture et de fraternit\u00e9 qui a emprunt l\u2019ensemble des discussions.<\/p>\n<p>Camara Mamadouba<\/p>\n<p>611 46 04 10<\/p>\n","protected":false},"excerpt":{"rendered":"<p>Ce lundi 16 mars 2026, la capitale guin\u00e9enne est devenue le centre n\u00e9vralgique de la<\/p>\n","protected":false},"author":2,"featured_media":10464,"comment_status":"closed","ping_status":"open","sticky":false,"template":"","format":"standard","meta":[],"categories":[3,4],"tags":[237],"yoast_head":"<!-- This site is optimized with the Yoast SEO plugin v19.13 - https:\/\/yoast.com\/wordpress\/plugins\/seo\/ -->\n<title>Diff\u00e9rend frontalier : Voici ce qu&#039;on peut retenir du sommet de Conakry - UNIVERSNEWS224<\/title>\n<meta name=\"robots\" content=\"index, follow, max-snippet:-1, max-image-preview:large, max-video-preview:-1\" \/>\n<link rel=\"canonical\" href=\"https:\/\/universnews224.com\/index.php\/differend-frontalier-voici-ce-quon-peut-retenir-du-sommet-de-conakry\/\" \/>\n<meta property=\"og:locale\" content=\"fr_FR\" \/>\n<meta property=\"og:type\" content=\"article\" \/>\n<meta property=\"og:title\" content=\"Diff\u00e9rend frontalier : Voici ce qu&#039;on peut retenir du sommet de Conakry - UNIVERSNEWS224\" \/>\n<meta property=\"og:description\" content=\"Ce lundi 16 mars 2026, la capitale guin\u00e9enne est devenue le centre n\u00e9vralgique de la\" \/>\n<meta property=\"og:url\" content=\"https:\/\/universnews224.com\/index.php\/differend-frontalier-voici-ce-quon-peut-retenir-du-sommet-de-conakry\/\" \/>\n<meta property=\"og:site_name\" content=\"UNIVERSNEWS224\" \/>\n<meta property=\"article:published_time\" content=\"2026-03-17T00:06:04+00:00\" \/>\n<meta property=\"og:image\" content=\"https:\/\/universnews224.com\/wp-content\/uploads\/2026\/03\/FB_IMG_1773705016408.jpg\" \/>\n\t<meta property=\"og:image:width\" content=\"2048\" \/>\n\t<meta property=\"og:image:height\" content=\"1364\" \/>\n\t<meta property=\"og:image:type\" content=\"image\/jpeg\" \/>\n<meta name=\"author\" content=\"La R\u00e9daction\" \/>\n<meta name=\"twitter:label1\" content=\"\u00c9crit par\" \/>\n\t<meta name=\"twitter:data1\" content=\"La R\u00e9daction\" \/>\n\t<meta name=\"twitter:label2\" content=\"Dur\u00e9e de lecture estim\u00e9e\" \/>\n\t<meta name=\"twitter:data2\" content=\"4 minutes\" \/>\n<script type=\"application\/ld+json\" class=\"yoast-schema-graph\">{\"@context\":\"https:\/\/schema.org\",\"@graph\":[{\"@type\":\"Article\",\"@id\":\"https:\/\/universnews224.com\/index.php\/differend-frontalier-voici-ce-quon-peut-retenir-du-sommet-de-conakry\/#article\",\"isPartOf\":{\"@id\":\"https:\/\/universnews224.com\/index.php\/differend-frontalier-voici-ce-quon-peut-retenir-du-sommet-de-conakry\/\"},\"author\":{\"name\":\"La R\u00e9daction\",\"@id\":\"https:\/\/universnews224.com\/#\/schema\/person\/a4b7d4f94a4716df60456a491260485e\"},\"headline\":\"Diff\u00e9rend frontalier : Voici ce qu&rsquo;on peut retenir du sommet de Conakry\",\"datePublished\":\"2026-03-17T00:06:04+00:00\",\"dateModified\":\"2026-03-17T00:06:04+00:00\",\"mainEntityOfPage\":{\"@id\":\"https:\/\/universnews224.com\/index.php\/differend-frontalier-voici-ce-quon-peut-retenir-du-sommet-de-conakry\/\"},\"wordCount\":751,\"publisher\":{\"@id\":\"https:\/\/universnews224.com\/#organization\"},\"keywords\":[\"A la une\"],\"articleSection\":[\"ACTU\",\"POLITIQUE\"],\"inLanguage\":\"fr-FR\"},{\"@type\":\"WebPage\",\"@id\":\"https:\/\/universnews224.com\/index.php\/differend-frontalier-voici-ce-quon-peut-retenir-du-sommet-de-conakry\/\",\"url\":\"https:\/\/universnews224.com\/index.php\/differend-frontalier-voici-ce-quon-peut-retenir-du-sommet-de-conakry\/\",\"name\":\"Diff\u00e9rend frontalier : Voici ce qu'on peut retenir du sommet de Conakry - UNIVERSNEWS224\",\"isPartOf\":{\"@id\":\"https:\/\/universnews224.com\/#website\"},\"datePublished\":\"2026-03-17T00:06:04+00:00\",\"dateModified\":\"2026-03-17T00:06:04+00:00\",\"inLanguage\":\"fr-FR\",\"potentialAction\":[{\"@type\":\"ReadAction\",\"target\":[\"https:\/\/universnews224.com\/index.php\/differend-frontalier-voici-ce-quon-peut-retenir-du-sommet-de-conakry\/\"]}]},{\"@type\":\"WebSite\",\"@id\":\"https:\/\/universnews224.com\/#website\",\"url\":\"https:\/\/universnews224.com\/\",\"name\":\"UNIVERSNEWS224\",\"description\":\"\",\"publisher\":{\"@id\":\"https:\/\/universnews224.com\/#organization\"},\"potentialAction\":[{\"@type\":\"SearchAction\",\"target\":{\"@type\":\"EntryPoint\",\"urlTemplate\":\"https:\/\/universnews224.com\/?s={search_term_string}\"},\"query-input\":\"required name=search_term_string\"}],\"inLanguage\":\"fr-FR\"},{\"@type\":\"Organization\",\"@id\":\"https:\/\/universnews224.com\/#organization\",\"name\":\"UNIVERSNEWS224\",\"url\":\"https:\/\/universnews224.com\/\",\"logo\":{\"@type\":\"ImageObject\",\"inLanguage\":\"fr-FR\",\"@id\":\"https:\/\/universnews224.com\/#\/schema\/logo\/image\/\",\"url\":\"https:\/\/universnews224.com\/wp-content\/uploads\/2022\/08\/cropped-cropped-logoban.jpg\",\"contentUrl\":\"https:\/\/universnews224.com\/wp-content\/uploads\/2022\/08\/cropped-cropped-logoban.jpg\",\"width\":1080,\"height\":138,\"caption\":\"UNIVERSNEWS224\"},\"image\":{\"@id\":\"https:\/\/universnews224.com\/#\/schema\/logo\/image\/\"}},{\"@type\":\"Person\",\"@id\":\"https:\/\/universnews224.com\/#\/schema\/person\/a4b7d4f94a4716df60456a491260485e\",\"name\":\"La R\u00e9daction\",\"image\":{\"@type\":\"ImageObject\",\"inLanguage\":\"fr-FR\",\"@id\":\"https:\/\/universnews224.com\/#\/schema\/person\/image\/\",\"url\":\"https:\/\/secure.gravatar.com\/avatar\/edb90acc7752b23e1b3307ad36c14f0d?s=96&d=mm&r=g\",\"contentUrl\":\"https:\/\/secure.gravatar.com\/avatar\/edb90acc7752b23e1b3307ad36c14f0d?s=96&d=mm&r=g\",\"caption\":\"La R\u00e9daction\"},\"sameAs\":[\"https:\/\/universnews224.com\"],\"url\":\"https:\/\/universnews224.com\/index.php\/author\/m-camara\/\"}]}<\/script>\n<!-- \/ Yoast SEO plugin. -->","yoast_head_json":{"title":"Diff\u00e9rend frontalier : Voici ce qu'on peut retenir du sommet de Conakry - UNIVERSNEWS224","robots":{"index":"index","follow":"follow","max-snippet":"max-snippet:-1","max-image-preview":"max-image-preview:large","max-video-preview":"max-video-preview:-1"},"canonical":"https:\/\/universnews224.com\/index.php\/differend-frontalier-voici-ce-quon-peut-retenir-du-sommet-de-conakry\/","og_locale":"fr_FR","og_type":"article","og_title":"Diff\u00e9rend frontalier : Voici ce qu'on peut retenir du sommet de Conakry - UNIVERSNEWS224","og_description":"Ce lundi 16 mars 2026, la capitale guin\u00e9enne est devenue le centre n\u00e9vralgique de la","og_url":"https:\/\/universnews224.com\/index.php\/differend-frontalier-voici-ce-quon-peut-retenir-du-sommet-de-conakry\/","og_site_name":"UNIVERSNEWS224","article_published_time":"2026-03-17T00:06:04+00:00","og_image":[{"width":2048,"height":1364,"url":"https:\/\/universnews224.com\/wp-content\/uploads\/2026\/03\/FB_IMG_1773705016408.jpg","type":"image\/jpeg"}],"author":"La R\u00e9daction","twitter_misc":{"\u00c9crit par":"La R\u00e9daction","Dur\u00e9e de lecture estim\u00e9e":"4 minutes"},"schema":{"@context":"https:\/\/schema.org","@graph":[{"@type":"Article","@id":"https:\/\/universnews224.com\/index.php\/differend-frontalier-voici-ce-quon-peut-retenir-du-sommet-de-conakry\/#article","isPartOf":{"@id":"https:\/\/universnews224.com\/index.php\/differend-frontalier-voici-ce-quon-peut-retenir-du-sommet-de-conakry\/"},"author":{"name":"La R\u00e9daction","@id":"https:\/\/universnews224.com\/#\/schema\/person\/a4b7d4f94a4716df60456a491260485e"},"headline":"Diff\u00e9rend frontalier : Voici ce qu&rsquo;on peut retenir du sommet de Conakry","datePublished":"2026-03-17T00:06:04+00:00","dateModified":"2026-03-17T00:06:04+00:00","mainEntityOfPage":{"@id":"https:\/\/universnews224.com\/index.php\/differend-frontalier-voici-ce-quon-peut-retenir-du-sommet-de-conakry\/"},"wordCount":751,"publisher":{"@id":"https:\/\/universnews224.com\/#organization"},"keywords":["A la une"],"articleSection":["ACTU","POLITIQUE"],"inLanguage":"fr-FR"},{"@type":"WebPage","@id":"https:\/\/universnews224.com\/index.php\/differend-frontalier-voici-ce-quon-peut-retenir-du-sommet-de-conakry\/","url":"https:\/\/universnews224.com\/index.php\/differend-frontalier-voici-ce-quon-peut-retenir-du-sommet-de-conakry\/","name":"Diff\u00e9rend frontalier : Voici ce qu'on peut retenir du sommet de Conakry - UNIVERSNEWS224","isPartOf":{"@id":"https:\/\/universnews224.com\/#website"},"datePublished":"2026-03-17T00:06:04+00:00","dateModified":"2026-03-17T00:06:04+00:00","inLanguage":"fr-FR","potentialAction":[{"@type":"ReadAction","target":["https:\/\/universnews224.com\/index.php\/differend-frontalier-voici-ce-quon-peut-retenir-du-sommet-de-conakry\/"]}]},{"@type":"WebSite","@id":"https:\/\/universnews224.com\/#website","url":"https:\/\/universnews224.com\/","name":"UNIVERSNEWS224","description":"","publisher":{"@id":"https:\/\/universnews224.com\/#organization"},"potentialAction":[{"@type":"SearchAction","target":{"@type":"EntryPoint","urlTemplate":"https:\/\/universnews224.com\/?s={search_term_string}"},"query-input":"required name=search_term_string"}],"inLanguage":"fr-FR"},{"@type":"Organization","@id":"https:\/\/universnews224.com\/#organization","name":"UNIVERSNEWS224","url":"https:\/\/universnews224.com\/","logo":{"@type":"ImageObject","inLanguage":"fr-FR","@id":"https:\/\/universnews224.com\/#\/schema\/logo\/image\/","url":"https:\/\/universnews224.com\/wp-content\/uploads\/2022\/08\/cropped-cropped-logoban.jpg","contentUrl":"https:\/\/universnews224.com\/wp-content\/uploads\/2022\/08\/cropped-cropped-logoban.jpg","width":1080,"height":138,"caption":"UNIVERSNEWS224"},"image":{"@id":"https:\/\/universnews224.com\/#\/schema\/logo\/image\/"}},{"@type":"Person","@id":"https:\/\/universnews224.com\/#\/schema\/person\/a4b7d4f94a4716df60456a491260485e","name":"La R\u00e9daction","image":{"@type":"ImageObject","inLanguage":"fr-FR","@id":"https:\/\/universnews224.com\/#\/schema\/person\/image\/","url":"https:\/\/secure.gravatar.com\/avatar\/edb90acc7752b23e1b3307ad36c14f0d?s=96&d=mm&r=g","contentUrl":"https:\/\/secure.gravatar.com\/avatar\/edb90acc7752b23e1b3307ad36c14f0d?s=96&d=mm&r=g","caption":"La R\u00e9daction"},"sameAs":["https:\/\/universnews224.com"],"url":"https:\/\/universnews224.com\/index.php\/author\/m-camara\/"}]}},"_links":{"self":[{"href":"https:\/\/universnews224.com\/index.php\/wp-json\/wp\/v2\/posts\/10463"}],"collection":[{"href":"https:\/\/universnews224.com\/index.php\/wp-json\/wp\/v2\/posts"}],"about":[{"href":"https:\/\/universnews224.com\/index.php\/wp-json\/wp\/v2\/types\/post"}],"author":[{"embeddable":true,"href":"https:\/\/universnews224.com\/index.php\/wp-json\/wp\/v2\/users\/2"}],"replies":[{"embeddable":true,"href":"https:\/\/universnews224.com\/index.php\/wp-json\/wp\/v2\/comments?post=10463"}],"version-history":[{"count":1,"href":"https:\/\/universnews224.com\/index.php\/wp-json\/wp\/v2\/posts\/10463\/revisions"}],"predecessor-version":[{"id":10465,"href":"https:\/\/universnews224.com\/index.php\/wp-json\/wp\/v2\/posts\/10463\/revisions\/10465"}],"wp:featuredmedia":[{"embeddable":true,"href":"https:\/\/universnews224.com\/index.php\/wp-json\/wp\/v2\/media\/10464"}],"wp:attachment":[{"href":"https:\/\/universnews224.com\/index.php\/wp-json\/wp\/v2\/media?parent=10463"}],"wp:term":[{"taxonomy":"category","embeddable":true,"href":"https:\/\/universnews224.com\/index.php\/wp-json\/wp\/v2\/categories?post=10463"},{"taxonomy":"post_tag","embeddable":true,"href":"https:\/\/universnews224.com\/index.php\/wp-json\/wp\/v2\/tags?post=10463"}],"curies":[{"name":"wp","href":"https:\/\/api.w.org\/{rel}","templated":true}]}}