{"id":1066,"date":"2022-03-29T21:48:48","date_gmt":"2022-03-29T20:48:48","guid":{"rendered":"https:\/\/universnews224.com\/?p=1066"},"modified":"2022-03-29T21:51:00","modified_gmt":"2022-03-29T20:51:00","slug":"urgent-le-procureur-general-alfonse-charles-wright-suspendu-pour-faute-disciplinaire","status":"publish","type":"post","link":"https:\/\/universnews224.com\/index.php\/urgent-le-procureur-general-alfonse-charles-wright-suspendu-pour-faute-disciplinaire\/","title":{"rendered":"Urgent : le Procureur G\u00e9n\u00e9ral Alfonse Charles Wright suspendu pour faute disciplinaire."},"content":{"rendered":"<p>C\u2019est une information de derni\u00e8re minute ! Le Procureur G\u00e9n\u00e9ral pr\u00e8s la Cour d\u2019appel de Conakry vient d\u2019\u00eatre suspendu de ses fonctions par le ministre de la justice.<\/p>\n<p>Selon nos sources, Alfonse Charles Wright est suspendu pour faute disciplinaire avec effet imm\u00e9diat.<\/p>\n<p>La note de service du garde des sceaux consult\u00e9e par mosaiqueguinee.com pr\u00e9cise que le conseil sup\u00e9rieur de la magistrature sera saisi imm\u00e9diatement des faits qui lui sont reproch\u00e9s pour d\u00e9cider conform\u00e9ment \u00e0 la loi.<\/p>\n<p>mosaiqueguinee<\/p>\n","protected":false},"excerpt":{"rendered":"<p>C\u2019est une information de derni\u00e8re minute ! Le Procureur G\u00e9n\u00e9ral pr\u00e8s la Cour d\u2019appel de<\/p>\n","protected":false},"author":2,"featured_media":1068,"comment_status":"closed","ping_status":"open","sticky":false,"template":"","format":"standard","meta":[],"categories":[3,5],"tags":[229],"yoast_head":"<!-- This site is optimized with the Yoast SEO plugin v19.13 - https:\/\/yoast.com\/wordpress\/plugins\/seo\/ -->\n<title>Urgent : le Procureur G\u00e9n\u00e9ral Alfonse Charles Wright suspendu pour faute disciplinaire. - UNIVERSNEWS224<\/title>\n<meta name=\"robots\" content=\"index, follow, max-snippet:-1, max-image-preview:large, max-video-preview:-1\" \/>\n<link rel=\"canonical\" href=\"https:\/\/universnews224.com\/index.php\/urgent-le-procureur-general-alfonse-charles-wright-suspendu-pour-faute-disciplinaire\/\" \/>\n<meta property=\"og:locale\" content=\"fr_FR\" \/>\n<meta property=\"og:type\" content=\"article\" \/>\n<meta property=\"og:title\" content=\"Urgent : le Procureur G\u00e9n\u00e9ral Alfonse Charles Wright suspendu pour faute disciplinaire. - UNIVERSNEWS224\" \/>\n<meta property=\"og:description\" content=\"C\u2019est une information de derni\u00e8re minute ! Le Procureur G\u00e9n\u00e9ral pr\u00e8s la Cour d\u2019appel de\" \/>\n<meta property=\"og:url\" content=\"https:\/\/universnews224.com\/index.php\/urgent-le-procureur-general-alfonse-charles-wright-suspendu-pour-faute-disciplinaire\/\" \/>\n<meta property=\"og:site_name\" content=\"UNIVERSNEWS224\" \/>\n<meta property=\"article:published_time\" content=\"2022-03-29T20:48:48+00:00\" \/>\n<meta property=\"article:modified_time\" content=\"2022-03-29T20:51:00+00:00\" \/>\n<meta property=\"og:image\" content=\"https:\/\/universnews224.com\/wp-content\/uploads\/2022\/03\/674BF226-4E2F-42C3-B90E-CBBBC60E2ED9.jpeg\" \/>\n\t<meta property=\"og:image:width\" content=\"1080\" \/>\n\t<meta property=\"og:image:height\" content=\"474\" \/>\n\t<meta property=\"og:image:type\" content=\"image\/jpeg\" \/>\n<meta name=\"author\" content=\"La R\u00e9daction\" \/>\n<meta name=\"twitter:label1\" content=\"\u00c9crit par\" \/>\n\t<meta name=\"twitter:data1\" content=\"La R\u00e9daction\" \/>\n<script type=\"application\/ld+json\" class=\"yoast-schema-graph\">{\"@context\":\"https:\/\/schema.org\",\"@graph\":[{\"@type\":\"Article\",\"@id\":\"https:\/\/universnews224.com\/index.php\/urgent-le-procureur-general-alfonse-charles-wright-suspendu-pour-faute-disciplinaire\/#article\",\"isPartOf\":{\"@id\":\"https:\/\/universnews224.com\/index.php\/urgent-le-procureur-general-alfonse-charles-wright-suspendu-pour-faute-disciplinaire\/\"},\"author\":{\"name\":\"La R\u00e9daction\",\"@id\":\"https:\/\/universnews224.com\/#\/schema\/person\/a4b7d4f94a4716df60456a491260485e\"},\"headline\":\"Urgent : le Procureur G\u00e9n\u00e9ral Alfonse Charles Wright suspendu pour faute disciplinaire.\",\"datePublished\":\"2022-03-29T20:48:48+00:00\",\"dateModified\":\"2022-03-29T20:51:00+00:00\",\"mainEntityOfPage\":{\"@id\":\"https:\/\/universnews224.com\/index.php\/urgent-le-procureur-general-alfonse-charles-wright-suspendu-pour-faute-disciplinaire\/\"},\"wordCount\":104,\"publisher\":{\"@id\":\"https:\/\/universnews224.com\/#organization\"},\"keywords\":[\"La une\"],\"articleSection\":[\"ACTU\",\"SOCI\u00c9T\u00c9\"],\"inLanguage\":\"fr-FR\"},{\"@type\":\"WebPage\",\"@id\":\"https:\/\/universnews224.com\/index.php\/urgent-le-procureur-general-alfonse-charles-wright-suspendu-pour-faute-disciplinaire\/\",\"url\":\"https:\/\/universnews224.com\/index.php\/urgent-le-procureur-general-alfonse-charles-wright-suspendu-pour-faute-disciplinaire\/\",\"name\":\"Urgent : le Procureur G\u00e9n\u00e9ral Alfonse Charles Wright suspendu pour faute disciplinaire. - UNIVERSNEWS224\",\"isPartOf\":{\"@id\":\"https:\/\/universnews224.com\/#website\"},\"datePublished\":\"2022-03-29T20:48:48+00:00\",\"dateModified\":\"2022-03-29T20:51:00+00:00\",\"inLanguage\":\"fr-FR\",\"potentialAction\":[{\"@type\":\"ReadAction\",\"target\":[\"https:\/\/universnews224.com\/index.php\/urgent-le-procureur-general-alfonse-charles-wright-suspendu-pour-faute-disciplinaire\/\"]}]},{\"@type\":\"WebSite\",\"@id\":\"https:\/\/universnews224.com\/#website\",\"url\":\"https:\/\/universnews224.com\/\",\"name\":\"UNIVERSNEWS224\",\"description\":\"\",\"publisher\":{\"@id\":\"https:\/\/universnews224.com\/#organization\"},\"potentialAction\":[{\"@type\":\"SearchAction\",\"target\":{\"@type\":\"EntryPoint\",\"urlTemplate\":\"https:\/\/universnews224.com\/?s={search_term_string}\"},\"query-input\":\"required name=search_term_string\"}],\"inLanguage\":\"fr-FR\"},{\"@type\":\"Organization\",\"@id\":\"https:\/\/universnews224.com\/#organization\",\"name\":\"UNIVERSNEWS224\",\"url\":\"https:\/\/universnews224.com\/\",\"logo\":{\"@type\":\"ImageObject\",\"inLanguage\":\"fr-FR\",\"@id\":\"https:\/\/universnews224.com\/#\/schema\/logo\/image\/\",\"url\":\"https:\/\/universnews224.com\/wp-content\/uploads\/2022\/08\/cropped-cropped-logoban.jpg\",\"contentUrl\":\"https:\/\/universnews224.com\/wp-content\/uploads\/2022\/08\/cropped-cropped-logoban.jpg\",\"width\":1080,\"height\":138,\"caption\":\"UNIVERSNEWS224\"},\"image\":{\"@id\":\"https:\/\/universnews224.com\/#\/schema\/logo\/image\/\"}},{\"@type\":\"Person\",\"@id\":\"https:\/\/universnews224.com\/#\/schema\/person\/a4b7d4f94a4716df60456a491260485e\",\"name\":\"La R\u00e9daction\",\"image\":{\"@type\":\"ImageObject\",\"inLanguage\":\"fr-FR\",\"@id\":\"https:\/\/universnews224.com\/#\/schema\/person\/image\/\",\"url\":\"https:\/\/secure.gravatar.com\/avatar\/edb90acc7752b23e1b3307ad36c14f0d?s=96&d=mm&r=g\",\"contentUrl\":\"https:\/\/secure.gravatar.com\/avatar\/edb90acc7752b23e1b3307ad36c14f0d?s=96&d=mm&r=g\",\"caption\":\"La R\u00e9daction\"},\"sameAs\":[\"https:\/\/universnews224.com\"],\"url\":\"https:\/\/universnews224.com\/index.php\/author\/m-camara\/\"}]}<\/script>\n<!-- \/ Yoast SEO plugin. -->","yoast_head_json":{"title":"Urgent : le Procureur G\u00e9n\u00e9ral Alfonse Charles Wright suspendu pour faute disciplinaire. - UNIVERSNEWS224","robots":{"index":"index","follow":"follow","max-snippet":"max-snippet:-1","max-image-preview":"max-image-preview:large","max-video-preview":"max-video-preview:-1"},"canonical":"https:\/\/universnews224.com\/index.php\/urgent-le-procureur-general-alfonse-charles-wright-suspendu-pour-faute-disciplinaire\/","og_locale":"fr_FR","og_type":"article","og_title":"Urgent : le Procureur G\u00e9n\u00e9ral Alfonse Charles Wright suspendu pour faute disciplinaire. - UNIVERSNEWS224","og_description":"C\u2019est une information de derni\u00e8re minute ! Le Procureur G\u00e9n\u00e9ral pr\u00e8s la Cour d\u2019appel de","og_url":"https:\/\/universnews224.com\/index.php\/urgent-le-procureur-general-alfonse-charles-wright-suspendu-pour-faute-disciplinaire\/","og_site_name":"UNIVERSNEWS224","article_published_time":"2022-03-29T20:48:48+00:00","article_modified_time":"2022-03-29T20:51:00+00:00","og_image":[{"width":1080,"height":474,"url":"https:\/\/universnews224.com\/wp-content\/uploads\/2022\/03\/674BF226-4E2F-42C3-B90E-CBBBC60E2ED9.jpeg","type":"image\/jpeg"}],"author":"La R\u00e9daction","twitter_misc":{"\u00c9crit par":"La R\u00e9daction"},"schema":{"@context":"https:\/\/schema.org","@graph":[{"@type":"Article","@id":"https:\/\/universnews224.com\/index.php\/urgent-le-procureur-general-alfonse-charles-wright-suspendu-pour-faute-disciplinaire\/#article","isPartOf":{"@id":"https:\/\/universnews224.com\/index.php\/urgent-le-procureur-general-alfonse-charles-wright-suspendu-pour-faute-disciplinaire\/"},"author":{"name":"La R\u00e9daction","@id":"https:\/\/universnews224.com\/#\/schema\/person\/a4b7d4f94a4716df60456a491260485e"},"headline":"Urgent : le Procureur G\u00e9n\u00e9ral Alfonse Charles Wright suspendu pour faute disciplinaire.","datePublished":"2022-03-29T20:48:48+00:00","dateModified":"2022-03-29T20:51:00+00:00","mainEntityOfPage":{"@id":"https:\/\/universnews224.com\/index.php\/urgent-le-procureur-general-alfonse-charles-wright-suspendu-pour-faute-disciplinaire\/"},"wordCount":104,"publisher":{"@id":"https:\/\/universnews224.com\/#organization"},"keywords":["La une"],"articleSection":["ACTU","SOCI\u00c9T\u00c9"],"inLanguage":"fr-FR"},{"@type":"WebPage","@id":"https:\/\/universnews224.com\/index.php\/urgent-le-procureur-general-alfonse-charles-wright-suspendu-pour-faute-disciplinaire\/","url":"https:\/\/universnews224.com\/index.php\/urgent-le-procureur-general-alfonse-charles-wright-suspendu-pour-faute-disciplinaire\/","name":"Urgent : le Procureur G\u00e9n\u00e9ral Alfonse Charles Wright suspendu pour faute disciplinaire. - UNIVERSNEWS224","isPartOf":{"@id":"https:\/\/universnews224.com\/#website"},"datePublished":"2022-03-29T20:48:48+00:00","dateModified":"2022-03-29T20:51:00+00:00","inLanguage":"fr-FR","potentialAction":[{"@type":"ReadAction","target":["https:\/\/universnews224.com\/index.php\/urgent-le-procureur-general-alfonse-charles-wright-suspendu-pour-faute-disciplinaire\/"]}]},{"@type":"WebSite","@id":"https:\/\/universnews224.com\/#website","url":"https:\/\/universnews224.com\/","name":"UNIVERSNEWS224","description":"","publisher":{"@id":"https:\/\/universnews224.com\/#organization"},"potentialAction":[{"@type":"SearchAction","target":{"@type":"EntryPoint","urlTemplate":"https:\/\/universnews224.com\/?s={search_term_string}"},"query-input":"required name=search_term_string"}],"inLanguage":"fr-FR"},{"@type":"Organization","@id":"https:\/\/universnews224.com\/#organization","name":"UNIVERSNEWS224","url":"https:\/\/universnews224.com\/","logo":{"@type":"ImageObject","inLanguage":"fr-FR","@id":"https:\/\/universnews224.com\/#\/schema\/logo\/image\/","url":"https:\/\/universnews224.com\/wp-content\/uploads\/2022\/08\/cropped-cropped-logoban.jpg","contentUrl":"https:\/\/universnews224.com\/wp-content\/uploads\/2022\/08\/cropped-cropped-logoban.jpg","width":1080,"height":138,"caption":"UNIVERSNEWS224"},"image":{"@id":"https:\/\/universnews224.com\/#\/schema\/logo\/image\/"}},{"@type":"Person","@id":"https:\/\/universnews224.com\/#\/schema\/person\/a4b7d4f94a4716df60456a491260485e","name":"La R\u00e9daction","image":{"@type":"ImageObject","inLanguage":"fr-FR","@id":"https:\/\/universnews224.com\/#\/schema\/person\/image\/","url":"https:\/\/secure.gravatar.com\/avatar\/edb90acc7752b23e1b3307ad36c14f0d?s=96&d=mm&r=g","contentUrl":"https:\/\/secure.gravatar.com\/avatar\/edb90acc7752b23e1b3307ad36c14f0d?s=96&d=mm&r=g","caption":"La R\u00e9daction"},"sameAs":["https:\/\/universnews224.com"],"url":"https:\/\/universnews224.com\/index.php\/author\/m-camara\/"}]}},"_links":{"self":[{"href":"https:\/\/universnews224.com\/index.php\/wp-json\/wp\/v2\/posts\/1066"}],"collection":[{"href":"https:\/\/universnews224.com\/index.php\/wp-json\/wp\/v2\/posts"}],"about":[{"href":"https:\/\/universnews224.com\/index.php\/wp-json\/wp\/v2\/types\/post"}],"author":[{"embeddable":true,"href":"https:\/\/universnews224.com\/index.php\/wp-json\/wp\/v2\/users\/2"}],"replies":[{"embeddable":true,"href":"https:\/\/universnews224.com\/index.php\/wp-json\/wp\/v2\/comments?post=1066"}],"version-history":[{"count":2,"href":"https:\/\/universnews224.com\/index.php\/wp-json\/wp\/v2\/posts\/1066\/revisions"}],"predecessor-version":[{"id":1070,"href":"https:\/\/universnews224.com\/index.php\/wp-json\/wp\/v2\/posts\/1066\/revisions\/1070"}],"wp:featuredmedia":[{"embeddable":true,"href":"https:\/\/universnews224.com\/index.php\/wp-json\/wp\/v2\/media\/1068"}],"wp:attachment":[{"href":"https:\/\/universnews224.com\/index.php\/wp-json\/wp\/v2\/media?parent=1066"}],"wp:term":[{"taxonomy":"category","embeddable":true,"href":"https:\/\/universnews224.com\/index.php\/wp-json\/wp\/v2\/categories?post=1066"},{"taxonomy":"post_tag","embeddable":true,"href":"https:\/\/universnews224.com\/index.php\/wp-json\/wp\/v2\/tags?post=1066"}],"curies":[{"name":"wp","href":"https:\/\/api.w.org\/{rel}","templated":true}]}}