{"id":10727,"date":"2026-04-25T16:43:42","date_gmt":"2026-04-25T15:43:42","guid":{"rendered":"https:\/\/universnews224.com\/?p=10727"},"modified":"2026-04-25T16:43:42","modified_gmt":"2026-04-25T15:43:42","slug":"dedicace-du-livre-un-parcours-un-destin-une-conviction-dre-diaka-sidibe-celebre-son-parcours","status":"publish","type":"post","link":"https:\/\/universnews224.com\/index.php\/dedicace-du-livre-un-parcours-un-destin-une-conviction-dre-diaka-sidibe-celebre-son-parcours\/","title":{"rendered":"D\u00e9dicace du livre \u00ab Un parcours, un destin, une conviction \u00bb : Dre Diaka Sidib\u00e9 c\u00e9l\u00e8bre son parcours"},"content":{"rendered":"<p>La salle du Centre Culturel Franco-Guin\u00e9en (CCFG) de Conakry a abrit\u00e9, ce samedi 25 avril 2026, la c\u00e9r\u00e9monie de d\u00e9dicace et de pr\u00e9sentation du nouvel ouvrage de la ministre de l&rsquo;Enseignement Sup\u00e9rieur, de la Recherche Scientifique et de l&rsquo;Innovation, Dre Diaka Sidib\u00e9, intitul\u00e9 \u00ab Un parcours, un destin, une conviction \u00bb.<\/p>\n<p><a href=\"https:\/\/universnews224.com\/wp-content\/uploads\/2026\/04\/IMG-20260425-WA0039.jpg\"><img loading=\"lazy\" class=\"alignnone size-medium wp-image-10730\" src=\"https:\/\/universnews224.com\/wp-content\/uploads\/2026\/04\/IMG-20260425-WA0039-300x206.jpg\" alt=\"\" width=\"300\" height=\"206\" srcset=\"https:\/\/universnews224.com\/wp-content\/uploads\/2026\/04\/IMG-20260425-WA0039-300x206.jpg 300w, https:\/\/universnews224.com\/wp-content\/uploads\/2026\/04\/IMG-20260425-WA0039-768x526.jpg 768w, https:\/\/universnews224.com\/wp-content\/uploads\/2026\/04\/IMG-20260425-WA0039.jpg 1008w\" sizes=\"(max-width: 300px) 100vw, 300px\" \/><\/a><\/p>\n<p>Compos\u00e9 de 173 pages r\u00e9parties en sept chapitres, cet ouvrage met en lumi\u00e8re une femme de d\u00e9fis. \u00c0 travers ses lignes, l&rsquo;auteure nous enseigne que chaque \u00e9preuve, chaque joie et chaque d\u00e9tour ont contribu\u00e9 \u00e0 fa\u00e7onner la personnalit\u00e9 qu&rsquo;elle est aujourd&rsquo;hui. Son histoire, qu&rsquo;elle ne pr\u00e9tend ni parfaite ni achev\u00e9e, est r\u00e9solument la sienne. Elle d\u00e9montre avec humilit\u00e9 que l&rsquo;\u00e9chec n&rsquo;est pas une fin en soi, mais souvent un nouveau commencement, et que les cicatrices sont porteuses de pr\u00e9cieuses le\u00e7ons. Si ces pages explorent son pass\u00e9, elles ouvrent surtout une fen\u00eatre sur son avenir ; car au-del\u00e0 des souvenirs, il reste encore tant \u00e0 b\u00e2tir.<\/p>\n<p><a href=\"https:\/\/universnews224.com\/wp-content\/uploads\/2026\/04\/IMG-20260425-WA0036.jpg\"><img loading=\"lazy\" class=\"alignnone size-medium wp-image-10731\" src=\"https:\/\/universnews224.com\/wp-content\/uploads\/2026\/04\/IMG-20260425-WA0036-300x225.jpg\" alt=\"\" width=\"300\" height=\"225\" srcset=\"https:\/\/universnews224.com\/wp-content\/uploads\/2026\/04\/IMG-20260425-WA0036-300x225.jpg 300w, https:\/\/universnews224.com\/wp-content\/uploads\/2026\/04\/IMG-20260425-WA0036-768x576.jpg 768w, https:\/\/universnews224.com\/wp-content\/uploads\/2026\/04\/IMG-20260425-WA0036-720x540.jpg 720w, https:\/\/universnews224.com\/wp-content\/uploads\/2026\/04\/IMG-20260425-WA0036.jpg 1008w\" sizes=\"(max-width: 300px) 100vw, 300px\" \/><\/a><\/p>\n<p>Dans ce r\u00e9cit, la ministre rend \u00e9galement hommage \u00e0 toutes ces femmes qui, souvent dans l&rsquo;ombre, portent la vie, la m\u00e9moire et les luttes quotidiennes. Sans revendication militante ostentatoire, elle invite le lecteur \u00e0 porter sur la condition f\u00e9minine un regard empreint de respect, de gratitude et de lucidit\u00e9.<\/p>\n<p>Lors de son expos\u00e9, Dre Diaka Sidib\u00e9 a tenu \u00e0 remercier les personnalit\u00e9s pr\u00e9sentes, notamment ses coll\u00e8gues du gouvernement, les recteurs, les professeurs ainsi que les \u00e9tudiants venus de divers horizons universitaires.<\/p>\n<p><a href=\"https:\/\/universnews224.com\/wp-content\/uploads\/2026\/04\/IMG-20260425-WA0037.jpg\"><img loading=\"lazy\" class=\"alignnone size-medium wp-image-10732\" src=\"https:\/\/universnews224.com\/wp-content\/uploads\/2026\/04\/IMG-20260425-WA0037-300x225.jpg\" alt=\"\" width=\"300\" height=\"225\" srcset=\"https:\/\/universnews224.com\/wp-content\/uploads\/2026\/04\/IMG-20260425-WA0037-300x225.jpg 300w, https:\/\/universnews224.com\/wp-content\/uploads\/2026\/04\/IMG-20260425-WA0037-768x576.jpg 768w, https:\/\/universnews224.com\/wp-content\/uploads\/2026\/04\/IMG-20260425-WA0037-720x540.jpg 720w, https:\/\/universnews224.com\/wp-content\/uploads\/2026\/04\/IMG-20260425-WA0037.jpg 1008w\" sizes=\"(max-width: 300px) 100vw, 300px\" \/><\/a><\/p>\n<p>\u00ab C&rsquo;est un livre autobiographique qui retrace mon parcours : mon enfance, ma scolarit\u00e9, mes voyages, ma carri\u00e8re, ainsi que ma vie de famille. J&rsquo;ai eu le courage de partager une partie de mon existence. Ce n&rsquo;est pas toute l&rsquo;histoire, mais une part choisie pour impacter les consciences et rappeler que derri\u00e8re chaque r\u00e9ussite, il y a un combat. Il s&rsquo;agit aussi de r\u00e9aliser que les \u00e9tapes difficiles que nous traversons ne nous d\u00e9finissent pas forc\u00e9ment \u00bb, a indiqu\u00e9 Mme la ministre.<\/p>\n<p><a href=\"https:\/\/universnews224.com\/wp-content\/uploads\/2026\/04\/IMG-20260425-WA0034.jpg\"><img loading=\"lazy\" class=\"alignnone size-medium wp-image-10734\" src=\"https:\/\/universnews224.com\/wp-content\/uploads\/2026\/04\/IMG-20260425-WA0034-300x225.jpg\" alt=\"\" width=\"300\" height=\"225\" srcset=\"https:\/\/universnews224.com\/wp-content\/uploads\/2026\/04\/IMG-20260425-WA0034-300x225.jpg 300w, https:\/\/universnews224.com\/wp-content\/uploads\/2026\/04\/IMG-20260425-WA0034-768x576.jpg 768w, https:\/\/universnews224.com\/wp-content\/uploads\/2026\/04\/IMG-20260425-WA0034-720x540.jpg 720w, https:\/\/universnews224.com\/wp-content\/uploads\/2026\/04\/IMG-20260425-WA0034.jpg 1008w\" sizes=\"(max-width: 300px) 100vw, 300px\" \/><\/a><\/p>\n<p>Initialement pr\u00e9vue comme une rencontre modeste en comit\u00e9 restreint, la c\u00e9r\u00e9monie a finalement suscit\u00e9 un engouement massif, d\u00e9passant toutes les attentes de l&rsquo;auteure.<br \/>\n\u00ab Le stock de livres disponibles a \u00e9t\u00e9 compl\u00e8tement \u00e9puis\u00e9. Cela t\u00e9moigne de l&rsquo;int\u00e9r\u00eat pour ce besoin de partage et d&rsquo;impact que nous recherchons. Si, \u00e0 travers ce titre et ces extraits, j&rsquo;ai pu toucher une jeune fille ou un jeune homme, alors mon objectif est atteint. J&rsquo;ai voulu raconter mon histoire sans maquillage, avec toute la profondeur requise, en \u00e9voquant m\u00eame ces \u00e9preuves que l&rsquo;on a parfois envie d&rsquo;oublier \u00bb, a-t-elle ajout\u00e9.<a href=\"https:\/\/universnews224.com\/wp-content\/uploads\/2026\/04\/IMG-20260425-WA0036-1.jpg\"><img loading=\"lazy\" class=\"alignnone size-medium wp-image-10733\" src=\"https:\/\/universnews224.com\/wp-content\/uploads\/2026\/04\/IMG-20260425-WA0036-1-300x225.jpg\" alt=\"\" width=\"300\" height=\"225\" srcset=\"https:\/\/universnews224.com\/wp-content\/uploads\/2026\/04\/IMG-20260425-WA0036-1-300x225.jpg 300w, https:\/\/universnews224.com\/wp-content\/uploads\/2026\/04\/IMG-20260425-WA0036-1-768x576.jpg 768w, https:\/\/universnews224.com\/wp-content\/uploads\/2026\/04\/IMG-20260425-WA0036-1-720x540.jpg 720w, https:\/\/universnews224.com\/wp-content\/uploads\/2026\/04\/IMG-20260425-WA0036-1.jpg 1008w\" sizes=\"(max-width: 300px) 100vw, 300px\" \/><\/a><\/p>\n<p>Pour conclure, Dre Diaka Sidib\u00e9 a rappel\u00e9 que ce livre n&rsquo;est pas une finalit\u00e9 : \u00ab \u00c0 c\u0153ur vaillant, rien n&rsquo;est impossible. Cet ouvrage n&rsquo;est pas la fin, mais bien le d\u00e9but de mon histoire \u00bb, a-t-elle d\u00e9clar\u00e9.<\/p>\n<p>Alass Sylla<\/p>\n","protected":false},"excerpt":{"rendered":"<p>La salle du Centre Culturel Franco-Guin\u00e9en (CCFG) de Conakry a abrit\u00e9, ce samedi 25 avril<\/p>\n","protected":false},"author":2,"featured_media":10735,"comment_status":"closed","ping_status":"open","sticky":false,"template":"","format":"standard","meta":[],"categories":[3,6],"tags":[237],"yoast_head":"<!-- This site is optimized with the Yoast SEO plugin v19.13 - https:\/\/yoast.com\/wordpress\/plugins\/seo\/ -->\n<title>D\u00e9dicace du livre \u00ab Un parcours, un destin, une conviction \u00bb : Dre Diaka Sidib\u00e9 c\u00e9l\u00e8bre son parcours - UNIVERSNEWS224<\/title>\n<meta name=\"robots\" content=\"index, follow, max-snippet:-1, max-image-preview:large, max-video-preview:-1\" \/>\n<link rel=\"canonical\" href=\"https:\/\/universnews224.com\/index.php\/dedicace-du-livre-un-parcours-un-destin-une-conviction-dre-diaka-sidibe-celebre-son-parcours\/\" \/>\n<meta property=\"og:locale\" content=\"fr_FR\" \/>\n<meta property=\"og:type\" content=\"article\" \/>\n<meta property=\"og:title\" content=\"D\u00e9dicace du livre \u00ab Un parcours, un destin, une conviction \u00bb : Dre Diaka Sidib\u00e9 c\u00e9l\u00e8bre son parcours - UNIVERSNEWS224\" \/>\n<meta property=\"og:description\" content=\"La salle du Centre Culturel Franco-Guin\u00e9en (CCFG) de Conakry a abrit\u00e9, ce samedi 25 avril\" \/>\n<meta property=\"og:url\" content=\"https:\/\/universnews224.com\/index.php\/dedicace-du-livre-un-parcours-un-destin-une-conviction-dre-diaka-sidibe-celebre-son-parcours\/\" \/>\n<meta property=\"og:site_name\" content=\"UNIVERSNEWS224\" \/>\n<meta property=\"article:published_time\" content=\"2026-04-25T15:43:42+00:00\" \/>\n<meta property=\"og:image\" content=\"https:\/\/universnews224.com\/wp-content\/uploads\/2026\/04\/IMG-20260425-WA0035.jpg\" \/>\n\t<meta property=\"og:image:width\" content=\"1008\" \/>\n\t<meta property=\"og:image:height\" content=\"756\" \/>\n\t<meta property=\"og:image:type\" content=\"image\/jpeg\" \/>\n<meta name=\"author\" content=\"La R\u00e9daction\" \/>\n<meta name=\"twitter:label1\" content=\"\u00c9crit par\" \/>\n\t<meta name=\"twitter:data1\" content=\"La R\u00e9daction\" \/>\n\t<meta name=\"twitter:label2\" content=\"Dur\u00e9e de lecture estim\u00e9e\" \/>\n\t<meta name=\"twitter:data2\" content=\"4 minutes\" \/>\n<script type=\"application\/ld+json\" class=\"yoast-schema-graph\">{\"@context\":\"https:\/\/schema.org\",\"@graph\":[{\"@type\":\"Article\",\"@id\":\"https:\/\/universnews224.com\/index.php\/dedicace-du-livre-un-parcours-un-destin-une-conviction-dre-diaka-sidibe-celebre-son-parcours\/#article\",\"isPartOf\":{\"@id\":\"https:\/\/universnews224.com\/index.php\/dedicace-du-livre-un-parcours-un-destin-une-conviction-dre-diaka-sidibe-celebre-son-parcours\/\"},\"author\":{\"name\":\"La R\u00e9daction\",\"@id\":\"https:\/\/universnews224.com\/#\/schema\/person\/a4b7d4f94a4716df60456a491260485e\"},\"headline\":\"D\u00e9dicace du livre \u00ab Un parcours, un destin, une conviction \u00bb : Dre Diaka Sidib\u00e9 c\u00e9l\u00e8bre son parcours\",\"datePublished\":\"2026-04-25T15:43:42+00:00\",\"dateModified\":\"2026-04-25T15:43:42+00:00\",\"mainEntityOfPage\":{\"@id\":\"https:\/\/universnews224.com\/index.php\/dedicace-du-livre-un-parcours-un-destin-une-conviction-dre-diaka-sidibe-celebre-son-parcours\/\"},\"wordCount\":495,\"publisher\":{\"@id\":\"https:\/\/universnews224.com\/#organization\"},\"keywords\":[\"A la une\"],\"articleSection\":[\"ACTU\",\"CULTURE\"],\"inLanguage\":\"fr-FR\"},{\"@type\":\"WebPage\",\"@id\":\"https:\/\/universnews224.com\/index.php\/dedicace-du-livre-un-parcours-un-destin-une-conviction-dre-diaka-sidibe-celebre-son-parcours\/\",\"url\":\"https:\/\/universnews224.com\/index.php\/dedicace-du-livre-un-parcours-un-destin-une-conviction-dre-diaka-sidibe-celebre-son-parcours\/\",\"name\":\"D\u00e9dicace du livre \u00ab Un parcours, un destin, une conviction \u00bb : Dre Diaka Sidib\u00e9 c\u00e9l\u00e8bre son parcours - UNIVERSNEWS224\",\"isPartOf\":{\"@id\":\"https:\/\/universnews224.com\/#website\"},\"datePublished\":\"2026-04-25T15:43:42+00:00\",\"dateModified\":\"2026-04-25T15:43:42+00:00\",\"inLanguage\":\"fr-FR\",\"potentialAction\":[{\"@type\":\"ReadAction\",\"target\":[\"https:\/\/universnews224.com\/index.php\/dedicace-du-livre-un-parcours-un-destin-une-conviction-dre-diaka-sidibe-celebre-son-parcours\/\"]}]},{\"@type\":\"WebSite\",\"@id\":\"https:\/\/universnews224.com\/#website\",\"url\":\"https:\/\/universnews224.com\/\",\"name\":\"UNIVERSNEWS224\",\"description\":\"\",\"publisher\":{\"@id\":\"https:\/\/universnews224.com\/#organization\"},\"potentialAction\":[{\"@type\":\"SearchAction\",\"target\":{\"@type\":\"EntryPoint\",\"urlTemplate\":\"https:\/\/universnews224.com\/?s={search_term_string}\"},\"query-input\":\"required name=search_term_string\"}],\"inLanguage\":\"fr-FR\"},{\"@type\":\"Organization\",\"@id\":\"https:\/\/universnews224.com\/#organization\",\"name\":\"UNIVERSNEWS224\",\"url\":\"https:\/\/universnews224.com\/\",\"logo\":{\"@type\":\"ImageObject\",\"inLanguage\":\"fr-FR\",\"@id\":\"https:\/\/universnews224.com\/#\/schema\/logo\/image\/\",\"url\":\"https:\/\/universnews224.com\/wp-content\/uploads\/2022\/08\/cropped-cropped-logoban.jpg\",\"contentUrl\":\"https:\/\/universnews224.com\/wp-content\/uploads\/2022\/08\/cropped-cropped-logoban.jpg\",\"width\":1080,\"height\":138,\"caption\":\"UNIVERSNEWS224\"},\"image\":{\"@id\":\"https:\/\/universnews224.com\/#\/schema\/logo\/image\/\"}},{\"@type\":\"Person\",\"@id\":\"https:\/\/universnews224.com\/#\/schema\/person\/a4b7d4f94a4716df60456a491260485e\",\"name\":\"La R\u00e9daction\",\"image\":{\"@type\":\"ImageObject\",\"inLanguage\":\"fr-FR\",\"@id\":\"https:\/\/universnews224.com\/#\/schema\/person\/image\/\",\"url\":\"https:\/\/secure.gravatar.com\/avatar\/edb90acc7752b23e1b3307ad36c14f0d?s=96&d=mm&r=g\",\"contentUrl\":\"https:\/\/secure.gravatar.com\/avatar\/edb90acc7752b23e1b3307ad36c14f0d?s=96&d=mm&r=g\",\"caption\":\"La R\u00e9daction\"},\"sameAs\":[\"https:\/\/universnews224.com\"],\"url\":\"https:\/\/universnews224.com\/index.php\/author\/m-camara\/\"}]}<\/script>\n<!-- \/ Yoast SEO plugin. -->","yoast_head_json":{"title":"D\u00e9dicace du livre \u00ab Un parcours, un destin, une conviction \u00bb : Dre Diaka Sidib\u00e9 c\u00e9l\u00e8bre son parcours - UNIVERSNEWS224","robots":{"index":"index","follow":"follow","max-snippet":"max-snippet:-1","max-image-preview":"max-image-preview:large","max-video-preview":"max-video-preview:-1"},"canonical":"https:\/\/universnews224.com\/index.php\/dedicace-du-livre-un-parcours-un-destin-une-conviction-dre-diaka-sidibe-celebre-son-parcours\/","og_locale":"fr_FR","og_type":"article","og_title":"D\u00e9dicace du livre \u00ab Un parcours, un destin, une conviction \u00bb : Dre Diaka Sidib\u00e9 c\u00e9l\u00e8bre son parcours - UNIVERSNEWS224","og_description":"La salle du Centre Culturel Franco-Guin\u00e9en (CCFG) de Conakry a abrit\u00e9, ce samedi 25 avril","og_url":"https:\/\/universnews224.com\/index.php\/dedicace-du-livre-un-parcours-un-destin-une-conviction-dre-diaka-sidibe-celebre-son-parcours\/","og_site_name":"UNIVERSNEWS224","article_published_time":"2026-04-25T15:43:42+00:00","og_image":[{"width":1008,"height":756,"url":"https:\/\/universnews224.com\/wp-content\/uploads\/2026\/04\/IMG-20260425-WA0035.jpg","type":"image\/jpeg"}],"author":"La R\u00e9daction","twitter_misc":{"\u00c9crit par":"La R\u00e9daction","Dur\u00e9e de lecture estim\u00e9e":"4 minutes"},"schema":{"@context":"https:\/\/schema.org","@graph":[{"@type":"Article","@id":"https:\/\/universnews224.com\/index.php\/dedicace-du-livre-un-parcours-un-destin-une-conviction-dre-diaka-sidibe-celebre-son-parcours\/#article","isPartOf":{"@id":"https:\/\/universnews224.com\/index.php\/dedicace-du-livre-un-parcours-un-destin-une-conviction-dre-diaka-sidibe-celebre-son-parcours\/"},"author":{"name":"La R\u00e9daction","@id":"https:\/\/universnews224.com\/#\/schema\/person\/a4b7d4f94a4716df60456a491260485e"},"headline":"D\u00e9dicace du livre \u00ab Un parcours, un destin, une conviction \u00bb : Dre Diaka Sidib\u00e9 c\u00e9l\u00e8bre son parcours","datePublished":"2026-04-25T15:43:42+00:00","dateModified":"2026-04-25T15:43:42+00:00","mainEntityOfPage":{"@id":"https:\/\/universnews224.com\/index.php\/dedicace-du-livre-un-parcours-un-destin-une-conviction-dre-diaka-sidibe-celebre-son-parcours\/"},"wordCount":495,"publisher":{"@id":"https:\/\/universnews224.com\/#organization"},"keywords":["A la une"],"articleSection":["ACTU","CULTURE"],"inLanguage":"fr-FR"},{"@type":"WebPage","@id":"https:\/\/universnews224.com\/index.php\/dedicace-du-livre-un-parcours-un-destin-une-conviction-dre-diaka-sidibe-celebre-son-parcours\/","url":"https:\/\/universnews224.com\/index.php\/dedicace-du-livre-un-parcours-un-destin-une-conviction-dre-diaka-sidibe-celebre-son-parcours\/","name":"D\u00e9dicace du livre \u00ab Un parcours, un destin, une conviction \u00bb : Dre Diaka Sidib\u00e9 c\u00e9l\u00e8bre son parcours - UNIVERSNEWS224","isPartOf":{"@id":"https:\/\/universnews224.com\/#website"},"datePublished":"2026-04-25T15:43:42+00:00","dateModified":"2026-04-25T15:43:42+00:00","inLanguage":"fr-FR","potentialAction":[{"@type":"ReadAction","target":["https:\/\/universnews224.com\/index.php\/dedicace-du-livre-un-parcours-un-destin-une-conviction-dre-diaka-sidibe-celebre-son-parcours\/"]}]},{"@type":"WebSite","@id":"https:\/\/universnews224.com\/#website","url":"https:\/\/universnews224.com\/","name":"UNIVERSNEWS224","description":"","publisher":{"@id":"https:\/\/universnews224.com\/#organization"},"potentialAction":[{"@type":"SearchAction","target":{"@type":"EntryPoint","urlTemplate":"https:\/\/universnews224.com\/?s={search_term_string}"},"query-input":"required name=search_term_string"}],"inLanguage":"fr-FR"},{"@type":"Organization","@id":"https:\/\/universnews224.com\/#organization","name":"UNIVERSNEWS224","url":"https:\/\/universnews224.com\/","logo":{"@type":"ImageObject","inLanguage":"fr-FR","@id":"https:\/\/universnews224.com\/#\/schema\/logo\/image\/","url":"https:\/\/universnews224.com\/wp-content\/uploads\/2022\/08\/cropped-cropped-logoban.jpg","contentUrl":"https:\/\/universnews224.com\/wp-content\/uploads\/2022\/08\/cropped-cropped-logoban.jpg","width":1080,"height":138,"caption":"UNIVERSNEWS224"},"image":{"@id":"https:\/\/universnews224.com\/#\/schema\/logo\/image\/"}},{"@type":"Person","@id":"https:\/\/universnews224.com\/#\/schema\/person\/a4b7d4f94a4716df60456a491260485e","name":"La R\u00e9daction","image":{"@type":"ImageObject","inLanguage":"fr-FR","@id":"https:\/\/universnews224.com\/#\/schema\/person\/image\/","url":"https:\/\/secure.gravatar.com\/avatar\/edb90acc7752b23e1b3307ad36c14f0d?s=96&d=mm&r=g","contentUrl":"https:\/\/secure.gravatar.com\/avatar\/edb90acc7752b23e1b3307ad36c14f0d?s=96&d=mm&r=g","caption":"La R\u00e9daction"},"sameAs":["https:\/\/universnews224.com"],"url":"https:\/\/universnews224.com\/index.php\/author\/m-camara\/"}]}},"_links":{"self":[{"href":"https:\/\/universnews224.com\/index.php\/wp-json\/wp\/v2\/posts\/10727"}],"collection":[{"href":"https:\/\/universnews224.com\/index.php\/wp-json\/wp\/v2\/posts"}],"about":[{"href":"https:\/\/universnews224.com\/index.php\/wp-json\/wp\/v2\/types\/post"}],"author":[{"embeddable":true,"href":"https:\/\/universnews224.com\/index.php\/wp-json\/wp\/v2\/users\/2"}],"replies":[{"embeddable":true,"href":"https:\/\/universnews224.com\/index.php\/wp-json\/wp\/v2\/comments?post=10727"}],"version-history":[{"count":1,"href":"https:\/\/universnews224.com\/index.php\/wp-json\/wp\/v2\/posts\/10727\/revisions"}],"predecessor-version":[{"id":10736,"href":"https:\/\/universnews224.com\/index.php\/wp-json\/wp\/v2\/posts\/10727\/revisions\/10736"}],"wp:featuredmedia":[{"embeddable":true,"href":"https:\/\/universnews224.com\/index.php\/wp-json\/wp\/v2\/media\/10735"}],"wp:attachment":[{"href":"https:\/\/universnews224.com\/index.php\/wp-json\/wp\/v2\/media?parent=10727"}],"wp:term":[{"taxonomy":"category","embeddable":true,"href":"https:\/\/universnews224.com\/index.php\/wp-json\/wp\/v2\/categories?post=10727"},{"taxonomy":"post_tag","embeddable":true,"href":"https:\/\/universnews224.com\/index.php\/wp-json\/wp\/v2\/tags?post=10727"}],"curies":[{"name":"wp","href":"https:\/\/api.w.org\/{rel}","templated":true}]}}