{"id":10750,"date":"2026-04-28T00:10:45","date_gmt":"2026-04-27T23:10:45","guid":{"rendered":"https:\/\/universnews224.com\/?p=10750"},"modified":"2026-04-28T00:10:45","modified_gmt":"2026-04-27T23:10:45","slug":"axe-conakry-bamako-la-guinee-au-chevet-dun-mali-meurtri","status":"publish","type":"post","link":"https:\/\/universnews224.com\/index.php\/axe-conakry-bamako-la-guinee-au-chevet-dun-mali-meurtri\/","title":{"rendered":"Axe Conakry-Bamako : La Guin\u00e9e au chevet d&rsquo;un Mali meurtri"},"content":{"rendered":"<p dir=\"ltr\"><b>L&rsquo;onde de choc provoqu\u00e9e par les attaques terroristes du samedi 25 avril 2026 au Mali a travers\u00e9 la fronti\u00e8re. Dans une d\u00e9claration officielle empreinte de gravit\u00e9, le gouvernement guin\u00e9en a condamn\u00e9 ces actes barbares et rendu un hommage appuy\u00e9 aux victimes, parmi lesquelles figure une figure centrale de l&rsquo;\u00c9tat malien.<\/b><\/p>\n<h3>\u200bL&rsquo;effroi et la fraternit\u00e9<\/h3>\n<p dir=\"ltr\">\u200bLe ton est sans \u00e9quivoque. Par la voix de son porte-parole, le Ministre des Transports Ousmane Gaoual Diallo, la R\u00e9publique de Guin\u00e9e a exprim\u00e9 son \u00ab indignation \u00bb face \u00e0 la s\u00e9rie d&rsquo;attaques ayant vis\u00e9 plusieurs localit\u00e9s maliennes. Au-del\u00e0 du simple protocole diplomatique, Conakry invoque une <b>\u00ab solidarit\u00e9 agissante \u00bb<\/b>, rappelant que les destin\u00e9es des deux nations sont historiquement et g\u00e9ographiquement li\u00e9es.<\/p>\n<p dir=\"ltr\">\u200bD\u00e8s les premi\u00e8res heures du drame, un pont diplomatique permanent a \u00e9t\u00e9 \u00e9tabli entre les deux capitales, illustrant la volont\u00e9 des autorit\u00e9s guin\u00e9ennes de ne pas laisser Bamako seule face \u00e0 cette \u00e9preuve.<\/p>\n<h3>\u200bUn symbole frapp\u00e9 au c\u0153ur : Le sacrifice du G\u00e9n\u00e9ral Sadio Camara<\/h3>\n<p dir=\"ltr\">\u200bLe communiqu\u00e9 met en lumi\u00e8re une perte immense pour la transition malienne : celle du <b>G\u00e9n\u00e9ral de corps d\u2019arm\u00e9e Sadio Camara<\/b>. Le Ministre malien de la D\u00e9fense et des Anciens Combattants a p\u00e9ri lors de ces \u00e9v\u00e9nements tragiques.<\/p>\n<blockquote>\n<p dir=\"ltr\">\u200b\u00ab Une pens\u00e9e particuli\u00e8re \u00e0 la m\u00e9moire du G\u00e9n\u00e9ral Sadio Camara, tomb\u00e9 dans ces circonstances tragiques \u00bb, souligne le document officiel.<\/p>\n<\/blockquote>\n<p>&nbsp;<\/p>\n<p dir=\"ltr\">\u200bEn saluant la m\u00e9moire de ce haut responsable, la Guin\u00e9e reconna\u00eet l&rsquo;ampleur du d\u00e9fi s\u00e9curitaire actuel. La mort d&rsquo;un tel pilier de la d\u00e9fense malienne marque un tournant dans la lutte contre les groupes arm\u00e9s et renforce la n\u00e9cessit\u00e9 d&rsquo;une r\u00e9ponse coordonn\u00e9e \u00e0 l&rsquo;\u00e9chelle r\u00e9gionale.<\/p>\n<h3>\u200bLes points cl\u00e9s du message de Conakry<\/h3>\n<p dir=\"ltr\">\u200bLe gouvernement guin\u00e9en a structur\u00e9 son soutien autour de trois piliers fondamentaux :<\/p>\n<ul>\n<li>\u200b<b>La compassion nationale :<\/b> Des condol\u00e9ances adress\u00e9es au G\u00e9n\u00e9ral Assimi Go\u00efta et \u00e0 l&rsquo;ensemble du peuple malien.<\/li>\n<li>\u200b<b>Le soutien humanitaire :<\/b> Des v\u0153ux de prompt r\u00e9tablissement pour les nombreux bless\u00e9s recens\u00e9s apr\u00e8s les assauts.<\/li>\n<li>\u200b<b>L&rsquo;aspiration s\u00e9curitaire :<\/b> Un appel vibrant et des pri\u00e8res pour le retour d\u00e9finitif de la stabilit\u00e9 chez son \u00ab voisin fr\u00e8re \u00bb.<\/li>\n<\/ul>\n<h3>\u200bVers une r\u00e9silience commune ?<\/h3>\n<p dir=\"ltr\">\u200bAlors que le Mali s&rsquo;enfonce dans le deuil, ce message de la Guin\u00e9e r\u00e9sonne comme un rappel : la stabilit\u00e9 de l&rsquo;un conditionne celle de l&rsquo;autre. En r\u00e9affirmant son <b>\u00ab soutien ind\u00e9fectible \u00bb<\/b>, la Guin\u00e9e se positionne non seulement comme un alli\u00e9 de circonstance, mais comme un partenaire de destin face \u00e0 l&rsquo;hydre terroriste qui menace l&rsquo;\u00e9quilibre sah\u00e9lien.<\/p>\n<p dir=\"ltr\">\u200bLe retour de la paix au Mali n&rsquo;est plus seulement un souhait malien, c&rsquo;est une priorit\u00e9 absolue pour toute la r\u00e9gion.<\/p>\n<p dir=\"ltr\">\u200b<b>Par la R\u00e9daction<\/b><\/p>\n","protected":false},"excerpt":{"rendered":"<p>L&rsquo;onde de choc provoqu\u00e9e par les attaques terroristes du samedi 25 avril 2026 au Mali<\/p>\n","protected":false},"author":2,"featured_media":10751,"comment_status":"closed","ping_status":"open","sticky":false,"template":"","format":"standard","meta":[],"categories":[3,4],"tags":[237],"yoast_head":"<!-- This site is optimized with the Yoast SEO plugin v19.13 - https:\/\/yoast.com\/wordpress\/plugins\/seo\/ -->\n<title>Axe Conakry-Bamako : La Guin\u00e9e au chevet d&#039;un Mali meurtri - UNIVERSNEWS224<\/title>\n<meta name=\"robots\" content=\"index, follow, max-snippet:-1, max-image-preview:large, max-video-preview:-1\" \/>\n<link rel=\"canonical\" href=\"https:\/\/universnews224.com\/index.php\/axe-conakry-bamako-la-guinee-au-chevet-dun-mali-meurtri\/\" \/>\n<meta property=\"og:locale\" content=\"fr_FR\" \/>\n<meta property=\"og:type\" content=\"article\" \/>\n<meta property=\"og:title\" content=\"Axe Conakry-Bamako : La Guin\u00e9e au chevet d&#039;un Mali meurtri - UNIVERSNEWS224\" \/>\n<meta property=\"og:description\" content=\"L&rsquo;onde de choc provoqu\u00e9e par les attaques terroristes du samedi 25 avril 2026 au Mali\" \/>\n<meta property=\"og:url\" content=\"https:\/\/universnews224.com\/index.php\/axe-conakry-bamako-la-guinee-au-chevet-dun-mali-meurtri\/\" \/>\n<meta property=\"og:site_name\" content=\"UNIVERSNEWS224\" \/>\n<meta property=\"article:published_time\" content=\"2026-04-27T23:10:45+00:00\" \/>\n<meta property=\"og:image\" content=\"https:\/\/universnews224.com\/wp-content\/uploads\/2026\/04\/Mamadi-Assimi.jpg\" \/>\n\t<meta property=\"og:image:width\" content=\"700\" \/>\n\t<meta property=\"og:image:height\" content=\"375\" \/>\n\t<meta property=\"og:image:type\" content=\"image\/jpeg\" \/>\n<meta name=\"author\" content=\"La R\u00e9daction\" \/>\n<meta name=\"twitter:label1\" content=\"\u00c9crit par\" \/>\n\t<meta name=\"twitter:data1\" content=\"La R\u00e9daction\" \/>\n\t<meta name=\"twitter:label2\" content=\"Dur\u00e9e de lecture estim\u00e9e\" \/>\n\t<meta name=\"twitter:data2\" content=\"3 minutes\" \/>\n<script type=\"application\/ld+json\" class=\"yoast-schema-graph\">{\"@context\":\"https:\/\/schema.org\",\"@graph\":[{\"@type\":\"Article\",\"@id\":\"https:\/\/universnews224.com\/index.php\/axe-conakry-bamako-la-guinee-au-chevet-dun-mali-meurtri\/#article\",\"isPartOf\":{\"@id\":\"https:\/\/universnews224.com\/index.php\/axe-conakry-bamako-la-guinee-au-chevet-dun-mali-meurtri\/\"},\"author\":{\"name\":\"La R\u00e9daction\",\"@id\":\"https:\/\/universnews224.com\/#\/schema\/person\/a4b7d4f94a4716df60456a491260485e\"},\"headline\":\"Axe Conakry-Bamako : La Guin\u00e9e au chevet d&rsquo;un Mali meurtri\",\"datePublished\":\"2026-04-27T23:10:45+00:00\",\"dateModified\":\"2026-04-27T23:10:45+00:00\",\"mainEntityOfPage\":{\"@id\":\"https:\/\/universnews224.com\/index.php\/axe-conakry-bamako-la-guinee-au-chevet-dun-mali-meurtri\/\"},\"wordCount\":483,\"publisher\":{\"@id\":\"https:\/\/universnews224.com\/#organization\"},\"keywords\":[\"A la une\"],\"articleSection\":[\"ACTU\",\"POLITIQUE\"],\"inLanguage\":\"fr-FR\"},{\"@type\":\"WebPage\",\"@id\":\"https:\/\/universnews224.com\/index.php\/axe-conakry-bamako-la-guinee-au-chevet-dun-mali-meurtri\/\",\"url\":\"https:\/\/universnews224.com\/index.php\/axe-conakry-bamako-la-guinee-au-chevet-dun-mali-meurtri\/\",\"name\":\"Axe Conakry-Bamako : La Guin\u00e9e au chevet d'un Mali meurtri - UNIVERSNEWS224\",\"isPartOf\":{\"@id\":\"https:\/\/universnews224.com\/#website\"},\"datePublished\":\"2026-04-27T23:10:45+00:00\",\"dateModified\":\"2026-04-27T23:10:45+00:00\",\"inLanguage\":\"fr-FR\",\"potentialAction\":[{\"@type\":\"ReadAction\",\"target\":[\"https:\/\/universnews224.com\/index.php\/axe-conakry-bamako-la-guinee-au-chevet-dun-mali-meurtri\/\"]}]},{\"@type\":\"WebSite\",\"@id\":\"https:\/\/universnews224.com\/#website\",\"url\":\"https:\/\/universnews224.com\/\",\"name\":\"UNIVERSNEWS224\",\"description\":\"\",\"publisher\":{\"@id\":\"https:\/\/universnews224.com\/#organization\"},\"potentialAction\":[{\"@type\":\"SearchAction\",\"target\":{\"@type\":\"EntryPoint\",\"urlTemplate\":\"https:\/\/universnews224.com\/?s={search_term_string}\"},\"query-input\":\"required name=search_term_string\"}],\"inLanguage\":\"fr-FR\"},{\"@type\":\"Organization\",\"@id\":\"https:\/\/universnews224.com\/#organization\",\"name\":\"UNIVERSNEWS224\",\"url\":\"https:\/\/universnews224.com\/\",\"logo\":{\"@type\":\"ImageObject\",\"inLanguage\":\"fr-FR\",\"@id\":\"https:\/\/universnews224.com\/#\/schema\/logo\/image\/\",\"url\":\"https:\/\/universnews224.com\/wp-content\/uploads\/2022\/08\/cropped-cropped-logoban.jpg\",\"contentUrl\":\"https:\/\/universnews224.com\/wp-content\/uploads\/2022\/08\/cropped-cropped-logoban.jpg\",\"width\":1080,\"height\":138,\"caption\":\"UNIVERSNEWS224\"},\"image\":{\"@id\":\"https:\/\/universnews224.com\/#\/schema\/logo\/image\/\"}},{\"@type\":\"Person\",\"@id\":\"https:\/\/universnews224.com\/#\/schema\/person\/a4b7d4f94a4716df60456a491260485e\",\"name\":\"La R\u00e9daction\",\"image\":{\"@type\":\"ImageObject\",\"inLanguage\":\"fr-FR\",\"@id\":\"https:\/\/universnews224.com\/#\/schema\/person\/image\/\",\"url\":\"https:\/\/secure.gravatar.com\/avatar\/edb90acc7752b23e1b3307ad36c14f0d?s=96&d=mm&r=g\",\"contentUrl\":\"https:\/\/secure.gravatar.com\/avatar\/edb90acc7752b23e1b3307ad36c14f0d?s=96&d=mm&r=g\",\"caption\":\"La R\u00e9daction\"},\"sameAs\":[\"https:\/\/universnews224.com\"],\"url\":\"https:\/\/universnews224.com\/index.php\/author\/m-camara\/\"}]}<\/script>\n<!-- \/ Yoast SEO plugin. -->","yoast_head_json":{"title":"Axe Conakry-Bamako : La Guin\u00e9e au chevet d'un Mali meurtri - UNIVERSNEWS224","robots":{"index":"index","follow":"follow","max-snippet":"max-snippet:-1","max-image-preview":"max-image-preview:large","max-video-preview":"max-video-preview:-1"},"canonical":"https:\/\/universnews224.com\/index.php\/axe-conakry-bamako-la-guinee-au-chevet-dun-mali-meurtri\/","og_locale":"fr_FR","og_type":"article","og_title":"Axe Conakry-Bamako : La Guin\u00e9e au chevet d'un Mali meurtri - UNIVERSNEWS224","og_description":"L&rsquo;onde de choc provoqu\u00e9e par les attaques terroristes du samedi 25 avril 2026 au Mali","og_url":"https:\/\/universnews224.com\/index.php\/axe-conakry-bamako-la-guinee-au-chevet-dun-mali-meurtri\/","og_site_name":"UNIVERSNEWS224","article_published_time":"2026-04-27T23:10:45+00:00","og_image":[{"width":700,"height":375,"url":"https:\/\/universnews224.com\/wp-content\/uploads\/2026\/04\/Mamadi-Assimi.jpg","type":"image\/jpeg"}],"author":"La R\u00e9daction","twitter_misc":{"\u00c9crit par":"La R\u00e9daction","Dur\u00e9e de lecture estim\u00e9e":"3 minutes"},"schema":{"@context":"https:\/\/schema.org","@graph":[{"@type":"Article","@id":"https:\/\/universnews224.com\/index.php\/axe-conakry-bamako-la-guinee-au-chevet-dun-mali-meurtri\/#article","isPartOf":{"@id":"https:\/\/universnews224.com\/index.php\/axe-conakry-bamako-la-guinee-au-chevet-dun-mali-meurtri\/"},"author":{"name":"La R\u00e9daction","@id":"https:\/\/universnews224.com\/#\/schema\/person\/a4b7d4f94a4716df60456a491260485e"},"headline":"Axe Conakry-Bamako : La Guin\u00e9e au chevet d&rsquo;un Mali meurtri","datePublished":"2026-04-27T23:10:45+00:00","dateModified":"2026-04-27T23:10:45+00:00","mainEntityOfPage":{"@id":"https:\/\/universnews224.com\/index.php\/axe-conakry-bamako-la-guinee-au-chevet-dun-mali-meurtri\/"},"wordCount":483,"publisher":{"@id":"https:\/\/universnews224.com\/#organization"},"keywords":["A la une"],"articleSection":["ACTU","POLITIQUE"],"inLanguage":"fr-FR"},{"@type":"WebPage","@id":"https:\/\/universnews224.com\/index.php\/axe-conakry-bamako-la-guinee-au-chevet-dun-mali-meurtri\/","url":"https:\/\/universnews224.com\/index.php\/axe-conakry-bamako-la-guinee-au-chevet-dun-mali-meurtri\/","name":"Axe Conakry-Bamako : La Guin\u00e9e au chevet d'un Mali meurtri - UNIVERSNEWS224","isPartOf":{"@id":"https:\/\/universnews224.com\/#website"},"datePublished":"2026-04-27T23:10:45+00:00","dateModified":"2026-04-27T23:10:45+00:00","inLanguage":"fr-FR","potentialAction":[{"@type":"ReadAction","target":["https:\/\/universnews224.com\/index.php\/axe-conakry-bamako-la-guinee-au-chevet-dun-mali-meurtri\/"]}]},{"@type":"WebSite","@id":"https:\/\/universnews224.com\/#website","url":"https:\/\/universnews224.com\/","name":"UNIVERSNEWS224","description":"","publisher":{"@id":"https:\/\/universnews224.com\/#organization"},"potentialAction":[{"@type":"SearchAction","target":{"@type":"EntryPoint","urlTemplate":"https:\/\/universnews224.com\/?s={search_term_string}"},"query-input":"required name=search_term_string"}],"inLanguage":"fr-FR"},{"@type":"Organization","@id":"https:\/\/universnews224.com\/#organization","name":"UNIVERSNEWS224","url":"https:\/\/universnews224.com\/","logo":{"@type":"ImageObject","inLanguage":"fr-FR","@id":"https:\/\/universnews224.com\/#\/schema\/logo\/image\/","url":"https:\/\/universnews224.com\/wp-content\/uploads\/2022\/08\/cropped-cropped-logoban.jpg","contentUrl":"https:\/\/universnews224.com\/wp-content\/uploads\/2022\/08\/cropped-cropped-logoban.jpg","width":1080,"height":138,"caption":"UNIVERSNEWS224"},"image":{"@id":"https:\/\/universnews224.com\/#\/schema\/logo\/image\/"}},{"@type":"Person","@id":"https:\/\/universnews224.com\/#\/schema\/person\/a4b7d4f94a4716df60456a491260485e","name":"La R\u00e9daction","image":{"@type":"ImageObject","inLanguage":"fr-FR","@id":"https:\/\/universnews224.com\/#\/schema\/person\/image\/","url":"https:\/\/secure.gravatar.com\/avatar\/edb90acc7752b23e1b3307ad36c14f0d?s=96&d=mm&r=g","contentUrl":"https:\/\/secure.gravatar.com\/avatar\/edb90acc7752b23e1b3307ad36c14f0d?s=96&d=mm&r=g","caption":"La R\u00e9daction"},"sameAs":["https:\/\/universnews224.com"],"url":"https:\/\/universnews224.com\/index.php\/author\/m-camara\/"}]}},"_links":{"self":[{"href":"https:\/\/universnews224.com\/index.php\/wp-json\/wp\/v2\/posts\/10750"}],"collection":[{"href":"https:\/\/universnews224.com\/index.php\/wp-json\/wp\/v2\/posts"}],"about":[{"href":"https:\/\/universnews224.com\/index.php\/wp-json\/wp\/v2\/types\/post"}],"author":[{"embeddable":true,"href":"https:\/\/universnews224.com\/index.php\/wp-json\/wp\/v2\/users\/2"}],"replies":[{"embeddable":true,"href":"https:\/\/universnews224.com\/index.php\/wp-json\/wp\/v2\/comments?post=10750"}],"version-history":[{"count":1,"href":"https:\/\/universnews224.com\/index.php\/wp-json\/wp\/v2\/posts\/10750\/revisions"}],"predecessor-version":[{"id":10752,"href":"https:\/\/universnews224.com\/index.php\/wp-json\/wp\/v2\/posts\/10750\/revisions\/10752"}],"wp:featuredmedia":[{"embeddable":true,"href":"https:\/\/universnews224.com\/index.php\/wp-json\/wp\/v2\/media\/10751"}],"wp:attachment":[{"href":"https:\/\/universnews224.com\/index.php\/wp-json\/wp\/v2\/media?parent=10750"}],"wp:term":[{"taxonomy":"category","embeddable":true,"href":"https:\/\/universnews224.com\/index.php\/wp-json\/wp\/v2\/categories?post=10750"},{"taxonomy":"post_tag","embeddable":true,"href":"https:\/\/universnews224.com\/index.php\/wp-json\/wp\/v2\/tags?post=10750"}],"curies":[{"name":"wp","href":"https:\/\/api.w.org\/{rel}","templated":true}]}}