{"id":10765,"date":"2026-04-29T13:25:47","date_gmt":"2026-04-29T12:25:47","guid":{"rendered":"https:\/\/universnews224.com\/?p=10765"},"modified":"2026-04-29T13:25:47","modified_gmt":"2026-04-29T12:25:47","slug":"crief-badra-kone-face-a-la-justice-pour-un-detournement-de-240-milliards-gnf","status":"publish","type":"post","link":"https:\/\/universnews224.com\/index.php\/crief-badra-kone-face-a-la-justice-pour-un-detournement-de-240-milliards-gnf\/","title":{"rendered":"CRIEF : Badra Kon\u00e9 face \u00e0 la justice pour un d\u00e9tournement de 240 milliards GNF"},"content":{"rendered":"<p dir=\"ltr\">Ce mercredi 29 avril 2026, l\u2019ancien pr\u00e9sident de la d\u00e9l\u00e9gation sp\u00e9ciale de Matam, <b>Badra Kon\u00e9<\/b>, a comparu devant la chambre de jugement de la Cour de R\u00e9pression des Infractions \u00c9conomiques et Financi\u00e8res (CRIEF). Accompagn\u00e9 de sept copr\u00e9venus, il fait face \u00e0 une s\u00e9rie d&rsquo;accusations graves portant sur la gestion de fonds publics.<\/p>\n<h3>\u200bUn dossier aux chefs d&rsquo;accusation multiples<\/h3>\n<p dir=\"ltr\">\u200bLe minist\u00e8re public reproche aux pr\u00e9venus un large \u00e9ventail d&rsquo;infractions financi\u00e8res commises entre <b>f\u00e9vrier 2021 et avril 2026<\/b>. Les charges retenues incluent :<\/p>\n<ul>\n<li>\u200b<b>D\u00e9tournement de deniers publics<\/b> (montant estim\u00e9 \u00e0 240 milliards de GNF) ;<\/li>\n<li>\u200b<b>Corruption d\u2019agents publics<\/b> et enrichissement illicite ;<\/li>\n<li>\u200b<b>Faux et usage de faux<\/b> en \u00e9critures publiques ;<\/li>\n<li>\u200b<b>Conflit d\u2019int\u00e9r\u00eats<\/b> et prise ill\u00e9gale d\u2019int\u00e9r\u00eat (notamment via la soci\u00e9t\u00e9 \u00ab B&amp;B BTP SARL \u00bb) ;<\/li>\n<li>\u200b<b>Blanchiment de capitaux<\/b> et escroquerie.<\/li>\n<\/ul>\n<h3>\u200bD\u00e9roulement de l&rsquo;audience : La d\u00e9fense contre-attaque<\/h3>\n<p dir=\"ltr\">\u200bD\u00e8s l&rsquo;ouverture des d\u00e9bats, les accus\u00e9s ont accept\u00e9 d&rsquo;\u00eatre jug\u00e9s imm\u00e9diatement, la proc\u00e9dure \u00e9tant qualifi\u00e9e de <b>flagrant d\u00e9lit<\/b>. Appel\u00e9 \u00e0 la barre, Badra Kon\u00e9 a fermement <b>ni\u00e9 l&rsquo;int\u00e9gralit\u00e9 des faits<\/b> qui lui sont reproch\u00e9s.<\/p>\n<p dir=\"ltr\">\u200bCependant, le proc\u00e8s a rapidement pris une tournure proc\u00e9durale. Avant que le fond du dossier ne soit abord\u00e9, la d\u00e9fense, repr\u00e9sent\u00e9e par <b>Me Facinet Sylla<\/b>, a soulev\u00e9 une exception de taille :<\/p>\n<blockquote>\n<p dir=\"ltr\">\u200b\u00ab L&rsquo;avocat a invoqu\u00e9 l&rsquo;article 66 du code \u00e9lectoral, arguant que le statut de candidat de son client suspend toute poursuite judiciaire \u00e0 son encontre durant la p\u00e9riode \u00e9lectorale. \u00bb<\/p>\n<\/blockquote>\n<p>&nbsp;<\/p>\n<h3>\u200bEnjeu du proc\u00e8s<\/h3>\n<p dir=\"ltr\">\u200bL&rsquo;accusation soutient que Badra Kon\u00e9 aurait us\u00e9 de man\u0153uvres frauduleuses pour favoriser des contrats de march\u00e9s publics au b\u00e9n\u00e9fice de prestataires li\u00e9s \u00e0 ses int\u00e9r\u00eats personnels. Le tribunal doit d\u00e9sormais trancher sur l&rsquo;exception soulev\u00e9e par la d\u00e9fense avant de poursuivre l&rsquo;examen des preuves.<\/p>\n<p dir=\"ltr\">\u200b<b>Les d\u00e9bats se poursuivent actuellement au si\u00e8ge de la CRIEF.<\/b><\/p>\n","protected":false},"excerpt":{"rendered":"<p>Ce mercredi 29 avril 2026, l\u2019ancien pr\u00e9sident de la d\u00e9l\u00e9gation sp\u00e9ciale de Matam, Badra Kon\u00e9,<\/p>\n","protected":false},"author":2,"featured_media":10766,"comment_status":"closed","ping_status":"open","sticky":false,"template":"","format":"standard","meta":[],"categories":[3,4],"tags":[237],"yoast_head":"<!-- This site is optimized with the Yoast SEO plugin v19.13 - https:\/\/yoast.com\/wordpress\/plugins\/seo\/ -->\n<title>CRIEF : Badra Kon\u00e9 face \u00e0 la justice pour un d\u00e9tournement de 240 milliards GNF - UNIVERSNEWS224<\/title>\n<meta name=\"robots\" content=\"index, follow, max-snippet:-1, max-image-preview:large, max-video-preview:-1\" \/>\n<link rel=\"canonical\" href=\"https:\/\/universnews224.com\/index.php\/crief-badra-kone-face-a-la-justice-pour-un-detournement-de-240-milliards-gnf\/\" \/>\n<meta property=\"og:locale\" content=\"fr_FR\" \/>\n<meta property=\"og:type\" content=\"article\" \/>\n<meta property=\"og:title\" content=\"CRIEF : Badra Kon\u00e9 face \u00e0 la justice pour un d\u00e9tournement de 240 milliards GNF - UNIVERSNEWS224\" \/>\n<meta property=\"og:description\" content=\"Ce mercredi 29 avril 2026, l\u2019ancien pr\u00e9sident de la d\u00e9l\u00e9gation sp\u00e9ciale de Matam, Badra Kon\u00e9,\" \/>\n<meta property=\"og:url\" content=\"https:\/\/universnews224.com\/index.php\/crief-badra-kone-face-a-la-justice-pour-un-detournement-de-240-milliards-gnf\/\" \/>\n<meta property=\"og:site_name\" content=\"UNIVERSNEWS224\" \/>\n<meta property=\"article:published_time\" content=\"2026-04-29T12:25:47+00:00\" \/>\n<meta property=\"og:image\" content=\"https:\/\/universnews224.com\/wp-content\/uploads\/2026\/04\/FB_IMG_1777465011398.jpg\" \/>\n\t<meta property=\"og:image:width\" content=\"1183\" \/>\n\t<meta property=\"og:image:height\" content=\"655\" \/>\n\t<meta property=\"og:image:type\" content=\"image\/jpeg\" \/>\n<meta name=\"author\" content=\"La R\u00e9daction\" \/>\n<meta name=\"twitter:label1\" content=\"\u00c9crit par\" \/>\n\t<meta name=\"twitter:data1\" content=\"La R\u00e9daction\" \/>\n\t<meta name=\"twitter:label2\" content=\"Dur\u00e9e de lecture estim\u00e9e\" \/>\n\t<meta name=\"twitter:data2\" content=\"2 minutes\" \/>\n<script type=\"application\/ld+json\" class=\"yoast-schema-graph\">{\"@context\":\"https:\/\/schema.org\",\"@graph\":[{\"@type\":\"Article\",\"@id\":\"https:\/\/universnews224.com\/index.php\/crief-badra-kone-face-a-la-justice-pour-un-detournement-de-240-milliards-gnf\/#article\",\"isPartOf\":{\"@id\":\"https:\/\/universnews224.com\/index.php\/crief-badra-kone-face-a-la-justice-pour-un-detournement-de-240-milliards-gnf\/\"},\"author\":{\"name\":\"La R\u00e9daction\",\"@id\":\"https:\/\/universnews224.com\/#\/schema\/person\/a4b7d4f94a4716df60456a491260485e\"},\"headline\":\"CRIEF : Badra Kon\u00e9 face \u00e0 la justice pour un d\u00e9tournement de 240 milliards GNF\",\"datePublished\":\"2026-04-29T12:25:47+00:00\",\"dateModified\":\"2026-04-29T12:25:47+00:00\",\"mainEntityOfPage\":{\"@id\":\"https:\/\/universnews224.com\/index.php\/crief-badra-kone-face-a-la-justice-pour-un-detournement-de-240-milliards-gnf\/\"},\"wordCount\":338,\"publisher\":{\"@id\":\"https:\/\/universnews224.com\/#organization\"},\"keywords\":[\"A la une\"],\"articleSection\":[\"ACTU\",\"POLITIQUE\"],\"inLanguage\":\"fr-FR\"},{\"@type\":\"WebPage\",\"@id\":\"https:\/\/universnews224.com\/index.php\/crief-badra-kone-face-a-la-justice-pour-un-detournement-de-240-milliards-gnf\/\",\"url\":\"https:\/\/universnews224.com\/index.php\/crief-badra-kone-face-a-la-justice-pour-un-detournement-de-240-milliards-gnf\/\",\"name\":\"CRIEF : Badra Kon\u00e9 face \u00e0 la justice pour un d\u00e9tournement de 240 milliards GNF - UNIVERSNEWS224\",\"isPartOf\":{\"@id\":\"https:\/\/universnews224.com\/#website\"},\"datePublished\":\"2026-04-29T12:25:47+00:00\",\"dateModified\":\"2026-04-29T12:25:47+00:00\",\"inLanguage\":\"fr-FR\",\"potentialAction\":[{\"@type\":\"ReadAction\",\"target\":[\"https:\/\/universnews224.com\/index.php\/crief-badra-kone-face-a-la-justice-pour-un-detournement-de-240-milliards-gnf\/\"]}]},{\"@type\":\"WebSite\",\"@id\":\"https:\/\/universnews224.com\/#website\",\"url\":\"https:\/\/universnews224.com\/\",\"name\":\"UNIVERSNEWS224\",\"description\":\"\",\"publisher\":{\"@id\":\"https:\/\/universnews224.com\/#organization\"},\"potentialAction\":[{\"@type\":\"SearchAction\",\"target\":{\"@type\":\"EntryPoint\",\"urlTemplate\":\"https:\/\/universnews224.com\/?s={search_term_string}\"},\"query-input\":\"required name=search_term_string\"}],\"inLanguage\":\"fr-FR\"},{\"@type\":\"Organization\",\"@id\":\"https:\/\/universnews224.com\/#organization\",\"name\":\"UNIVERSNEWS224\",\"url\":\"https:\/\/universnews224.com\/\",\"logo\":{\"@type\":\"ImageObject\",\"inLanguage\":\"fr-FR\",\"@id\":\"https:\/\/universnews224.com\/#\/schema\/logo\/image\/\",\"url\":\"https:\/\/universnews224.com\/wp-content\/uploads\/2022\/08\/cropped-cropped-logoban.jpg\",\"contentUrl\":\"https:\/\/universnews224.com\/wp-content\/uploads\/2022\/08\/cropped-cropped-logoban.jpg\",\"width\":1080,\"height\":138,\"caption\":\"UNIVERSNEWS224\"},\"image\":{\"@id\":\"https:\/\/universnews224.com\/#\/schema\/logo\/image\/\"}},{\"@type\":\"Person\",\"@id\":\"https:\/\/universnews224.com\/#\/schema\/person\/a4b7d4f94a4716df60456a491260485e\",\"name\":\"La R\u00e9daction\",\"image\":{\"@type\":\"ImageObject\",\"inLanguage\":\"fr-FR\",\"@id\":\"https:\/\/universnews224.com\/#\/schema\/person\/image\/\",\"url\":\"https:\/\/secure.gravatar.com\/avatar\/edb90acc7752b23e1b3307ad36c14f0d?s=96&d=mm&r=g\",\"contentUrl\":\"https:\/\/secure.gravatar.com\/avatar\/edb90acc7752b23e1b3307ad36c14f0d?s=96&d=mm&r=g\",\"caption\":\"La R\u00e9daction\"},\"sameAs\":[\"https:\/\/universnews224.com\"],\"url\":\"https:\/\/universnews224.com\/index.php\/author\/m-camara\/\"}]}<\/script>\n<!-- \/ Yoast SEO plugin. -->","yoast_head_json":{"title":"CRIEF : Badra Kon\u00e9 face \u00e0 la justice pour un d\u00e9tournement de 240 milliards GNF - UNIVERSNEWS224","robots":{"index":"index","follow":"follow","max-snippet":"max-snippet:-1","max-image-preview":"max-image-preview:large","max-video-preview":"max-video-preview:-1"},"canonical":"https:\/\/universnews224.com\/index.php\/crief-badra-kone-face-a-la-justice-pour-un-detournement-de-240-milliards-gnf\/","og_locale":"fr_FR","og_type":"article","og_title":"CRIEF : Badra Kon\u00e9 face \u00e0 la justice pour un d\u00e9tournement de 240 milliards GNF - UNIVERSNEWS224","og_description":"Ce mercredi 29 avril 2026, l\u2019ancien pr\u00e9sident de la d\u00e9l\u00e9gation sp\u00e9ciale de Matam, Badra Kon\u00e9,","og_url":"https:\/\/universnews224.com\/index.php\/crief-badra-kone-face-a-la-justice-pour-un-detournement-de-240-milliards-gnf\/","og_site_name":"UNIVERSNEWS224","article_published_time":"2026-04-29T12:25:47+00:00","og_image":[{"width":1183,"height":655,"url":"https:\/\/universnews224.com\/wp-content\/uploads\/2026\/04\/FB_IMG_1777465011398.jpg","type":"image\/jpeg"}],"author":"La R\u00e9daction","twitter_misc":{"\u00c9crit par":"La R\u00e9daction","Dur\u00e9e de lecture estim\u00e9e":"2 minutes"},"schema":{"@context":"https:\/\/schema.org","@graph":[{"@type":"Article","@id":"https:\/\/universnews224.com\/index.php\/crief-badra-kone-face-a-la-justice-pour-un-detournement-de-240-milliards-gnf\/#article","isPartOf":{"@id":"https:\/\/universnews224.com\/index.php\/crief-badra-kone-face-a-la-justice-pour-un-detournement-de-240-milliards-gnf\/"},"author":{"name":"La R\u00e9daction","@id":"https:\/\/universnews224.com\/#\/schema\/person\/a4b7d4f94a4716df60456a491260485e"},"headline":"CRIEF : Badra Kon\u00e9 face \u00e0 la justice pour un d\u00e9tournement de 240 milliards GNF","datePublished":"2026-04-29T12:25:47+00:00","dateModified":"2026-04-29T12:25:47+00:00","mainEntityOfPage":{"@id":"https:\/\/universnews224.com\/index.php\/crief-badra-kone-face-a-la-justice-pour-un-detournement-de-240-milliards-gnf\/"},"wordCount":338,"publisher":{"@id":"https:\/\/universnews224.com\/#organization"},"keywords":["A la une"],"articleSection":["ACTU","POLITIQUE"],"inLanguage":"fr-FR"},{"@type":"WebPage","@id":"https:\/\/universnews224.com\/index.php\/crief-badra-kone-face-a-la-justice-pour-un-detournement-de-240-milliards-gnf\/","url":"https:\/\/universnews224.com\/index.php\/crief-badra-kone-face-a-la-justice-pour-un-detournement-de-240-milliards-gnf\/","name":"CRIEF : Badra Kon\u00e9 face \u00e0 la justice pour un d\u00e9tournement de 240 milliards GNF - UNIVERSNEWS224","isPartOf":{"@id":"https:\/\/universnews224.com\/#website"},"datePublished":"2026-04-29T12:25:47+00:00","dateModified":"2026-04-29T12:25:47+00:00","inLanguage":"fr-FR","potentialAction":[{"@type":"ReadAction","target":["https:\/\/universnews224.com\/index.php\/crief-badra-kone-face-a-la-justice-pour-un-detournement-de-240-milliards-gnf\/"]}]},{"@type":"WebSite","@id":"https:\/\/universnews224.com\/#website","url":"https:\/\/universnews224.com\/","name":"UNIVERSNEWS224","description":"","publisher":{"@id":"https:\/\/universnews224.com\/#organization"},"potentialAction":[{"@type":"SearchAction","target":{"@type":"EntryPoint","urlTemplate":"https:\/\/universnews224.com\/?s={search_term_string}"},"query-input":"required name=search_term_string"}],"inLanguage":"fr-FR"},{"@type":"Organization","@id":"https:\/\/universnews224.com\/#organization","name":"UNIVERSNEWS224","url":"https:\/\/universnews224.com\/","logo":{"@type":"ImageObject","inLanguage":"fr-FR","@id":"https:\/\/universnews224.com\/#\/schema\/logo\/image\/","url":"https:\/\/universnews224.com\/wp-content\/uploads\/2022\/08\/cropped-cropped-logoban.jpg","contentUrl":"https:\/\/universnews224.com\/wp-content\/uploads\/2022\/08\/cropped-cropped-logoban.jpg","width":1080,"height":138,"caption":"UNIVERSNEWS224"},"image":{"@id":"https:\/\/universnews224.com\/#\/schema\/logo\/image\/"}},{"@type":"Person","@id":"https:\/\/universnews224.com\/#\/schema\/person\/a4b7d4f94a4716df60456a491260485e","name":"La R\u00e9daction","image":{"@type":"ImageObject","inLanguage":"fr-FR","@id":"https:\/\/universnews224.com\/#\/schema\/person\/image\/","url":"https:\/\/secure.gravatar.com\/avatar\/edb90acc7752b23e1b3307ad36c14f0d?s=96&d=mm&r=g","contentUrl":"https:\/\/secure.gravatar.com\/avatar\/edb90acc7752b23e1b3307ad36c14f0d?s=96&d=mm&r=g","caption":"La R\u00e9daction"},"sameAs":["https:\/\/universnews224.com"],"url":"https:\/\/universnews224.com\/index.php\/author\/m-camara\/"}]}},"_links":{"self":[{"href":"https:\/\/universnews224.com\/index.php\/wp-json\/wp\/v2\/posts\/10765"}],"collection":[{"href":"https:\/\/universnews224.com\/index.php\/wp-json\/wp\/v2\/posts"}],"about":[{"href":"https:\/\/universnews224.com\/index.php\/wp-json\/wp\/v2\/types\/post"}],"author":[{"embeddable":true,"href":"https:\/\/universnews224.com\/index.php\/wp-json\/wp\/v2\/users\/2"}],"replies":[{"embeddable":true,"href":"https:\/\/universnews224.com\/index.php\/wp-json\/wp\/v2\/comments?post=10765"}],"version-history":[{"count":1,"href":"https:\/\/universnews224.com\/index.php\/wp-json\/wp\/v2\/posts\/10765\/revisions"}],"predecessor-version":[{"id":10767,"href":"https:\/\/universnews224.com\/index.php\/wp-json\/wp\/v2\/posts\/10765\/revisions\/10767"}],"wp:featuredmedia":[{"embeddable":true,"href":"https:\/\/universnews224.com\/index.php\/wp-json\/wp\/v2\/media\/10766"}],"wp:attachment":[{"href":"https:\/\/universnews224.com\/index.php\/wp-json\/wp\/v2\/media?parent=10765"}],"wp:term":[{"taxonomy":"category","embeddable":true,"href":"https:\/\/universnews224.com\/index.php\/wp-json\/wp\/v2\/categories?post=10765"},{"taxonomy":"post_tag","embeddable":true,"href":"https:\/\/universnews224.com\/index.php\/wp-json\/wp\/v2\/tags?post=10765"}],"curies":[{"name":"wp","href":"https:\/\/api.w.org\/{rel}","templated":true}]}}