{"id":10768,"date":"2026-04-30T00:45:23","date_gmt":"2026-04-29T23:45:23","guid":{"rendered":"https:\/\/universnews224.com\/?p=10768"},"modified":"2026-04-30T00:45:23","modified_gmt":"2026-04-29T23:45:23","slug":"7eme-edition-du-kania-soly-les-organisateurs-annoncent-les-couleurs-de-levenement","status":"publish","type":"post","link":"https:\/\/universnews224.com\/index.php\/7eme-edition-du-kania-soly-les-organisateurs-annoncent-les-couleurs-de-levenement\/","title":{"rendered":"7\u00e8me \u00e9dition du \u00ab Kania Soly \u00bb : les organisateurs annoncent les couleurs de l&rsquo;\u00e9v\u00e9nement"},"content":{"rendered":"<p>L&rsquo;association Kania Diy\u00e9 et le Club Amical de Kania, repr\u00e9sent\u00e9s par leur pr\u00e9sidente, Mme B\u00e9b\u00e9 Ke\u00efta, et le commissaire g\u00e9n\u00e9ral de l&rsquo;\u00e9v\u00e9nement, l\u2019Honorable Sorel Ke\u00efta, \u00e9taient r\u00e9unis ce mercredi 29 avril 2026 au Centre Culturel Franco-Guin\u00e9en (CCFG) de Conakry. L\u2019objectif \u00e9tait d\u2019annoncer officiellement la tenue de la 7\u00e8me \u00e9dition du festival Kania Soly, qui se d\u00e9roulera le jour et le lendemain de la f\u00eate de Tabaski. Pour cette ann\u00e9e, la r\u00e9gion de Bok\u00e9 est \u00e0 l&rsquo;honneur, tandis que la France est le pays invit\u00e9 d&rsquo;honneur.<\/p>\n<p><a href=\"https:\/\/universnews224.com\/wp-content\/uploads\/2026\/04\/IMG-20260429-WA0045.jpg\"><img loading=\"lazy\" class=\"alignnone size-medium wp-image-10770\" src=\"https:\/\/universnews224.com\/wp-content\/uploads\/2026\/04\/IMG-20260429-WA0045-300x169.jpg\" alt=\"\" width=\"300\" height=\"169\" srcset=\"https:\/\/universnews224.com\/wp-content\/uploads\/2026\/04\/IMG-20260429-WA0045-300x169.jpg 300w, https:\/\/universnews224.com\/wp-content\/uploads\/2026\/04\/IMG-20260429-WA0045-768x432.jpg 768w, https:\/\/universnews224.com\/wp-content\/uploads\/2026\/04\/IMG-20260429-WA0045-800x450.jpg 800w, https:\/\/universnews224.com\/wp-content\/uploads\/2026\/04\/IMG-20260429-WA0045.jpg 1008w\" sizes=\"(max-width: 300px) 100vw, 300px\" \/><\/a><\/p>\n<p>Selon les organisateurs, le Festival Kania Soly est bien plus qu&rsquo;un simple \u00e9v\u00e9nement culturel. Il constitue une expression vivante de l\u2019histoire locale, un espace de transmission interg\u00e9n\u00e9rationnelle, ainsi qu&rsquo;un puissant vecteur de coh\u00e9sion sociale, de d\u00e9veloppement local et de promotion du patrimoine.<\/p>\n<p><a href=\"https:\/\/universnews224.com\/wp-content\/uploads\/2026\/04\/IMG-20260429-WA0046.jpg\"><img loading=\"lazy\" class=\"alignnone size-medium wp-image-10771\" src=\"https:\/\/universnews224.com\/wp-content\/uploads\/2026\/04\/IMG-20260429-WA0046-300x176.jpg\" alt=\"\" width=\"300\" height=\"176\" srcset=\"https:\/\/universnews224.com\/wp-content\/uploads\/2026\/04\/IMG-20260429-WA0046-300x176.jpg 300w, https:\/\/universnews224.com\/wp-content\/uploads\/2026\/04\/IMG-20260429-WA0046-768x449.jpg 768w, https:\/\/universnews224.com\/wp-content\/uploads\/2026\/04\/IMG-20260429-WA0046.jpg 969w\" sizes=\"(max-width: 300px) 100vw, 300px\" \/><\/a><\/p>\n<p>\u00ab Cette 7\u00e8me \u00e9dition a pour ambition d&rsquo;offrir \u00e0 notre public un festival plus inclusif, mieux structur\u00e9, plus impactant et r\u00e9solument ouvert sur le monde. Durant sept jours, notre festival vibrera au rythme de la diversit\u00e9 culturelle. Notre vision est de faire du Kania Soly une r\u00e9f\u00e9rence culturelle majeure \u00e0 l&rsquo;\u00e9chelle nationale et sous-r\u00e9gionale, un moteur d&rsquo;opportunit\u00e9s pour la jeunesse et une source durable de fiert\u00e9 collective \u00bb, a d\u00e9clar\u00e9 la pr\u00e9sidente.<\/p>\n<p>Pour atteindre ces objectifs, les efforts des semaines \u00e0 venir se concentreront sur :<br \/>\nLa structuration efficace des \u00e9quipes ;<br \/>\nLa mobilisation des ressources n\u00e9cessaires ; La conception d&rsquo;une programmation riche et diversifi\u00e9e ; Le renforcement de la strat\u00e9gie de communication ; L&rsquo;implication active des communaut\u00e9s locales, en particulier la jeunesse ; L&rsquo;am\u00e9lioration de l&rsquo;accueil, de la s\u00e9curit\u00e9 et de l&rsquo;accessibilit\u00e9.<\/p>\n<p>De son c\u00f4t\u00e9, le commissaire g\u00e9n\u00e9ral du festival, l\u2019Honorable Sorel Ke\u00efta, a soulign\u00e9 que le Kania Soly a d\u00e9pass\u00e9 le stade de simple danse ou de rencontre citoyenne :<\/p>\n<p><a href=\"https:\/\/universnews224.com\/wp-content\/uploads\/2026\/04\/IMG-20260429-WA0047.jpg\"><img loading=\"lazy\" class=\"alignnone size-medium wp-image-10772\" src=\"https:\/\/universnews224.com\/wp-content\/uploads\/2026\/04\/IMG-20260429-WA0047-300x211.jpg\" alt=\"\" width=\"300\" height=\"211\" srcset=\"https:\/\/universnews224.com\/wp-content\/uploads\/2026\/04\/IMG-20260429-WA0047-300x211.jpg 300w, https:\/\/universnews224.com\/wp-content\/uploads\/2026\/04\/IMG-20260429-WA0047-1024x720.jpg 1024w, https:\/\/universnews224.com\/wp-content\/uploads\/2026\/04\/IMG-20260429-WA0047-768x540.jpg 768w, https:\/\/universnews224.com\/wp-content\/uploads\/2026\/04\/IMG-20260429-WA0047.jpg 1080w\" sizes=\"(max-width: 300px) 100vw, 300px\" \/><\/a><\/p>\n<p>\u00ab C&rsquo;est devenu une identit\u00e9 culturelle guin\u00e9enne. Nous nous activons sans rel\u00e2che pour offrir au public et \u00e0 nos invit\u00e9s un festival harmonieux et identitaire. Cette ann\u00e9e, nous accueillerons des pays invit\u00e9s tels que la France et le Mali. Quant \u00e0 la r\u00e9gion d&rsquo;honneur, nous avons choisi Bok\u00e9 pour se joindre \u00e0 nous afin de consolider cette union de fraternit\u00e9 et de partage \u00e0 travers sept jours de danse et de visites touristiques de notre patrimoine historique. \u00bb<br \/>\nAlass Sylla pour universnews224.com 625.480.252<\/p>\n","protected":false},"excerpt":{"rendered":"<p>L&rsquo;association Kania Diy\u00e9 et le Club Amical de Kania, repr\u00e9sent\u00e9s par leur pr\u00e9sidente, Mme B\u00e9b\u00e9<\/p>\n","protected":false},"author":2,"featured_media":10770,"comment_status":"closed","ping_status":"open","sticky":false,"template":"","format":"standard","meta":[],"categories":[3,6],"tags":[237],"yoast_head":"<!-- This site is optimized with the Yoast SEO plugin v19.13 - https:\/\/yoast.com\/wordpress\/plugins\/seo\/ -->\n<title>7\u00e8me \u00e9dition du \u00ab Kania Soly \u00bb : les organisateurs annoncent les couleurs de l&#039;\u00e9v\u00e9nement - UNIVERSNEWS224<\/title>\n<meta name=\"robots\" content=\"index, follow, max-snippet:-1, max-image-preview:large, max-video-preview:-1\" \/>\n<link rel=\"canonical\" href=\"https:\/\/universnews224.com\/index.php\/7eme-edition-du-kania-soly-les-organisateurs-annoncent-les-couleurs-de-levenement\/\" \/>\n<meta property=\"og:locale\" content=\"fr_FR\" \/>\n<meta property=\"og:type\" content=\"article\" \/>\n<meta property=\"og:title\" content=\"7\u00e8me \u00e9dition du \u00ab Kania Soly \u00bb : les organisateurs annoncent les couleurs de l&#039;\u00e9v\u00e9nement - UNIVERSNEWS224\" \/>\n<meta property=\"og:description\" content=\"L&rsquo;association Kania Diy\u00e9 et le Club Amical de Kania, repr\u00e9sent\u00e9s par leur pr\u00e9sidente, Mme B\u00e9b\u00e9\" \/>\n<meta property=\"og:url\" content=\"https:\/\/universnews224.com\/index.php\/7eme-edition-du-kania-soly-les-organisateurs-annoncent-les-couleurs-de-levenement\/\" \/>\n<meta property=\"og:site_name\" content=\"UNIVERSNEWS224\" \/>\n<meta property=\"article:published_time\" content=\"2026-04-29T23:45:23+00:00\" \/>\n<meta property=\"og:image\" content=\"https:\/\/universnews224.com\/wp-content\/uploads\/2026\/04\/IMG-20260429-WA0045.jpg\" \/>\n\t<meta property=\"og:image:width\" content=\"1008\" \/>\n\t<meta property=\"og:image:height\" content=\"567\" \/>\n\t<meta property=\"og:image:type\" content=\"image\/jpeg\" \/>\n<meta name=\"author\" content=\"La R\u00e9daction\" \/>\n<meta name=\"twitter:label1\" content=\"\u00c9crit par\" \/>\n\t<meta name=\"twitter:data1\" content=\"La R\u00e9daction\" \/>\n\t<meta name=\"twitter:label2\" content=\"Dur\u00e9e de lecture estim\u00e9e\" \/>\n\t<meta name=\"twitter:data2\" content=\"3 minutes\" \/>\n<script type=\"application\/ld+json\" class=\"yoast-schema-graph\">{\"@context\":\"https:\/\/schema.org\",\"@graph\":[{\"@type\":\"Article\",\"@id\":\"https:\/\/universnews224.com\/index.php\/7eme-edition-du-kania-soly-les-organisateurs-annoncent-les-couleurs-de-levenement\/#article\",\"isPartOf\":{\"@id\":\"https:\/\/universnews224.com\/index.php\/7eme-edition-du-kania-soly-les-organisateurs-annoncent-les-couleurs-de-levenement\/\"},\"author\":{\"name\":\"La R\u00e9daction\",\"@id\":\"https:\/\/universnews224.com\/#\/schema\/person\/a4b7d4f94a4716df60456a491260485e\"},\"headline\":\"7\u00e8me \u00e9dition du \u00ab Kania Soly \u00bb : les organisateurs annoncent les couleurs de l&rsquo;\u00e9v\u00e9nement\",\"datePublished\":\"2026-04-29T23:45:23+00:00\",\"dateModified\":\"2026-04-29T23:45:23+00:00\",\"mainEntityOfPage\":{\"@id\":\"https:\/\/universnews224.com\/index.php\/7eme-edition-du-kania-soly-les-organisateurs-annoncent-les-couleurs-de-levenement\/\"},\"wordCount\":416,\"publisher\":{\"@id\":\"https:\/\/universnews224.com\/#organization\"},\"keywords\":[\"A la une\"],\"articleSection\":[\"ACTU\",\"CULTURE\"],\"inLanguage\":\"fr-FR\"},{\"@type\":\"WebPage\",\"@id\":\"https:\/\/universnews224.com\/index.php\/7eme-edition-du-kania-soly-les-organisateurs-annoncent-les-couleurs-de-levenement\/\",\"url\":\"https:\/\/universnews224.com\/index.php\/7eme-edition-du-kania-soly-les-organisateurs-annoncent-les-couleurs-de-levenement\/\",\"name\":\"7\u00e8me \u00e9dition du \u00ab Kania Soly \u00bb : les organisateurs annoncent les couleurs de l'\u00e9v\u00e9nement - UNIVERSNEWS224\",\"isPartOf\":{\"@id\":\"https:\/\/universnews224.com\/#website\"},\"datePublished\":\"2026-04-29T23:45:23+00:00\",\"dateModified\":\"2026-04-29T23:45:23+00:00\",\"inLanguage\":\"fr-FR\",\"potentialAction\":[{\"@type\":\"ReadAction\",\"target\":[\"https:\/\/universnews224.com\/index.php\/7eme-edition-du-kania-soly-les-organisateurs-annoncent-les-couleurs-de-levenement\/\"]}]},{\"@type\":\"WebSite\",\"@id\":\"https:\/\/universnews224.com\/#website\",\"url\":\"https:\/\/universnews224.com\/\",\"name\":\"UNIVERSNEWS224\",\"description\":\"\",\"publisher\":{\"@id\":\"https:\/\/universnews224.com\/#organization\"},\"potentialAction\":[{\"@type\":\"SearchAction\",\"target\":{\"@type\":\"EntryPoint\",\"urlTemplate\":\"https:\/\/universnews224.com\/?s={search_term_string}\"},\"query-input\":\"required name=search_term_string\"}],\"inLanguage\":\"fr-FR\"},{\"@type\":\"Organization\",\"@id\":\"https:\/\/universnews224.com\/#organization\",\"name\":\"UNIVERSNEWS224\",\"url\":\"https:\/\/universnews224.com\/\",\"logo\":{\"@type\":\"ImageObject\",\"inLanguage\":\"fr-FR\",\"@id\":\"https:\/\/universnews224.com\/#\/schema\/logo\/image\/\",\"url\":\"https:\/\/universnews224.com\/wp-content\/uploads\/2022\/08\/cropped-cropped-logoban.jpg\",\"contentUrl\":\"https:\/\/universnews224.com\/wp-content\/uploads\/2022\/08\/cropped-cropped-logoban.jpg\",\"width\":1080,\"height\":138,\"caption\":\"UNIVERSNEWS224\"},\"image\":{\"@id\":\"https:\/\/universnews224.com\/#\/schema\/logo\/image\/\"}},{\"@type\":\"Person\",\"@id\":\"https:\/\/universnews224.com\/#\/schema\/person\/a4b7d4f94a4716df60456a491260485e\",\"name\":\"La R\u00e9daction\",\"image\":{\"@type\":\"ImageObject\",\"inLanguage\":\"fr-FR\",\"@id\":\"https:\/\/universnews224.com\/#\/schema\/person\/image\/\",\"url\":\"https:\/\/secure.gravatar.com\/avatar\/edb90acc7752b23e1b3307ad36c14f0d?s=96&d=mm&r=g\",\"contentUrl\":\"https:\/\/secure.gravatar.com\/avatar\/edb90acc7752b23e1b3307ad36c14f0d?s=96&d=mm&r=g\",\"caption\":\"La R\u00e9daction\"},\"sameAs\":[\"https:\/\/universnews224.com\"],\"url\":\"https:\/\/universnews224.com\/index.php\/author\/m-camara\/\"}]}<\/script>\n<!-- \/ Yoast SEO plugin. -->","yoast_head_json":{"title":"7\u00e8me \u00e9dition du \u00ab Kania Soly \u00bb : les organisateurs annoncent les couleurs de l'\u00e9v\u00e9nement - UNIVERSNEWS224","robots":{"index":"index","follow":"follow","max-snippet":"max-snippet:-1","max-image-preview":"max-image-preview:large","max-video-preview":"max-video-preview:-1"},"canonical":"https:\/\/universnews224.com\/index.php\/7eme-edition-du-kania-soly-les-organisateurs-annoncent-les-couleurs-de-levenement\/","og_locale":"fr_FR","og_type":"article","og_title":"7\u00e8me \u00e9dition du \u00ab Kania Soly \u00bb : les organisateurs annoncent les couleurs de l'\u00e9v\u00e9nement - UNIVERSNEWS224","og_description":"L&rsquo;association Kania Diy\u00e9 et le Club Amical de Kania, repr\u00e9sent\u00e9s par leur pr\u00e9sidente, Mme B\u00e9b\u00e9","og_url":"https:\/\/universnews224.com\/index.php\/7eme-edition-du-kania-soly-les-organisateurs-annoncent-les-couleurs-de-levenement\/","og_site_name":"UNIVERSNEWS224","article_published_time":"2026-04-29T23:45:23+00:00","og_image":[{"width":1008,"height":567,"url":"https:\/\/universnews224.com\/wp-content\/uploads\/2026\/04\/IMG-20260429-WA0045.jpg","type":"image\/jpeg"}],"author":"La R\u00e9daction","twitter_misc":{"\u00c9crit par":"La R\u00e9daction","Dur\u00e9e de lecture estim\u00e9e":"3 minutes"},"schema":{"@context":"https:\/\/schema.org","@graph":[{"@type":"Article","@id":"https:\/\/universnews224.com\/index.php\/7eme-edition-du-kania-soly-les-organisateurs-annoncent-les-couleurs-de-levenement\/#article","isPartOf":{"@id":"https:\/\/universnews224.com\/index.php\/7eme-edition-du-kania-soly-les-organisateurs-annoncent-les-couleurs-de-levenement\/"},"author":{"name":"La R\u00e9daction","@id":"https:\/\/universnews224.com\/#\/schema\/person\/a4b7d4f94a4716df60456a491260485e"},"headline":"7\u00e8me \u00e9dition du \u00ab Kania Soly \u00bb : les organisateurs annoncent les couleurs de l&rsquo;\u00e9v\u00e9nement","datePublished":"2026-04-29T23:45:23+00:00","dateModified":"2026-04-29T23:45:23+00:00","mainEntityOfPage":{"@id":"https:\/\/universnews224.com\/index.php\/7eme-edition-du-kania-soly-les-organisateurs-annoncent-les-couleurs-de-levenement\/"},"wordCount":416,"publisher":{"@id":"https:\/\/universnews224.com\/#organization"},"keywords":["A la une"],"articleSection":["ACTU","CULTURE"],"inLanguage":"fr-FR"},{"@type":"WebPage","@id":"https:\/\/universnews224.com\/index.php\/7eme-edition-du-kania-soly-les-organisateurs-annoncent-les-couleurs-de-levenement\/","url":"https:\/\/universnews224.com\/index.php\/7eme-edition-du-kania-soly-les-organisateurs-annoncent-les-couleurs-de-levenement\/","name":"7\u00e8me \u00e9dition du \u00ab Kania Soly \u00bb : les organisateurs annoncent les couleurs de l'\u00e9v\u00e9nement - UNIVERSNEWS224","isPartOf":{"@id":"https:\/\/universnews224.com\/#website"},"datePublished":"2026-04-29T23:45:23+00:00","dateModified":"2026-04-29T23:45:23+00:00","inLanguage":"fr-FR","potentialAction":[{"@type":"ReadAction","target":["https:\/\/universnews224.com\/index.php\/7eme-edition-du-kania-soly-les-organisateurs-annoncent-les-couleurs-de-levenement\/"]}]},{"@type":"WebSite","@id":"https:\/\/universnews224.com\/#website","url":"https:\/\/universnews224.com\/","name":"UNIVERSNEWS224","description":"","publisher":{"@id":"https:\/\/universnews224.com\/#organization"},"potentialAction":[{"@type":"SearchAction","target":{"@type":"EntryPoint","urlTemplate":"https:\/\/universnews224.com\/?s={search_term_string}"},"query-input":"required name=search_term_string"}],"inLanguage":"fr-FR"},{"@type":"Organization","@id":"https:\/\/universnews224.com\/#organization","name":"UNIVERSNEWS224","url":"https:\/\/universnews224.com\/","logo":{"@type":"ImageObject","inLanguage":"fr-FR","@id":"https:\/\/universnews224.com\/#\/schema\/logo\/image\/","url":"https:\/\/universnews224.com\/wp-content\/uploads\/2022\/08\/cropped-cropped-logoban.jpg","contentUrl":"https:\/\/universnews224.com\/wp-content\/uploads\/2022\/08\/cropped-cropped-logoban.jpg","width":1080,"height":138,"caption":"UNIVERSNEWS224"},"image":{"@id":"https:\/\/universnews224.com\/#\/schema\/logo\/image\/"}},{"@type":"Person","@id":"https:\/\/universnews224.com\/#\/schema\/person\/a4b7d4f94a4716df60456a491260485e","name":"La R\u00e9daction","image":{"@type":"ImageObject","inLanguage":"fr-FR","@id":"https:\/\/universnews224.com\/#\/schema\/person\/image\/","url":"https:\/\/secure.gravatar.com\/avatar\/edb90acc7752b23e1b3307ad36c14f0d?s=96&d=mm&r=g","contentUrl":"https:\/\/secure.gravatar.com\/avatar\/edb90acc7752b23e1b3307ad36c14f0d?s=96&d=mm&r=g","caption":"La R\u00e9daction"},"sameAs":["https:\/\/universnews224.com"],"url":"https:\/\/universnews224.com\/index.php\/author\/m-camara\/"}]}},"_links":{"self":[{"href":"https:\/\/universnews224.com\/index.php\/wp-json\/wp\/v2\/posts\/10768"}],"collection":[{"href":"https:\/\/universnews224.com\/index.php\/wp-json\/wp\/v2\/posts"}],"about":[{"href":"https:\/\/universnews224.com\/index.php\/wp-json\/wp\/v2\/types\/post"}],"author":[{"embeddable":true,"href":"https:\/\/universnews224.com\/index.php\/wp-json\/wp\/v2\/users\/2"}],"replies":[{"embeddable":true,"href":"https:\/\/universnews224.com\/index.php\/wp-json\/wp\/v2\/comments?post=10768"}],"version-history":[{"count":1,"href":"https:\/\/universnews224.com\/index.php\/wp-json\/wp\/v2\/posts\/10768\/revisions"}],"predecessor-version":[{"id":10773,"href":"https:\/\/universnews224.com\/index.php\/wp-json\/wp\/v2\/posts\/10768\/revisions\/10773"}],"wp:featuredmedia":[{"embeddable":true,"href":"https:\/\/universnews224.com\/index.php\/wp-json\/wp\/v2\/media\/10770"}],"wp:attachment":[{"href":"https:\/\/universnews224.com\/index.php\/wp-json\/wp\/v2\/media?parent=10768"}],"wp:term":[{"taxonomy":"category","embeddable":true,"href":"https:\/\/universnews224.com\/index.php\/wp-json\/wp\/v2\/categories?post=10768"},{"taxonomy":"post_tag","embeddable":true,"href":"https:\/\/universnews224.com\/index.php\/wp-json\/wp\/v2\/tags?post=10768"}],"curies":[{"name":"wp","href":"https:\/\/api.w.org\/{rel}","templated":true}]}}