{"id":10777,"date":"2026-04-30T15:50:55","date_gmt":"2026-04-30T14:50:55","guid":{"rendered":"https:\/\/universnews224.com\/?p=10777"},"modified":"2026-04-30T15:50:55","modified_gmt":"2026-04-30T14:50:55","slug":"attaques-terroristes-au-mali-lafrique-cest-un-appel-au-reveil","status":"publish","type":"post","link":"https:\/\/universnews224.com\/index.php\/attaques-terroristes-au-mali-lafrique-cest-un-appel-au-reveil\/","title":{"rendered":"Attaques terroristes au Mali: L\u2019AFRIQUE, C\u2019EST UN APPEL AU R\u00c9VEIL"},"content":{"rendered":"<div dir=\"auto\">Lorsqu\u2019une bombe explose \u00e0 Bamako, ce n\u2019est pas le Mali seul qui saigne \u2014 c\u2019est l\u2019Afrique. Lorsque des vies innocentes sont bris\u00e9es dans les rues maliennes, ce sont la dignit\u00e9, la souverainet\u00e9 et l\u2019avenir de tout un continent qui sont attaqu\u00e9s.<\/div>\n<div dir=\"auto\"><\/div>\n<div dir=\"auto\">Soyons honn\u00eates avec nous-m\u00eames. Beaucoup d\u2019entre nous sont prompts \u2014 \u00e0 tort ou \u00e0 raison \u2014 \u00e0 pointer du doigt l\u2019ext\u00e9rieur, \u00e0 accuser des puissances \u00e9trang\u00e8res comme la France d\u2019influence, d\u2019ing\u00e9rence, ou m\u00eame de complicit\u00e9. Mais le courage ne r\u00e9side pas uniquement dans l\u2019accusation. Le v\u00e9ritable courage r\u00e9side dans l\u2019action, dans l\u2019unit\u00e9, dans la capacit\u00e9 \u00e0 se lever \u2014 non seulement par des mots, mais par une pr\u00e9sence.<\/div>\n<div dir=\"auto\"><\/div>\n<div dir=\"auto\">En 2015, apr\u00e8s les tragiques attentats de Charlie Hebdo, les dirigeants africains n\u2019ont pas h\u00e9sit\u00e9. Ils ont travers\u00e9 les continents et ont march\u00e9 c\u00f4te \u00e0 c\u00f4te \u00e0 Paris. Les pr\u00e9sidents du Mali, du Niger, du S\u00e9n\u00e9gal, du Gabon, du B\u00e9nin et du Togo se sont tenus \u00e9paule contre \u00e9paule avec le reste du monde, dans une puissante d\u00e9monstration de solidarit\u00e9 contre le terrorisme.<\/div>\n<div dir=\"auto\"><\/div>\n<div dir=\"auto\">Ce moment a d\u00e9montr\u00e9 que l\u2019Afrique peut s\u2019unir. Que l\u2019Afrique peut se tenir debout.<\/div>\n<div dir=\"auto\"><\/div>\n<div dir=\"auto\">La question, aujourd\u2019hui, est donc simple \u2014 et inconfortable :<\/div>\n<div dir=\"auto\"><\/div>\n<div dir=\"auto\">Si les dirigeants africains ont pu marcher \u00e0 Paris, pourquoi ne peuvent-ils pas marcher \u00e0 Bamako ?<\/div>\n<div dir=\"auto\"><\/div>\n<div dir=\"auto\">Pourquoi pouvons-nous nous mobiliser pour les autres, tout en h\u00e9sitant pour les n\u00f4tres ?<\/div>\n<div dir=\"auto\"><\/div>\n<div dir=\"auto\">Si nous sommes assez audacieux pour accuser, alors nous devons \u00eatre assez audacieux pour nous unir.<\/div>\n<div dir=\"auto\"><\/div>\n<div dir=\"auto\">Que Bamako devienne le symbole de la solidarit\u00e9 africaine. Que les pr\u00e9sidents, les dirigeants, les intellectuels, la jeunesse et les citoyens africains se rassemblent \u2014 non dans la col\u00e8re, mais dans la force. Un rassemblement pacifique. Un message puissant. Une d\u00e9claration claire :<\/div>\n<div dir=\"auto\"><\/div>\n<div dir=\"auto\">Une attaque contre le Mali est une attaque contre l\u2019Afrique.<\/div>\n<div dir=\"auto\"><\/div>\n<div dir=\"auto\">Ce n\u2019est pas seulement le combat du Mali. C\u2019est un combat ouest-africain. C\u2019est un combat africain. Le terrorisme ne respecte pas les fronti\u00e8res \u2014 et notre unit\u00e9 ne devrait pas en respecter non plus.<\/div>\n<div dir=\"auto\"><\/div>\n<div dir=\"auto\">Nous devons nous \u00e9lever au-dessus des divisions linguistiques, r\u00e9gionales et politiques. Francophones, anglophones, arabophones, lusophones : rien de tout cela n\u2019importe lorsque du sang africain est vers\u00e9. Ce qui importe, c\u2019est que nous nous tenions ensemble, que nous nous prot\u00e9gions mutuellement et que nous d\u00e9fendions notre avenir commun.<\/div>\n<div dir=\"auto\"><\/div>\n<div dir=\"auto\">Que ceci serve d\u2019appel :<\/div>\n<div dir=\"auto\"><\/div>\n<div dir=\"auto\">Aux \u00c9tats d\u2019Afrique de l\u2019Ouest : unissez vos renseignements, vos strat\u00e9gies, votre volont\u00e9 \u2014 le terrorisme ne doit trouver aucun refuge.<\/div>\n<div dir=\"auto\"><\/div>\n<div dir=\"auto\">Aux dirigeants africains : soyez pr\u00e9sents \u00e0 Bamako. Ne dirigez pas depuis des tribunes, mais depuis les premi\u00e8res lignes de la solidarit\u00e9.<\/div>\n<div dir=\"auto\"><\/div>\n<div dir=\"auto\">Peuples d\u2019Afrique : \u00e9levez la voix, organisez-vous, apportez votre soutien et tenez-vous aux c\u00f4t\u00e9s du Mali \u2014 non pas demain, mais d\u00e8s maintenant.<\/div>\n<div dir=\"auto\"><\/div>\n<div dir=\"auto\">L\u2019Afrique ne peut se permettre le silence. L\u2019Afrique ne peut se permettre la division.<\/div>\n<div dir=\"auto\"><\/div>\n<div dir=\"auto\">Face aux attaques l\u00e2ches, notre r\u00e9ponse doit \u00eatre l\u2019amour, l\u2019unit\u00e9 et une solidarit\u00e9 in\u00e9branlable.<\/div>\n<div dir=\"auto\"><\/div>\n<div dir=\"auto\">L\u2019Afrique doit se lever \u2014 non pas en fragments, mais comme un tout uni.<\/div>\n<div dir=\"auto\"><\/div>\n<div dir=\"auto\">Dr. David Makongo<\/div>\n","protected":false},"excerpt":{"rendered":"<p>Lorsqu\u2019une bombe explose \u00e0 Bamako, ce n\u2019est pas le Mali seul qui saigne \u2014 c\u2019est<\/p>\n","protected":false},"author":2,"featured_media":10053,"comment_status":"closed","ping_status":"open","sticky":false,"template":"","format":"standard","meta":[],"categories":[3,4],"tags":[237],"yoast_head":"<!-- This site is optimized with the Yoast SEO plugin v19.13 - https:\/\/yoast.com\/wordpress\/plugins\/seo\/ -->\n<title>Attaques terroristes au Mali: L\u2019AFRIQUE, C\u2019EST UN APPEL AU R\u00c9VEIL - UNIVERSNEWS224<\/title>\n<meta name=\"robots\" content=\"index, follow, max-snippet:-1, max-image-preview:large, max-video-preview:-1\" \/>\n<link rel=\"canonical\" href=\"https:\/\/universnews224.com\/index.php\/attaques-terroristes-au-mali-lafrique-cest-un-appel-au-reveil\/\" \/>\n<meta property=\"og:locale\" content=\"fr_FR\" \/>\n<meta property=\"og:type\" content=\"article\" \/>\n<meta property=\"og:title\" content=\"Attaques terroristes au Mali: L\u2019AFRIQUE, C\u2019EST UN APPEL AU R\u00c9VEIL - UNIVERSNEWS224\" \/>\n<meta property=\"og:description\" content=\"Lorsqu\u2019une bombe explose \u00e0 Bamako, ce n\u2019est pas le Mali seul qui saigne \u2014 c\u2019est\" \/>\n<meta property=\"og:url\" content=\"https:\/\/universnews224.com\/index.php\/attaques-terroristes-au-mali-lafrique-cest-un-appel-au-reveil\/\" \/>\n<meta property=\"og:site_name\" content=\"UNIVERSNEWS224\" \/>\n<meta property=\"article:published_time\" content=\"2026-04-30T14:50:55+00:00\" \/>\n<meta property=\"og:image\" content=\"https:\/\/universnews224.com\/wp-content\/uploads\/2025\/12\/IMG-20251231-WA0037.jpg\" \/>\n\t<meta property=\"og:image:width\" content=\"1033\" \/>\n\t<meta property=\"og:image:height\" content=\"848\" \/>\n\t<meta property=\"og:image:type\" content=\"image\/jpeg\" \/>\n<meta name=\"author\" content=\"La R\u00e9daction\" \/>\n<meta name=\"twitter:label1\" content=\"\u00c9crit par\" \/>\n\t<meta name=\"twitter:data1\" content=\"La R\u00e9daction\" \/>\n\t<meta name=\"twitter:label2\" content=\"Dur\u00e9e de lecture estim\u00e9e\" \/>\n\t<meta name=\"twitter:data2\" content=\"3 minutes\" \/>\n<script type=\"application\/ld+json\" class=\"yoast-schema-graph\">{\"@context\":\"https:\/\/schema.org\",\"@graph\":[{\"@type\":\"Article\",\"@id\":\"https:\/\/universnews224.com\/index.php\/attaques-terroristes-au-mali-lafrique-cest-un-appel-au-reveil\/#article\",\"isPartOf\":{\"@id\":\"https:\/\/universnews224.com\/index.php\/attaques-terroristes-au-mali-lafrique-cest-un-appel-au-reveil\/\"},\"author\":{\"name\":\"La R\u00e9daction\",\"@id\":\"https:\/\/universnews224.com\/#\/schema\/person\/a4b7d4f94a4716df60456a491260485e\"},\"headline\":\"Attaques terroristes au Mali: L\u2019AFRIQUE, C\u2019EST UN APPEL AU R\u00c9VEIL\",\"datePublished\":\"2026-04-30T14:50:55+00:00\",\"dateModified\":\"2026-04-30T14:50:55+00:00\",\"mainEntityOfPage\":{\"@id\":\"https:\/\/universnews224.com\/index.php\/attaques-terroristes-au-mali-lafrique-cest-un-appel-au-reveil\/\"},\"wordCount\":548,\"publisher\":{\"@id\":\"https:\/\/universnews224.com\/#organization\"},\"keywords\":[\"A la une\"],\"articleSection\":[\"ACTU\",\"POLITIQUE\"],\"inLanguage\":\"fr-FR\"},{\"@type\":\"WebPage\",\"@id\":\"https:\/\/universnews224.com\/index.php\/attaques-terroristes-au-mali-lafrique-cest-un-appel-au-reveil\/\",\"url\":\"https:\/\/universnews224.com\/index.php\/attaques-terroristes-au-mali-lafrique-cest-un-appel-au-reveil\/\",\"name\":\"Attaques terroristes au Mali: L\u2019AFRIQUE, C\u2019EST UN APPEL AU R\u00c9VEIL - UNIVERSNEWS224\",\"isPartOf\":{\"@id\":\"https:\/\/universnews224.com\/#website\"},\"datePublished\":\"2026-04-30T14:50:55+00:00\",\"dateModified\":\"2026-04-30T14:50:55+00:00\",\"inLanguage\":\"fr-FR\",\"potentialAction\":[{\"@type\":\"ReadAction\",\"target\":[\"https:\/\/universnews224.com\/index.php\/attaques-terroristes-au-mali-lafrique-cest-un-appel-au-reveil\/\"]}]},{\"@type\":\"WebSite\",\"@id\":\"https:\/\/universnews224.com\/#website\",\"url\":\"https:\/\/universnews224.com\/\",\"name\":\"UNIVERSNEWS224\",\"description\":\"\",\"publisher\":{\"@id\":\"https:\/\/universnews224.com\/#organization\"},\"potentialAction\":[{\"@type\":\"SearchAction\",\"target\":{\"@type\":\"EntryPoint\",\"urlTemplate\":\"https:\/\/universnews224.com\/?s={search_term_string}\"},\"query-input\":\"required name=search_term_string\"}],\"inLanguage\":\"fr-FR\"},{\"@type\":\"Organization\",\"@id\":\"https:\/\/universnews224.com\/#organization\",\"name\":\"UNIVERSNEWS224\",\"url\":\"https:\/\/universnews224.com\/\",\"logo\":{\"@type\":\"ImageObject\",\"inLanguage\":\"fr-FR\",\"@id\":\"https:\/\/universnews224.com\/#\/schema\/logo\/image\/\",\"url\":\"https:\/\/universnews224.com\/wp-content\/uploads\/2022\/08\/cropped-cropped-logoban.jpg\",\"contentUrl\":\"https:\/\/universnews224.com\/wp-content\/uploads\/2022\/08\/cropped-cropped-logoban.jpg\",\"width\":1080,\"height\":138,\"caption\":\"UNIVERSNEWS224\"},\"image\":{\"@id\":\"https:\/\/universnews224.com\/#\/schema\/logo\/image\/\"}},{\"@type\":\"Person\",\"@id\":\"https:\/\/universnews224.com\/#\/schema\/person\/a4b7d4f94a4716df60456a491260485e\",\"name\":\"La R\u00e9daction\",\"image\":{\"@type\":\"ImageObject\",\"inLanguage\":\"fr-FR\",\"@id\":\"https:\/\/universnews224.com\/#\/schema\/person\/image\/\",\"url\":\"https:\/\/secure.gravatar.com\/avatar\/edb90acc7752b23e1b3307ad36c14f0d?s=96&d=mm&r=g\",\"contentUrl\":\"https:\/\/secure.gravatar.com\/avatar\/edb90acc7752b23e1b3307ad36c14f0d?s=96&d=mm&r=g\",\"caption\":\"La R\u00e9daction\"},\"sameAs\":[\"https:\/\/universnews224.com\"],\"url\":\"https:\/\/universnews224.com\/index.php\/author\/m-camara\/\"}]}<\/script>\n<!-- \/ Yoast SEO plugin. -->","yoast_head_json":{"title":"Attaques terroristes au Mali: L\u2019AFRIQUE, C\u2019EST UN APPEL AU R\u00c9VEIL - UNIVERSNEWS224","robots":{"index":"index","follow":"follow","max-snippet":"max-snippet:-1","max-image-preview":"max-image-preview:large","max-video-preview":"max-video-preview:-1"},"canonical":"https:\/\/universnews224.com\/index.php\/attaques-terroristes-au-mali-lafrique-cest-un-appel-au-reveil\/","og_locale":"fr_FR","og_type":"article","og_title":"Attaques terroristes au Mali: L\u2019AFRIQUE, C\u2019EST UN APPEL AU R\u00c9VEIL - UNIVERSNEWS224","og_description":"Lorsqu\u2019une bombe explose \u00e0 Bamako, ce n\u2019est pas le Mali seul qui saigne \u2014 c\u2019est","og_url":"https:\/\/universnews224.com\/index.php\/attaques-terroristes-au-mali-lafrique-cest-un-appel-au-reveil\/","og_site_name":"UNIVERSNEWS224","article_published_time":"2026-04-30T14:50:55+00:00","og_image":[{"width":1033,"height":848,"url":"https:\/\/universnews224.com\/wp-content\/uploads\/2025\/12\/IMG-20251231-WA0037.jpg","type":"image\/jpeg"}],"author":"La R\u00e9daction","twitter_misc":{"\u00c9crit par":"La R\u00e9daction","Dur\u00e9e de lecture estim\u00e9e":"3 minutes"},"schema":{"@context":"https:\/\/schema.org","@graph":[{"@type":"Article","@id":"https:\/\/universnews224.com\/index.php\/attaques-terroristes-au-mali-lafrique-cest-un-appel-au-reveil\/#article","isPartOf":{"@id":"https:\/\/universnews224.com\/index.php\/attaques-terroristes-au-mali-lafrique-cest-un-appel-au-reveil\/"},"author":{"name":"La R\u00e9daction","@id":"https:\/\/universnews224.com\/#\/schema\/person\/a4b7d4f94a4716df60456a491260485e"},"headline":"Attaques terroristes au Mali: L\u2019AFRIQUE, C\u2019EST UN APPEL AU R\u00c9VEIL","datePublished":"2026-04-30T14:50:55+00:00","dateModified":"2026-04-30T14:50:55+00:00","mainEntityOfPage":{"@id":"https:\/\/universnews224.com\/index.php\/attaques-terroristes-au-mali-lafrique-cest-un-appel-au-reveil\/"},"wordCount":548,"publisher":{"@id":"https:\/\/universnews224.com\/#organization"},"keywords":["A la une"],"articleSection":["ACTU","POLITIQUE"],"inLanguage":"fr-FR"},{"@type":"WebPage","@id":"https:\/\/universnews224.com\/index.php\/attaques-terroristes-au-mali-lafrique-cest-un-appel-au-reveil\/","url":"https:\/\/universnews224.com\/index.php\/attaques-terroristes-au-mali-lafrique-cest-un-appel-au-reveil\/","name":"Attaques terroristes au Mali: L\u2019AFRIQUE, C\u2019EST UN APPEL AU R\u00c9VEIL - UNIVERSNEWS224","isPartOf":{"@id":"https:\/\/universnews224.com\/#website"},"datePublished":"2026-04-30T14:50:55+00:00","dateModified":"2026-04-30T14:50:55+00:00","inLanguage":"fr-FR","potentialAction":[{"@type":"ReadAction","target":["https:\/\/universnews224.com\/index.php\/attaques-terroristes-au-mali-lafrique-cest-un-appel-au-reveil\/"]}]},{"@type":"WebSite","@id":"https:\/\/universnews224.com\/#website","url":"https:\/\/universnews224.com\/","name":"UNIVERSNEWS224","description":"","publisher":{"@id":"https:\/\/universnews224.com\/#organization"},"potentialAction":[{"@type":"SearchAction","target":{"@type":"EntryPoint","urlTemplate":"https:\/\/universnews224.com\/?s={search_term_string}"},"query-input":"required name=search_term_string"}],"inLanguage":"fr-FR"},{"@type":"Organization","@id":"https:\/\/universnews224.com\/#organization","name":"UNIVERSNEWS224","url":"https:\/\/universnews224.com\/","logo":{"@type":"ImageObject","inLanguage":"fr-FR","@id":"https:\/\/universnews224.com\/#\/schema\/logo\/image\/","url":"https:\/\/universnews224.com\/wp-content\/uploads\/2022\/08\/cropped-cropped-logoban.jpg","contentUrl":"https:\/\/universnews224.com\/wp-content\/uploads\/2022\/08\/cropped-cropped-logoban.jpg","width":1080,"height":138,"caption":"UNIVERSNEWS224"},"image":{"@id":"https:\/\/universnews224.com\/#\/schema\/logo\/image\/"}},{"@type":"Person","@id":"https:\/\/universnews224.com\/#\/schema\/person\/a4b7d4f94a4716df60456a491260485e","name":"La R\u00e9daction","image":{"@type":"ImageObject","inLanguage":"fr-FR","@id":"https:\/\/universnews224.com\/#\/schema\/person\/image\/","url":"https:\/\/secure.gravatar.com\/avatar\/edb90acc7752b23e1b3307ad36c14f0d?s=96&d=mm&r=g","contentUrl":"https:\/\/secure.gravatar.com\/avatar\/edb90acc7752b23e1b3307ad36c14f0d?s=96&d=mm&r=g","caption":"La R\u00e9daction"},"sameAs":["https:\/\/universnews224.com"],"url":"https:\/\/universnews224.com\/index.php\/author\/m-camara\/"}]}},"_links":{"self":[{"href":"https:\/\/universnews224.com\/index.php\/wp-json\/wp\/v2\/posts\/10777"}],"collection":[{"href":"https:\/\/universnews224.com\/index.php\/wp-json\/wp\/v2\/posts"}],"about":[{"href":"https:\/\/universnews224.com\/index.php\/wp-json\/wp\/v2\/types\/post"}],"author":[{"embeddable":true,"href":"https:\/\/universnews224.com\/index.php\/wp-json\/wp\/v2\/users\/2"}],"replies":[{"embeddable":true,"href":"https:\/\/universnews224.com\/index.php\/wp-json\/wp\/v2\/comments?post=10777"}],"version-history":[{"count":1,"href":"https:\/\/universnews224.com\/index.php\/wp-json\/wp\/v2\/posts\/10777\/revisions"}],"predecessor-version":[{"id":10779,"href":"https:\/\/universnews224.com\/index.php\/wp-json\/wp\/v2\/posts\/10777\/revisions\/10779"}],"wp:featuredmedia":[{"embeddable":true,"href":"https:\/\/universnews224.com\/index.php\/wp-json\/wp\/v2\/media\/10053"}],"wp:attachment":[{"href":"https:\/\/universnews224.com\/index.php\/wp-json\/wp\/v2\/media?parent=10777"}],"wp:term":[{"taxonomy":"category","embeddable":true,"href":"https:\/\/universnews224.com\/index.php\/wp-json\/wp\/v2\/categories?post=10777"},{"taxonomy":"post_tag","embeddable":true,"href":"https:\/\/universnews224.com\/index.php\/wp-json\/wp\/v2\/tags?post=10777"}],"curies":[{"name":"wp","href":"https:\/\/api.w.org\/{rel}","templated":true}]}}