{"id":10780,"date":"2026-04-30T18:09:22","date_gmt":"2026-04-30T17:09:22","guid":{"rendered":"https:\/\/universnews224.com\/?p=10780"},"modified":"2026-04-30T18:09:22","modified_gmt":"2026-04-30T17:09:22","slug":"distinction-dr-david-makongo-rafle-laureat-du-prix-panafricain-humanitaire-philanthrope-de-la-decennie","status":"publish","type":"post","link":"https:\/\/universnews224.com\/index.php\/distinction-dr-david-makongo-rafle-laureat-du-prix-panafricain-humanitaire-philanthrope-de-la-decennie\/","title":{"rendered":"Distinction: Dr David Makongo rafle, \u00ab Laur\u00e9at du Prix panafricain humanitaire, philanthrope de la d\u00e9cennie \u00bb."},"content":{"rendered":"<div dir=\"auto\">Pr\u00e9sident-Fondateur<\/div>\n<div dir=\"auto\">Makongo Family Charity (MAFAC)<\/div>\n<div dir=\"auto\">Objet : Notification officielle d\u2019attribution du Prix panafricain humanitaire, philanthrope de la d\u00e9cennie<\/div>\n<div dir=\"auto\"><\/div>\n<div dir=\"auto\">Monsieur le Pr\u00e9sident,<\/div>\n<div dir=\"auto\">Au nom de la Direction ainsi que du Jury des Awards D\u00e9cennaux Trendsetters du 10\u1d49 anniversaire de The Voice, nous avons l\u2019insigne honneur de vous notifier officiellement votre distinction au titre de \u00ab Laur\u00e9at du Prix panafricain humanitaire, philanthrope de la d\u00e9cennie \u00bb.<\/div>\n<div dir=\"auto\"><\/div>\n<div dir=\"auto\">Cette haute distinction vous est d\u00e9cern\u00e9e en reconnaissance de l\u2019impact humanitaire exceptionnel que vous avez su impulser \u00e0 travers le continent africain. Par vos interventions remarquables, allant des \u00e9tablissements p\u00e9nitentiaires et orphelinats aux communaut\u00e9s rurales, vos programmes ont contribu\u00e9 de mani\u00e8re significative \u00e0 l\u2019am\u00e9lioration des conditions de vie, notamment dans les domaines de la sant\u00e9, de l\u2019\u00e9ducation et de l\u2019autonomisation des femmes.<\/div>\n<div dir=\"auto\"><\/div>\n<div dir=\"auto\">Elle consacre, en outre, une d\u00e9cennie d\u2019engagement altruiste et une approche novatrice de l\u2019action caritative \u00e0 l\u2019\u00e9chelle internationale. Votre d\u00e9vouement constant en faveur des enfants \u00e0 besoins sp\u00e9cifiques ainsi que du d\u00e9veloppement communautaire a permis d\u2019\u00e9tablir des standards exemplaires, unanimement salu\u00e9s.<\/div>\n<div dir=\"auto\"><\/div>\n<div dir=\"auto\">Nous vous adressons, \u00e0 cet effet, nos plus vives et sinc\u00e8res f\u00e9licitations.<\/div>\n<div dir=\"auto\">Les laur\u00e9ats des Trendsetters D\u00e9cennaux de The Voice \u2014 distinction symbolisant la p\u00e9rennit\u00e9 et l\u2019excellence soutenue \u2014 sont d\u00e9sign\u00e9s \u00e0 l\u2019issue d\u2019un processus rigoureux impliquant la participation de nos lecteurs dans les dix r\u00e9gions du Cameroun. La validation finale des r\u00e9sultats est assur\u00e9e par un jury ind\u00e9pendant compos\u00e9 de personnalit\u00e9s de la soci\u00e9t\u00e9 civile ainsi que de journalistes chevronn\u00e9s issus des secteurs public et priv\u00e9. Votre s\u00e9lection refl\u00e8te ainsi un choix souverain du public, corrobor\u00e9 par l\u2019expertise de professionnels engag\u00e9s dans le suivi du d\u00e9veloppement national.<\/div>\n<div dir=\"auto\"><\/div>\n<div dir=\"auto\">La c\u00e9r\u00e9monie solennelle de remise des distinctions se tiendra le samedi 30 mai 2026, \u00e0 la Salle de Banquet UNAFF (Biscuiterie), \u00e0 Yaound\u00e9, dans le cadre des manifestations comm\u00e9moratives du 10\u1d49 anniversaire de The Voice, plac\u00e9es sous le haut patronage du Pr\u00e9sident du Conseil National de la Communication.<\/div>\n<div dir=\"auto\"><\/div>\n<div dir=\"auto\">Dans la perspective d\u2019assurer \u00e0 cet \u00e9v\u00e9nement le rayonnement qu\u2019il m\u00e9rite, plusieurs organes de presse nationaux et internationaux ont \u00e9t\u00e9 accr\u00e9dit\u00e9s afin d\u2019en garantir une large couverture m\u00e9diatique.<\/div>\n<div dir=\"auto\"><\/div>\n<div dir=\"auto\">\u00c0 l\u2019occasion de cette c\u00e9l\u00e9bration marquant une d\u00e9cennie d\u2019existence de The Voice (fond\u00e9 en 2016), nous poursuivons notre engagement \u00e0 honorer les personnalit\u00e9s et institutions \u0153uvrant avec abn\u00e9gation au service de la nation. Toutefois, en d\u00e9pit de la mobilisation active de notre comit\u00e9 d\u2019organisation, nous faisons face \u00e0 des contraintes budg\u00e9taires.<\/div>\n<div dir=\"auto\"><\/div>\n<div dir=\"auto\">\u00c0 ce titre, nous serions particuli\u00e8rement reconnaissants de toute contribution financi\u00e8re ou appui en sponsoring susceptible de contribuer au succ\u00e8s \u00e9clatant de cet \u00e9v\u00e9nement. (Projet de budget ci-joint)<\/div>\n<div dir=\"auto\">Avec un tirage de 2 000 exemplaires et une audience num\u00e9rique internationale en constante expansion, The Voice demeure une r\u00e9f\u00e9rence en mati\u00e8re d\u2019information objective, notamment aupr\u00e8s des d\u00e9cideurs et du corps diplomatique. Votre association \u00e0 cet \u00e9v\u00e9nement contribuera \u00e0 renforcer davantage votre position en tant qu\u2019acteur majeur de la soci\u00e9t\u00e9 camerounaise.<\/div>\n<div dir=\"auto\"><\/div>\n<div dir=\"auto\">Nous vous saurions gr\u00e9 de bien vouloir confirmer votre pr\u00e9sence \u00e0 ladite c\u00e9r\u00e9monie au plus tard le 25 mai 2026. En vous renouvelant nos plus chaleureuses f\u00e9licitations pour cette distinction amplement m\u00e9rit\u00e9e, nous vous prions d\u2019agr\u00e9er, Monsieur le Pr\u00e9sident, l\u2019expression de notre tr\u00e8s haute consid\u00e9ration.<\/div>\n<div dir=\"auto\"><\/div>\n<div dir=\"auto\">Pour le Comit\u00e9 d\u2019Organisation<\/div>\n<div dir=\"auto\">Kristian Ngah Christian<\/div>\n<div dir=\"auto\">Pr\u00e9sident du Comit\u00e9 d\u2019Organisation<\/div>\n<div dir=\"auto\">Theodore M. Ndze<\/div>\n<div dir=\"auto\">\u00c9diteur \/ Directeur de publication<\/div>\n<div dir=\"auto\">Pr\u00e9sident \u2013 Cameroon English Language Newspaper Publishers Association (CENPA)<\/div>\n","protected":false},"excerpt":{"rendered":"<p>Pr\u00e9sident-Fondateur Makongo Family Charity (MAFAC) Objet : Notification officielle d\u2019attribution du Prix panafricain humanitaire, philanthrope<\/p>\n","protected":false},"author":2,"featured_media":9417,"comment_status":"closed","ping_status":"open","sticky":false,"template":"","format":"standard","meta":[],"categories":[3,5],"tags":[237],"yoast_head":"<!-- This site is optimized with the Yoast SEO plugin v19.13 - https:\/\/yoast.com\/wordpress\/plugins\/seo\/ -->\n<title>Distinction: Dr David Makongo rafle, \u00ab Laur\u00e9at du Prix panafricain humanitaire, philanthrope de la d\u00e9cennie \u00bb. - UNIVERSNEWS224<\/title>\n<meta name=\"robots\" content=\"index, follow, max-snippet:-1, max-image-preview:large, max-video-preview:-1\" \/>\n<link rel=\"canonical\" href=\"https:\/\/universnews224.com\/index.php\/distinction-dr-david-makongo-rafle-laureat-du-prix-panafricain-humanitaire-philanthrope-de-la-decennie\/\" \/>\n<meta property=\"og:locale\" content=\"fr_FR\" \/>\n<meta property=\"og:type\" content=\"article\" \/>\n<meta property=\"og:title\" content=\"Distinction: Dr David Makongo rafle, \u00ab Laur\u00e9at du Prix panafricain humanitaire, philanthrope de la d\u00e9cennie \u00bb. - UNIVERSNEWS224\" \/>\n<meta property=\"og:description\" content=\"Pr\u00e9sident-Fondateur Makongo Family Charity (MAFAC) Objet : Notification officielle d\u2019attribution du Prix panafricain humanitaire, philanthrope\" \/>\n<meta property=\"og:url\" content=\"https:\/\/universnews224.com\/index.php\/distinction-dr-david-makongo-rafle-laureat-du-prix-panafricain-humanitaire-philanthrope-de-la-decennie\/\" \/>\n<meta property=\"og:site_name\" content=\"UNIVERSNEWS224\" \/>\n<meta property=\"article:published_time\" content=\"2026-04-30T17:09:22+00:00\" \/>\n<meta property=\"og:image\" content=\"https:\/\/universnews224.com\/wp-content\/uploads\/2025\/10\/makongo-1-1.jpg\" \/>\n\t<meta property=\"og:image:width\" content=\"696\" \/>\n\t<meta property=\"og:image:height\" content=\"391\" \/>\n\t<meta property=\"og:image:type\" content=\"image\/jpeg\" \/>\n<meta name=\"author\" content=\"La R\u00e9daction\" \/>\n<meta name=\"twitter:label1\" content=\"\u00c9crit par\" \/>\n\t<meta name=\"twitter:data1\" content=\"La R\u00e9daction\" \/>\n\t<meta name=\"twitter:label2\" content=\"Dur\u00e9e de lecture estim\u00e9e\" \/>\n\t<meta name=\"twitter:data2\" content=\"3 minutes\" \/>\n<script type=\"application\/ld+json\" class=\"yoast-schema-graph\">{\"@context\":\"https:\/\/schema.org\",\"@graph\":[{\"@type\":\"Article\",\"@id\":\"https:\/\/universnews224.com\/index.php\/distinction-dr-david-makongo-rafle-laureat-du-prix-panafricain-humanitaire-philanthrope-de-la-decennie\/#article\",\"isPartOf\":{\"@id\":\"https:\/\/universnews224.com\/index.php\/distinction-dr-david-makongo-rafle-laureat-du-prix-panafricain-humanitaire-philanthrope-de-la-decennie\/\"},\"author\":{\"name\":\"La R\u00e9daction\",\"@id\":\"https:\/\/universnews224.com\/#\/schema\/person\/a4b7d4f94a4716df60456a491260485e\"},\"headline\":\"Distinction: Dr David Makongo rafle, \u00ab Laur\u00e9at du Prix panafricain humanitaire, philanthrope de la d\u00e9cennie \u00bb.\",\"datePublished\":\"2026-04-30T17:09:22+00:00\",\"dateModified\":\"2026-04-30T17:09:22+00:00\",\"mainEntityOfPage\":{\"@id\":\"https:\/\/universnews224.com\/index.php\/distinction-dr-david-makongo-rafle-laureat-du-prix-panafricain-humanitaire-philanthrope-de-la-decennie\/\"},\"wordCount\":630,\"publisher\":{\"@id\":\"https:\/\/universnews224.com\/#organization\"},\"keywords\":[\"A la une\"],\"articleSection\":[\"ACTU\",\"SOCI\u00c9T\u00c9\"],\"inLanguage\":\"fr-FR\"},{\"@type\":\"WebPage\",\"@id\":\"https:\/\/universnews224.com\/index.php\/distinction-dr-david-makongo-rafle-laureat-du-prix-panafricain-humanitaire-philanthrope-de-la-decennie\/\",\"url\":\"https:\/\/universnews224.com\/index.php\/distinction-dr-david-makongo-rafle-laureat-du-prix-panafricain-humanitaire-philanthrope-de-la-decennie\/\",\"name\":\"Distinction: Dr David Makongo rafle, \u00ab Laur\u00e9at du Prix panafricain humanitaire, philanthrope de la d\u00e9cennie \u00bb. - UNIVERSNEWS224\",\"isPartOf\":{\"@id\":\"https:\/\/universnews224.com\/#website\"},\"datePublished\":\"2026-04-30T17:09:22+00:00\",\"dateModified\":\"2026-04-30T17:09:22+00:00\",\"inLanguage\":\"fr-FR\",\"potentialAction\":[{\"@type\":\"ReadAction\",\"target\":[\"https:\/\/universnews224.com\/index.php\/distinction-dr-david-makongo-rafle-laureat-du-prix-panafricain-humanitaire-philanthrope-de-la-decennie\/\"]}]},{\"@type\":\"WebSite\",\"@id\":\"https:\/\/universnews224.com\/#website\",\"url\":\"https:\/\/universnews224.com\/\",\"name\":\"UNIVERSNEWS224\",\"description\":\"\",\"publisher\":{\"@id\":\"https:\/\/universnews224.com\/#organization\"},\"potentialAction\":[{\"@type\":\"SearchAction\",\"target\":{\"@type\":\"EntryPoint\",\"urlTemplate\":\"https:\/\/universnews224.com\/?s={search_term_string}\"},\"query-input\":\"required name=search_term_string\"}],\"inLanguage\":\"fr-FR\"},{\"@type\":\"Organization\",\"@id\":\"https:\/\/universnews224.com\/#organization\",\"name\":\"UNIVERSNEWS224\",\"url\":\"https:\/\/universnews224.com\/\",\"logo\":{\"@type\":\"ImageObject\",\"inLanguage\":\"fr-FR\",\"@id\":\"https:\/\/universnews224.com\/#\/schema\/logo\/image\/\",\"url\":\"https:\/\/universnews224.com\/wp-content\/uploads\/2022\/08\/cropped-cropped-logoban.jpg\",\"contentUrl\":\"https:\/\/universnews224.com\/wp-content\/uploads\/2022\/08\/cropped-cropped-logoban.jpg\",\"width\":1080,\"height\":138,\"caption\":\"UNIVERSNEWS224\"},\"image\":{\"@id\":\"https:\/\/universnews224.com\/#\/schema\/logo\/image\/\"}},{\"@type\":\"Person\",\"@id\":\"https:\/\/universnews224.com\/#\/schema\/person\/a4b7d4f94a4716df60456a491260485e\",\"name\":\"La R\u00e9daction\",\"image\":{\"@type\":\"ImageObject\",\"inLanguage\":\"fr-FR\",\"@id\":\"https:\/\/universnews224.com\/#\/schema\/person\/image\/\",\"url\":\"https:\/\/secure.gravatar.com\/avatar\/edb90acc7752b23e1b3307ad36c14f0d?s=96&d=mm&r=g\",\"contentUrl\":\"https:\/\/secure.gravatar.com\/avatar\/edb90acc7752b23e1b3307ad36c14f0d?s=96&d=mm&r=g\",\"caption\":\"La R\u00e9daction\"},\"sameAs\":[\"https:\/\/universnews224.com\"],\"url\":\"https:\/\/universnews224.com\/index.php\/author\/m-camara\/\"}]}<\/script>\n<!-- \/ Yoast SEO plugin. -->","yoast_head_json":{"title":"Distinction: Dr David Makongo rafle, \u00ab Laur\u00e9at du Prix panafricain humanitaire, philanthrope de la d\u00e9cennie \u00bb. - UNIVERSNEWS224","robots":{"index":"index","follow":"follow","max-snippet":"max-snippet:-1","max-image-preview":"max-image-preview:large","max-video-preview":"max-video-preview:-1"},"canonical":"https:\/\/universnews224.com\/index.php\/distinction-dr-david-makongo-rafle-laureat-du-prix-panafricain-humanitaire-philanthrope-de-la-decennie\/","og_locale":"fr_FR","og_type":"article","og_title":"Distinction: Dr David Makongo rafle, \u00ab Laur\u00e9at du Prix panafricain humanitaire, philanthrope de la d\u00e9cennie \u00bb. - UNIVERSNEWS224","og_description":"Pr\u00e9sident-Fondateur Makongo Family Charity (MAFAC) Objet : Notification officielle d\u2019attribution du Prix panafricain humanitaire, philanthrope","og_url":"https:\/\/universnews224.com\/index.php\/distinction-dr-david-makongo-rafle-laureat-du-prix-panafricain-humanitaire-philanthrope-de-la-decennie\/","og_site_name":"UNIVERSNEWS224","article_published_time":"2026-04-30T17:09:22+00:00","og_image":[{"width":696,"height":391,"url":"https:\/\/universnews224.com\/wp-content\/uploads\/2025\/10\/makongo-1-1.jpg","type":"image\/jpeg"}],"author":"La R\u00e9daction","twitter_misc":{"\u00c9crit par":"La R\u00e9daction","Dur\u00e9e de lecture estim\u00e9e":"3 minutes"},"schema":{"@context":"https:\/\/schema.org","@graph":[{"@type":"Article","@id":"https:\/\/universnews224.com\/index.php\/distinction-dr-david-makongo-rafle-laureat-du-prix-panafricain-humanitaire-philanthrope-de-la-decennie\/#article","isPartOf":{"@id":"https:\/\/universnews224.com\/index.php\/distinction-dr-david-makongo-rafle-laureat-du-prix-panafricain-humanitaire-philanthrope-de-la-decennie\/"},"author":{"name":"La R\u00e9daction","@id":"https:\/\/universnews224.com\/#\/schema\/person\/a4b7d4f94a4716df60456a491260485e"},"headline":"Distinction: Dr David Makongo rafle, \u00ab Laur\u00e9at du Prix panafricain humanitaire, philanthrope de la d\u00e9cennie \u00bb.","datePublished":"2026-04-30T17:09:22+00:00","dateModified":"2026-04-30T17:09:22+00:00","mainEntityOfPage":{"@id":"https:\/\/universnews224.com\/index.php\/distinction-dr-david-makongo-rafle-laureat-du-prix-panafricain-humanitaire-philanthrope-de-la-decennie\/"},"wordCount":630,"publisher":{"@id":"https:\/\/universnews224.com\/#organization"},"keywords":["A la une"],"articleSection":["ACTU","SOCI\u00c9T\u00c9"],"inLanguage":"fr-FR"},{"@type":"WebPage","@id":"https:\/\/universnews224.com\/index.php\/distinction-dr-david-makongo-rafle-laureat-du-prix-panafricain-humanitaire-philanthrope-de-la-decennie\/","url":"https:\/\/universnews224.com\/index.php\/distinction-dr-david-makongo-rafle-laureat-du-prix-panafricain-humanitaire-philanthrope-de-la-decennie\/","name":"Distinction: Dr David Makongo rafle, \u00ab Laur\u00e9at du Prix panafricain humanitaire, philanthrope de la d\u00e9cennie \u00bb. - UNIVERSNEWS224","isPartOf":{"@id":"https:\/\/universnews224.com\/#website"},"datePublished":"2026-04-30T17:09:22+00:00","dateModified":"2026-04-30T17:09:22+00:00","inLanguage":"fr-FR","potentialAction":[{"@type":"ReadAction","target":["https:\/\/universnews224.com\/index.php\/distinction-dr-david-makongo-rafle-laureat-du-prix-panafricain-humanitaire-philanthrope-de-la-decennie\/"]}]},{"@type":"WebSite","@id":"https:\/\/universnews224.com\/#website","url":"https:\/\/universnews224.com\/","name":"UNIVERSNEWS224","description":"","publisher":{"@id":"https:\/\/universnews224.com\/#organization"},"potentialAction":[{"@type":"SearchAction","target":{"@type":"EntryPoint","urlTemplate":"https:\/\/universnews224.com\/?s={search_term_string}"},"query-input":"required name=search_term_string"}],"inLanguage":"fr-FR"},{"@type":"Organization","@id":"https:\/\/universnews224.com\/#organization","name":"UNIVERSNEWS224","url":"https:\/\/universnews224.com\/","logo":{"@type":"ImageObject","inLanguage":"fr-FR","@id":"https:\/\/universnews224.com\/#\/schema\/logo\/image\/","url":"https:\/\/universnews224.com\/wp-content\/uploads\/2022\/08\/cropped-cropped-logoban.jpg","contentUrl":"https:\/\/universnews224.com\/wp-content\/uploads\/2022\/08\/cropped-cropped-logoban.jpg","width":1080,"height":138,"caption":"UNIVERSNEWS224"},"image":{"@id":"https:\/\/universnews224.com\/#\/schema\/logo\/image\/"}},{"@type":"Person","@id":"https:\/\/universnews224.com\/#\/schema\/person\/a4b7d4f94a4716df60456a491260485e","name":"La R\u00e9daction","image":{"@type":"ImageObject","inLanguage":"fr-FR","@id":"https:\/\/universnews224.com\/#\/schema\/person\/image\/","url":"https:\/\/secure.gravatar.com\/avatar\/edb90acc7752b23e1b3307ad36c14f0d?s=96&d=mm&r=g","contentUrl":"https:\/\/secure.gravatar.com\/avatar\/edb90acc7752b23e1b3307ad36c14f0d?s=96&d=mm&r=g","caption":"La R\u00e9daction"},"sameAs":["https:\/\/universnews224.com"],"url":"https:\/\/universnews224.com\/index.php\/author\/m-camara\/"}]}},"_links":{"self":[{"href":"https:\/\/universnews224.com\/index.php\/wp-json\/wp\/v2\/posts\/10780"}],"collection":[{"href":"https:\/\/universnews224.com\/index.php\/wp-json\/wp\/v2\/posts"}],"about":[{"href":"https:\/\/universnews224.com\/index.php\/wp-json\/wp\/v2\/types\/post"}],"author":[{"embeddable":true,"href":"https:\/\/universnews224.com\/index.php\/wp-json\/wp\/v2\/users\/2"}],"replies":[{"embeddable":true,"href":"https:\/\/universnews224.com\/index.php\/wp-json\/wp\/v2\/comments?post=10780"}],"version-history":[{"count":1,"href":"https:\/\/universnews224.com\/index.php\/wp-json\/wp\/v2\/posts\/10780\/revisions"}],"predecessor-version":[{"id":10781,"href":"https:\/\/universnews224.com\/index.php\/wp-json\/wp\/v2\/posts\/10780\/revisions\/10781"}],"wp:featuredmedia":[{"embeddable":true,"href":"https:\/\/universnews224.com\/index.php\/wp-json\/wp\/v2\/media\/9417"}],"wp:attachment":[{"href":"https:\/\/universnews224.com\/index.php\/wp-json\/wp\/v2\/media?parent=10780"}],"wp:term":[{"taxonomy":"category","embeddable":true,"href":"https:\/\/universnews224.com\/index.php\/wp-json\/wp\/v2\/categories?post=10780"},{"taxonomy":"post_tag","embeddable":true,"href":"https:\/\/universnews224.com\/index.php\/wp-json\/wp\/v2\/tags?post=10780"}],"curies":[{"name":"wp","href":"https:\/\/api.w.org\/{rel}","templated":true}]}}