{"id":10790,"date":"2026-05-01T07:45:43","date_gmt":"2026-05-01T06:45:43","guid":{"rendered":"https:\/\/universnews224.com\/?p=10790"},"modified":"2026-05-01T07:45:43","modified_gmt":"2026-05-01T06:45:43","slug":"elections-legislatives-et-communales-en-guinee-la-dge-repond-aux-accusations-de-faya-millimouno-et-de-yero-balde","status":"publish","type":"post","link":"https:\/\/universnews224.com\/index.php\/elections-legislatives-et-communales-en-guinee-la-dge-repond-aux-accusations-de-faya-millimouno-et-de-yero-balde\/","title":{"rendered":"\u00c9lections l\u00e9gislatives et communales en Guin\u00e9e : la DGE r\u00e9pond aux accusations de Faya Millimouno et de Y\u00e9ro Bald\u00e9"},"content":{"rendered":"<p>Au cours d\u2019une conf\u00e9rence de presse anim\u00e9e ce jeudi 30 avril 2026, la Directrice G\u00e9n\u00e9rale des \u00c9lections (DGE), Mme Djenabou Tour\u00e9, a r\u00e9pondu aux accusations port\u00e9es contre la gestion des candidatures pour les prochains scrutins.<br \/>\n\u200b<br \/>\nR\u00e9pondant aux griefs du parti FRONDEG dirig\u00e9 par Abdoulaye Y\u00e9ro Bald\u00e9, la Directrice a confirm\u00e9 que la formation politique avait \u00e9t\u00e9 retir\u00e9e de la liste nationale. Concernant les irr\u00e9gularit\u00e9s signal\u00e9es par ce parti, elle a martel\u00e9 :<br \/>\n\u00ab Aucun code n\u2019a \u00e9t\u00e9 viol\u00e9. Ce sont des questions de personnes. \u00bb<\/p>\n<p>Concernant le cas du Dr Faya Millimouno, Mme Djenabou Tour\u00e9 a pr\u00e9cis\u00e9 que son parti n\u2019avait pas vers\u00e9 les cautions pour l\u2019ensemble de ses listes dans les d\u00e9lais impartis.<br \/>\n\u00ab Je ne veux rien occulter afin que nous puissions nous expliquer devant l\u2019opinion nationale et internationale. Qu\u2019on arr\u00eate de nous distraire. Vous \u00e9crivez un courrier le 8, tout en sachant que la loi fixe la cl\u00f4ture du d\u00e9p\u00f4t des cautions au 9. Jusqu\u2019au 8, vous aviez la possibilit\u00e9 de r\u00e9gulariser ; mais au 9, vous n\u2019aviez toujours pas vers\u00e9 les cautions. Sans caution, votre liste est rejet\u00e9e. Et apr\u00e8s cela, vous pr\u00e9tendez que nous sommes dans l\u2019irr\u00e9gularit\u00e9 ? Je demande \u00e0 l\u2019opinion d\u2019analyser qui, dans ce cas pr\u00e9cis, viole la loi \u00bb, a-t-elle indiqu\u00e9.<\/p>\n<p>Elle est \u00e9galement revenue sur la l\u00e9gitimit\u00e9 de la direction du parti :<br \/>\n\u00ab Vous ne devriez plus parler publiquement au nom de ce parti, m\u00eame en tant que pr\u00e9sident d&rsquo;honneur. C\u2019est Oumar Sanoh qui doit conduire le BL, et non le Docteur Lansana Faya Millimouno. Je le dis et je le r\u00e9p\u00e8te : j\u2019ai ici, dans cette salle, le proc\u00e8s-verbal attestant qu\u2019il n&rsquo;est plus le pr\u00e9sident du BL. \u00bb<br \/>\n\u200b<br \/>\nPour conclure, la Directrice G\u00e9n\u00e9rale a tenu \u00e0 rappeler ses liens personnels avec les concern\u00e9s, tout en s\u00e9parant l&rsquo;amiti\u00e9 des obligations l\u00e9gales.<br \/>\n\u00ab Ce sont tous des amis, ils le savent. Mais \u00e0 un moment donn\u00e9, il ne faut pas chercher \u00e0 d\u00e9cr\u00e9dibiliser le processus simplement parce que vous n\u2019avez pas obtenu satisfaction. Si l&rsquo;on doit vous satisfaire, cela doit se faire selon la loi. On ne prendra pas le peuple en otage. Personnellement, je n&rsquo;ai plus rien \u00e0 prouver. Cela fait 22 ans que je suis dans le syst\u00e8me \u00e9lectoral, je peux partir aujourd&rsquo;hui. J&rsquo;ai fait mes preuves dans ce pays, mais il ne faut pas d\u00e9sinformer \u00bb, a-t-elle conclu.<\/p>\n<p>Alass Sylla pour universnews224.com 625.480.252<\/p>\n","protected":false},"excerpt":{"rendered":"<p>Au cours d\u2019une conf\u00e9rence de presse anim\u00e9e ce jeudi 30 avril 2026, la Directrice G\u00e9n\u00e9rale<\/p>\n","protected":false},"author":2,"featured_media":10791,"comment_status":"closed","ping_status":"open","sticky":false,"template":"","format":"standard","meta":[],"categories":[3,4],"tags":[237],"yoast_head":"<!-- This site is optimized with the Yoast SEO plugin v19.13 - https:\/\/yoast.com\/wordpress\/plugins\/seo\/ -->\n<title>\u00c9lections l\u00e9gislatives et communales en Guin\u00e9e : la DGE r\u00e9pond aux accusations de Faya Millimouno et de Y\u00e9ro Bald\u00e9 - UNIVERSNEWS224<\/title>\n<meta name=\"robots\" content=\"index, follow, max-snippet:-1, max-image-preview:large, max-video-preview:-1\" \/>\n<link rel=\"canonical\" href=\"https:\/\/universnews224.com\/index.php\/elections-legislatives-et-communales-en-guinee-la-dge-repond-aux-accusations-de-faya-millimouno-et-de-yero-balde\/\" \/>\n<meta property=\"og:locale\" content=\"fr_FR\" \/>\n<meta property=\"og:type\" content=\"article\" \/>\n<meta property=\"og:title\" content=\"\u00c9lections l\u00e9gislatives et communales en Guin\u00e9e : la DGE r\u00e9pond aux accusations de Faya Millimouno et de Y\u00e9ro Bald\u00e9 - UNIVERSNEWS224\" \/>\n<meta property=\"og:description\" content=\"Au cours d\u2019une conf\u00e9rence de presse anim\u00e9e ce jeudi 30 avril 2026, la Directrice G\u00e9n\u00e9rale\" \/>\n<meta property=\"og:url\" content=\"https:\/\/universnews224.com\/index.php\/elections-legislatives-et-communales-en-guinee-la-dge-repond-aux-accusations-de-faya-millimouno-et-de-yero-balde\/\" \/>\n<meta property=\"og:site_name\" content=\"UNIVERSNEWS224\" \/>\n<meta property=\"article:published_time\" content=\"2026-05-01T06:45:43+00:00\" \/>\n<meta property=\"og:image\" content=\"https:\/\/universnews224.com\/wp-content\/uploads\/2026\/05\/IMG-20260501-WA0000.jpg\" \/>\n\t<meta property=\"og:image:width\" content=\"1140\" \/>\n\t<meta property=\"og:image:height\" content=\"570\" \/>\n\t<meta property=\"og:image:type\" content=\"image\/jpeg\" \/>\n<meta name=\"author\" content=\"La R\u00e9daction\" \/>\n<meta name=\"twitter:label1\" content=\"\u00c9crit par\" \/>\n\t<meta name=\"twitter:data1\" content=\"La R\u00e9daction\" \/>\n\t<meta name=\"twitter:label2\" content=\"Dur\u00e9e de lecture estim\u00e9e\" \/>\n\t<meta name=\"twitter:data2\" content=\"2 minutes\" \/>\n<script type=\"application\/ld+json\" class=\"yoast-schema-graph\">{\"@context\":\"https:\/\/schema.org\",\"@graph\":[{\"@type\":\"Article\",\"@id\":\"https:\/\/universnews224.com\/index.php\/elections-legislatives-et-communales-en-guinee-la-dge-repond-aux-accusations-de-faya-millimouno-et-de-yero-balde\/#article\",\"isPartOf\":{\"@id\":\"https:\/\/universnews224.com\/index.php\/elections-legislatives-et-communales-en-guinee-la-dge-repond-aux-accusations-de-faya-millimouno-et-de-yero-balde\/\"},\"author\":{\"name\":\"La R\u00e9daction\",\"@id\":\"https:\/\/universnews224.com\/#\/schema\/person\/a4b7d4f94a4716df60456a491260485e\"},\"headline\":\"\u00c9lections l\u00e9gislatives et communales en Guin\u00e9e : la DGE r\u00e9pond aux accusations de Faya Millimouno et de Y\u00e9ro Bald\u00e9\",\"datePublished\":\"2026-05-01T06:45:43+00:00\",\"dateModified\":\"2026-05-01T06:45:43+00:00\",\"mainEntityOfPage\":{\"@id\":\"https:\/\/universnews224.com\/index.php\/elections-legislatives-et-communales-en-guinee-la-dge-repond-aux-accusations-de-faya-millimouno-et-de-yero-balde\/\"},\"wordCount\":447,\"publisher\":{\"@id\":\"https:\/\/universnews224.com\/#organization\"},\"keywords\":[\"A la une\"],\"articleSection\":[\"ACTU\",\"POLITIQUE\"],\"inLanguage\":\"fr-FR\"},{\"@type\":\"WebPage\",\"@id\":\"https:\/\/universnews224.com\/index.php\/elections-legislatives-et-communales-en-guinee-la-dge-repond-aux-accusations-de-faya-millimouno-et-de-yero-balde\/\",\"url\":\"https:\/\/universnews224.com\/index.php\/elections-legislatives-et-communales-en-guinee-la-dge-repond-aux-accusations-de-faya-millimouno-et-de-yero-balde\/\",\"name\":\"\u00c9lections l\u00e9gislatives et communales en Guin\u00e9e : la DGE r\u00e9pond aux accusations de Faya Millimouno et de Y\u00e9ro Bald\u00e9 - UNIVERSNEWS224\",\"isPartOf\":{\"@id\":\"https:\/\/universnews224.com\/#website\"},\"datePublished\":\"2026-05-01T06:45:43+00:00\",\"dateModified\":\"2026-05-01T06:45:43+00:00\",\"inLanguage\":\"fr-FR\",\"potentialAction\":[{\"@type\":\"ReadAction\",\"target\":[\"https:\/\/universnews224.com\/index.php\/elections-legislatives-et-communales-en-guinee-la-dge-repond-aux-accusations-de-faya-millimouno-et-de-yero-balde\/\"]}]},{\"@type\":\"WebSite\",\"@id\":\"https:\/\/universnews224.com\/#website\",\"url\":\"https:\/\/universnews224.com\/\",\"name\":\"UNIVERSNEWS224\",\"description\":\"\",\"publisher\":{\"@id\":\"https:\/\/universnews224.com\/#organization\"},\"potentialAction\":[{\"@type\":\"SearchAction\",\"target\":{\"@type\":\"EntryPoint\",\"urlTemplate\":\"https:\/\/universnews224.com\/?s={search_term_string}\"},\"query-input\":\"required name=search_term_string\"}],\"inLanguage\":\"fr-FR\"},{\"@type\":\"Organization\",\"@id\":\"https:\/\/universnews224.com\/#organization\",\"name\":\"UNIVERSNEWS224\",\"url\":\"https:\/\/universnews224.com\/\",\"logo\":{\"@type\":\"ImageObject\",\"inLanguage\":\"fr-FR\",\"@id\":\"https:\/\/universnews224.com\/#\/schema\/logo\/image\/\",\"url\":\"https:\/\/universnews224.com\/wp-content\/uploads\/2022\/08\/cropped-cropped-logoban.jpg\",\"contentUrl\":\"https:\/\/universnews224.com\/wp-content\/uploads\/2022\/08\/cropped-cropped-logoban.jpg\",\"width\":1080,\"height\":138,\"caption\":\"UNIVERSNEWS224\"},\"image\":{\"@id\":\"https:\/\/universnews224.com\/#\/schema\/logo\/image\/\"}},{\"@type\":\"Person\",\"@id\":\"https:\/\/universnews224.com\/#\/schema\/person\/a4b7d4f94a4716df60456a491260485e\",\"name\":\"La R\u00e9daction\",\"image\":{\"@type\":\"ImageObject\",\"inLanguage\":\"fr-FR\",\"@id\":\"https:\/\/universnews224.com\/#\/schema\/person\/image\/\",\"url\":\"https:\/\/secure.gravatar.com\/avatar\/edb90acc7752b23e1b3307ad36c14f0d?s=96&d=mm&r=g\",\"contentUrl\":\"https:\/\/secure.gravatar.com\/avatar\/edb90acc7752b23e1b3307ad36c14f0d?s=96&d=mm&r=g\",\"caption\":\"La R\u00e9daction\"},\"sameAs\":[\"https:\/\/universnews224.com\"],\"url\":\"https:\/\/universnews224.com\/index.php\/author\/m-camara\/\"}]}<\/script>\n<!-- \/ Yoast SEO plugin. -->","yoast_head_json":{"title":"\u00c9lections l\u00e9gislatives et communales en Guin\u00e9e : la DGE r\u00e9pond aux accusations de Faya Millimouno et de Y\u00e9ro Bald\u00e9 - UNIVERSNEWS224","robots":{"index":"index","follow":"follow","max-snippet":"max-snippet:-1","max-image-preview":"max-image-preview:large","max-video-preview":"max-video-preview:-1"},"canonical":"https:\/\/universnews224.com\/index.php\/elections-legislatives-et-communales-en-guinee-la-dge-repond-aux-accusations-de-faya-millimouno-et-de-yero-balde\/","og_locale":"fr_FR","og_type":"article","og_title":"\u00c9lections l\u00e9gislatives et communales en Guin\u00e9e : la DGE r\u00e9pond aux accusations de Faya Millimouno et de Y\u00e9ro Bald\u00e9 - UNIVERSNEWS224","og_description":"Au cours d\u2019une conf\u00e9rence de presse anim\u00e9e ce jeudi 30 avril 2026, la Directrice G\u00e9n\u00e9rale","og_url":"https:\/\/universnews224.com\/index.php\/elections-legislatives-et-communales-en-guinee-la-dge-repond-aux-accusations-de-faya-millimouno-et-de-yero-balde\/","og_site_name":"UNIVERSNEWS224","article_published_time":"2026-05-01T06:45:43+00:00","og_image":[{"width":1140,"height":570,"url":"https:\/\/universnews224.com\/wp-content\/uploads\/2026\/05\/IMG-20260501-WA0000.jpg","type":"image\/jpeg"}],"author":"La R\u00e9daction","twitter_misc":{"\u00c9crit par":"La R\u00e9daction","Dur\u00e9e de lecture estim\u00e9e":"2 minutes"},"schema":{"@context":"https:\/\/schema.org","@graph":[{"@type":"Article","@id":"https:\/\/universnews224.com\/index.php\/elections-legislatives-et-communales-en-guinee-la-dge-repond-aux-accusations-de-faya-millimouno-et-de-yero-balde\/#article","isPartOf":{"@id":"https:\/\/universnews224.com\/index.php\/elections-legislatives-et-communales-en-guinee-la-dge-repond-aux-accusations-de-faya-millimouno-et-de-yero-balde\/"},"author":{"name":"La R\u00e9daction","@id":"https:\/\/universnews224.com\/#\/schema\/person\/a4b7d4f94a4716df60456a491260485e"},"headline":"\u00c9lections l\u00e9gislatives et communales en Guin\u00e9e : la DGE r\u00e9pond aux accusations de Faya Millimouno et de Y\u00e9ro Bald\u00e9","datePublished":"2026-05-01T06:45:43+00:00","dateModified":"2026-05-01T06:45:43+00:00","mainEntityOfPage":{"@id":"https:\/\/universnews224.com\/index.php\/elections-legislatives-et-communales-en-guinee-la-dge-repond-aux-accusations-de-faya-millimouno-et-de-yero-balde\/"},"wordCount":447,"publisher":{"@id":"https:\/\/universnews224.com\/#organization"},"keywords":["A la une"],"articleSection":["ACTU","POLITIQUE"],"inLanguage":"fr-FR"},{"@type":"WebPage","@id":"https:\/\/universnews224.com\/index.php\/elections-legislatives-et-communales-en-guinee-la-dge-repond-aux-accusations-de-faya-millimouno-et-de-yero-balde\/","url":"https:\/\/universnews224.com\/index.php\/elections-legislatives-et-communales-en-guinee-la-dge-repond-aux-accusations-de-faya-millimouno-et-de-yero-balde\/","name":"\u00c9lections l\u00e9gislatives et communales en Guin\u00e9e : la DGE r\u00e9pond aux accusations de Faya Millimouno et de Y\u00e9ro Bald\u00e9 - UNIVERSNEWS224","isPartOf":{"@id":"https:\/\/universnews224.com\/#website"},"datePublished":"2026-05-01T06:45:43+00:00","dateModified":"2026-05-01T06:45:43+00:00","inLanguage":"fr-FR","potentialAction":[{"@type":"ReadAction","target":["https:\/\/universnews224.com\/index.php\/elections-legislatives-et-communales-en-guinee-la-dge-repond-aux-accusations-de-faya-millimouno-et-de-yero-balde\/"]}]},{"@type":"WebSite","@id":"https:\/\/universnews224.com\/#website","url":"https:\/\/universnews224.com\/","name":"UNIVERSNEWS224","description":"","publisher":{"@id":"https:\/\/universnews224.com\/#organization"},"potentialAction":[{"@type":"SearchAction","target":{"@type":"EntryPoint","urlTemplate":"https:\/\/universnews224.com\/?s={search_term_string}"},"query-input":"required name=search_term_string"}],"inLanguage":"fr-FR"},{"@type":"Organization","@id":"https:\/\/universnews224.com\/#organization","name":"UNIVERSNEWS224","url":"https:\/\/universnews224.com\/","logo":{"@type":"ImageObject","inLanguage":"fr-FR","@id":"https:\/\/universnews224.com\/#\/schema\/logo\/image\/","url":"https:\/\/universnews224.com\/wp-content\/uploads\/2022\/08\/cropped-cropped-logoban.jpg","contentUrl":"https:\/\/universnews224.com\/wp-content\/uploads\/2022\/08\/cropped-cropped-logoban.jpg","width":1080,"height":138,"caption":"UNIVERSNEWS224"},"image":{"@id":"https:\/\/universnews224.com\/#\/schema\/logo\/image\/"}},{"@type":"Person","@id":"https:\/\/universnews224.com\/#\/schema\/person\/a4b7d4f94a4716df60456a491260485e","name":"La R\u00e9daction","image":{"@type":"ImageObject","inLanguage":"fr-FR","@id":"https:\/\/universnews224.com\/#\/schema\/person\/image\/","url":"https:\/\/secure.gravatar.com\/avatar\/edb90acc7752b23e1b3307ad36c14f0d?s=96&d=mm&r=g","contentUrl":"https:\/\/secure.gravatar.com\/avatar\/edb90acc7752b23e1b3307ad36c14f0d?s=96&d=mm&r=g","caption":"La R\u00e9daction"},"sameAs":["https:\/\/universnews224.com"],"url":"https:\/\/universnews224.com\/index.php\/author\/m-camara\/"}]}},"_links":{"self":[{"href":"https:\/\/universnews224.com\/index.php\/wp-json\/wp\/v2\/posts\/10790"}],"collection":[{"href":"https:\/\/universnews224.com\/index.php\/wp-json\/wp\/v2\/posts"}],"about":[{"href":"https:\/\/universnews224.com\/index.php\/wp-json\/wp\/v2\/types\/post"}],"author":[{"embeddable":true,"href":"https:\/\/universnews224.com\/index.php\/wp-json\/wp\/v2\/users\/2"}],"replies":[{"embeddable":true,"href":"https:\/\/universnews224.com\/index.php\/wp-json\/wp\/v2\/comments?post=10790"}],"version-history":[{"count":1,"href":"https:\/\/universnews224.com\/index.php\/wp-json\/wp\/v2\/posts\/10790\/revisions"}],"predecessor-version":[{"id":10792,"href":"https:\/\/universnews224.com\/index.php\/wp-json\/wp\/v2\/posts\/10790\/revisions\/10792"}],"wp:featuredmedia":[{"embeddable":true,"href":"https:\/\/universnews224.com\/index.php\/wp-json\/wp\/v2\/media\/10791"}],"wp:attachment":[{"href":"https:\/\/universnews224.com\/index.php\/wp-json\/wp\/v2\/media?parent=10790"}],"wp:term":[{"taxonomy":"category","embeddable":true,"href":"https:\/\/universnews224.com\/index.php\/wp-json\/wp\/v2\/categories?post=10790"},{"taxonomy":"post_tag","embeddable":true,"href":"https:\/\/universnews224.com\/index.php\/wp-json\/wp\/v2\/tags?post=10790"}],"curies":[{"name":"wp","href":"https:\/\/api.w.org\/{rel}","templated":true}]}}