{"id":10807,"date":"2026-05-01T22:52:05","date_gmt":"2026-05-01T21:52:05","guid":{"rendered":"https:\/\/universnews224.com\/?p=10807"},"modified":"2026-05-01T22:52:05","modified_gmt":"2026-05-01T21:52:05","slug":"1er-mai-abdoulaye-camara-ustg-appelle-les-autorites-a-renforcer-les-efforts-pour-un-emploi-decent","status":"publish","type":"post","link":"https:\/\/universnews224.com\/index.php\/1er-mai-abdoulaye-camara-ustg-appelle-les-autorites-a-renforcer-les-efforts-pour-un-emploi-decent\/","title":{"rendered":"1er mai : Abdoulaye Camara (USTG) appelle les autorit\u00e9s \u00e0 renforcer les efforts pour un emploi d\u00e9cent"},"content":{"rendered":"<p>\u00c0 l\u2019occasion de la f\u00eate du Travail, le Secr\u00e9taire g\u00e9n\u00e9ral de l&rsquo;Union Syndicale des Travailleurs de Guin\u00e9e (USTG), Abdoulaye Camara, a choisi de s\u2019adresser aux travailleurs guin\u00e9ens \u00e0 travers un message symbolique, empreint de force et d&rsquo;assurance.<\/p>\n<p>\u00ab En ce 1er mai 2026, journ\u00e9e hautement symbolique consacr\u00e9e \u00e0 la c\u00e9l\u00e9bration de la F\u00eate internationale du travail, je m\u2019adresse \u00e0 chacune et chacun d\u2019entre vous avec gravit\u00e9, fiert\u00e9 et d\u00e9termination. Gravit\u00e9, parce que les d\u00e9fis auxquels font face les travailleurs guin\u00e9ens demeurent immenses : pr\u00e9carit\u00e9 persistante, insuffisance du pouvoir d\u2019achat, conditions de travail difficiles et n\u00e9cessit\u00e9 urgente de renforcer la protection sociale \u00bb, a-t-il affirm\u00e9.<\/p>\n<p>Plus loin, le Secr\u00e9taire g\u00e9n\u00e9ral a mis l&rsquo;accent sur la fiert\u00e9 du monde ouvrier :<br \/>\n\u00ab Fiert\u00e9, parce que malgr\u00e9 ces obstacles, vous continuez, par votre courage et votre engagement, \u00e0 faire avancer notre pays. Vous \u00eates les v\u00e9ritables b\u00e2tisseurs de la nation. D\u00e9termination, enfin, parce que l\u2019USTG reste plus que jamais engag\u00e9e \u00e0 d\u00e9fendre vos droits, \u00e0 porter vos revendications l\u00e9gitimes et \u00e0 lutter sans rel\u00e2che pour l\u2019am\u00e9lioration de vos conditions de vie et de travail. \u00bb<\/p>\n<p>Poursuivant son allocution, il a rappel\u00e9 que le 1er mai n\u2019est pas une simple comm\u00e9moration, mais un moment de mobilisation et de r\u00e9flexion :<br \/>\n\u00ab Il nous rappelle que les acquis dont nous b\u00e9n\u00e9ficions aujourd\u2019hui sont le fruit de luttes courageuses, souvent men\u00e9es au prix de grands sacrifices. C\u2019est pourquoi nous devons rester unis, vigilants et solidaires. L\u2019unit\u00e9 du mouvement syndical est notre plus grande force. Aucune avanc\u00e9e durable ne peut \u00eatre obtenue dans la division. \u00c0 cet \u00e9gard, l\u2019USTG r\u00e9affirme son attachement au dialogue social responsable, mais aussi \u00e0 sa fermet\u00e9 dans la d\u00e9fense des int\u00e9r\u00eats des travailleurs lorsque cela s\u2019impose \u00bb, a d\u00e9clar\u00e9 le leader syndical.<\/p>\n<p>En conclusion, Abdoulaye Camara a lanc\u00e9 un appel solennel aux d\u00e9cideurs :<br \/>\n\u00ab Nous appelons les autorit\u00e9s \u00e0 poursuivre et \u00e0 renforcer les efforts en faveur d\u2019un emploi d\u00e9cent pour tous, de salaires justes et \u00e9quitables, du respect des droits syndicaux et d\u2019une gouvernance transparente et inclusive. L\u2019avenir du monde du travail d\u00e9pend de notre capacit\u00e9 \u00e0 nous organiser et \u00e0 parler d\u2019une seule voix. Ensemble, nous pouvons construire une Guin\u00e9e plus juste, plus solidaire et plus prosp\u00e8re. \u00bb<\/p>\n<p>Il a termin\u00e9 son message en rendant un hommage appuy\u00e9 \u00e0 tous ceux qui, \u00ab dans l\u2019ombre comme dans la lumi\u00e8re \u00bb, contribuent quotidiennement au d\u00e9veloppement du pays.<br \/>\nAlass Sylla pour universnews224.com 625.480.252<\/p>\n","protected":false},"excerpt":{"rendered":"<p>\u00c0 l\u2019occasion de la f\u00eate du Travail, le Secr\u00e9taire g\u00e9n\u00e9ral de l&rsquo;Union Syndicale des Travailleurs<\/p>\n","protected":false},"author":2,"featured_media":10808,"comment_status":"closed","ping_status":"open","sticky":false,"template":"","format":"standard","meta":[],"categories":[1],"tags":[237],"yoast_head":"<!-- This site is optimized with the Yoast SEO plugin v19.13 - https:\/\/yoast.com\/wordpress\/plugins\/seo\/ -->\n<title>1er mai : Abdoulaye Camara (USTG) appelle les autorit\u00e9s \u00e0 renforcer les efforts pour un emploi d\u00e9cent - UNIVERSNEWS224<\/title>\n<meta name=\"robots\" content=\"index, follow, max-snippet:-1, max-image-preview:large, max-video-preview:-1\" \/>\n<link rel=\"canonical\" href=\"https:\/\/universnews224.com\/index.php\/1er-mai-abdoulaye-camara-ustg-appelle-les-autorites-a-renforcer-les-efforts-pour-un-emploi-decent\/\" \/>\n<meta property=\"og:locale\" content=\"fr_FR\" \/>\n<meta property=\"og:type\" content=\"article\" \/>\n<meta property=\"og:title\" content=\"1er mai : Abdoulaye Camara (USTG) appelle les autorit\u00e9s \u00e0 renforcer les efforts pour un emploi d\u00e9cent - UNIVERSNEWS224\" \/>\n<meta property=\"og:description\" content=\"\u00c0 l\u2019occasion de la f\u00eate du Travail, le Secr\u00e9taire g\u00e9n\u00e9ral de l&rsquo;Union Syndicale des Travailleurs\" \/>\n<meta property=\"og:url\" content=\"https:\/\/universnews224.com\/index.php\/1er-mai-abdoulaye-camara-ustg-appelle-les-autorites-a-renforcer-les-efforts-pour-un-emploi-decent\/\" \/>\n<meta property=\"og:site_name\" content=\"UNIVERSNEWS224\" \/>\n<meta property=\"article:published_time\" content=\"2026-05-01T21:52:05+00:00\" \/>\n<meta property=\"og:image\" content=\"https:\/\/universnews224.com\/wp-content\/uploads\/2026\/05\/IMG-20260501-WA0041.jpg\" \/>\n\t<meta property=\"og:image:width\" content=\"1080\" \/>\n\t<meta property=\"og:image:height\" content=\"969\" \/>\n\t<meta property=\"og:image:type\" content=\"image\/jpeg\" \/>\n<meta name=\"author\" content=\"La R\u00e9daction\" \/>\n<meta name=\"twitter:label1\" content=\"\u00c9crit par\" \/>\n\t<meta name=\"twitter:data1\" content=\"La R\u00e9daction\" \/>\n\t<meta name=\"twitter:label2\" content=\"Dur\u00e9e de lecture estim\u00e9e\" \/>\n\t<meta name=\"twitter:data2\" content=\"2 minutes\" \/>\n<script type=\"application\/ld+json\" class=\"yoast-schema-graph\">{\"@context\":\"https:\/\/schema.org\",\"@graph\":[{\"@type\":\"Article\",\"@id\":\"https:\/\/universnews224.com\/index.php\/1er-mai-abdoulaye-camara-ustg-appelle-les-autorites-a-renforcer-les-efforts-pour-un-emploi-decent\/#article\",\"isPartOf\":{\"@id\":\"https:\/\/universnews224.com\/index.php\/1er-mai-abdoulaye-camara-ustg-appelle-les-autorites-a-renforcer-les-efforts-pour-un-emploi-decent\/\"},\"author\":{\"name\":\"La R\u00e9daction\",\"@id\":\"https:\/\/universnews224.com\/#\/schema\/person\/a4b7d4f94a4716df60456a491260485e\"},\"headline\":\"1er mai : Abdoulaye Camara (USTG) appelle les autorit\u00e9s \u00e0 renforcer les efforts pour un emploi d\u00e9cent\",\"datePublished\":\"2026-05-01T21:52:05+00:00\",\"dateModified\":\"2026-05-01T21:52:05+00:00\",\"mainEntityOfPage\":{\"@id\":\"https:\/\/universnews224.com\/index.php\/1er-mai-abdoulaye-camara-ustg-appelle-les-autorites-a-renforcer-les-efforts-pour-un-emploi-decent\/\"},\"wordCount\":453,\"publisher\":{\"@id\":\"https:\/\/universnews224.com\/#organization\"},\"keywords\":[\"A la une\"],\"inLanguage\":\"fr-FR\"},{\"@type\":\"WebPage\",\"@id\":\"https:\/\/universnews224.com\/index.php\/1er-mai-abdoulaye-camara-ustg-appelle-les-autorites-a-renforcer-les-efforts-pour-un-emploi-decent\/\",\"url\":\"https:\/\/universnews224.com\/index.php\/1er-mai-abdoulaye-camara-ustg-appelle-les-autorites-a-renforcer-les-efforts-pour-un-emploi-decent\/\",\"name\":\"1er mai : Abdoulaye Camara (USTG) appelle les autorit\u00e9s \u00e0 renforcer les efforts pour un emploi d\u00e9cent - UNIVERSNEWS224\",\"isPartOf\":{\"@id\":\"https:\/\/universnews224.com\/#website\"},\"datePublished\":\"2026-05-01T21:52:05+00:00\",\"dateModified\":\"2026-05-01T21:52:05+00:00\",\"inLanguage\":\"fr-FR\",\"potentialAction\":[{\"@type\":\"ReadAction\",\"target\":[\"https:\/\/universnews224.com\/index.php\/1er-mai-abdoulaye-camara-ustg-appelle-les-autorites-a-renforcer-les-efforts-pour-un-emploi-decent\/\"]}]},{\"@type\":\"WebSite\",\"@id\":\"https:\/\/universnews224.com\/#website\",\"url\":\"https:\/\/universnews224.com\/\",\"name\":\"UNIVERSNEWS224\",\"description\":\"\",\"publisher\":{\"@id\":\"https:\/\/universnews224.com\/#organization\"},\"potentialAction\":[{\"@type\":\"SearchAction\",\"target\":{\"@type\":\"EntryPoint\",\"urlTemplate\":\"https:\/\/universnews224.com\/?s={search_term_string}\"},\"query-input\":\"required name=search_term_string\"}],\"inLanguage\":\"fr-FR\"},{\"@type\":\"Organization\",\"@id\":\"https:\/\/universnews224.com\/#organization\",\"name\":\"UNIVERSNEWS224\",\"url\":\"https:\/\/universnews224.com\/\",\"logo\":{\"@type\":\"ImageObject\",\"inLanguage\":\"fr-FR\",\"@id\":\"https:\/\/universnews224.com\/#\/schema\/logo\/image\/\",\"url\":\"https:\/\/universnews224.com\/wp-content\/uploads\/2022\/08\/cropped-cropped-logoban.jpg\",\"contentUrl\":\"https:\/\/universnews224.com\/wp-content\/uploads\/2022\/08\/cropped-cropped-logoban.jpg\",\"width\":1080,\"height\":138,\"caption\":\"UNIVERSNEWS224\"},\"image\":{\"@id\":\"https:\/\/universnews224.com\/#\/schema\/logo\/image\/\"}},{\"@type\":\"Person\",\"@id\":\"https:\/\/universnews224.com\/#\/schema\/person\/a4b7d4f94a4716df60456a491260485e\",\"name\":\"La R\u00e9daction\",\"image\":{\"@type\":\"ImageObject\",\"inLanguage\":\"fr-FR\",\"@id\":\"https:\/\/universnews224.com\/#\/schema\/person\/image\/\",\"url\":\"https:\/\/secure.gravatar.com\/avatar\/edb90acc7752b23e1b3307ad36c14f0d?s=96&d=mm&r=g\",\"contentUrl\":\"https:\/\/secure.gravatar.com\/avatar\/edb90acc7752b23e1b3307ad36c14f0d?s=96&d=mm&r=g\",\"caption\":\"La R\u00e9daction\"},\"sameAs\":[\"https:\/\/universnews224.com\"],\"url\":\"https:\/\/universnews224.com\/index.php\/author\/m-camara\/\"}]}<\/script>\n<!-- \/ Yoast SEO plugin. -->","yoast_head_json":{"title":"1er mai : Abdoulaye Camara (USTG) appelle les autorit\u00e9s \u00e0 renforcer les efforts pour un emploi d\u00e9cent - UNIVERSNEWS224","robots":{"index":"index","follow":"follow","max-snippet":"max-snippet:-1","max-image-preview":"max-image-preview:large","max-video-preview":"max-video-preview:-1"},"canonical":"https:\/\/universnews224.com\/index.php\/1er-mai-abdoulaye-camara-ustg-appelle-les-autorites-a-renforcer-les-efforts-pour-un-emploi-decent\/","og_locale":"fr_FR","og_type":"article","og_title":"1er mai : Abdoulaye Camara (USTG) appelle les autorit\u00e9s \u00e0 renforcer les efforts pour un emploi d\u00e9cent - UNIVERSNEWS224","og_description":"\u00c0 l\u2019occasion de la f\u00eate du Travail, le Secr\u00e9taire g\u00e9n\u00e9ral de l&rsquo;Union Syndicale des Travailleurs","og_url":"https:\/\/universnews224.com\/index.php\/1er-mai-abdoulaye-camara-ustg-appelle-les-autorites-a-renforcer-les-efforts-pour-un-emploi-decent\/","og_site_name":"UNIVERSNEWS224","article_published_time":"2026-05-01T21:52:05+00:00","og_image":[{"width":1080,"height":969,"url":"https:\/\/universnews224.com\/wp-content\/uploads\/2026\/05\/IMG-20260501-WA0041.jpg","type":"image\/jpeg"}],"author":"La R\u00e9daction","twitter_misc":{"\u00c9crit par":"La R\u00e9daction","Dur\u00e9e de lecture estim\u00e9e":"2 minutes"},"schema":{"@context":"https:\/\/schema.org","@graph":[{"@type":"Article","@id":"https:\/\/universnews224.com\/index.php\/1er-mai-abdoulaye-camara-ustg-appelle-les-autorites-a-renforcer-les-efforts-pour-un-emploi-decent\/#article","isPartOf":{"@id":"https:\/\/universnews224.com\/index.php\/1er-mai-abdoulaye-camara-ustg-appelle-les-autorites-a-renforcer-les-efforts-pour-un-emploi-decent\/"},"author":{"name":"La R\u00e9daction","@id":"https:\/\/universnews224.com\/#\/schema\/person\/a4b7d4f94a4716df60456a491260485e"},"headline":"1er mai : Abdoulaye Camara (USTG) appelle les autorit\u00e9s \u00e0 renforcer les efforts pour un emploi d\u00e9cent","datePublished":"2026-05-01T21:52:05+00:00","dateModified":"2026-05-01T21:52:05+00:00","mainEntityOfPage":{"@id":"https:\/\/universnews224.com\/index.php\/1er-mai-abdoulaye-camara-ustg-appelle-les-autorites-a-renforcer-les-efforts-pour-un-emploi-decent\/"},"wordCount":453,"publisher":{"@id":"https:\/\/universnews224.com\/#organization"},"keywords":["A la une"],"inLanguage":"fr-FR"},{"@type":"WebPage","@id":"https:\/\/universnews224.com\/index.php\/1er-mai-abdoulaye-camara-ustg-appelle-les-autorites-a-renforcer-les-efforts-pour-un-emploi-decent\/","url":"https:\/\/universnews224.com\/index.php\/1er-mai-abdoulaye-camara-ustg-appelle-les-autorites-a-renforcer-les-efforts-pour-un-emploi-decent\/","name":"1er mai : Abdoulaye Camara (USTG) appelle les autorit\u00e9s \u00e0 renforcer les efforts pour un emploi d\u00e9cent - UNIVERSNEWS224","isPartOf":{"@id":"https:\/\/universnews224.com\/#website"},"datePublished":"2026-05-01T21:52:05+00:00","dateModified":"2026-05-01T21:52:05+00:00","inLanguage":"fr-FR","potentialAction":[{"@type":"ReadAction","target":["https:\/\/universnews224.com\/index.php\/1er-mai-abdoulaye-camara-ustg-appelle-les-autorites-a-renforcer-les-efforts-pour-un-emploi-decent\/"]}]},{"@type":"WebSite","@id":"https:\/\/universnews224.com\/#website","url":"https:\/\/universnews224.com\/","name":"UNIVERSNEWS224","description":"","publisher":{"@id":"https:\/\/universnews224.com\/#organization"},"potentialAction":[{"@type":"SearchAction","target":{"@type":"EntryPoint","urlTemplate":"https:\/\/universnews224.com\/?s={search_term_string}"},"query-input":"required name=search_term_string"}],"inLanguage":"fr-FR"},{"@type":"Organization","@id":"https:\/\/universnews224.com\/#organization","name":"UNIVERSNEWS224","url":"https:\/\/universnews224.com\/","logo":{"@type":"ImageObject","inLanguage":"fr-FR","@id":"https:\/\/universnews224.com\/#\/schema\/logo\/image\/","url":"https:\/\/universnews224.com\/wp-content\/uploads\/2022\/08\/cropped-cropped-logoban.jpg","contentUrl":"https:\/\/universnews224.com\/wp-content\/uploads\/2022\/08\/cropped-cropped-logoban.jpg","width":1080,"height":138,"caption":"UNIVERSNEWS224"},"image":{"@id":"https:\/\/universnews224.com\/#\/schema\/logo\/image\/"}},{"@type":"Person","@id":"https:\/\/universnews224.com\/#\/schema\/person\/a4b7d4f94a4716df60456a491260485e","name":"La R\u00e9daction","image":{"@type":"ImageObject","inLanguage":"fr-FR","@id":"https:\/\/universnews224.com\/#\/schema\/person\/image\/","url":"https:\/\/secure.gravatar.com\/avatar\/edb90acc7752b23e1b3307ad36c14f0d?s=96&d=mm&r=g","contentUrl":"https:\/\/secure.gravatar.com\/avatar\/edb90acc7752b23e1b3307ad36c14f0d?s=96&d=mm&r=g","caption":"La R\u00e9daction"},"sameAs":["https:\/\/universnews224.com"],"url":"https:\/\/universnews224.com\/index.php\/author\/m-camara\/"}]}},"_links":{"self":[{"href":"https:\/\/universnews224.com\/index.php\/wp-json\/wp\/v2\/posts\/10807"}],"collection":[{"href":"https:\/\/universnews224.com\/index.php\/wp-json\/wp\/v2\/posts"}],"about":[{"href":"https:\/\/universnews224.com\/index.php\/wp-json\/wp\/v2\/types\/post"}],"author":[{"embeddable":true,"href":"https:\/\/universnews224.com\/index.php\/wp-json\/wp\/v2\/users\/2"}],"replies":[{"embeddable":true,"href":"https:\/\/universnews224.com\/index.php\/wp-json\/wp\/v2\/comments?post=10807"}],"version-history":[{"count":1,"href":"https:\/\/universnews224.com\/index.php\/wp-json\/wp\/v2\/posts\/10807\/revisions"}],"predecessor-version":[{"id":10809,"href":"https:\/\/universnews224.com\/index.php\/wp-json\/wp\/v2\/posts\/10807\/revisions\/10809"}],"wp:featuredmedia":[{"embeddable":true,"href":"https:\/\/universnews224.com\/index.php\/wp-json\/wp\/v2\/media\/10808"}],"wp:attachment":[{"href":"https:\/\/universnews224.com\/index.php\/wp-json\/wp\/v2\/media?parent=10807"}],"wp:term":[{"taxonomy":"category","embeddable":true,"href":"https:\/\/universnews224.com\/index.php\/wp-json\/wp\/v2\/categories?post=10807"},{"taxonomy":"post_tag","embeddable":true,"href":"https:\/\/universnews224.com\/index.php\/wp-json\/wp\/v2\/tags?post=10807"}],"curies":[{"name":"wp","href":"https:\/\/api.w.org\/{rel}","templated":true}]}}