{"id":1112,"date":"2022-04-04T23:14:31","date_gmt":"2022-04-04T22:14:31","guid":{"rendered":"https:\/\/universnews224.com\/?p=1112"},"modified":"2022-04-04T23:14:31","modified_gmt":"2022-04-04T22:14:31","slug":"convocation-des-anciens-ministres-dalpha-condeje-pense-que-cest-une-bonne-chose-bogola-haba","status":"publish","type":"post","link":"https:\/\/universnews224.com\/index.php\/convocation-des-anciens-ministres-dalpha-condeje-pense-que-cest-une-bonne-chose-bogola-haba\/","title":{"rendered":"Convocation des anciens ministres d\u2019Alpha Cond\u00e9:\u201dJe pense que c\u2019est une bonne chose\u00a0\u00bb Bogola Haba."},"content":{"rendered":"<div dir=\"ltr\">L\u2019ancien porte-parole de l\u2019AND, Bogola Haba s\u2019est prononc\u00e9 sur la provocation des anciens ministres du r\u00e9gime Cond\u00e9 dont l\u2019ancien premier ministre, Dr Ibrahima Kassory Fofana.<\/div>\n<div dir=\"ltr\">\nSelon lui, la convocation des anciens ministres du pouvoir d\u00e9chu est une bonne chose.<\/p>\n<p>\u201cJe pense que ce n\u2019est que le d\u00e9but. \u00a0Depuis 2007, les Guin\u00e9ens ont toujours r\u00e9clam\u00e9 cela. Nous avons toujours accus\u00e9 le syst\u00e8me d\u2019\u00eatre responsable de nos probl\u00e8mes que \u00e7a soit en 2007, \u00a0ou que \u00e7a soit pendant le CNDD ou pendant le r\u00e9gime d\u2019Alpha Cond\u00e9. Je crois que maintenant tout le monde est unanime qu\u2019il faut changer quelque chose. Qu\u2019est-ce qu\u2019il faut changer? C\u2019est le syst\u00e8me qu\u2019il faut d\u00e9raciner et qu\u2019on ne peut pas d\u00e9raciner le syst\u00e8me sans changement majeur en terme recevabilit\u00e9. Je pense que c\u2019est une bonne chose d\u00e9j\u00e0 que le CNRD et la justice Guin\u00e9enne commencent cette situation. Sinon on ira nulle part,on aura des \u00e9lections libres, on n\u2019aura pas de la d\u00e9mocratie, on n\u2019aura absolument rien si on continue avec le m\u00eame syst\u00e8me et m\u00eame comportement\u00a0\u00bb s\u2019est-il r\u00e9joui.<\/p>\n<p>\u00c0 la question de savoir si cette convocation des anciens dignitaires du r\u00e9gime Cond\u00e9 a un lien avec la convention du RPG qui a propuls\u00e9 Dr Ibrahima Kassory Fofana, M. Haba r\u00e9pond:<\/p>\n<p>\u201cJe pense que c\u2019est ce que nous avons dit depuis le d\u00e9but, il faut qu\u2019on arr\u00eate d\u2019instrumentaliser la politique. La recevabilit\u00e9 demande \u00e0 ce que chacun r\u00e9ponde de sa gestion. Le statut d\u2019un homme politique ne donne pas de droit de faire ce qu\u2019il veut, c\u2019est plut\u00f4t le contraire. Les gens ont acc\u00e9l\u00e9r\u00e9 la convention du RPG pour pouvoir b\u00e9n\u00e9ficier de l\u2019impunit\u00e9, c\u2019est plut\u00f4t \u00e0 eux de dire \u00e7a. La proc\u00e9dure est en cours, le 5 septembre le colonel \u00e9tait clair et nous, nous sommes battus contre le syst\u00e8me depuis longtemps. Donc, ce n\u2019est pas quelque chose de nouveau, les actes pour lesquels ne sont naturellement pas li\u00e9s \u00e0 la convention du RPG. C\u2019est plut\u00f4t la convention du RPG qu\u2019ils ont voulu utiliser pour se garantir une impunit\u00e9 avec un statut d\u2019homme politique\u00a0\u00bb a t-il soulign\u00e9 sur les ondes de la radio Fim Fm dans l\u2019\u00e9mission Talk-politique.<\/p><\/div>\n<div dir=\"ltr\"><\/div>\n<div dir=\"ltr\">Mohamed Camara<\/div>\n<div dir=\"ltr\">611 46 04 10<\/div>\n<div dir=\"ltr\"><\/div>\n","protected":false},"excerpt":{"rendered":"<p>L\u2019ancien porte-parole de l\u2019AND, Bogola Haba s\u2019est prononc\u00e9 sur la provocation des anciens ministres du<\/p>\n","protected":false},"author":2,"featured_media":1116,"comment_status":"closed","ping_status":"open","sticky":false,"template":"","format":"standard","meta":[],"categories":[3,4],"tags":[229],"yoast_head":"<!-- This site is optimized with the Yoast SEO plugin v19.13 - https:\/\/yoast.com\/wordpress\/plugins\/seo\/ -->\n<title>Convocation des anciens ministres d\u2019Alpha Cond\u00e9:\u201dJe pense que c\u2019est une bonne chose&quot; Bogola Haba. - UNIVERSNEWS224<\/title>\n<meta name=\"robots\" content=\"index, follow, max-snippet:-1, max-image-preview:large, max-video-preview:-1\" \/>\n<link rel=\"canonical\" href=\"https:\/\/universnews224.com\/index.php\/convocation-des-anciens-ministres-dalpha-condeje-pense-que-cest-une-bonne-chose-bogola-haba\/\" \/>\n<meta property=\"og:locale\" content=\"fr_FR\" \/>\n<meta property=\"og:type\" content=\"article\" \/>\n<meta property=\"og:title\" content=\"Convocation des anciens ministres d\u2019Alpha Cond\u00e9:\u201dJe pense que c\u2019est une bonne chose&quot; Bogola Haba. - UNIVERSNEWS224\" \/>\n<meta property=\"og:description\" content=\"L\u2019ancien porte-parole de l\u2019AND, Bogola Haba s\u2019est prononc\u00e9 sur la provocation des anciens ministres du\" \/>\n<meta property=\"og:url\" content=\"https:\/\/universnews224.com\/index.php\/convocation-des-anciens-ministres-dalpha-condeje-pense-que-cest-une-bonne-chose-bogola-haba\/\" \/>\n<meta property=\"og:site_name\" content=\"UNIVERSNEWS224\" \/>\n<meta property=\"article:published_time\" content=\"2022-04-04T22:14:31+00:00\" \/>\n<meta property=\"og:image\" content=\"https:\/\/universnews224.com\/wp-content\/uploads\/2022\/04\/0F98A92D-4D06-4121-9A16-95672DC9B6D1.jpeg\" \/>\n\t<meta property=\"og:image:width\" content=\"800\" \/>\n\t<meta property=\"og:image:height\" content=\"591\" \/>\n\t<meta property=\"og:image:type\" content=\"image\/jpeg\" \/>\n<meta name=\"author\" content=\"La R\u00e9daction\" \/>\n<meta name=\"twitter:label1\" content=\"\u00c9crit par\" \/>\n\t<meta name=\"twitter:data1\" content=\"La R\u00e9daction\" \/>\n\t<meta name=\"twitter:label2\" content=\"Dur\u00e9e de lecture estim\u00e9e\" \/>\n\t<meta name=\"twitter:data2\" content=\"2 minutes\" \/>\n<script type=\"application\/ld+json\" class=\"yoast-schema-graph\">{\"@context\":\"https:\/\/schema.org\",\"@graph\":[{\"@type\":\"Article\",\"@id\":\"https:\/\/universnews224.com\/index.php\/convocation-des-anciens-ministres-dalpha-condeje-pense-que-cest-une-bonne-chose-bogola-haba\/#article\",\"isPartOf\":{\"@id\":\"https:\/\/universnews224.com\/index.php\/convocation-des-anciens-ministres-dalpha-condeje-pense-que-cest-une-bonne-chose-bogola-haba\/\"},\"author\":{\"name\":\"La R\u00e9daction\",\"@id\":\"https:\/\/universnews224.com\/#\/schema\/person\/a4b7d4f94a4716df60456a491260485e\"},\"headline\":\"Convocation des anciens ministres d\u2019Alpha Cond\u00e9:\u201dJe pense que c\u2019est une bonne chose\u00a0\u00bb Bogola Haba.\",\"datePublished\":\"2022-04-04T22:14:31+00:00\",\"dateModified\":\"2022-04-04T22:14:31+00:00\",\"mainEntityOfPage\":{\"@id\":\"https:\/\/universnews224.com\/index.php\/convocation-des-anciens-ministres-dalpha-condeje-pense-que-cest-une-bonne-chose-bogola-haba\/\"},\"wordCount\":427,\"publisher\":{\"@id\":\"https:\/\/universnews224.com\/#organization\"},\"keywords\":[\"La une\"],\"articleSection\":[\"ACTU\",\"POLITIQUE\"],\"inLanguage\":\"fr-FR\"},{\"@type\":\"WebPage\",\"@id\":\"https:\/\/universnews224.com\/index.php\/convocation-des-anciens-ministres-dalpha-condeje-pense-que-cest-une-bonne-chose-bogola-haba\/\",\"url\":\"https:\/\/universnews224.com\/index.php\/convocation-des-anciens-ministres-dalpha-condeje-pense-que-cest-une-bonne-chose-bogola-haba\/\",\"name\":\"Convocation des anciens ministres d\u2019Alpha Cond\u00e9:\u201dJe pense que c\u2019est une bonne chose\\\" Bogola Haba. - UNIVERSNEWS224\",\"isPartOf\":{\"@id\":\"https:\/\/universnews224.com\/#website\"},\"datePublished\":\"2022-04-04T22:14:31+00:00\",\"dateModified\":\"2022-04-04T22:14:31+00:00\",\"inLanguage\":\"fr-FR\",\"potentialAction\":[{\"@type\":\"ReadAction\",\"target\":[\"https:\/\/universnews224.com\/index.php\/convocation-des-anciens-ministres-dalpha-condeje-pense-que-cest-une-bonne-chose-bogola-haba\/\"]}]},{\"@type\":\"WebSite\",\"@id\":\"https:\/\/universnews224.com\/#website\",\"url\":\"https:\/\/universnews224.com\/\",\"name\":\"UNIVERSNEWS224\",\"description\":\"\",\"publisher\":{\"@id\":\"https:\/\/universnews224.com\/#organization\"},\"potentialAction\":[{\"@type\":\"SearchAction\",\"target\":{\"@type\":\"EntryPoint\",\"urlTemplate\":\"https:\/\/universnews224.com\/?s={search_term_string}\"},\"query-input\":\"required name=search_term_string\"}],\"inLanguage\":\"fr-FR\"},{\"@type\":\"Organization\",\"@id\":\"https:\/\/universnews224.com\/#organization\",\"name\":\"UNIVERSNEWS224\",\"url\":\"https:\/\/universnews224.com\/\",\"logo\":{\"@type\":\"ImageObject\",\"inLanguage\":\"fr-FR\",\"@id\":\"https:\/\/universnews224.com\/#\/schema\/logo\/image\/\",\"url\":\"https:\/\/universnews224.com\/wp-content\/uploads\/2022\/08\/cropped-cropped-logoban.jpg\",\"contentUrl\":\"https:\/\/universnews224.com\/wp-content\/uploads\/2022\/08\/cropped-cropped-logoban.jpg\",\"width\":1080,\"height\":138,\"caption\":\"UNIVERSNEWS224\"},\"image\":{\"@id\":\"https:\/\/universnews224.com\/#\/schema\/logo\/image\/\"}},{\"@type\":\"Person\",\"@id\":\"https:\/\/universnews224.com\/#\/schema\/person\/a4b7d4f94a4716df60456a491260485e\",\"name\":\"La R\u00e9daction\",\"image\":{\"@type\":\"ImageObject\",\"inLanguage\":\"fr-FR\",\"@id\":\"https:\/\/universnews224.com\/#\/schema\/person\/image\/\",\"url\":\"https:\/\/secure.gravatar.com\/avatar\/edb90acc7752b23e1b3307ad36c14f0d?s=96&d=mm&r=g\",\"contentUrl\":\"https:\/\/secure.gravatar.com\/avatar\/edb90acc7752b23e1b3307ad36c14f0d?s=96&d=mm&r=g\",\"caption\":\"La R\u00e9daction\"},\"sameAs\":[\"https:\/\/universnews224.com\"],\"url\":\"https:\/\/universnews224.com\/index.php\/author\/m-camara\/\"}]}<\/script>\n<!-- \/ Yoast SEO plugin. -->","yoast_head_json":{"title":"Convocation des anciens ministres d\u2019Alpha Cond\u00e9:\u201dJe pense que c\u2019est une bonne chose\" Bogola Haba. - UNIVERSNEWS224","robots":{"index":"index","follow":"follow","max-snippet":"max-snippet:-1","max-image-preview":"max-image-preview:large","max-video-preview":"max-video-preview:-1"},"canonical":"https:\/\/universnews224.com\/index.php\/convocation-des-anciens-ministres-dalpha-condeje-pense-que-cest-une-bonne-chose-bogola-haba\/","og_locale":"fr_FR","og_type":"article","og_title":"Convocation des anciens ministres d\u2019Alpha Cond\u00e9:\u201dJe pense que c\u2019est une bonne chose\" Bogola Haba. - UNIVERSNEWS224","og_description":"L\u2019ancien porte-parole de l\u2019AND, Bogola Haba s\u2019est prononc\u00e9 sur la provocation des anciens ministres du","og_url":"https:\/\/universnews224.com\/index.php\/convocation-des-anciens-ministres-dalpha-condeje-pense-que-cest-une-bonne-chose-bogola-haba\/","og_site_name":"UNIVERSNEWS224","article_published_time":"2022-04-04T22:14:31+00:00","og_image":[{"width":800,"height":591,"url":"https:\/\/universnews224.com\/wp-content\/uploads\/2022\/04\/0F98A92D-4D06-4121-9A16-95672DC9B6D1.jpeg","type":"image\/jpeg"}],"author":"La R\u00e9daction","twitter_misc":{"\u00c9crit par":"La R\u00e9daction","Dur\u00e9e de lecture estim\u00e9e":"2 minutes"},"schema":{"@context":"https:\/\/schema.org","@graph":[{"@type":"Article","@id":"https:\/\/universnews224.com\/index.php\/convocation-des-anciens-ministres-dalpha-condeje-pense-que-cest-une-bonne-chose-bogola-haba\/#article","isPartOf":{"@id":"https:\/\/universnews224.com\/index.php\/convocation-des-anciens-ministres-dalpha-condeje-pense-que-cest-une-bonne-chose-bogola-haba\/"},"author":{"name":"La R\u00e9daction","@id":"https:\/\/universnews224.com\/#\/schema\/person\/a4b7d4f94a4716df60456a491260485e"},"headline":"Convocation des anciens ministres d\u2019Alpha Cond\u00e9:\u201dJe pense que c\u2019est une bonne chose\u00a0\u00bb Bogola Haba.","datePublished":"2022-04-04T22:14:31+00:00","dateModified":"2022-04-04T22:14:31+00:00","mainEntityOfPage":{"@id":"https:\/\/universnews224.com\/index.php\/convocation-des-anciens-ministres-dalpha-condeje-pense-que-cest-une-bonne-chose-bogola-haba\/"},"wordCount":427,"publisher":{"@id":"https:\/\/universnews224.com\/#organization"},"keywords":["La une"],"articleSection":["ACTU","POLITIQUE"],"inLanguage":"fr-FR"},{"@type":"WebPage","@id":"https:\/\/universnews224.com\/index.php\/convocation-des-anciens-ministres-dalpha-condeje-pense-que-cest-une-bonne-chose-bogola-haba\/","url":"https:\/\/universnews224.com\/index.php\/convocation-des-anciens-ministres-dalpha-condeje-pense-que-cest-une-bonne-chose-bogola-haba\/","name":"Convocation des anciens ministres d\u2019Alpha Cond\u00e9:\u201dJe pense que c\u2019est une bonne chose\" Bogola Haba. - UNIVERSNEWS224","isPartOf":{"@id":"https:\/\/universnews224.com\/#website"},"datePublished":"2022-04-04T22:14:31+00:00","dateModified":"2022-04-04T22:14:31+00:00","inLanguage":"fr-FR","potentialAction":[{"@type":"ReadAction","target":["https:\/\/universnews224.com\/index.php\/convocation-des-anciens-ministres-dalpha-condeje-pense-que-cest-une-bonne-chose-bogola-haba\/"]}]},{"@type":"WebSite","@id":"https:\/\/universnews224.com\/#website","url":"https:\/\/universnews224.com\/","name":"UNIVERSNEWS224","description":"","publisher":{"@id":"https:\/\/universnews224.com\/#organization"},"potentialAction":[{"@type":"SearchAction","target":{"@type":"EntryPoint","urlTemplate":"https:\/\/universnews224.com\/?s={search_term_string}"},"query-input":"required name=search_term_string"}],"inLanguage":"fr-FR"},{"@type":"Organization","@id":"https:\/\/universnews224.com\/#organization","name":"UNIVERSNEWS224","url":"https:\/\/universnews224.com\/","logo":{"@type":"ImageObject","inLanguage":"fr-FR","@id":"https:\/\/universnews224.com\/#\/schema\/logo\/image\/","url":"https:\/\/universnews224.com\/wp-content\/uploads\/2022\/08\/cropped-cropped-logoban.jpg","contentUrl":"https:\/\/universnews224.com\/wp-content\/uploads\/2022\/08\/cropped-cropped-logoban.jpg","width":1080,"height":138,"caption":"UNIVERSNEWS224"},"image":{"@id":"https:\/\/universnews224.com\/#\/schema\/logo\/image\/"}},{"@type":"Person","@id":"https:\/\/universnews224.com\/#\/schema\/person\/a4b7d4f94a4716df60456a491260485e","name":"La R\u00e9daction","image":{"@type":"ImageObject","inLanguage":"fr-FR","@id":"https:\/\/universnews224.com\/#\/schema\/person\/image\/","url":"https:\/\/secure.gravatar.com\/avatar\/edb90acc7752b23e1b3307ad36c14f0d?s=96&d=mm&r=g","contentUrl":"https:\/\/secure.gravatar.com\/avatar\/edb90acc7752b23e1b3307ad36c14f0d?s=96&d=mm&r=g","caption":"La R\u00e9daction"},"sameAs":["https:\/\/universnews224.com"],"url":"https:\/\/universnews224.com\/index.php\/author\/m-camara\/"}]}},"_links":{"self":[{"href":"https:\/\/universnews224.com\/index.php\/wp-json\/wp\/v2\/posts\/1112"}],"collection":[{"href":"https:\/\/universnews224.com\/index.php\/wp-json\/wp\/v2\/posts"}],"about":[{"href":"https:\/\/universnews224.com\/index.php\/wp-json\/wp\/v2\/types\/post"}],"author":[{"embeddable":true,"href":"https:\/\/universnews224.com\/index.php\/wp-json\/wp\/v2\/users\/2"}],"replies":[{"embeddable":true,"href":"https:\/\/universnews224.com\/index.php\/wp-json\/wp\/v2\/comments?post=1112"}],"version-history":[{"count":1,"href":"https:\/\/universnews224.com\/index.php\/wp-json\/wp\/v2\/posts\/1112\/revisions"}],"predecessor-version":[{"id":1117,"href":"https:\/\/universnews224.com\/index.php\/wp-json\/wp\/v2\/posts\/1112\/revisions\/1117"}],"wp:featuredmedia":[{"embeddable":true,"href":"https:\/\/universnews224.com\/index.php\/wp-json\/wp\/v2\/media\/1116"}],"wp:attachment":[{"href":"https:\/\/universnews224.com\/index.php\/wp-json\/wp\/v2\/media?parent=1112"}],"wp:term":[{"taxonomy":"category","embeddable":true,"href":"https:\/\/universnews224.com\/index.php\/wp-json\/wp\/v2\/categories?post=1112"},{"taxonomy":"post_tag","embeddable":true,"href":"https:\/\/universnews224.com\/index.php\/wp-json\/wp\/v2\/tags?post=1112"}],"curies":[{"name":"wp","href":"https:\/\/api.w.org\/{rel}","templated":true}]}}