{"id":1121,"date":"2022-04-05T18:30:15","date_gmt":"2022-04-05T17:30:15","guid":{"rendered":"https:\/\/universnews224.com\/?p=1121"},"modified":"2022-04-05T18:31:23","modified_gmt":"2022-04-05T17:31:23","slug":"les-commercants-du-marche-mbalia-madina-manifestent-devant-le-gouvernorat-contre-la-renovation-de-leur-marche","status":"publish","type":"post","link":"https:\/\/universnews224.com\/index.php\/les-commercants-du-marche-mbalia-madina-manifestent-devant-le-gouvernorat-contre-la-renovation-de-leur-marche\/","title":{"rendered":"Les commer\u00e7ants du March\u00e9 M\u2019Balia-Madina manifestent devant le Gouvernorat  contre la r\u00e9novation de leur march\u00e9."},"content":{"rendered":"<div dir=\"ltr\">Les commer\u00e7ants et les marchands du march\u00e9 M\u2019Balia-Madina ont battu le pav\u00e9 ce mardi, 05 avril 2022 devant le gouvernorat de la ville de Conakry pour manifester leur d\u00e9saccord contre le projet de r\u00e9novation dudit march\u00e9 par la Gouverneure.<br \/>\n<a href=\"https:\/\/universnews224.com\/wp-content\/uploads\/2022\/04\/FEC9EC4B-E9F1-4CC0-B234-7802F14C7DB2.jpeg\"><img loading=\"lazy\" class=\"alignnone size-medium wp-image-1122\" src=\"https:\/\/universnews224.com\/wp-content\/uploads\/2022\/04\/FEC9EC4B-E9F1-4CC0-B234-7802F14C7DB2-300x169.jpeg\" alt=\"\" width=\"300\" height=\"169\" srcset=\"https:\/\/universnews224.com\/wp-content\/uploads\/2022\/04\/FEC9EC4B-E9F1-4CC0-B234-7802F14C7DB2-300x169.jpeg 300w, https:\/\/universnews224.com\/wp-content\/uploads\/2022\/04\/FEC9EC4B-E9F1-4CC0-B234-7802F14C7DB2-1024x576.jpeg 1024w, https:\/\/universnews224.com\/wp-content\/uploads\/2022\/04\/FEC9EC4B-E9F1-4CC0-B234-7802F14C7DB2-768x432.jpeg 768w, https:\/\/universnews224.com\/wp-content\/uploads\/2022\/04\/FEC9EC4B-E9F1-4CC0-B234-7802F14C7DB2-800x450.jpeg 800w, https:\/\/universnews224.com\/wp-content\/uploads\/2022\/04\/FEC9EC4B-E9F1-4CC0-B234-7802F14C7DB2.jpeg 1080w\" sizes=\"(max-width: 300px) 100vw, 300px\" \/><\/a>Visiblement tr\u00e8s remont\u00e9 de cette d\u00e9cision de la Gouverneure de la ville de Conakry, le porte-parole, Mamadou Aliou \u00a0Bah demande \u00e0 la Gouverneure de la ville de Conakry l\u2019annulation pure et simple de cette d\u00e9cision.<\/p>\n<p>\u201cC\u2019est avec regret que nous appris la r\u00e9novation ou la vente du march\u00e9 M\u2019BALIA-Madina.<br \/>\nEn effet, Madame la Gouverneure, nous, les commer\u00e7ants et marchands du march\u00e9 M\u2019Balia, nous venons aupr\u00e8s de notre auguste personne, solliciter l\u2019annulation simple de la r\u00e9novation ou de la vente de ce march\u00e9 pour le bien-\u00eatre de l\u2019ensemble des occupants ce march\u00e9 Madina-M\u2019Balia.Ainsi, pour la complicit\u00e9 et la trahison de nos administrateurs et les chefs de secteurs, Madame la Gouverneure, nous demandons leurs remplacement imm\u00e9diat et sans condition\u00a0\u00bb a t-il d\u00e9clar\u00e9.<\/p>\n<p>Apr\u00e8s avoir longuement \u00e9cout\u00e9 les manifestants, la Gouverneure de la ville de Conakry, M\u2019mahawa Sylla a expliqu\u00e9 le bien fond\u00e9 de ce projet.<br \/>\n<a href=\"https:\/\/universnews224.com\/wp-content\/uploads\/2022\/04\/61A38CE8-ED41-490B-95EB-294AF8A8A2EC.jpeg\"><img loading=\"lazy\" class=\"alignnone size-medium wp-image-1123\" src=\"https:\/\/universnews224.com\/wp-content\/uploads\/2022\/04\/61A38CE8-ED41-490B-95EB-294AF8A8A2EC-300x169.jpeg\" alt=\"\" width=\"300\" height=\"169\" srcset=\"https:\/\/universnews224.com\/wp-content\/uploads\/2022\/04\/61A38CE8-ED41-490B-95EB-294AF8A8A2EC-300x169.jpeg 300w, https:\/\/universnews224.com\/wp-content\/uploads\/2022\/04\/61A38CE8-ED41-490B-95EB-294AF8A8A2EC-1024x576.jpeg 1024w, https:\/\/universnews224.com\/wp-content\/uploads\/2022\/04\/61A38CE8-ED41-490B-95EB-294AF8A8A2EC-768x432.jpeg 768w, https:\/\/universnews224.com\/wp-content\/uploads\/2022\/04\/61A38CE8-ED41-490B-95EB-294AF8A8A2EC-800x450.jpeg 800w, https:\/\/universnews224.com\/wp-content\/uploads\/2022\/04\/61A38CE8-ED41-490B-95EB-294AF8A8A2EC.jpeg 1080w\" sizes=\"(max-width: 300px) 100vw, 300px\" \/><\/a><\/p>\n<p>\u201cDepuis un certain temps,nous avons \u00e9t\u00e9 interpell\u00e9s par certaines personnes de la v\u00e9tust\u00e9 du hangar qui abrite les commer\u00e7ants \u00a0de Madina. D\u00e8s que nous avons \u00e9t\u00e9 inform\u00e9 de cela, nous avons appel\u00e9 les chefs de secteur et les administrateurs du march\u00e9 M\u2019Balia pour trouver la solution \u00e0 ce probl\u00e8me. C\u2019est ainsi qu\u2019hier, nous avons re\u00e7u les chefs secteurs et les administrateurs du march\u00e9. Nous leur avions notifi\u00e9 que le gouvernorat de la ville de Conakry veut r\u00e9nover ce hangar qui aujourd\u2019hui dans un \u00e9tat de d\u00e9gradation tr\u00e8s pouss\u00e9 pour \u00e9viter le pire. Je vous rappelle que depuis l\u2019ind\u00e9pendance jusqu\u2019aujourd\u2019hui, ce hangar n\u2019a pas connu de r\u00e9novation. C\u2019est pour \u00e9viter que ce hangar ne s\u2019effondre sur les gens que nous avons d\u00e9cid\u00e9 de lancer ces travaux de r\u00e9novation. Notre objectif, ce n\u2019est pas de faire partir ces commer\u00e7ants comme certains le pr\u00e9tendent, notre but c\u2019est de r\u00e9nover ce hangar, apr\u00e8s les travaux de r\u00e9novation, ils font revenir \u00e0 leurs places. Je vous dit et r\u00e9p\u00e8te, allez vous concerter, si vous \u00eates d\u2019accord pour la r\u00e9novation, nous allons le faire, si vous n\u2019\u00eates pas d\u2019accord, on ne fera pas. Donc, vous\u00a0avez le choix\u00a0\u00bb a t-elle expliqu\u00e9.<\/p>\n<\/div>\n<div dir=\"ltr\">Apr\u00e8s les explications fournies par la Gouverneure, les frondeurs ont enfin d\u00e9cid\u00e9 de se retrouver pour aller se concentrer pour donner une r\u00e9ponse \u00e0 la demande de la Gouverneure.Mohamed Camara<\/p>\n<\/div>\n<div dir=\"ltr\">611 46 04 10<\/div>\n","protected":false},"excerpt":{"rendered":"<p>Les commer\u00e7ants et les marchands du march\u00e9 M\u2019Balia-Madina ont battu le pav\u00e9 ce mardi, 05<\/p>\n","protected":false},"author":2,"featured_media":1124,"comment_status":"closed","ping_status":"open","sticky":false,"template":"","format":"standard","meta":[],"categories":[3,5],"tags":[229],"yoast_head":"<!-- This site is optimized with the Yoast SEO plugin v19.13 - https:\/\/yoast.com\/wordpress\/plugins\/seo\/ -->\n<title>Les commer\u00e7ants du March\u00e9 M\u2019Balia-Madina manifestent devant le Gouvernorat contre la r\u00e9novation de leur march\u00e9. - UNIVERSNEWS224<\/title>\n<meta name=\"robots\" content=\"index, follow, max-snippet:-1, max-image-preview:large, max-video-preview:-1\" \/>\n<link rel=\"canonical\" href=\"https:\/\/universnews224.com\/index.php\/les-commercants-du-marche-mbalia-madina-manifestent-devant-le-gouvernorat-contre-la-renovation-de-leur-marche\/\" \/>\n<meta property=\"og:locale\" content=\"fr_FR\" \/>\n<meta property=\"og:type\" content=\"article\" \/>\n<meta property=\"og:title\" content=\"Les commer\u00e7ants du March\u00e9 M\u2019Balia-Madina manifestent devant le Gouvernorat contre la r\u00e9novation de leur march\u00e9. - UNIVERSNEWS224\" \/>\n<meta property=\"og:description\" content=\"Les commer\u00e7ants et les marchands du march\u00e9 M\u2019Balia-Madina ont battu le pav\u00e9 ce mardi, 05\" \/>\n<meta property=\"og:url\" content=\"https:\/\/universnews224.com\/index.php\/les-commercants-du-marche-mbalia-madina-manifestent-devant-le-gouvernorat-contre-la-renovation-de-leur-marche\/\" \/>\n<meta property=\"og:site_name\" content=\"UNIVERSNEWS224\" \/>\n<meta property=\"article:published_time\" content=\"2022-04-05T17:30:15+00:00\" \/>\n<meta property=\"article:modified_time\" content=\"2022-04-05T17:31:23+00:00\" \/>\n<meta property=\"og:image\" content=\"https:\/\/universnews224.com\/wp-content\/uploads\/2022\/04\/EF3A7D36-4225-4B4F-A77A-95BDB45B2F29.jpeg\" \/>\n\t<meta property=\"og:image:width\" content=\"1080\" \/>\n\t<meta property=\"og:image:height\" content=\"607\" \/>\n\t<meta property=\"og:image:type\" content=\"image\/jpeg\" \/>\n<meta name=\"author\" content=\"La R\u00e9daction\" \/>\n<meta name=\"twitter:label1\" content=\"\u00c9crit par\" \/>\n\t<meta name=\"twitter:data1\" content=\"La R\u00e9daction\" \/>\n\t<meta name=\"twitter:label2\" content=\"Dur\u00e9e de lecture estim\u00e9e\" \/>\n\t<meta name=\"twitter:data2\" content=\"3 minutes\" \/>\n<script type=\"application\/ld+json\" class=\"yoast-schema-graph\">{\"@context\":\"https:\/\/schema.org\",\"@graph\":[{\"@type\":\"Article\",\"@id\":\"https:\/\/universnews224.com\/index.php\/les-commercants-du-marche-mbalia-madina-manifestent-devant-le-gouvernorat-contre-la-renovation-de-leur-marche\/#article\",\"isPartOf\":{\"@id\":\"https:\/\/universnews224.com\/index.php\/les-commercants-du-marche-mbalia-madina-manifestent-devant-le-gouvernorat-contre-la-renovation-de-leur-marche\/\"},\"author\":{\"name\":\"La R\u00e9daction\",\"@id\":\"https:\/\/universnews224.com\/#\/schema\/person\/a4b7d4f94a4716df60456a491260485e\"},\"headline\":\"Les commer\u00e7ants du March\u00e9 M\u2019Balia-Madina manifestent devant le Gouvernorat contre la r\u00e9novation de leur march\u00e9.\",\"datePublished\":\"2022-04-05T17:30:15+00:00\",\"dateModified\":\"2022-04-05T17:31:23+00:00\",\"mainEntityOfPage\":{\"@id\":\"https:\/\/universnews224.com\/index.php\/les-commercants-du-marche-mbalia-madina-manifestent-devant-le-gouvernorat-contre-la-renovation-de-leur-marche\/\"},\"wordCount\":484,\"publisher\":{\"@id\":\"https:\/\/universnews224.com\/#organization\"},\"keywords\":[\"La une\"],\"articleSection\":[\"ACTU\",\"SOCI\u00c9T\u00c9\"],\"inLanguage\":\"fr-FR\"},{\"@type\":\"WebPage\",\"@id\":\"https:\/\/universnews224.com\/index.php\/les-commercants-du-marche-mbalia-madina-manifestent-devant-le-gouvernorat-contre-la-renovation-de-leur-marche\/\",\"url\":\"https:\/\/universnews224.com\/index.php\/les-commercants-du-marche-mbalia-madina-manifestent-devant-le-gouvernorat-contre-la-renovation-de-leur-marche\/\",\"name\":\"Les commer\u00e7ants du March\u00e9 M\u2019Balia-Madina manifestent devant le Gouvernorat contre la r\u00e9novation de leur march\u00e9. - UNIVERSNEWS224\",\"isPartOf\":{\"@id\":\"https:\/\/universnews224.com\/#website\"},\"datePublished\":\"2022-04-05T17:30:15+00:00\",\"dateModified\":\"2022-04-05T17:31:23+00:00\",\"inLanguage\":\"fr-FR\",\"potentialAction\":[{\"@type\":\"ReadAction\",\"target\":[\"https:\/\/universnews224.com\/index.php\/les-commercants-du-marche-mbalia-madina-manifestent-devant-le-gouvernorat-contre-la-renovation-de-leur-marche\/\"]}]},{\"@type\":\"WebSite\",\"@id\":\"https:\/\/universnews224.com\/#website\",\"url\":\"https:\/\/universnews224.com\/\",\"name\":\"UNIVERSNEWS224\",\"description\":\"\",\"publisher\":{\"@id\":\"https:\/\/universnews224.com\/#organization\"},\"potentialAction\":[{\"@type\":\"SearchAction\",\"target\":{\"@type\":\"EntryPoint\",\"urlTemplate\":\"https:\/\/universnews224.com\/?s={search_term_string}\"},\"query-input\":\"required name=search_term_string\"}],\"inLanguage\":\"fr-FR\"},{\"@type\":\"Organization\",\"@id\":\"https:\/\/universnews224.com\/#organization\",\"name\":\"UNIVERSNEWS224\",\"url\":\"https:\/\/universnews224.com\/\",\"logo\":{\"@type\":\"ImageObject\",\"inLanguage\":\"fr-FR\",\"@id\":\"https:\/\/universnews224.com\/#\/schema\/logo\/image\/\",\"url\":\"https:\/\/universnews224.com\/wp-content\/uploads\/2022\/08\/cropped-cropped-logoban.jpg\",\"contentUrl\":\"https:\/\/universnews224.com\/wp-content\/uploads\/2022\/08\/cropped-cropped-logoban.jpg\",\"width\":1080,\"height\":138,\"caption\":\"UNIVERSNEWS224\"},\"image\":{\"@id\":\"https:\/\/universnews224.com\/#\/schema\/logo\/image\/\"}},{\"@type\":\"Person\",\"@id\":\"https:\/\/universnews224.com\/#\/schema\/person\/a4b7d4f94a4716df60456a491260485e\",\"name\":\"La R\u00e9daction\",\"image\":{\"@type\":\"ImageObject\",\"inLanguage\":\"fr-FR\",\"@id\":\"https:\/\/universnews224.com\/#\/schema\/person\/image\/\",\"url\":\"https:\/\/secure.gravatar.com\/avatar\/edb90acc7752b23e1b3307ad36c14f0d?s=96&d=mm&r=g\",\"contentUrl\":\"https:\/\/secure.gravatar.com\/avatar\/edb90acc7752b23e1b3307ad36c14f0d?s=96&d=mm&r=g\",\"caption\":\"La R\u00e9daction\"},\"sameAs\":[\"https:\/\/universnews224.com\"],\"url\":\"https:\/\/universnews224.com\/index.php\/author\/m-camara\/\"}]}<\/script>\n<!-- \/ Yoast SEO plugin. -->","yoast_head_json":{"title":"Les commer\u00e7ants du March\u00e9 M\u2019Balia-Madina manifestent devant le Gouvernorat contre la r\u00e9novation de leur march\u00e9. - UNIVERSNEWS224","robots":{"index":"index","follow":"follow","max-snippet":"max-snippet:-1","max-image-preview":"max-image-preview:large","max-video-preview":"max-video-preview:-1"},"canonical":"https:\/\/universnews224.com\/index.php\/les-commercants-du-marche-mbalia-madina-manifestent-devant-le-gouvernorat-contre-la-renovation-de-leur-marche\/","og_locale":"fr_FR","og_type":"article","og_title":"Les commer\u00e7ants du March\u00e9 M\u2019Balia-Madina manifestent devant le Gouvernorat contre la r\u00e9novation de leur march\u00e9. - UNIVERSNEWS224","og_description":"Les commer\u00e7ants et les marchands du march\u00e9 M\u2019Balia-Madina ont battu le pav\u00e9 ce mardi, 05","og_url":"https:\/\/universnews224.com\/index.php\/les-commercants-du-marche-mbalia-madina-manifestent-devant-le-gouvernorat-contre-la-renovation-de-leur-marche\/","og_site_name":"UNIVERSNEWS224","article_published_time":"2022-04-05T17:30:15+00:00","article_modified_time":"2022-04-05T17:31:23+00:00","og_image":[{"width":1080,"height":607,"url":"https:\/\/universnews224.com\/wp-content\/uploads\/2022\/04\/EF3A7D36-4225-4B4F-A77A-95BDB45B2F29.jpeg","type":"image\/jpeg"}],"author":"La R\u00e9daction","twitter_misc":{"\u00c9crit par":"La R\u00e9daction","Dur\u00e9e de lecture estim\u00e9e":"3 minutes"},"schema":{"@context":"https:\/\/schema.org","@graph":[{"@type":"Article","@id":"https:\/\/universnews224.com\/index.php\/les-commercants-du-marche-mbalia-madina-manifestent-devant-le-gouvernorat-contre-la-renovation-de-leur-marche\/#article","isPartOf":{"@id":"https:\/\/universnews224.com\/index.php\/les-commercants-du-marche-mbalia-madina-manifestent-devant-le-gouvernorat-contre-la-renovation-de-leur-marche\/"},"author":{"name":"La R\u00e9daction","@id":"https:\/\/universnews224.com\/#\/schema\/person\/a4b7d4f94a4716df60456a491260485e"},"headline":"Les commer\u00e7ants du March\u00e9 M\u2019Balia-Madina manifestent devant le Gouvernorat contre la r\u00e9novation de leur march\u00e9.","datePublished":"2022-04-05T17:30:15+00:00","dateModified":"2022-04-05T17:31:23+00:00","mainEntityOfPage":{"@id":"https:\/\/universnews224.com\/index.php\/les-commercants-du-marche-mbalia-madina-manifestent-devant-le-gouvernorat-contre-la-renovation-de-leur-marche\/"},"wordCount":484,"publisher":{"@id":"https:\/\/universnews224.com\/#organization"},"keywords":["La une"],"articleSection":["ACTU","SOCI\u00c9T\u00c9"],"inLanguage":"fr-FR"},{"@type":"WebPage","@id":"https:\/\/universnews224.com\/index.php\/les-commercants-du-marche-mbalia-madina-manifestent-devant-le-gouvernorat-contre-la-renovation-de-leur-marche\/","url":"https:\/\/universnews224.com\/index.php\/les-commercants-du-marche-mbalia-madina-manifestent-devant-le-gouvernorat-contre-la-renovation-de-leur-marche\/","name":"Les commer\u00e7ants du March\u00e9 M\u2019Balia-Madina manifestent devant le Gouvernorat contre la r\u00e9novation de leur march\u00e9. - UNIVERSNEWS224","isPartOf":{"@id":"https:\/\/universnews224.com\/#website"},"datePublished":"2022-04-05T17:30:15+00:00","dateModified":"2022-04-05T17:31:23+00:00","inLanguage":"fr-FR","potentialAction":[{"@type":"ReadAction","target":["https:\/\/universnews224.com\/index.php\/les-commercants-du-marche-mbalia-madina-manifestent-devant-le-gouvernorat-contre-la-renovation-de-leur-marche\/"]}]},{"@type":"WebSite","@id":"https:\/\/universnews224.com\/#website","url":"https:\/\/universnews224.com\/","name":"UNIVERSNEWS224","description":"","publisher":{"@id":"https:\/\/universnews224.com\/#organization"},"potentialAction":[{"@type":"SearchAction","target":{"@type":"EntryPoint","urlTemplate":"https:\/\/universnews224.com\/?s={search_term_string}"},"query-input":"required name=search_term_string"}],"inLanguage":"fr-FR"},{"@type":"Organization","@id":"https:\/\/universnews224.com\/#organization","name":"UNIVERSNEWS224","url":"https:\/\/universnews224.com\/","logo":{"@type":"ImageObject","inLanguage":"fr-FR","@id":"https:\/\/universnews224.com\/#\/schema\/logo\/image\/","url":"https:\/\/universnews224.com\/wp-content\/uploads\/2022\/08\/cropped-cropped-logoban.jpg","contentUrl":"https:\/\/universnews224.com\/wp-content\/uploads\/2022\/08\/cropped-cropped-logoban.jpg","width":1080,"height":138,"caption":"UNIVERSNEWS224"},"image":{"@id":"https:\/\/universnews224.com\/#\/schema\/logo\/image\/"}},{"@type":"Person","@id":"https:\/\/universnews224.com\/#\/schema\/person\/a4b7d4f94a4716df60456a491260485e","name":"La R\u00e9daction","image":{"@type":"ImageObject","inLanguage":"fr-FR","@id":"https:\/\/universnews224.com\/#\/schema\/person\/image\/","url":"https:\/\/secure.gravatar.com\/avatar\/edb90acc7752b23e1b3307ad36c14f0d?s=96&d=mm&r=g","contentUrl":"https:\/\/secure.gravatar.com\/avatar\/edb90acc7752b23e1b3307ad36c14f0d?s=96&d=mm&r=g","caption":"La R\u00e9daction"},"sameAs":["https:\/\/universnews224.com"],"url":"https:\/\/universnews224.com\/index.php\/author\/m-camara\/"}]}},"_links":{"self":[{"href":"https:\/\/universnews224.com\/index.php\/wp-json\/wp\/v2\/posts\/1121"}],"collection":[{"href":"https:\/\/universnews224.com\/index.php\/wp-json\/wp\/v2\/posts"}],"about":[{"href":"https:\/\/universnews224.com\/index.php\/wp-json\/wp\/v2\/types\/post"}],"author":[{"embeddable":true,"href":"https:\/\/universnews224.com\/index.php\/wp-json\/wp\/v2\/users\/2"}],"replies":[{"embeddable":true,"href":"https:\/\/universnews224.com\/index.php\/wp-json\/wp\/v2\/comments?post=1121"}],"version-history":[{"count":3,"href":"https:\/\/universnews224.com\/index.php\/wp-json\/wp\/v2\/posts\/1121\/revisions"}],"predecessor-version":[{"id":1127,"href":"https:\/\/universnews224.com\/index.php\/wp-json\/wp\/v2\/posts\/1121\/revisions\/1127"}],"wp:featuredmedia":[{"embeddable":true,"href":"https:\/\/universnews224.com\/index.php\/wp-json\/wp\/v2\/media\/1124"}],"wp:attachment":[{"href":"https:\/\/universnews224.com\/index.php\/wp-json\/wp\/v2\/media?parent=1121"}],"wp:term":[{"taxonomy":"category","embeddable":true,"href":"https:\/\/universnews224.com\/index.php\/wp-json\/wp\/v2\/categories?post=1121"},{"taxonomy":"post_tag","embeddable":true,"href":"https:\/\/universnews224.com\/index.php\/wp-json\/wp\/v2\/tags?post=1121"}],"curies":[{"name":"wp","href":"https:\/\/api.w.org\/{rel}","templated":true}]}}