{"id":1134,"date":"2022-04-06T23:46:15","date_gmt":"2022-04-06T22:46:15","guid":{"rendered":"https:\/\/universnews224.com\/?p=1134"},"modified":"2022-04-06T23:46:15","modified_gmt":"2022-04-06T22:46:15","slug":"le-president-de-la-transition-lance-le-40eme-edition-de-concours-national-de-memorisation-de-lecture-et-dinterpretation-du-saint-coran","status":"publish","type":"post","link":"https:\/\/universnews224.com\/index.php\/le-president-de-la-transition-lance-le-40eme-edition-de-concours-national-de-memorisation-de-lecture-et-dinterpretation-du-saint-coran\/","title":{"rendered":"Le pr\u00e9sident de la transition lance le 40\u00e8me \u00e9dition de concours national de m\u00e9morisation de lecture et d\u2019interpr\u00e9tation du saint coran."},"content":{"rendered":"<div dir=\"ltr\">Le Pr\u00e9sident de la Transition, Colonel Mamadi Doumbouya a pr\u00e9sid\u00e9 ce mercredi, 6 avril 2022 au lancement officiel de la 40\u00e8me \u00e9dition du concours national de m\u00e9morisation de lecture et d\u2019interpr\u00e9tation du saint coran. Cette c\u00e9r\u00e9monie de lancement a connu la pr\u00e9sence de plusieurs membres de Gouvernement et de plusieurs personnalit\u00e9s du pays.<\/p>\n<p>Initi\u00e9 par le Secr\u00e9tariat G\u00e9n\u00e9ral des Affaires Religieuses en collaboration avec le Minist\u00e8re des Affaires Islamiques de l\u2019Appel et l\u2019Orientation du Royaume de l\u2019Arabie Saoudite, durant sept jours, les candidats venus des 33 pr\u00e9fectures, de 6 communes de la capitale et des centres et foyers coraniques font comp\u00e9tir dans plusieurs disciplines : il s\u2019agit de la m\u00e9morisation du Coran en entier, la r\u00e9citation de 20 chapitres etc.<\/p>\n<p>Dans son discours de circonstance, le Secr\u00e9taire G\u00e9n\u00e9ral des Affaires Religieuses, Kramo Diawara a remerci\u00e9 le pr\u00e9sident de la transition, Colonel Mamadi Doumbouya et le premier ministre, chef du gouvernement Mohamed B\u00e9avogui pour leurs implications personnelles pour la r\u00e9ussite de concours.<\/p>\n<p>\u201cJe voudrais \u00e0 cette heureuse occasion, remercier Dieu le tout puissant qui a rendu ce jour possible. Des hommages appuy\u00e9s s\u2019adressant au pr\u00e9sident de la transition colonel Mamadi Doumbouya pour son ind\u00e9fectible soutien et sous la clairvoyance duquel la pr\u00e9sente \u00e9dition a pu \u00eatre organis\u00e9e. Ma gratitude au premier ministre, chef du gouvernement, Mohamed B\u00e9avogui pour son accompagnement et son soutien de tous les jours. La survenue de ce concours qui est organis\u00e9 en plein mois de Ramadan et qui co\u00efncide cette ann\u00e9e avec le car\u00eame de nos fr\u00e8res chr\u00e9tiens est l\u2019expression de la volont\u00e9 divine pour un raffermissement de vivre ensemble dans notre cher pays la Guin\u00e9e\u00a0\u00bb a t-il soulign\u00e9.<\/p>\n<p>Prenant la parole au nom du pr\u00e9sident de la transition, le premier ministre, chef de Gouvernement, Mohamed B\u00e9avogui, a tout d\u2019abord remerci\u00e9 le Secr\u00e9tariat G\u00e9n\u00e9ral des Affaires Religieuses de cette initiative qui vise \u00e0 contribuer au rayonnement de l\u2019islam en Guin\u00e9e avant d\u2019inviter les leaders religieux \u00e0 pr\u00eacher la culture de la \u00a0paix et de la tol\u00e9rance.<\/p>\n<p>\u201cVous \u00eates r\u00e9unis ici dans cette salle, je le sais au nom de l\u2019islam pour mieux appr\u00e9cier en apportant un jugement de valeur \u00e0 travers la qualit\u00e9 et la pertinence des r\u00e9sultats qui seront obtenus pour les bonne pratiques et la bonne sant\u00e9 de l\u2019islam en Guin\u00e9e. \u00c0 cet \u00e9gard, vous \u00eates \u00e0 encourager et \u00e0 soutenir.C\u2019est pourquoi, je vous demanderais \u00e9galement \u00e0 pr\u00eacher partout et \u00e0 chaque occasion des valeurs cardinales de cette prestigieuse religion \u00e0 l\u2019attention des musulmans de Guin\u00e9e. Les valeurs cardinales qui sont entre: la culture de la paix, de la tol\u00e9rance, de l\u2019amour de la patrie, de libre consentement, de lutter constamment pour la consolidation de l\u2019unit\u00e9 nationale notre bien commun et d\u2019\u0153uvrer en faveur de l\u2019acceptation de l\u2019autre dans ses diff\u00e9rences et de l\u2019amour du prochain. Je vous convie \u00e0 le faire surtout en ce moment o\u00f9 des avanc\u00e9es significatives de la technique et de la technologie \u00e0 travers ce qui se voit sur les r\u00e9seaux sociaux constitue une menace r\u00e9elle pour la foi encore chancelante de notre jeunesse. Avant d\u2019ajouter:<\/p>\n<p>\u201cDe nos jours, l\u2019islam \u00e0 travers le monde est menac\u00e9 et d\u00e9cr\u00e9dibilis\u00e9 par le comportement inad\u00e9quat de certains individus qui, pour des int\u00e9r\u00eats \u00e9go\u00efstes et inavou\u00e9s se r\u00e9clament d\u2019agir au nom de l\u2019islam en tuant injustement les pauvres innocents qu\u2019ils soient musulmans ou non, en semant \u00e7\u00e0 et l\u00e0 la terreur, la violence imposant ainsi d\u2019importants d\u00e9g\u00e2ts mat\u00e9riels par une radicalisation de l\u2019islam et par un extr\u00e9miste violent ,en excluant les adeptes des autres religions. Toutes choses qui ne sont nullement \u00e0 la solde de l\u2019islam vrai. C\u2019est-\u00e0-dire un islam tol\u00e9rant, respectueux de la vie humaine et \u0153uvrant pour la protection des droits humains inali\u00e9nables, \u00a0reconnus pour chacun et de tous. Voil\u00e0 chers imams et leaders religieux, voil\u00e0 le genre de comportement que nous devrons \u00e9viter \u00e0 tout prix et combattre de toutes nos forces l\u2019\u00e9mergence dans notre pays \u00ab\u00a0a t-il martel\u00e9.<\/p><\/div>\n<div dir=\"ltr\"><\/div>\n<div dir=\"ltr\">Mohamed Camara<\/div>\n<div dir=\"ltr\">611 46 04 10<\/div>\n","protected":false},"excerpt":{"rendered":"<p>Le Pr\u00e9sident de la Transition, Colonel Mamadi Doumbouya a pr\u00e9sid\u00e9 ce mercredi, 6 avril 2022<\/p>\n","protected":false},"author":2,"featured_media":1136,"comment_status":"closed","ping_status":"open","sticky":false,"template":"","format":"standard","meta":[],"categories":[3,5],"tags":[229],"yoast_head":"<!-- This site is optimized with the Yoast SEO plugin v19.13 - https:\/\/yoast.com\/wordpress\/plugins\/seo\/ -->\n<title>Le pr\u00e9sident de la transition lance le 40\u00e8me \u00e9dition de concours national de m\u00e9morisation de lecture et d\u2019interpr\u00e9tation du saint coran. - UNIVERSNEWS224<\/title>\n<meta name=\"robots\" content=\"index, follow, max-snippet:-1, max-image-preview:large, max-video-preview:-1\" \/>\n<link rel=\"canonical\" href=\"https:\/\/universnews224.com\/index.php\/le-president-de-la-transition-lance-le-40eme-edition-de-concours-national-de-memorisation-de-lecture-et-dinterpretation-du-saint-coran\/\" \/>\n<meta property=\"og:locale\" content=\"fr_FR\" \/>\n<meta property=\"og:type\" content=\"article\" \/>\n<meta property=\"og:title\" content=\"Le pr\u00e9sident de la transition lance le 40\u00e8me \u00e9dition de concours national de m\u00e9morisation de lecture et d\u2019interpr\u00e9tation du saint coran. - UNIVERSNEWS224\" \/>\n<meta property=\"og:description\" content=\"Le Pr\u00e9sident de la Transition, Colonel Mamadi Doumbouya a pr\u00e9sid\u00e9 ce mercredi, 6 avril 2022\" \/>\n<meta property=\"og:url\" content=\"https:\/\/universnews224.com\/index.php\/le-president-de-la-transition-lance-le-40eme-edition-de-concours-national-de-memorisation-de-lecture-et-dinterpretation-du-saint-coran\/\" \/>\n<meta property=\"og:site_name\" content=\"UNIVERSNEWS224\" \/>\n<meta property=\"article:published_time\" content=\"2022-04-06T22:46:15+00:00\" \/>\n<meta property=\"og:image\" content=\"https:\/\/universnews224.com\/wp-content\/uploads\/2022\/04\/1C0E428F-71AE-4E20-972C-199B574540DD-scaled.jpeg\" \/>\n\t<meta property=\"og:image:width\" content=\"2560\" \/>\n\t<meta property=\"og:image:height\" content=\"1920\" \/>\n\t<meta property=\"og:image:type\" content=\"image\/jpeg\" \/>\n<meta name=\"author\" content=\"La R\u00e9daction\" \/>\n<meta name=\"twitter:label1\" content=\"\u00c9crit par\" \/>\n\t<meta name=\"twitter:data1\" content=\"La R\u00e9daction\" \/>\n\t<meta name=\"twitter:label2\" content=\"Dur\u00e9e de lecture estim\u00e9e\" \/>\n\t<meta name=\"twitter:data2\" content=\"4 minutes\" \/>\n<script type=\"application\/ld+json\" class=\"yoast-schema-graph\">{\"@context\":\"https:\/\/schema.org\",\"@graph\":[{\"@type\":\"Article\",\"@id\":\"https:\/\/universnews224.com\/index.php\/le-president-de-la-transition-lance-le-40eme-edition-de-concours-national-de-memorisation-de-lecture-et-dinterpretation-du-saint-coran\/#article\",\"isPartOf\":{\"@id\":\"https:\/\/universnews224.com\/index.php\/le-president-de-la-transition-lance-le-40eme-edition-de-concours-national-de-memorisation-de-lecture-et-dinterpretation-du-saint-coran\/\"},\"author\":{\"name\":\"La R\u00e9daction\",\"@id\":\"https:\/\/universnews224.com\/#\/schema\/person\/a4b7d4f94a4716df60456a491260485e\"},\"headline\":\"Le pr\u00e9sident de la transition lance le 40\u00e8me \u00e9dition de concours national de m\u00e9morisation de lecture et d\u2019interpr\u00e9tation du saint coran.\",\"datePublished\":\"2022-04-06T22:46:15+00:00\",\"dateModified\":\"2022-04-06T22:46:15+00:00\",\"mainEntityOfPage\":{\"@id\":\"https:\/\/universnews224.com\/index.php\/le-president-de-la-transition-lance-le-40eme-edition-de-concours-national-de-memorisation-de-lecture-et-dinterpretation-du-saint-coran\/\"},\"wordCount\":752,\"publisher\":{\"@id\":\"https:\/\/universnews224.com\/#organization\"},\"keywords\":[\"La une\"],\"articleSection\":[\"ACTU\",\"SOCI\u00c9T\u00c9\"],\"inLanguage\":\"fr-FR\"},{\"@type\":\"WebPage\",\"@id\":\"https:\/\/universnews224.com\/index.php\/le-president-de-la-transition-lance-le-40eme-edition-de-concours-national-de-memorisation-de-lecture-et-dinterpretation-du-saint-coran\/\",\"url\":\"https:\/\/universnews224.com\/index.php\/le-president-de-la-transition-lance-le-40eme-edition-de-concours-national-de-memorisation-de-lecture-et-dinterpretation-du-saint-coran\/\",\"name\":\"Le pr\u00e9sident de la transition lance le 40\u00e8me \u00e9dition de concours national de m\u00e9morisation de lecture et d\u2019interpr\u00e9tation du saint coran. - UNIVERSNEWS224\",\"isPartOf\":{\"@id\":\"https:\/\/universnews224.com\/#website\"},\"datePublished\":\"2022-04-06T22:46:15+00:00\",\"dateModified\":\"2022-04-06T22:46:15+00:00\",\"inLanguage\":\"fr-FR\",\"potentialAction\":[{\"@type\":\"ReadAction\",\"target\":[\"https:\/\/universnews224.com\/index.php\/le-president-de-la-transition-lance-le-40eme-edition-de-concours-national-de-memorisation-de-lecture-et-dinterpretation-du-saint-coran\/\"]}]},{\"@type\":\"WebSite\",\"@id\":\"https:\/\/universnews224.com\/#website\",\"url\":\"https:\/\/universnews224.com\/\",\"name\":\"UNIVERSNEWS224\",\"description\":\"\",\"publisher\":{\"@id\":\"https:\/\/universnews224.com\/#organization\"},\"potentialAction\":[{\"@type\":\"SearchAction\",\"target\":{\"@type\":\"EntryPoint\",\"urlTemplate\":\"https:\/\/universnews224.com\/?s={search_term_string}\"},\"query-input\":\"required name=search_term_string\"}],\"inLanguage\":\"fr-FR\"},{\"@type\":\"Organization\",\"@id\":\"https:\/\/universnews224.com\/#organization\",\"name\":\"UNIVERSNEWS224\",\"url\":\"https:\/\/universnews224.com\/\",\"logo\":{\"@type\":\"ImageObject\",\"inLanguage\":\"fr-FR\",\"@id\":\"https:\/\/universnews224.com\/#\/schema\/logo\/image\/\",\"url\":\"https:\/\/universnews224.com\/wp-content\/uploads\/2022\/08\/cropped-cropped-logoban.jpg\",\"contentUrl\":\"https:\/\/universnews224.com\/wp-content\/uploads\/2022\/08\/cropped-cropped-logoban.jpg\",\"width\":1080,\"height\":138,\"caption\":\"UNIVERSNEWS224\"},\"image\":{\"@id\":\"https:\/\/universnews224.com\/#\/schema\/logo\/image\/\"}},{\"@type\":\"Person\",\"@id\":\"https:\/\/universnews224.com\/#\/schema\/person\/a4b7d4f94a4716df60456a491260485e\",\"name\":\"La R\u00e9daction\",\"image\":{\"@type\":\"ImageObject\",\"inLanguage\":\"fr-FR\",\"@id\":\"https:\/\/universnews224.com\/#\/schema\/person\/image\/\",\"url\":\"https:\/\/secure.gravatar.com\/avatar\/edb90acc7752b23e1b3307ad36c14f0d?s=96&d=mm&r=g\",\"contentUrl\":\"https:\/\/secure.gravatar.com\/avatar\/edb90acc7752b23e1b3307ad36c14f0d?s=96&d=mm&r=g\",\"caption\":\"La R\u00e9daction\"},\"sameAs\":[\"https:\/\/universnews224.com\"],\"url\":\"https:\/\/universnews224.com\/index.php\/author\/m-camara\/\"}]}<\/script>\n<!-- \/ Yoast SEO plugin. -->","yoast_head_json":{"title":"Le pr\u00e9sident de la transition lance le 40\u00e8me \u00e9dition de concours national de m\u00e9morisation de lecture et d\u2019interpr\u00e9tation du saint coran. - UNIVERSNEWS224","robots":{"index":"index","follow":"follow","max-snippet":"max-snippet:-1","max-image-preview":"max-image-preview:large","max-video-preview":"max-video-preview:-1"},"canonical":"https:\/\/universnews224.com\/index.php\/le-president-de-la-transition-lance-le-40eme-edition-de-concours-national-de-memorisation-de-lecture-et-dinterpretation-du-saint-coran\/","og_locale":"fr_FR","og_type":"article","og_title":"Le pr\u00e9sident de la transition lance le 40\u00e8me \u00e9dition de concours national de m\u00e9morisation de lecture et d\u2019interpr\u00e9tation du saint coran. - UNIVERSNEWS224","og_description":"Le Pr\u00e9sident de la Transition, Colonel Mamadi Doumbouya a pr\u00e9sid\u00e9 ce mercredi, 6 avril 2022","og_url":"https:\/\/universnews224.com\/index.php\/le-president-de-la-transition-lance-le-40eme-edition-de-concours-national-de-memorisation-de-lecture-et-dinterpretation-du-saint-coran\/","og_site_name":"UNIVERSNEWS224","article_published_time":"2022-04-06T22:46:15+00:00","og_image":[{"width":2560,"height":1920,"url":"https:\/\/universnews224.com\/wp-content\/uploads\/2022\/04\/1C0E428F-71AE-4E20-972C-199B574540DD-scaled.jpeg","type":"image\/jpeg"}],"author":"La R\u00e9daction","twitter_misc":{"\u00c9crit par":"La R\u00e9daction","Dur\u00e9e de lecture estim\u00e9e":"4 minutes"},"schema":{"@context":"https:\/\/schema.org","@graph":[{"@type":"Article","@id":"https:\/\/universnews224.com\/index.php\/le-president-de-la-transition-lance-le-40eme-edition-de-concours-national-de-memorisation-de-lecture-et-dinterpretation-du-saint-coran\/#article","isPartOf":{"@id":"https:\/\/universnews224.com\/index.php\/le-president-de-la-transition-lance-le-40eme-edition-de-concours-national-de-memorisation-de-lecture-et-dinterpretation-du-saint-coran\/"},"author":{"name":"La R\u00e9daction","@id":"https:\/\/universnews224.com\/#\/schema\/person\/a4b7d4f94a4716df60456a491260485e"},"headline":"Le pr\u00e9sident de la transition lance le 40\u00e8me \u00e9dition de concours national de m\u00e9morisation de lecture et d\u2019interpr\u00e9tation du saint coran.","datePublished":"2022-04-06T22:46:15+00:00","dateModified":"2022-04-06T22:46:15+00:00","mainEntityOfPage":{"@id":"https:\/\/universnews224.com\/index.php\/le-president-de-la-transition-lance-le-40eme-edition-de-concours-national-de-memorisation-de-lecture-et-dinterpretation-du-saint-coran\/"},"wordCount":752,"publisher":{"@id":"https:\/\/universnews224.com\/#organization"},"keywords":["La une"],"articleSection":["ACTU","SOCI\u00c9T\u00c9"],"inLanguage":"fr-FR"},{"@type":"WebPage","@id":"https:\/\/universnews224.com\/index.php\/le-president-de-la-transition-lance-le-40eme-edition-de-concours-national-de-memorisation-de-lecture-et-dinterpretation-du-saint-coran\/","url":"https:\/\/universnews224.com\/index.php\/le-president-de-la-transition-lance-le-40eme-edition-de-concours-national-de-memorisation-de-lecture-et-dinterpretation-du-saint-coran\/","name":"Le pr\u00e9sident de la transition lance le 40\u00e8me \u00e9dition de concours national de m\u00e9morisation de lecture et d\u2019interpr\u00e9tation du saint coran. - UNIVERSNEWS224","isPartOf":{"@id":"https:\/\/universnews224.com\/#website"},"datePublished":"2022-04-06T22:46:15+00:00","dateModified":"2022-04-06T22:46:15+00:00","inLanguage":"fr-FR","potentialAction":[{"@type":"ReadAction","target":["https:\/\/universnews224.com\/index.php\/le-president-de-la-transition-lance-le-40eme-edition-de-concours-national-de-memorisation-de-lecture-et-dinterpretation-du-saint-coran\/"]}]},{"@type":"WebSite","@id":"https:\/\/universnews224.com\/#website","url":"https:\/\/universnews224.com\/","name":"UNIVERSNEWS224","description":"","publisher":{"@id":"https:\/\/universnews224.com\/#organization"},"potentialAction":[{"@type":"SearchAction","target":{"@type":"EntryPoint","urlTemplate":"https:\/\/universnews224.com\/?s={search_term_string}"},"query-input":"required name=search_term_string"}],"inLanguage":"fr-FR"},{"@type":"Organization","@id":"https:\/\/universnews224.com\/#organization","name":"UNIVERSNEWS224","url":"https:\/\/universnews224.com\/","logo":{"@type":"ImageObject","inLanguage":"fr-FR","@id":"https:\/\/universnews224.com\/#\/schema\/logo\/image\/","url":"https:\/\/universnews224.com\/wp-content\/uploads\/2022\/08\/cropped-cropped-logoban.jpg","contentUrl":"https:\/\/universnews224.com\/wp-content\/uploads\/2022\/08\/cropped-cropped-logoban.jpg","width":1080,"height":138,"caption":"UNIVERSNEWS224"},"image":{"@id":"https:\/\/universnews224.com\/#\/schema\/logo\/image\/"}},{"@type":"Person","@id":"https:\/\/universnews224.com\/#\/schema\/person\/a4b7d4f94a4716df60456a491260485e","name":"La R\u00e9daction","image":{"@type":"ImageObject","inLanguage":"fr-FR","@id":"https:\/\/universnews224.com\/#\/schema\/person\/image\/","url":"https:\/\/secure.gravatar.com\/avatar\/edb90acc7752b23e1b3307ad36c14f0d?s=96&d=mm&r=g","contentUrl":"https:\/\/secure.gravatar.com\/avatar\/edb90acc7752b23e1b3307ad36c14f0d?s=96&d=mm&r=g","caption":"La R\u00e9daction"},"sameAs":["https:\/\/universnews224.com"],"url":"https:\/\/universnews224.com\/index.php\/author\/m-camara\/"}]}},"_links":{"self":[{"href":"https:\/\/universnews224.com\/index.php\/wp-json\/wp\/v2\/posts\/1134"}],"collection":[{"href":"https:\/\/universnews224.com\/index.php\/wp-json\/wp\/v2\/posts"}],"about":[{"href":"https:\/\/universnews224.com\/index.php\/wp-json\/wp\/v2\/types\/post"}],"author":[{"embeddable":true,"href":"https:\/\/universnews224.com\/index.php\/wp-json\/wp\/v2\/users\/2"}],"replies":[{"embeddable":true,"href":"https:\/\/universnews224.com\/index.php\/wp-json\/wp\/v2\/comments?post=1134"}],"version-history":[{"count":1,"href":"https:\/\/universnews224.com\/index.php\/wp-json\/wp\/v2\/posts\/1134\/revisions"}],"predecessor-version":[{"id":1137,"href":"https:\/\/universnews224.com\/index.php\/wp-json\/wp\/v2\/posts\/1134\/revisions\/1137"}],"wp:featuredmedia":[{"embeddable":true,"href":"https:\/\/universnews224.com\/index.php\/wp-json\/wp\/v2\/media\/1136"}],"wp:attachment":[{"href":"https:\/\/universnews224.com\/index.php\/wp-json\/wp\/v2\/media?parent=1134"}],"wp:term":[{"taxonomy":"category","embeddable":true,"href":"https:\/\/universnews224.com\/index.php\/wp-json\/wp\/v2\/categories?post=1134"},{"taxonomy":"post_tag","embeddable":true,"href":"https:\/\/universnews224.com\/index.php\/wp-json\/wp\/v2\/tags?post=1134"}],"curies":[{"name":"wp","href":"https:\/\/api.w.org\/{rel}","templated":true}]}}