{"id":1144,"date":"2022-04-08T16:59:46","date_gmt":"2022-04-08T15:59:46","guid":{"rendered":"https:\/\/universnews224.com\/?p=1144"},"modified":"2022-04-08T17:04:40","modified_gmt":"2022-04-08T16:04:40","slug":"dixinn-port-1-le-gouvernement-pose-la-premiere-pierre-dune-ecole-moderne","status":"publish","type":"post","link":"https:\/\/universnews224.com\/index.php\/dixinn-port-1-le-gouvernement-pose-la-premiere-pierre-dune-ecole-moderne\/","title":{"rendered":"Dixinn Port 1 : le Gouvernement pose la premi\u00e8re pierre d\u2019une \u00e9cole moderne."},"content":{"rendered":"<div dir=\"ltr\">Le Ministre de l\u2019Enseignement Pr\u00e9-Universitaire et l\u2019Alphab\u00e9tisation, Guillaume Having, a proc\u00e9d\u00e9 ce vendredi, 8 avril 2022 \u00e0 la pose de la premi\u00e8re pri\u00e8re d\u2019une \u00e9cole primaire moderne, sur les ruines de l\u2019ancienne r\u00e9sidence du pr\u00e9sident de l\u2019UFDG \u00e0 Dixinn port 1.<\/div>\n<div dir=\"ltr\">\n<p>Cette \u00e9cole moderne sera compos\u00e9e 18 salles de classes avec une biblioth\u00e8que, des salles informatiques, une cantine, des aires de jeu, pour un d\u00e9lai de six (6) mois.Cette c\u00e9r\u00e9monie de pose de la premi\u00e8re pri\u00e8re a connu la pr\u00e9sence du ministre des infrastructures et des transport Yaya Sow, le ministre du commerce, Bernard Gomou, Madame la gouverneur de la ville de Conakry, le maire de la commune de Dixinn Samba Sow, les responsables de la DCE et l\u2019IRE de Dixinn, le repr\u00e9sentant r\u00e9gional de l\u2019APEA et des parents d\u2019\u00e9l\u00e8ves.<\/p>\n<p>Dans discours de circonstance, le maire de la commune de Dixinn, Mamadou Samba Diallo a remerci\u00e9 le pr\u00e9sident de la transition, Colonel Mamadi Doumbouya pour ce geste en faveur de la population de Dixinn, avant de d\u00e9clarer que la construction de cette \u00e9cole va combler le d\u00e9ficit <a href=\"https:\/\/universnews224.com\/wp-content\/uploads\/2022\/04\/2E61E861-31FE-4144-AF7A-4C4720FF1CC7.jpeg\"><img loading=\"lazy\" class=\"alignnone size-medium wp-image-1145\" src=\"https:\/\/universnews224.com\/wp-content\/uploads\/2022\/04\/2E61E861-31FE-4144-AF7A-4C4720FF1CC7-300x169.jpeg\" alt=\"\" width=\"300\" height=\"169\" srcset=\"https:\/\/universnews224.com\/wp-content\/uploads\/2022\/04\/2E61E861-31FE-4144-AF7A-4C4720FF1CC7-300x169.jpeg 300w, https:\/\/universnews224.com\/wp-content\/uploads\/2022\/04\/2E61E861-31FE-4144-AF7A-4C4720FF1CC7-1024x576.jpeg 1024w, https:\/\/universnews224.com\/wp-content\/uploads\/2022\/04\/2E61E861-31FE-4144-AF7A-4C4720FF1CC7-768x432.jpeg 768w, https:\/\/universnews224.com\/wp-content\/uploads\/2022\/04\/2E61E861-31FE-4144-AF7A-4C4720FF1CC7-800x450.jpeg 800w, https:\/\/universnews224.com\/wp-content\/uploads\/2022\/04\/2E61E861-31FE-4144-AF7A-4C4720FF1CC7.jpeg 1080w\" sizes=\"(max-width: 300px) 100vw, 300px\" \/><\/a>d\u2019infrastructures scolaires dans sa commune.<\/p>\n<p>\u201cLa pose de la premi\u00e8re pri\u00e8re pour la construction de cet \u00e9difice scolaire est un \u00e9v\u00e9nement majeur pour la commune de Dixinn, dans la mesure o\u00f9 elle est manque consid\u00e9rablement surtout de coll\u00e8ges et lyc\u00e9es publiques. Je suis persuad\u00e9 que la construction de cette \u00e9cole publique permettra aux parents d\u2019\u00e9coles d\u2019y inscrire leurs enfants \u00e0 moins frais. Le Pr\u00e9sident, depuis votre av\u00e8nement au pouvoir le 05 Septembre 2021, nul n\u2019ignore l\u2019importance que vous accordez \u00e0 la formation de nos enfants, aussi bien dans les Universit\u00e9s que dans les \u00e9coles professionnelles. Donc, la population de Dixinn n\u2019est pas surprise du don de cette \u00e9cole qui tr\u00e8s s\u00fbrement va r\u00e9duire le d\u00e9ficit d\u2019infrastructures scolaires dans notre Commune. C\u2019est pourquoi, au nom de la population de Dixinn, je tiens \u00e0 vous remercier tr\u00e8s chaleureusement pour cette g\u00e9n\u00e9rosit\u00e9, dont vous venez de faire montre \u00e0 notre endroit. Par ma voix, la population de Dixinn vous remercie et vous assure de son total soutien au processus de la transition que vous avez bien voulu mettre en place pour un retour \u00e0 l\u2019ordre constitutionnel \u00a0\u00bb a t-il soulign\u00e9.<\/p>\n<p><a href=\"https:\/\/universnews224.com\/wp-content\/uploads\/2022\/04\/C799C373-355A-482D-8FAC-0E53A077EDDC.jpeg\"><img loading=\"lazy\" class=\"alignnone size-medium wp-image-1146\" src=\"https:\/\/universnews224.com\/wp-content\/uploads\/2022\/04\/C799C373-355A-482D-8FAC-0E53A077EDDC-300x169.jpeg\" alt=\"\" width=\"300\" height=\"169\" srcset=\"https:\/\/universnews224.com\/wp-content\/uploads\/2022\/04\/C799C373-355A-482D-8FAC-0E53A077EDDC-300x169.jpeg 300w, https:\/\/universnews224.com\/wp-content\/uploads\/2022\/04\/C799C373-355A-482D-8FAC-0E53A077EDDC-1024x576.jpeg 1024w, https:\/\/universnews224.com\/wp-content\/uploads\/2022\/04\/C799C373-355A-482D-8FAC-0E53A077EDDC-768x432.jpeg 768w, https:\/\/universnews224.com\/wp-content\/uploads\/2022\/04\/C799C373-355A-482D-8FAC-0E53A077EDDC-800x450.jpeg 800w, https:\/\/universnews224.com\/wp-content\/uploads\/2022\/04\/C799C373-355A-482D-8FAC-0E53A077EDDC.jpeg 1080w\" sizes=\"(max-width: 300px) 100vw, 300px\" \/><\/a><\/p>\n<p>Pour sa part, le Ministre de l\u2019Enseignement pr\u00e9-universitaire et de l\u2019Alphab\u00e9tisation Guillaume Having a rappel\u00e9 que la question des infrastructures et \u00e9quipements scolaires fait partie des d\u00e9fis majeurs auxquels le syst\u00e8me \u00e9ducatif guin\u00e9en est confront\u00e9. C\u2019est pourquoi dit-il l\u2019\u00e9tape de la commune de Dixinn constitue donc, le point de d\u00e9part de ce vaste programme d\u2019infrastructures et d\u2019\u00e9quipements scolaires.<\/p>\n<p>\u201cLa question des infrastructures \u00e9quipements scolaires fait partie des d\u00e9fis majeurs auxquels notre syst\u00e8me \u00e9ducatif est confront\u00e9, ce qui prive pr\u00e8s de deux millions d\u2019enfants en \u00e2ge scolaire de : droit \u00e0 l\u2019\u00e9ducation, selon le diagnostic du Syst\u00e8meEducatifNational(RES 2019).Le Pr\u00e9sident de la transition a donn\u00e9 des instructions fermes au gouvernement d\u2019\u00e9laborer un programme d\u2019urgence de construction et d\u2019\u00e9quipement de nouvelles \u00e9coles dont la premi\u00e8re phase de cette initiative concerne un projet de r\u00e9alisation de 1000 salles de classe \u00e0 travers tout le pays. La construction d\u2019une \u00e9cole dans une communaut\u00e9 est un acte majeur pour l\u2019avenir des enfants de ladite communaut\u00e9. L\u2019\u00e9tape de la commune de Dixinn constitue donc le point de d\u00e9part de ce vaste programme d\u2019infrastructures et \u00e9quipements scolaires. Cette action s\u2019inscrit en droite ligne de la lettre mission adress\u00e9e \u00e0 mon D\u00e9partement par Monsieur le Premier Ministre, Chef du Gouvernement Mohamed BEAVOGUI et du programme d\u00e9cennal de l\u2019\u00e9ducation (ProDEG 2020-2029) \u00e0 travers l\u2019axe prioritaire \u00ab Acc\u00e8s \u00e9quitable \u00e0 l\u2019enseignement g\u00e9n\u00e9ral. L\u2019implantation de cette \u00e9cole publique dans ce quartier, vient mettre fin \u00e0 la souffrance de nombreux enfants et parents d\u2019\u00e9l\u00e8ves, contraints de parcourir de longue distance pour recevoir les cours ou de s\u2019inscrire dans un \u00e9tablissement d\u2019enseignement priv\u00e9 souvent une charge \u00e9norme pour certaines familles. Aussi, il est important de souligner qu\u2019\u00e0 Dixinn, sur 96 \u00e9coles primaires, seulement 17 \u00e9coles sont publiques pour un effectif de 15 121 \u00e9l\u00e8ves contre 18 971 au priv\u00e9\u00a0\u00bb a t-il expliqu\u00e9.<\/p>\n<\/div>\n<div dir=\"ltr\"><\/div>\n<div dir=\"ltr\">Mamadouba Camara<\/div>\n<div dir=\"ltr\">\n<p>611 46 04 10<\/p>\n<\/div>\n","protected":false},"excerpt":{"rendered":"<p>Le Ministre de l\u2019Enseignement Pr\u00e9-Universitaire et l\u2019Alphab\u00e9tisation, Guillaume Having, a proc\u00e9d\u00e9 ce vendredi, 8 avril<\/p>\n","protected":false},"author":2,"featured_media":1147,"comment_status":"closed","ping_status":"open","sticky":false,"template":"","format":"standard","meta":[],"categories":[3,5],"tags":[229],"yoast_head":"<!-- This site is optimized with the Yoast SEO plugin v19.13 - https:\/\/yoast.com\/wordpress\/plugins\/seo\/ -->\n<title>Dixinn Port 1 : le Gouvernement pose la premi\u00e8re pierre d\u2019une \u00e9cole moderne. - UNIVERSNEWS224<\/title>\n<meta name=\"robots\" content=\"index, follow, max-snippet:-1, max-image-preview:large, max-video-preview:-1\" \/>\n<link rel=\"canonical\" href=\"https:\/\/universnews224.com\/index.php\/dixinn-port-1-le-gouvernement-pose-la-premiere-pierre-dune-ecole-moderne\/\" \/>\n<meta property=\"og:locale\" content=\"fr_FR\" \/>\n<meta property=\"og:type\" content=\"article\" \/>\n<meta property=\"og:title\" content=\"Dixinn Port 1 : le Gouvernement pose la premi\u00e8re pierre d\u2019une \u00e9cole moderne. - UNIVERSNEWS224\" \/>\n<meta property=\"og:description\" content=\"Le Ministre de l\u2019Enseignement Pr\u00e9-Universitaire et l\u2019Alphab\u00e9tisation, Guillaume Having, a proc\u00e9d\u00e9 ce vendredi, 8 avril\" \/>\n<meta property=\"og:url\" content=\"https:\/\/universnews224.com\/index.php\/dixinn-port-1-le-gouvernement-pose-la-premiere-pierre-dune-ecole-moderne\/\" \/>\n<meta property=\"og:site_name\" content=\"UNIVERSNEWS224\" \/>\n<meta property=\"article:published_time\" content=\"2022-04-08T15:59:46+00:00\" \/>\n<meta property=\"article:modified_time\" content=\"2022-04-08T16:04:40+00:00\" \/>\n<meta property=\"og:image\" content=\"https:\/\/universnews224.com\/wp-content\/uploads\/2022\/04\/9BE11AE9-65C7-4DD5-8B50-FB7243673385.jpeg\" \/>\n\t<meta property=\"og:image:width\" content=\"1080\" \/>\n\t<meta property=\"og:image:height\" content=\"607\" \/>\n\t<meta property=\"og:image:type\" content=\"image\/jpeg\" \/>\n<meta name=\"author\" content=\"La R\u00e9daction\" \/>\n<meta name=\"twitter:label1\" content=\"\u00c9crit par\" \/>\n\t<meta name=\"twitter:data1\" content=\"La R\u00e9daction\" \/>\n\t<meta name=\"twitter:label2\" content=\"Dur\u00e9e de lecture estim\u00e9e\" \/>\n\t<meta name=\"twitter:data2\" content=\"4 minutes\" \/>\n<script type=\"application\/ld+json\" class=\"yoast-schema-graph\">{\"@context\":\"https:\/\/schema.org\",\"@graph\":[{\"@type\":\"Article\",\"@id\":\"https:\/\/universnews224.com\/index.php\/dixinn-port-1-le-gouvernement-pose-la-premiere-pierre-dune-ecole-moderne\/#article\",\"isPartOf\":{\"@id\":\"https:\/\/universnews224.com\/index.php\/dixinn-port-1-le-gouvernement-pose-la-premiere-pierre-dune-ecole-moderne\/\"},\"author\":{\"name\":\"La R\u00e9daction\",\"@id\":\"https:\/\/universnews224.com\/#\/schema\/person\/a4b7d4f94a4716df60456a491260485e\"},\"headline\":\"Dixinn Port 1 : le Gouvernement pose la premi\u00e8re pierre d\u2019une \u00e9cole moderne.\",\"datePublished\":\"2022-04-08T15:59:46+00:00\",\"dateModified\":\"2022-04-08T16:04:40+00:00\",\"mainEntityOfPage\":{\"@id\":\"https:\/\/universnews224.com\/index.php\/dixinn-port-1-le-gouvernement-pose-la-premiere-pierre-dune-ecole-moderne\/\"},\"wordCount\":748,\"publisher\":{\"@id\":\"https:\/\/universnews224.com\/#organization\"},\"keywords\":[\"La une\"],\"articleSection\":[\"ACTU\",\"SOCI\u00c9T\u00c9\"],\"inLanguage\":\"fr-FR\"},{\"@type\":\"WebPage\",\"@id\":\"https:\/\/universnews224.com\/index.php\/dixinn-port-1-le-gouvernement-pose-la-premiere-pierre-dune-ecole-moderne\/\",\"url\":\"https:\/\/universnews224.com\/index.php\/dixinn-port-1-le-gouvernement-pose-la-premiere-pierre-dune-ecole-moderne\/\",\"name\":\"Dixinn Port 1 : le Gouvernement pose la premi\u00e8re pierre d\u2019une \u00e9cole moderne. - UNIVERSNEWS224\",\"isPartOf\":{\"@id\":\"https:\/\/universnews224.com\/#website\"},\"datePublished\":\"2022-04-08T15:59:46+00:00\",\"dateModified\":\"2022-04-08T16:04:40+00:00\",\"inLanguage\":\"fr-FR\",\"potentialAction\":[{\"@type\":\"ReadAction\",\"target\":[\"https:\/\/universnews224.com\/index.php\/dixinn-port-1-le-gouvernement-pose-la-premiere-pierre-dune-ecole-moderne\/\"]}]},{\"@type\":\"WebSite\",\"@id\":\"https:\/\/universnews224.com\/#website\",\"url\":\"https:\/\/universnews224.com\/\",\"name\":\"UNIVERSNEWS224\",\"description\":\"\",\"publisher\":{\"@id\":\"https:\/\/universnews224.com\/#organization\"},\"potentialAction\":[{\"@type\":\"SearchAction\",\"target\":{\"@type\":\"EntryPoint\",\"urlTemplate\":\"https:\/\/universnews224.com\/?s={search_term_string}\"},\"query-input\":\"required name=search_term_string\"}],\"inLanguage\":\"fr-FR\"},{\"@type\":\"Organization\",\"@id\":\"https:\/\/universnews224.com\/#organization\",\"name\":\"UNIVERSNEWS224\",\"url\":\"https:\/\/universnews224.com\/\",\"logo\":{\"@type\":\"ImageObject\",\"inLanguage\":\"fr-FR\",\"@id\":\"https:\/\/universnews224.com\/#\/schema\/logo\/image\/\",\"url\":\"https:\/\/universnews224.com\/wp-content\/uploads\/2022\/08\/cropped-cropped-logoban.jpg\",\"contentUrl\":\"https:\/\/universnews224.com\/wp-content\/uploads\/2022\/08\/cropped-cropped-logoban.jpg\",\"width\":1080,\"height\":138,\"caption\":\"UNIVERSNEWS224\"},\"image\":{\"@id\":\"https:\/\/universnews224.com\/#\/schema\/logo\/image\/\"}},{\"@type\":\"Person\",\"@id\":\"https:\/\/universnews224.com\/#\/schema\/person\/a4b7d4f94a4716df60456a491260485e\",\"name\":\"La R\u00e9daction\",\"image\":{\"@type\":\"ImageObject\",\"inLanguage\":\"fr-FR\",\"@id\":\"https:\/\/universnews224.com\/#\/schema\/person\/image\/\",\"url\":\"https:\/\/secure.gravatar.com\/avatar\/edb90acc7752b23e1b3307ad36c14f0d?s=96&d=mm&r=g\",\"contentUrl\":\"https:\/\/secure.gravatar.com\/avatar\/edb90acc7752b23e1b3307ad36c14f0d?s=96&d=mm&r=g\",\"caption\":\"La R\u00e9daction\"},\"sameAs\":[\"https:\/\/universnews224.com\"],\"url\":\"https:\/\/universnews224.com\/index.php\/author\/m-camara\/\"}]}<\/script>\n<!-- \/ Yoast SEO plugin. -->","yoast_head_json":{"title":"Dixinn Port 1 : le Gouvernement pose la premi\u00e8re pierre d\u2019une \u00e9cole moderne. - UNIVERSNEWS224","robots":{"index":"index","follow":"follow","max-snippet":"max-snippet:-1","max-image-preview":"max-image-preview:large","max-video-preview":"max-video-preview:-1"},"canonical":"https:\/\/universnews224.com\/index.php\/dixinn-port-1-le-gouvernement-pose-la-premiere-pierre-dune-ecole-moderne\/","og_locale":"fr_FR","og_type":"article","og_title":"Dixinn Port 1 : le Gouvernement pose la premi\u00e8re pierre d\u2019une \u00e9cole moderne. - UNIVERSNEWS224","og_description":"Le Ministre de l\u2019Enseignement Pr\u00e9-Universitaire et l\u2019Alphab\u00e9tisation, Guillaume Having, a proc\u00e9d\u00e9 ce vendredi, 8 avril","og_url":"https:\/\/universnews224.com\/index.php\/dixinn-port-1-le-gouvernement-pose-la-premiere-pierre-dune-ecole-moderne\/","og_site_name":"UNIVERSNEWS224","article_published_time":"2022-04-08T15:59:46+00:00","article_modified_time":"2022-04-08T16:04:40+00:00","og_image":[{"width":1080,"height":607,"url":"https:\/\/universnews224.com\/wp-content\/uploads\/2022\/04\/9BE11AE9-65C7-4DD5-8B50-FB7243673385.jpeg","type":"image\/jpeg"}],"author":"La R\u00e9daction","twitter_misc":{"\u00c9crit par":"La R\u00e9daction","Dur\u00e9e de lecture estim\u00e9e":"4 minutes"},"schema":{"@context":"https:\/\/schema.org","@graph":[{"@type":"Article","@id":"https:\/\/universnews224.com\/index.php\/dixinn-port-1-le-gouvernement-pose-la-premiere-pierre-dune-ecole-moderne\/#article","isPartOf":{"@id":"https:\/\/universnews224.com\/index.php\/dixinn-port-1-le-gouvernement-pose-la-premiere-pierre-dune-ecole-moderne\/"},"author":{"name":"La R\u00e9daction","@id":"https:\/\/universnews224.com\/#\/schema\/person\/a4b7d4f94a4716df60456a491260485e"},"headline":"Dixinn Port 1 : le Gouvernement pose la premi\u00e8re pierre d\u2019une \u00e9cole moderne.","datePublished":"2022-04-08T15:59:46+00:00","dateModified":"2022-04-08T16:04:40+00:00","mainEntityOfPage":{"@id":"https:\/\/universnews224.com\/index.php\/dixinn-port-1-le-gouvernement-pose-la-premiere-pierre-dune-ecole-moderne\/"},"wordCount":748,"publisher":{"@id":"https:\/\/universnews224.com\/#organization"},"keywords":["La une"],"articleSection":["ACTU","SOCI\u00c9T\u00c9"],"inLanguage":"fr-FR"},{"@type":"WebPage","@id":"https:\/\/universnews224.com\/index.php\/dixinn-port-1-le-gouvernement-pose-la-premiere-pierre-dune-ecole-moderne\/","url":"https:\/\/universnews224.com\/index.php\/dixinn-port-1-le-gouvernement-pose-la-premiere-pierre-dune-ecole-moderne\/","name":"Dixinn Port 1 : le Gouvernement pose la premi\u00e8re pierre d\u2019une \u00e9cole moderne. - UNIVERSNEWS224","isPartOf":{"@id":"https:\/\/universnews224.com\/#website"},"datePublished":"2022-04-08T15:59:46+00:00","dateModified":"2022-04-08T16:04:40+00:00","inLanguage":"fr-FR","potentialAction":[{"@type":"ReadAction","target":["https:\/\/universnews224.com\/index.php\/dixinn-port-1-le-gouvernement-pose-la-premiere-pierre-dune-ecole-moderne\/"]}]},{"@type":"WebSite","@id":"https:\/\/universnews224.com\/#website","url":"https:\/\/universnews224.com\/","name":"UNIVERSNEWS224","description":"","publisher":{"@id":"https:\/\/universnews224.com\/#organization"},"potentialAction":[{"@type":"SearchAction","target":{"@type":"EntryPoint","urlTemplate":"https:\/\/universnews224.com\/?s={search_term_string}"},"query-input":"required name=search_term_string"}],"inLanguage":"fr-FR"},{"@type":"Organization","@id":"https:\/\/universnews224.com\/#organization","name":"UNIVERSNEWS224","url":"https:\/\/universnews224.com\/","logo":{"@type":"ImageObject","inLanguage":"fr-FR","@id":"https:\/\/universnews224.com\/#\/schema\/logo\/image\/","url":"https:\/\/universnews224.com\/wp-content\/uploads\/2022\/08\/cropped-cropped-logoban.jpg","contentUrl":"https:\/\/universnews224.com\/wp-content\/uploads\/2022\/08\/cropped-cropped-logoban.jpg","width":1080,"height":138,"caption":"UNIVERSNEWS224"},"image":{"@id":"https:\/\/universnews224.com\/#\/schema\/logo\/image\/"}},{"@type":"Person","@id":"https:\/\/universnews224.com\/#\/schema\/person\/a4b7d4f94a4716df60456a491260485e","name":"La R\u00e9daction","image":{"@type":"ImageObject","inLanguage":"fr-FR","@id":"https:\/\/universnews224.com\/#\/schema\/person\/image\/","url":"https:\/\/secure.gravatar.com\/avatar\/edb90acc7752b23e1b3307ad36c14f0d?s=96&d=mm&r=g","contentUrl":"https:\/\/secure.gravatar.com\/avatar\/edb90acc7752b23e1b3307ad36c14f0d?s=96&d=mm&r=g","caption":"La R\u00e9daction"},"sameAs":["https:\/\/universnews224.com"],"url":"https:\/\/universnews224.com\/index.php\/author\/m-camara\/"}]}},"_links":{"self":[{"href":"https:\/\/universnews224.com\/index.php\/wp-json\/wp\/v2\/posts\/1144"}],"collection":[{"href":"https:\/\/universnews224.com\/index.php\/wp-json\/wp\/v2\/posts"}],"about":[{"href":"https:\/\/universnews224.com\/index.php\/wp-json\/wp\/v2\/types\/post"}],"author":[{"embeddable":true,"href":"https:\/\/universnews224.com\/index.php\/wp-json\/wp\/v2\/users\/2"}],"replies":[{"embeddable":true,"href":"https:\/\/universnews224.com\/index.php\/wp-json\/wp\/v2\/comments?post=1144"}],"version-history":[{"count":4,"href":"https:\/\/universnews224.com\/index.php\/wp-json\/wp\/v2\/posts\/1144\/revisions"}],"predecessor-version":[{"id":1151,"href":"https:\/\/universnews224.com\/index.php\/wp-json\/wp\/v2\/posts\/1144\/revisions\/1151"}],"wp:featuredmedia":[{"embeddable":true,"href":"https:\/\/universnews224.com\/index.php\/wp-json\/wp\/v2\/media\/1147"}],"wp:attachment":[{"href":"https:\/\/universnews224.com\/index.php\/wp-json\/wp\/v2\/media?parent=1144"}],"wp:term":[{"taxonomy":"category","embeddable":true,"href":"https:\/\/universnews224.com\/index.php\/wp-json\/wp\/v2\/categories?post=1144"},{"taxonomy":"post_tag","embeddable":true,"href":"https:\/\/universnews224.com\/index.php\/wp-json\/wp\/v2\/tags?post=1144"}],"curies":[{"name":"wp","href":"https:\/\/api.w.org\/{rel}","templated":true}]}}