{"id":1152,"date":"2022-04-08T17:19:02","date_gmt":"2022-04-08T16:19:02","guid":{"rendered":"https:\/\/universnews224.com\/?p=1152"},"modified":"2022-04-08T17:19:02","modified_gmt":"2022-04-08T16:19:02","slug":"maison-centrale-de-conakry-lex-ministre-de-la-defense-dr-diane-gravement-malade-avocat","status":"publish","type":"post","link":"https:\/\/universnews224.com\/index.php\/maison-centrale-de-conakry-lex-ministre-de-la-defense-dr-diane-gravement-malade-avocat\/","title":{"rendered":"Maison centrale de Conakry: \u00ab l\u2019ex-ministre de la d\u00e9fense Dr Dian\u00e9 gravement malade \u00bb (avocat)"},"content":{"rendered":"<p><strong>En d\u00e9tention \u00e0 la Maison centrale de Conakry depuis le 6 Avril dernier\u00a0pour des faits de d\u00e9tournement de deniers publics en compagnie de l\u2019ex-Premier ministre, Ibrahima Kassory Fofana et Cie, l\u2019ex-ministre de la d\u00e9fense nationale, \u00ab\u00a0Dr Mohamed Dian\u00e9 est gravement malade\u00a0\u00bb. L\u2019 information a \u00e9t\u00e9 donn\u00e9e, ce vendredi 08 Avril par Me Sidiki Ber\u00e9t\u00e9, lors de la conf\u00e9rence de presse des avocats charg\u00e9s de la d\u00e9fense des anciens ministres du gouvernement Kassory<\/strong>Fofana.<br \/>\nSelon l\u2019avocat, l\u2019ex ministre d\u2019Etat charg\u00e9 des affaires pr\u00e9sidentielles a subi une intervention chirurgicale il y a de cela 2 semaines. Ce qui, ajoute-t-il, serait \u00e0 l\u2019origine de la d\u00e9gradation de sa sant\u00e9 depuis sa d\u00e9tention.<br \/>\n<em>\u00ab\u00a0Dr Mohamed Dian\u00e9 vient de subir une intervention chirurgicale, \u00e7a ne fait m\u00eame pas deux semaines. On a envoy\u00e9 une copie \u00e0 la gendarmerie d\u2019enqu\u00eate. Le procureur le sait. On a fourni les actes m\u00e9dicaux. Mais il est gravement malade. Donc,\u00a0sa d\u00e9tention serait tr\u00e8s risqu\u00e9e, ce n\u2019est pas normal et plus grave, ce qui est inadmissible, le procureur a tir\u00e9 la r\u00e9orientation sur la base de l\u2019article 462 qui dit que le procureur peut requ\u00e9rir l\u2019ouverture d\u2019une information si l\u2019audience ne peut pas \u00eatre tenue. Mais malheureusement il doit requ\u00e9rir devant la juridiction de jugement, le procureur m\u00eame s\u2019il est sp\u00e9cial n\u2019a pas le pouvoir de saisir une juridiction de jugement et retirer la proc\u00e9dure et envoyer \u00e0 l\u2019information. Ce sont des violations extr\u00eamement graves. La d\u00e9tention n\u2019est pas justifi\u00e9e, actuellement nos clients sont s\u00e9questr\u00e9s, c\u2019est \u00e7a le mot. Parce que quand on est en flagrance, on ne peut pas faire deux mois de va-et-vient \u00e0 la gendarmerie alors que vous \u00eates en flagrance. Pendant ce temps, nos clients dormaient \u00e0 la maison, les passeports sont retir\u00e9s, les comptes sont gel\u00e9s, personne ne peut sortir il n y a pas de risques. Alors si on transf\u00e8re le dossier \u00e0 M. le procureur, il l\u2019oriente en flagrance, s\u2019il doit d\u00e9cider, nous nous exigeons la tenue de l\u2019audience le 11 avril<\/em>\u00ab\u00a0, a d\u00e9clar\u00e9 Me Sidiki Ber\u00e9t\u00e9.<\/p>\n<p>M\u00e9diaguin\u00e9e<\/p>\n","protected":false},"excerpt":{"rendered":"<p>En d\u00e9tention \u00e0 la Maison centrale de Conakry depuis le 6 Avril dernier\u00a0pour des faits<\/p>\n","protected":false},"author":2,"featured_media":1153,"comment_status":"closed","ping_status":"open","sticky":false,"template":"","format":"standard","meta":[],"categories":[3,4],"tags":[229],"yoast_head":"<!-- This site is optimized with the Yoast SEO plugin v19.13 - https:\/\/yoast.com\/wordpress\/plugins\/seo\/ -->\n<title>Maison centrale de Conakry: \u00ab l\u2019ex-ministre de la d\u00e9fense Dr Dian\u00e9 gravement malade \u00bb (avocat) - UNIVERSNEWS224<\/title>\n<meta name=\"robots\" content=\"index, follow, max-snippet:-1, max-image-preview:large, max-video-preview:-1\" \/>\n<link rel=\"canonical\" href=\"https:\/\/universnews224.com\/index.php\/maison-centrale-de-conakry-lex-ministre-de-la-defense-dr-diane-gravement-malade-avocat\/\" \/>\n<meta property=\"og:locale\" content=\"fr_FR\" \/>\n<meta property=\"og:type\" content=\"article\" \/>\n<meta property=\"og:title\" content=\"Maison centrale de Conakry: \u00ab l\u2019ex-ministre de la d\u00e9fense Dr Dian\u00e9 gravement malade \u00bb (avocat) - UNIVERSNEWS224\" \/>\n<meta property=\"og:description\" content=\"En d\u00e9tention \u00e0 la Maison centrale de Conakry depuis le 6 Avril dernier\u00a0pour des faits\" \/>\n<meta property=\"og:url\" content=\"https:\/\/universnews224.com\/index.php\/maison-centrale-de-conakry-lex-ministre-de-la-defense-dr-diane-gravement-malade-avocat\/\" \/>\n<meta property=\"og:site_name\" content=\"UNIVERSNEWS224\" \/>\n<meta property=\"article:published_time\" content=\"2022-04-08T16:19:02+00:00\" \/>\n<meta property=\"og:image\" content=\"https:\/\/universnews224.com\/wp-content\/uploads\/2022\/04\/0EDC3A1B-34A2-4093-8DB6-EBA1DE1473CD.jpeg\" \/>\n\t<meta property=\"og:image:width\" content=\"2048\" \/>\n\t<meta property=\"og:image:height\" content=\"1149\" \/>\n\t<meta property=\"og:image:type\" content=\"image\/jpeg\" \/>\n<meta name=\"author\" content=\"La R\u00e9daction\" \/>\n<meta name=\"twitter:label1\" content=\"\u00c9crit par\" \/>\n\t<meta name=\"twitter:data1\" content=\"La R\u00e9daction\" \/>\n\t<meta name=\"twitter:label2\" content=\"Dur\u00e9e de lecture estim\u00e9e\" \/>\n\t<meta name=\"twitter:data2\" content=\"2 minutes\" \/>\n<script type=\"application\/ld+json\" class=\"yoast-schema-graph\">{\"@context\":\"https:\/\/schema.org\",\"@graph\":[{\"@type\":\"Article\",\"@id\":\"https:\/\/universnews224.com\/index.php\/maison-centrale-de-conakry-lex-ministre-de-la-defense-dr-diane-gravement-malade-avocat\/#article\",\"isPartOf\":{\"@id\":\"https:\/\/universnews224.com\/index.php\/maison-centrale-de-conakry-lex-ministre-de-la-defense-dr-diane-gravement-malade-avocat\/\"},\"author\":{\"name\":\"La R\u00e9daction\",\"@id\":\"https:\/\/universnews224.com\/#\/schema\/person\/a4b7d4f94a4716df60456a491260485e\"},\"headline\":\"Maison centrale de Conakry: \u00ab l\u2019ex-ministre de la d\u00e9fense Dr Dian\u00e9 gravement malade \u00bb (avocat)\",\"datePublished\":\"2022-04-08T16:19:02+00:00\",\"dateModified\":\"2022-04-08T16:19:02+00:00\",\"mainEntityOfPage\":{\"@id\":\"https:\/\/universnews224.com\/index.php\/maison-centrale-de-conakry-lex-ministre-de-la-defense-dr-diane-gravement-malade-avocat\/\"},\"wordCount\":394,\"publisher\":{\"@id\":\"https:\/\/universnews224.com\/#organization\"},\"keywords\":[\"La une\"],\"articleSection\":[\"ACTU\",\"POLITIQUE\"],\"inLanguage\":\"fr-FR\"},{\"@type\":\"WebPage\",\"@id\":\"https:\/\/universnews224.com\/index.php\/maison-centrale-de-conakry-lex-ministre-de-la-defense-dr-diane-gravement-malade-avocat\/\",\"url\":\"https:\/\/universnews224.com\/index.php\/maison-centrale-de-conakry-lex-ministre-de-la-defense-dr-diane-gravement-malade-avocat\/\",\"name\":\"Maison centrale de Conakry: \u00ab l\u2019ex-ministre de la d\u00e9fense Dr Dian\u00e9 gravement malade \u00bb (avocat) - UNIVERSNEWS224\",\"isPartOf\":{\"@id\":\"https:\/\/universnews224.com\/#website\"},\"datePublished\":\"2022-04-08T16:19:02+00:00\",\"dateModified\":\"2022-04-08T16:19:02+00:00\",\"inLanguage\":\"fr-FR\",\"potentialAction\":[{\"@type\":\"ReadAction\",\"target\":[\"https:\/\/universnews224.com\/index.php\/maison-centrale-de-conakry-lex-ministre-de-la-defense-dr-diane-gravement-malade-avocat\/\"]}]},{\"@type\":\"WebSite\",\"@id\":\"https:\/\/universnews224.com\/#website\",\"url\":\"https:\/\/universnews224.com\/\",\"name\":\"UNIVERSNEWS224\",\"description\":\"\",\"publisher\":{\"@id\":\"https:\/\/universnews224.com\/#organization\"},\"potentialAction\":[{\"@type\":\"SearchAction\",\"target\":{\"@type\":\"EntryPoint\",\"urlTemplate\":\"https:\/\/universnews224.com\/?s={search_term_string}\"},\"query-input\":\"required name=search_term_string\"}],\"inLanguage\":\"fr-FR\"},{\"@type\":\"Organization\",\"@id\":\"https:\/\/universnews224.com\/#organization\",\"name\":\"UNIVERSNEWS224\",\"url\":\"https:\/\/universnews224.com\/\",\"logo\":{\"@type\":\"ImageObject\",\"inLanguage\":\"fr-FR\",\"@id\":\"https:\/\/universnews224.com\/#\/schema\/logo\/image\/\",\"url\":\"https:\/\/universnews224.com\/wp-content\/uploads\/2022\/08\/cropped-cropped-logoban.jpg\",\"contentUrl\":\"https:\/\/universnews224.com\/wp-content\/uploads\/2022\/08\/cropped-cropped-logoban.jpg\",\"width\":1080,\"height\":138,\"caption\":\"UNIVERSNEWS224\"},\"image\":{\"@id\":\"https:\/\/universnews224.com\/#\/schema\/logo\/image\/\"}},{\"@type\":\"Person\",\"@id\":\"https:\/\/universnews224.com\/#\/schema\/person\/a4b7d4f94a4716df60456a491260485e\",\"name\":\"La R\u00e9daction\",\"image\":{\"@type\":\"ImageObject\",\"inLanguage\":\"fr-FR\",\"@id\":\"https:\/\/universnews224.com\/#\/schema\/person\/image\/\",\"url\":\"https:\/\/secure.gravatar.com\/avatar\/edb90acc7752b23e1b3307ad36c14f0d?s=96&d=mm&r=g\",\"contentUrl\":\"https:\/\/secure.gravatar.com\/avatar\/edb90acc7752b23e1b3307ad36c14f0d?s=96&d=mm&r=g\",\"caption\":\"La R\u00e9daction\"},\"sameAs\":[\"https:\/\/universnews224.com\"],\"url\":\"https:\/\/universnews224.com\/index.php\/author\/m-camara\/\"}]}<\/script>\n<!-- \/ Yoast SEO plugin. -->","yoast_head_json":{"title":"Maison centrale de Conakry: \u00ab l\u2019ex-ministre de la d\u00e9fense Dr Dian\u00e9 gravement malade \u00bb (avocat) - UNIVERSNEWS224","robots":{"index":"index","follow":"follow","max-snippet":"max-snippet:-1","max-image-preview":"max-image-preview:large","max-video-preview":"max-video-preview:-1"},"canonical":"https:\/\/universnews224.com\/index.php\/maison-centrale-de-conakry-lex-ministre-de-la-defense-dr-diane-gravement-malade-avocat\/","og_locale":"fr_FR","og_type":"article","og_title":"Maison centrale de Conakry: \u00ab l\u2019ex-ministre de la d\u00e9fense Dr Dian\u00e9 gravement malade \u00bb (avocat) - UNIVERSNEWS224","og_description":"En d\u00e9tention \u00e0 la Maison centrale de Conakry depuis le 6 Avril dernier\u00a0pour des faits","og_url":"https:\/\/universnews224.com\/index.php\/maison-centrale-de-conakry-lex-ministre-de-la-defense-dr-diane-gravement-malade-avocat\/","og_site_name":"UNIVERSNEWS224","article_published_time":"2022-04-08T16:19:02+00:00","og_image":[{"width":2048,"height":1149,"url":"https:\/\/universnews224.com\/wp-content\/uploads\/2022\/04\/0EDC3A1B-34A2-4093-8DB6-EBA1DE1473CD.jpeg","type":"image\/jpeg"}],"author":"La R\u00e9daction","twitter_misc":{"\u00c9crit par":"La R\u00e9daction","Dur\u00e9e de lecture estim\u00e9e":"2 minutes"},"schema":{"@context":"https:\/\/schema.org","@graph":[{"@type":"Article","@id":"https:\/\/universnews224.com\/index.php\/maison-centrale-de-conakry-lex-ministre-de-la-defense-dr-diane-gravement-malade-avocat\/#article","isPartOf":{"@id":"https:\/\/universnews224.com\/index.php\/maison-centrale-de-conakry-lex-ministre-de-la-defense-dr-diane-gravement-malade-avocat\/"},"author":{"name":"La R\u00e9daction","@id":"https:\/\/universnews224.com\/#\/schema\/person\/a4b7d4f94a4716df60456a491260485e"},"headline":"Maison centrale de Conakry: \u00ab l\u2019ex-ministre de la d\u00e9fense Dr Dian\u00e9 gravement malade \u00bb (avocat)","datePublished":"2022-04-08T16:19:02+00:00","dateModified":"2022-04-08T16:19:02+00:00","mainEntityOfPage":{"@id":"https:\/\/universnews224.com\/index.php\/maison-centrale-de-conakry-lex-ministre-de-la-defense-dr-diane-gravement-malade-avocat\/"},"wordCount":394,"publisher":{"@id":"https:\/\/universnews224.com\/#organization"},"keywords":["La une"],"articleSection":["ACTU","POLITIQUE"],"inLanguage":"fr-FR"},{"@type":"WebPage","@id":"https:\/\/universnews224.com\/index.php\/maison-centrale-de-conakry-lex-ministre-de-la-defense-dr-diane-gravement-malade-avocat\/","url":"https:\/\/universnews224.com\/index.php\/maison-centrale-de-conakry-lex-ministre-de-la-defense-dr-diane-gravement-malade-avocat\/","name":"Maison centrale de Conakry: \u00ab l\u2019ex-ministre de la d\u00e9fense Dr Dian\u00e9 gravement malade \u00bb (avocat) - UNIVERSNEWS224","isPartOf":{"@id":"https:\/\/universnews224.com\/#website"},"datePublished":"2022-04-08T16:19:02+00:00","dateModified":"2022-04-08T16:19:02+00:00","inLanguage":"fr-FR","potentialAction":[{"@type":"ReadAction","target":["https:\/\/universnews224.com\/index.php\/maison-centrale-de-conakry-lex-ministre-de-la-defense-dr-diane-gravement-malade-avocat\/"]}]},{"@type":"WebSite","@id":"https:\/\/universnews224.com\/#website","url":"https:\/\/universnews224.com\/","name":"UNIVERSNEWS224","description":"","publisher":{"@id":"https:\/\/universnews224.com\/#organization"},"potentialAction":[{"@type":"SearchAction","target":{"@type":"EntryPoint","urlTemplate":"https:\/\/universnews224.com\/?s={search_term_string}"},"query-input":"required name=search_term_string"}],"inLanguage":"fr-FR"},{"@type":"Organization","@id":"https:\/\/universnews224.com\/#organization","name":"UNIVERSNEWS224","url":"https:\/\/universnews224.com\/","logo":{"@type":"ImageObject","inLanguage":"fr-FR","@id":"https:\/\/universnews224.com\/#\/schema\/logo\/image\/","url":"https:\/\/universnews224.com\/wp-content\/uploads\/2022\/08\/cropped-cropped-logoban.jpg","contentUrl":"https:\/\/universnews224.com\/wp-content\/uploads\/2022\/08\/cropped-cropped-logoban.jpg","width":1080,"height":138,"caption":"UNIVERSNEWS224"},"image":{"@id":"https:\/\/universnews224.com\/#\/schema\/logo\/image\/"}},{"@type":"Person","@id":"https:\/\/universnews224.com\/#\/schema\/person\/a4b7d4f94a4716df60456a491260485e","name":"La R\u00e9daction","image":{"@type":"ImageObject","inLanguage":"fr-FR","@id":"https:\/\/universnews224.com\/#\/schema\/person\/image\/","url":"https:\/\/secure.gravatar.com\/avatar\/edb90acc7752b23e1b3307ad36c14f0d?s=96&d=mm&r=g","contentUrl":"https:\/\/secure.gravatar.com\/avatar\/edb90acc7752b23e1b3307ad36c14f0d?s=96&d=mm&r=g","caption":"La R\u00e9daction"},"sameAs":["https:\/\/universnews224.com"],"url":"https:\/\/universnews224.com\/index.php\/author\/m-camara\/"}]}},"_links":{"self":[{"href":"https:\/\/universnews224.com\/index.php\/wp-json\/wp\/v2\/posts\/1152"}],"collection":[{"href":"https:\/\/universnews224.com\/index.php\/wp-json\/wp\/v2\/posts"}],"about":[{"href":"https:\/\/universnews224.com\/index.php\/wp-json\/wp\/v2\/types\/post"}],"author":[{"embeddable":true,"href":"https:\/\/universnews224.com\/index.php\/wp-json\/wp\/v2\/users\/2"}],"replies":[{"embeddable":true,"href":"https:\/\/universnews224.com\/index.php\/wp-json\/wp\/v2\/comments?post=1152"}],"version-history":[{"count":1,"href":"https:\/\/universnews224.com\/index.php\/wp-json\/wp\/v2\/posts\/1152\/revisions"}],"predecessor-version":[{"id":1154,"href":"https:\/\/universnews224.com\/index.php\/wp-json\/wp\/v2\/posts\/1152\/revisions\/1154"}],"wp:featuredmedia":[{"embeddable":true,"href":"https:\/\/universnews224.com\/index.php\/wp-json\/wp\/v2\/media\/1153"}],"wp:attachment":[{"href":"https:\/\/universnews224.com\/index.php\/wp-json\/wp\/v2\/media?parent=1152"}],"wp:term":[{"taxonomy":"category","embeddable":true,"href":"https:\/\/universnews224.com\/index.php\/wp-json\/wp\/v2\/categories?post=1152"},{"taxonomy":"post_tag","embeddable":true,"href":"https:\/\/universnews224.com\/index.php\/wp-json\/wp\/v2\/tags?post=1152"}],"curies":[{"name":"wp","href":"https:\/\/api.w.org\/{rel}","templated":true}]}}