{"id":1155,"date":"2022-04-08T18:15:11","date_gmt":"2022-04-08T17:15:11","guid":{"rendered":"https:\/\/universnews224.com\/?p=1155"},"modified":"2022-04-08T18:18:06","modified_gmt":"2022-04-08T17:18:06","slug":"compte-rendu-du-conseil-des-ministres-du-jeudi-7-avril-2022","status":"publish","type":"post","link":"https:\/\/universnews224.com\/index.php\/compte-rendu-du-conseil-des-ministres-du-jeudi-7-avril-2022\/","title":{"rendered":"COMPTE RENDU DU CONSEIL DES MINISTRES DU JEUDI 7 AVRIL 2022."},"content":{"rendered":"<p>La Session Ordinaire du Conseil des Ministres s\u2019est tenue ce <b>jeudi 7 avril 2022 de 10H \u00e0 12H<\/b>, sous la haute autorit\u00e9 de son <b>Excellence Monsieur le Pr\u00e9sident du CNRD, Pr\u00e9sident de la Transition, Chef de l\u2019\u00c9tat, Chef Supr\u00eame des Arm\u00e9es, le Colonel Mamadi DOUMBOUYA<\/b>.<\/p>\n<p>Les points suivants \u00e9taient inscrits \u00e0 l\u2019ordre du jour\u00a0:<\/p>\n<p><b>I. MESSAGE DE SON EXCELLENCE MONSIEUR LE PRESIDENT DE LA TRANSITION. <\/b><\/p>\n<p><b>II. COMMUNICATIONS.<\/b><\/p>\n<p><b>III. D\u00c9CISIONS ET RECOMMANDATIONS<\/b><\/p>\n<p><b>IV. DIVERS.<br \/>\n<\/b><\/p>\n<p><b>I.\u00a0\u00a0 <\/b><b>MESSAGE DE SON EXCELLENCE MONSIEUR LE PRESIDENT DE LA TRANSITION.<\/b><\/p>\n<p><b>Le Pr\u00e9sident de la Transition <\/b>a invit\u00e9 les ministres \u00e0 acc\u00e9l\u00e9rer l\u2019ex\u00e9cution du budget de leurs minist\u00e8res respectifs en faisant preuve de responsabilit\u00e9 et en s\u2019appuyant sur les services comp\u00e9tents de leurs d\u00e9partements.<\/p>\n<p><b>Le Chef de l\u2019\u00c9tat <\/b>a demand\u00e9 l\u2019acc\u00e9l\u00e9ration de la mise en \u0153uvre des mesures de relance \u00e9conomique prises par le Gouvernement afin mieux impacter les populations.<\/p>\n<p><b>Le Pr\u00e9sident de la Transition<\/b> a demand\u00e9 au Premier Ministre, Chef du Gouvernement de proc\u00e9der \u00e0 l\u2019\u00e9valuation de l\u2019ensemble des ministres dans les prochaines semaines.<\/p>\n<p><b>Au sujet de la d\u00e9livrance des titres fonciers et des baux, le Chef de l\u2019\u00c9tat<\/b> a insist\u00e9 sur l\u2019acc\u00e9l\u00e9ration du processus de modernisation et de digitalisation ainsi que la reprise de l\u2019\u00e9mission des titres fonciers dans les meilleurs d\u00e9lais.<\/p>\n<p><b>II.\u00a0\u00a0 <\/b><b>COMMUNICATIONS<\/b><\/p>\n<p><b>Le Premier Ministre<\/b> a fait un bref compte rendu de la mission qu\u2019il vient d\u2019effectuer dans les \u00c9mirats Arabes Unis \u00e0 la t\u00eate d\u2019une d\u00e9l\u00e9gation gouvernementale. Dans ce pays du Golfe, le Chef du Gouvernement a honor\u00e9 l\u2019invitation des autorit\u00e9s et anim\u00e9 un panel de haut niveau sur les probl\u00e9matiques de la gouvernance mondiale.<\/p>\n<p><b>Le Chef du Gouvernement<\/b> a fait le constat que la pand\u00e9mie du COVID suivie de la crise en Ukraine, g\u00e9r\u00e8rent un impact non n\u00e9gligeable sur nos \u00e9conomies \u00e0 travers la d\u00e9sorganisation de la chaine logistique mondiale et le rench\u00e9rissement des prix des produits p\u00e9troliers et agricoles.<\/p>\n<p><b>Le Premier Ministre<\/b> a inform\u00e9 le Conseil qu\u2019il a mis \u00e0 profit cette visite pour faire des rencontres bilat\u00e9rales notamment avec les autorit\u00e9s \u00e9miraties. Les \u00e9changes ont port\u00e9 entre autres sur la coop\u00e9ration dans le domaine de l\u2019\u00e9ducation.<\/p>\n<p>Concernant les Assises nationales, <b>le Premier Ministre<\/b> a f\u00e9licit\u00e9 les membres du Gouvernement pour leur implication et inform\u00e9 le Conseil de la tenue de l\u2019atelier d\u2019appropriation du Rapport de la Commission Provisoire de R\u00e9flexion sur la R\u00e9conciliation Nationale pr\u00e9vu dans le cadre des Assises. Afin de garantir la r\u00e9ussite des Assises Nationales, <b>le Chef du Gouvernement<\/b> a demand\u00e9 aux Ministres du pool \u00e9conomique d\u2019y mettre les moyens n\u00e9cessaires. Les autres membres du Gouvernement sont \u00e9galement invit\u00e9s \u00e0 apporter leurs contributions \u00e0 travers leurs d\u00e9partements respectifs.<\/p>\n<p><b>Le Ministre de l\u2019Agriculture et de l\u2019\u00c9levage <\/b>a fait une communication relative \u00e0 la campagne agricole 2022-2023. Il a sollicit\u00e9 l\u2019appui du gouvernement sur les questions suivantes\u00a0:<b> <\/b>la mise \u00e0 disposition de grands domaines agricoles et FAPA\u00a0; la mise \u00e0 disposition des allocations budg\u00e9taires, \u00e9quipements et intrants agricoles susceptibles d\u2019accroitre les rendements \u00e0 travers le Fonds de D\u00e9veloppement agricole (FODA) et la concr\u00e9tisation de l\u2019engouement suscit\u00e9 par le Pr\u00e9sident de la Transition qui a incit\u00e9 les membres du gouvernement \u00e0 mettre en valeur 50 ha de terre agricole.<\/p>\n<p><b>La Ministre de la P\u00eache et de l\u2019\u00c9conomie Maritime a fait une communication relative \u00e0 l\u2019approvisionnement du march\u00e9 en poissons<\/b><\/p>\n<p>La Ministre a propos\u00e9 un certain nombre de mesures qui visent l\u2019all\u00e8gement du panier des m\u00e9nages conform\u00e9ment aux instructions du <b>Pr\u00e9sident de la Transition<\/b> en raison du mois saint de Ramadan, consid\u00e9r\u00e9 comme une p\u00e9riode de forte consommation de poissons.<\/p>\n<p><b>III.\u00a0\u00a0 <\/b><b>D\u00c9CISIONS ET RECOMMANDATIONS<\/b><\/p>\n<p><b>Suite \u00e0 la communication relative \u00e0 la Campagne Agricole 2022-2023\u00a0: <\/b><\/p>\n<p>1.\u00a0\u00a0\u00a0 Il est demand\u00e9 au <b>minist\u00e8re de l\u2019Agriculture et de l\u2019\u00c9levage, au d\u00e9partement de l\u2019Urbanisme et de l\u2019Habitat et au minist\u00e8re de l\u2019Administration du Territoire <\/b>de<b> <\/b>veiller \u00e0 ce que les domaines accord\u00e9s ne d\u00e9passent pas un seuil important en raison des difficult\u00e9s que cela peut occasionner d\u2019un point de vue social et anthropologique au sein de la soci\u00e9t\u00e9 guin\u00e9enne ;<\/p>\n<p>2.\u00a0\u00a0\u00a0 Il est recommand\u00e9 au <b>minist\u00e8re de l\u2019Agriculture et de l\u2019\u00c9levage, au minist\u00e8re de l\u2019Urbanisme et de l\u2019Habitat et au minist\u00e8re de l\u2019Administration du Territoire de <\/b>s\u2019appuyer sur les recommandations des premi\u00e8res conclusions de l\u2019\u00e9tude en cours sur le foncier rural\u00a0pour les prises de d\u00e9cision dans la cession des terres agricoles ;<\/p>\n<p>3.\u00a0\u00a0\u00a0 <b>Le minist\u00e8re de l\u2019\u00c9conomie et le minist\u00e8re du Budget <\/b>sont appel\u00e9s \u00e0<b> <\/b>prendre toutes les dispositions pour financer l\u2019achat d\u2019engrais\u00a0;<\/p>\n<p>4.\u00a0\u00a0\u00a0 Il est demand\u00e9 au <b>minist\u00e8re de l\u2019Agriculture et de l\u2019\u00c9levage et au minist\u00e8re de l\u2019\u00c9conomie et des Finances <\/b>de<b> <\/b>soumettre le projet de d\u00e9cret de cr\u00e9ation du Fonds de d\u00e9veloppement agricole (FODA)\u00a0\u00e0 la haute appr\u00e9ciation du <b>Pr\u00e9sident de la Transition.<\/b><\/p>\n<p>5.\u00a0\u00a0\u00a0 Le <b>minist\u00e8re Agriculture et de l\u2019\u00c9levage <\/b>doit\u00a0<b>:<\/b><\/p>\n<p>a.\u00a0\u00a0 \u00c9largir la Commission interminist\u00e9rielle d\u00e9di\u00e9e aux probl\u00e8mes domaniaux aux minist\u00e8res du Pool \u00e9conomique et financier afin de tenir compte des aspects fiscaux\u00a0;<\/p>\n<p>b.\u00a0\u00a0 Explorer et soumettre des m\u00e9canismes de financement des activit\u00e9s agricoles li\u00e9es \u00e0 l\u2019initiative pr\u00e9sidentielle\u00a0;<\/p>\n<p>c.\u00a0\u00a0\u00a0 \u00c9laborer une politique agricole nationale adoss\u00e9e \u00e0 un programme d\u2019investissement public pour plus de coh\u00e9rence dans les politiques publiques.<\/p>\n<p><b>Suite \u00e0 la communication relative \u00e0 l\u2019approvisionnement du march\u00e9 en poissons\u00a0:<\/b><\/p>\n<p>Le Conseil a demand\u00e9 au <b>Minist\u00e8re de la P\u00eache <\/b>:<\/p>\n<p>1.\u00a0\u00a0\u00a0 De renforcer la collaboration avec les minist\u00e8res du Commerce, du Budget et de la D\u00e9fense pour l\u2019application stricte de l\u2019autorisation d\u2019exportation de poisson\u00a0;<\/p>\n<p>2.\u00a0\u00a0\u00a0 D\u2019approuver la prise d\u2019un acte instituant d\u00e9sormais la vente du poisson au kilogramme sur les places de march\u00e9s\u00a0;<\/p>\n<p>3.\u00a0\u00a0\u00a0 D\u2019approuver l\u2019acc\u00e9l\u00e9ration du processus de r\u00e8glementation du soutage de navire dans la ZEE guin\u00e9enne en collaboration avec la SONAP\u00a0;<\/p>\n<p>4.\u00a0\u00a0\u00a0 De red\u00e9finir la zone de p\u00eache p\u00e9lagique.<\/p>\n<p>Il est demand\u00e9 <b>aux Minist\u00e8res en charge de l\u2019\u00e9ducation<\/b> de conduire la r\u00e9flexion en vue de pr\u00e9parer un programme de coop\u00e9ration dans le domaine de l\u2019\u00e9ducation avec les \u00c9mirats Arabes Unis.<\/p>\n<p><b>IV.\u00a0\u00a0 <\/b><b>DIVERS. <\/b><\/p>\n<p><b>Le Ministre des Infrastructures<\/b> et des <b>Transports <\/b>a inform\u00e9 le Conseil de la pose de la premi\u00e8re pierre de l\u2019\u00e9changeur de Bambeto <span dir=\"ltr\">le 13 avril 2022<\/span> sous le Haut Patronage de <b>Son Excellence Monsieur le Pr\u00e9sident de la Transition<\/b>.<\/p>\n<p><b>Le Ministre<\/b> a \u00e9galement inform\u00e9 le Conseil des instructions du <b>Pr\u00e9sident de la Transition<\/b> de convier <b>A\u00e9roport de Paris <\/b>et<b> Africa Fifty<\/b>, partenaires de notre pays dans la <b>SOGEAG<\/b>, \u00e0 une r\u00e9union de haut niveau <span dir=\"ltr\">le 11 Avril<\/span> dans le cadre de l\u2019extension et la modernisation de l\u2019A\u00e9roport Ahmed S\u00e9kou TOUR\u00c9 de Conakry.<\/p>\n<p><b>La Ministre de la Promotion f\u00e9minine<\/b> a remerci\u00e9 les membres du Gouvernement au nom de <b>la Ministre de l\u2019Environnement<\/b> du soutien dont ils ont fait montre lors du d\u00e9c\u00e8s de son fils.<\/p>\n<p><b>La Ministre des T\u00e9l\u00e9communications et de l\u2019\u00c9conomie Num\u00e9rique<\/b> a inform\u00e9 le Conseil de la tenue de l\u2019atelier de validation de la strat\u00e9gie nationale de lutte contre la cybercriminalit\u00e9.<\/p>\n<p><b>Le Secr\u00e9taire g\u00e9n\u00e9ral des affaires religieuses<\/b>a remerci\u00e9 le Chef de l\u2019\u00c9tat et le Chef du Gouvernement d\u2019avoir lanc\u00e9 officiellement la 40\u00e8me \u00e9dition du concours de lecture, de r\u00e9citation et d\u2019interpr\u00e9tation du Saint Coran.<\/p>\n<p><b>Le Ministre de la Culture<\/b> a inform\u00e9 le Conseil de l\u2019organisation des Journ\u00e9es de r\u00e9flexion sur la culture et les arts en Guin\u00e9e.<\/p>\n<div><\/div>\n<div><\/div>\n<p><b>Conakry, le 7 avril 2022<i><\/i><\/b><\/p>\n<p><b>Ousmane Gaoual DIALLO, Ministre de l\u2019Urbanisme, de l\u2019Habitat et de l\u2019Am\u00e9nagement du Territoire, Porte-Parole du Gouvernement.<\/b><\/p>\n<p><b>Transmis par la Cellule de Communication du Gouvernement.<\/b><\/p>\n<p>&nbsp;<\/p>\n","protected":false},"excerpt":{"rendered":"<p>La Session Ordinaire du Conseil des Ministres s\u2019est tenue ce jeudi 7 avril 2022 de<\/p>\n","protected":false},"author":2,"featured_media":1156,"comment_status":"closed","ping_status":"open","sticky":false,"template":"","format":"standard","meta":[],"categories":[3,4],"tags":[],"yoast_head":"<!-- This site is optimized with the Yoast SEO plugin v19.13 - https:\/\/yoast.com\/wordpress\/plugins\/seo\/ -->\n<title>COMPTE RENDU DU CONSEIL DES MINISTRES DU JEUDI 7 AVRIL 2022. - UNIVERSNEWS224<\/title>\n<meta name=\"robots\" content=\"index, follow, max-snippet:-1, max-image-preview:large, max-video-preview:-1\" \/>\n<link rel=\"canonical\" href=\"https:\/\/universnews224.com\/index.php\/compte-rendu-du-conseil-des-ministres-du-jeudi-7-avril-2022\/\" \/>\n<meta property=\"og:locale\" content=\"fr_FR\" \/>\n<meta property=\"og:type\" content=\"article\" \/>\n<meta property=\"og:title\" content=\"COMPTE RENDU DU CONSEIL DES MINISTRES DU JEUDI 7 AVRIL 2022. - UNIVERSNEWS224\" \/>\n<meta property=\"og:description\" content=\"La Session Ordinaire du Conseil des Ministres s\u2019est tenue ce jeudi 7 avril 2022 de\" \/>\n<meta property=\"og:url\" content=\"https:\/\/universnews224.com\/index.php\/compte-rendu-du-conseil-des-ministres-du-jeudi-7-avril-2022\/\" \/>\n<meta property=\"og:site_name\" content=\"UNIVERSNEWS224\" \/>\n<meta property=\"article:published_time\" content=\"2022-04-08T17:15:11+00:00\" \/>\n<meta property=\"article:modified_time\" content=\"2022-04-08T17:18:06+00:00\" \/>\n<meta property=\"og:image\" content=\"https:\/\/universnews224.com\/wp-content\/uploads\/2022\/04\/87A68E2A-B02D-4516-99FD-DF2E8370BCC7.jpeg\" \/>\n\t<meta property=\"og:image:width\" content=\"1024\" \/>\n\t<meta property=\"og:image:height\" content=\"682\" \/>\n\t<meta property=\"og:image:type\" content=\"image\/jpeg\" \/>\n<meta name=\"author\" content=\"La R\u00e9daction\" \/>\n<meta name=\"twitter:label1\" content=\"\u00c9crit par\" \/>\n\t<meta name=\"twitter:data1\" content=\"La R\u00e9daction\" \/>\n\t<meta name=\"twitter:label2\" content=\"Dur\u00e9e de lecture estim\u00e9e\" \/>\n\t<meta name=\"twitter:data2\" content=\"7 minutes\" \/>\n<script type=\"application\/ld+json\" class=\"yoast-schema-graph\">{\"@context\":\"https:\/\/schema.org\",\"@graph\":[{\"@type\":\"Article\",\"@id\":\"https:\/\/universnews224.com\/index.php\/compte-rendu-du-conseil-des-ministres-du-jeudi-7-avril-2022\/#article\",\"isPartOf\":{\"@id\":\"https:\/\/universnews224.com\/index.php\/compte-rendu-du-conseil-des-ministres-du-jeudi-7-avril-2022\/\"},\"author\":{\"name\":\"La R\u00e9daction\",\"@id\":\"https:\/\/universnews224.com\/#\/schema\/person\/a4b7d4f94a4716df60456a491260485e\"},\"headline\":\"COMPTE RENDU DU CONSEIL DES MINISTRES DU JEUDI 7 AVRIL 2022.\",\"datePublished\":\"2022-04-08T17:15:11+00:00\",\"dateModified\":\"2022-04-08T17:18:06+00:00\",\"mainEntityOfPage\":{\"@id\":\"https:\/\/universnews224.com\/index.php\/compte-rendu-du-conseil-des-ministres-du-jeudi-7-avril-2022\/\"},\"wordCount\":1368,\"publisher\":{\"@id\":\"https:\/\/universnews224.com\/#organization\"},\"articleSection\":[\"ACTU\",\"POLITIQUE\"],\"inLanguage\":\"fr-FR\"},{\"@type\":\"WebPage\",\"@id\":\"https:\/\/universnews224.com\/index.php\/compte-rendu-du-conseil-des-ministres-du-jeudi-7-avril-2022\/\",\"url\":\"https:\/\/universnews224.com\/index.php\/compte-rendu-du-conseil-des-ministres-du-jeudi-7-avril-2022\/\",\"name\":\"COMPTE RENDU DU CONSEIL DES MINISTRES DU JEUDI 7 AVRIL 2022. - UNIVERSNEWS224\",\"isPartOf\":{\"@id\":\"https:\/\/universnews224.com\/#website\"},\"datePublished\":\"2022-04-08T17:15:11+00:00\",\"dateModified\":\"2022-04-08T17:18:06+00:00\",\"inLanguage\":\"fr-FR\",\"potentialAction\":[{\"@type\":\"ReadAction\",\"target\":[\"https:\/\/universnews224.com\/index.php\/compte-rendu-du-conseil-des-ministres-du-jeudi-7-avril-2022\/\"]}]},{\"@type\":\"WebSite\",\"@id\":\"https:\/\/universnews224.com\/#website\",\"url\":\"https:\/\/universnews224.com\/\",\"name\":\"UNIVERSNEWS224\",\"description\":\"\",\"publisher\":{\"@id\":\"https:\/\/universnews224.com\/#organization\"},\"potentialAction\":[{\"@type\":\"SearchAction\",\"target\":{\"@type\":\"EntryPoint\",\"urlTemplate\":\"https:\/\/universnews224.com\/?s={search_term_string}\"},\"query-input\":\"required name=search_term_string\"}],\"inLanguage\":\"fr-FR\"},{\"@type\":\"Organization\",\"@id\":\"https:\/\/universnews224.com\/#organization\",\"name\":\"UNIVERSNEWS224\",\"url\":\"https:\/\/universnews224.com\/\",\"logo\":{\"@type\":\"ImageObject\",\"inLanguage\":\"fr-FR\",\"@id\":\"https:\/\/universnews224.com\/#\/schema\/logo\/image\/\",\"url\":\"https:\/\/universnews224.com\/wp-content\/uploads\/2022\/08\/cropped-cropped-logoban.jpg\",\"contentUrl\":\"https:\/\/universnews224.com\/wp-content\/uploads\/2022\/08\/cropped-cropped-logoban.jpg\",\"width\":1080,\"height\":138,\"caption\":\"UNIVERSNEWS224\"},\"image\":{\"@id\":\"https:\/\/universnews224.com\/#\/schema\/logo\/image\/\"}},{\"@type\":\"Person\",\"@id\":\"https:\/\/universnews224.com\/#\/schema\/person\/a4b7d4f94a4716df60456a491260485e\",\"name\":\"La R\u00e9daction\",\"image\":{\"@type\":\"ImageObject\",\"inLanguage\":\"fr-FR\",\"@id\":\"https:\/\/universnews224.com\/#\/schema\/person\/image\/\",\"url\":\"https:\/\/secure.gravatar.com\/avatar\/edb90acc7752b23e1b3307ad36c14f0d?s=96&d=mm&r=g\",\"contentUrl\":\"https:\/\/secure.gravatar.com\/avatar\/edb90acc7752b23e1b3307ad36c14f0d?s=96&d=mm&r=g\",\"caption\":\"La R\u00e9daction\"},\"sameAs\":[\"https:\/\/universnews224.com\"],\"url\":\"https:\/\/universnews224.com\/index.php\/author\/m-camara\/\"}]}<\/script>\n<!-- \/ Yoast SEO plugin. -->","yoast_head_json":{"title":"COMPTE RENDU DU CONSEIL DES MINISTRES DU JEUDI 7 AVRIL 2022. - UNIVERSNEWS224","robots":{"index":"index","follow":"follow","max-snippet":"max-snippet:-1","max-image-preview":"max-image-preview:large","max-video-preview":"max-video-preview:-1"},"canonical":"https:\/\/universnews224.com\/index.php\/compte-rendu-du-conseil-des-ministres-du-jeudi-7-avril-2022\/","og_locale":"fr_FR","og_type":"article","og_title":"COMPTE RENDU DU CONSEIL DES MINISTRES DU JEUDI 7 AVRIL 2022. - UNIVERSNEWS224","og_description":"La Session Ordinaire du Conseil des Ministres s\u2019est tenue ce jeudi 7 avril 2022 de","og_url":"https:\/\/universnews224.com\/index.php\/compte-rendu-du-conseil-des-ministres-du-jeudi-7-avril-2022\/","og_site_name":"UNIVERSNEWS224","article_published_time":"2022-04-08T17:15:11+00:00","article_modified_time":"2022-04-08T17:18:06+00:00","og_image":[{"width":1024,"height":682,"url":"https:\/\/universnews224.com\/wp-content\/uploads\/2022\/04\/87A68E2A-B02D-4516-99FD-DF2E8370BCC7.jpeg","type":"image\/jpeg"}],"author":"La R\u00e9daction","twitter_misc":{"\u00c9crit par":"La R\u00e9daction","Dur\u00e9e de lecture estim\u00e9e":"7 minutes"},"schema":{"@context":"https:\/\/schema.org","@graph":[{"@type":"Article","@id":"https:\/\/universnews224.com\/index.php\/compte-rendu-du-conseil-des-ministres-du-jeudi-7-avril-2022\/#article","isPartOf":{"@id":"https:\/\/universnews224.com\/index.php\/compte-rendu-du-conseil-des-ministres-du-jeudi-7-avril-2022\/"},"author":{"name":"La R\u00e9daction","@id":"https:\/\/universnews224.com\/#\/schema\/person\/a4b7d4f94a4716df60456a491260485e"},"headline":"COMPTE RENDU DU CONSEIL DES MINISTRES DU JEUDI 7 AVRIL 2022.","datePublished":"2022-04-08T17:15:11+00:00","dateModified":"2022-04-08T17:18:06+00:00","mainEntityOfPage":{"@id":"https:\/\/universnews224.com\/index.php\/compte-rendu-du-conseil-des-ministres-du-jeudi-7-avril-2022\/"},"wordCount":1368,"publisher":{"@id":"https:\/\/universnews224.com\/#organization"},"articleSection":["ACTU","POLITIQUE"],"inLanguage":"fr-FR"},{"@type":"WebPage","@id":"https:\/\/universnews224.com\/index.php\/compte-rendu-du-conseil-des-ministres-du-jeudi-7-avril-2022\/","url":"https:\/\/universnews224.com\/index.php\/compte-rendu-du-conseil-des-ministres-du-jeudi-7-avril-2022\/","name":"COMPTE RENDU DU CONSEIL DES MINISTRES DU JEUDI 7 AVRIL 2022. - UNIVERSNEWS224","isPartOf":{"@id":"https:\/\/universnews224.com\/#website"},"datePublished":"2022-04-08T17:15:11+00:00","dateModified":"2022-04-08T17:18:06+00:00","inLanguage":"fr-FR","potentialAction":[{"@type":"ReadAction","target":["https:\/\/universnews224.com\/index.php\/compte-rendu-du-conseil-des-ministres-du-jeudi-7-avril-2022\/"]}]},{"@type":"WebSite","@id":"https:\/\/universnews224.com\/#website","url":"https:\/\/universnews224.com\/","name":"UNIVERSNEWS224","description":"","publisher":{"@id":"https:\/\/universnews224.com\/#organization"},"potentialAction":[{"@type":"SearchAction","target":{"@type":"EntryPoint","urlTemplate":"https:\/\/universnews224.com\/?s={search_term_string}"},"query-input":"required name=search_term_string"}],"inLanguage":"fr-FR"},{"@type":"Organization","@id":"https:\/\/universnews224.com\/#organization","name":"UNIVERSNEWS224","url":"https:\/\/universnews224.com\/","logo":{"@type":"ImageObject","inLanguage":"fr-FR","@id":"https:\/\/universnews224.com\/#\/schema\/logo\/image\/","url":"https:\/\/universnews224.com\/wp-content\/uploads\/2022\/08\/cropped-cropped-logoban.jpg","contentUrl":"https:\/\/universnews224.com\/wp-content\/uploads\/2022\/08\/cropped-cropped-logoban.jpg","width":1080,"height":138,"caption":"UNIVERSNEWS224"},"image":{"@id":"https:\/\/universnews224.com\/#\/schema\/logo\/image\/"}},{"@type":"Person","@id":"https:\/\/universnews224.com\/#\/schema\/person\/a4b7d4f94a4716df60456a491260485e","name":"La R\u00e9daction","image":{"@type":"ImageObject","inLanguage":"fr-FR","@id":"https:\/\/universnews224.com\/#\/schema\/person\/image\/","url":"https:\/\/secure.gravatar.com\/avatar\/edb90acc7752b23e1b3307ad36c14f0d?s=96&d=mm&r=g","contentUrl":"https:\/\/secure.gravatar.com\/avatar\/edb90acc7752b23e1b3307ad36c14f0d?s=96&d=mm&r=g","caption":"La R\u00e9daction"},"sameAs":["https:\/\/universnews224.com"],"url":"https:\/\/universnews224.com\/index.php\/author\/m-camara\/"}]}},"_links":{"self":[{"href":"https:\/\/universnews224.com\/index.php\/wp-json\/wp\/v2\/posts\/1155"}],"collection":[{"href":"https:\/\/universnews224.com\/index.php\/wp-json\/wp\/v2\/posts"}],"about":[{"href":"https:\/\/universnews224.com\/index.php\/wp-json\/wp\/v2\/types\/post"}],"author":[{"embeddable":true,"href":"https:\/\/universnews224.com\/index.php\/wp-json\/wp\/v2\/users\/2"}],"replies":[{"embeddable":true,"href":"https:\/\/universnews224.com\/index.php\/wp-json\/wp\/v2\/comments?post=1155"}],"version-history":[{"count":1,"href":"https:\/\/universnews224.com\/index.php\/wp-json\/wp\/v2\/posts\/1155\/revisions"}],"predecessor-version":[{"id":1157,"href":"https:\/\/universnews224.com\/index.php\/wp-json\/wp\/v2\/posts\/1155\/revisions\/1157"}],"wp:featuredmedia":[{"embeddable":true,"href":"https:\/\/universnews224.com\/index.php\/wp-json\/wp\/v2\/media\/1156"}],"wp:attachment":[{"href":"https:\/\/universnews224.com\/index.php\/wp-json\/wp\/v2\/media?parent=1155"}],"wp:term":[{"taxonomy":"category","embeddable":true,"href":"https:\/\/universnews224.com\/index.php\/wp-json\/wp\/v2\/categories?post=1155"},{"taxonomy":"post_tag","embeddable":true,"href":"https:\/\/universnews224.com\/index.php\/wp-json\/wp\/v2\/tags?post=1155"}],"curies":[{"name":"wp","href":"https:\/\/api.w.org\/{rel}","templated":true}]}}