{"id":11568,"date":"2026-09-01T21:41:58","date_gmt":"2026-09-01T20:41:58","guid":{"rendered":"https:\/\/universnews224.com\/?p=11568"},"modified":"2026-09-01T21:43:54","modified_gmt":"2026-09-01T20:43:54","slug":"guinee-gambie-le-president-adama-barrow-attendu-ce-mercredi-a-conakry","status":"publish","type":"post","link":"https:\/\/universnews224.com\/index.php\/guinee-gambie-le-president-adama-barrow-attendu-ce-mercredi-a-conakry\/","title":{"rendered":"Guin\u00e9e-Gambie : Le pr\u00e9sident Adama Barrow attendu ce mercredi \u00e0 Conakry"},"content":{"rendered":"<p dir=\"ltr\">Le pr\u00e9sident gambien Adama Barrow effectue ce mercredi 2 septembre 2026 une visite officielle \u00e0 Conakry. Ce d\u00e9placement vise \u00e0 consolider les relations bilat\u00e9rales et \u00e0 dynamiser la coop\u00e9ration strat\u00e9gique entre la Gambie et la Guin\u00e9e.<\/p>\n<p dir=\"ltr\">\u200bSelon les pr\u00e9cisions transmises par la Pr\u00e9sidence guin\u00e9enne ce mardi 1er septembre, ce voyage officiel permettra aux deux chefs d&rsquo;\u00c9tat d&rsquo;aborder plusieurs dossiers d&rsquo;int\u00e9r\u00eat commun et de renforcer le partenariat politique et \u00e9conomique entre Banjul et Conakry.<a href=\"https:\/\/universnews224.com\/wp-content\/uploads\/2026\/09\/FB_IMG_1788293992483.jpg\"><img loading=\"lazy\" class=\"alignnone size-medium wp-image-11569\" src=\"https:\/\/universnews224.com\/wp-content\/uploads\/2026\/09\/FB_IMG_1788293992483-212x300.jpg\" alt=\"\" width=\"212\" height=\"300\" srcset=\"https:\/\/universnews224.com\/wp-content\/uploads\/2026\/09\/FB_IMG_1788293992483-212x300.jpg 212w, https:\/\/universnews224.com\/wp-content\/uploads\/2026\/09\/FB_IMG_1788293992483-725x1024.jpg 725w, https:\/\/universnews224.com\/wp-content\/uploads\/2026\/09\/FB_IMG_1788293992483-768x1085.jpg 768w, https:\/\/universnews224.com\/wp-content\/uploads\/2026\/09\/FB_IMG_1788293992483-1087x1536.jpg 1087w, https:\/\/universnews224.com\/wp-content\/uploads\/2026\/09\/FB_IMG_1788293992483.jpg 1449w\" sizes=\"(max-width: 212px) 100vw, 212px\" \/><\/a><\/p>\n","protected":false},"excerpt":{"rendered":"<p>Le pr\u00e9sident gambien Adama Barrow effectue ce mercredi 2 septembre 2026 une visite officielle \u00e0<\/p>\n","protected":false},"author":2,"featured_media":11572,"comment_status":"closed","ping_status":"open","sticky":false,"template":"","format":"standard","meta":[],"categories":[3,4],"tags":[237],"yoast_head":"<!-- This site is optimized with the Yoast SEO plugin v19.13 - https:\/\/yoast.com\/wordpress\/plugins\/seo\/ -->\n<title>Guin\u00e9e-Gambie : Le pr\u00e9sident Adama Barrow attendu ce mercredi \u00e0 Conakry - UNIVERSNEWS224<\/title>\n<meta name=\"robots\" content=\"index, follow, max-snippet:-1, max-image-preview:large, max-video-preview:-1\" \/>\n<link rel=\"canonical\" href=\"https:\/\/universnews224.com\/index.php\/guinee-gambie-le-president-adama-barrow-attendu-ce-mercredi-a-conakry\/\" \/>\n<meta property=\"og:locale\" content=\"fr_FR\" \/>\n<meta property=\"og:type\" content=\"article\" \/>\n<meta property=\"og:title\" content=\"Guin\u00e9e-Gambie : Le pr\u00e9sident Adama Barrow attendu ce mercredi \u00e0 Conakry - UNIVERSNEWS224\" \/>\n<meta property=\"og:description\" content=\"Le pr\u00e9sident gambien Adama Barrow effectue ce mercredi 2 septembre 2026 une visite officielle \u00e0\" \/>\n<meta property=\"og:url\" content=\"https:\/\/universnews224.com\/index.php\/guinee-gambie-le-president-adama-barrow-attendu-ce-mercredi-a-conakry\/\" \/>\n<meta property=\"og:site_name\" content=\"UNIVERSNEWS224\" \/>\n<meta property=\"article:published_time\" content=\"2026-09-01T20:41:58+00:00\" \/>\n<meta property=\"article:modified_time\" content=\"2026-09-01T20:43:54+00:00\" \/>\n<meta property=\"og:image\" content=\"https:\/\/universnews224.com\/wp-content\/uploads\/2026\/09\/IMG_6575.jpeg\" \/>\n\t<meta property=\"og:image:width\" content=\"750\" \/>\n\t<meta property=\"og:image:height\" content=\"375\" \/>\n\t<meta property=\"og:image:type\" content=\"image\/jpeg\" \/>\n<meta name=\"author\" content=\"La R\u00e9daction\" \/>\n<meta name=\"twitter:label1\" content=\"\u00c9crit par\" \/>\n\t<meta name=\"twitter:data1\" content=\"La R\u00e9daction\" \/>\n\t<meta name=\"twitter:label2\" content=\"Dur\u00e9e de lecture estim\u00e9e\" \/>\n\t<meta name=\"twitter:data2\" content=\"1 minute\" \/>\n<script type=\"application\/ld+json\" class=\"yoast-schema-graph\">{\"@context\":\"https:\/\/schema.org\",\"@graph\":[{\"@type\":\"Article\",\"@id\":\"https:\/\/universnews224.com\/index.php\/guinee-gambie-le-president-adama-barrow-attendu-ce-mercredi-a-conakry\/#article\",\"isPartOf\":{\"@id\":\"https:\/\/universnews224.com\/index.php\/guinee-gambie-le-president-adama-barrow-attendu-ce-mercredi-a-conakry\/\"},\"author\":{\"name\":\"La R\u00e9daction\",\"@id\":\"https:\/\/universnews224.com\/#\/schema\/person\/a4b7d4f94a4716df60456a491260485e\"},\"headline\":\"Guin\u00e9e-Gambie : Le pr\u00e9sident Adama Barrow attendu ce mercredi \u00e0 Conakry\",\"datePublished\":\"2026-09-01T20:41:58+00:00\",\"dateModified\":\"2026-09-01T20:43:54+00:00\",\"mainEntityOfPage\":{\"@id\":\"https:\/\/universnews224.com\/index.php\/guinee-gambie-le-president-adama-barrow-attendu-ce-mercredi-a-conakry\/\"},\"wordCount\":91,\"publisher\":{\"@id\":\"https:\/\/universnews224.com\/#organization\"},\"keywords\":[\"A la une\"],\"articleSection\":[\"ACTU\",\"POLITIQUE\"],\"inLanguage\":\"fr-FR\"},{\"@type\":\"WebPage\",\"@id\":\"https:\/\/universnews224.com\/index.php\/guinee-gambie-le-president-adama-barrow-attendu-ce-mercredi-a-conakry\/\",\"url\":\"https:\/\/universnews224.com\/index.php\/guinee-gambie-le-president-adama-barrow-attendu-ce-mercredi-a-conakry\/\",\"name\":\"Guin\u00e9e-Gambie : Le pr\u00e9sident Adama Barrow attendu ce mercredi \u00e0 Conakry - UNIVERSNEWS224\",\"isPartOf\":{\"@id\":\"https:\/\/universnews224.com\/#website\"},\"datePublished\":\"2026-09-01T20:41:58+00:00\",\"dateModified\":\"2026-09-01T20:43:54+00:00\",\"inLanguage\":\"fr-FR\",\"potentialAction\":[{\"@type\":\"ReadAction\",\"target\":[\"https:\/\/universnews224.com\/index.php\/guinee-gambie-le-president-adama-barrow-attendu-ce-mercredi-a-conakry\/\"]}]},{\"@type\":\"WebSite\",\"@id\":\"https:\/\/universnews224.com\/#website\",\"url\":\"https:\/\/universnews224.com\/\",\"name\":\"UNIVERSNEWS224\",\"description\":\"\",\"publisher\":{\"@id\":\"https:\/\/universnews224.com\/#organization\"},\"potentialAction\":[{\"@type\":\"SearchAction\",\"target\":{\"@type\":\"EntryPoint\",\"urlTemplate\":\"https:\/\/universnews224.com\/?s={search_term_string}\"},\"query-input\":\"required name=search_term_string\"}],\"inLanguage\":\"fr-FR\"},{\"@type\":\"Organization\",\"@id\":\"https:\/\/universnews224.com\/#organization\",\"name\":\"UNIVERSNEWS224\",\"url\":\"https:\/\/universnews224.com\/\",\"logo\":{\"@type\":\"ImageObject\",\"inLanguage\":\"fr-FR\",\"@id\":\"https:\/\/universnews224.com\/#\/schema\/logo\/image\/\",\"url\":\"https:\/\/universnews224.com\/wp-content\/uploads\/2022\/08\/cropped-cropped-logoban.jpg\",\"contentUrl\":\"https:\/\/universnews224.com\/wp-content\/uploads\/2022\/08\/cropped-cropped-logoban.jpg\",\"width\":1080,\"height\":138,\"caption\":\"UNIVERSNEWS224\"},\"image\":{\"@id\":\"https:\/\/universnews224.com\/#\/schema\/logo\/image\/\"}},{\"@type\":\"Person\",\"@id\":\"https:\/\/universnews224.com\/#\/schema\/person\/a4b7d4f94a4716df60456a491260485e\",\"name\":\"La R\u00e9daction\",\"image\":{\"@type\":\"ImageObject\",\"inLanguage\":\"fr-FR\",\"@id\":\"https:\/\/universnews224.com\/#\/schema\/person\/image\/\",\"url\":\"https:\/\/secure.gravatar.com\/avatar\/edb90acc7752b23e1b3307ad36c14f0d?s=96&d=mm&r=g\",\"contentUrl\":\"https:\/\/secure.gravatar.com\/avatar\/edb90acc7752b23e1b3307ad36c14f0d?s=96&d=mm&r=g\",\"caption\":\"La R\u00e9daction\"},\"sameAs\":[\"https:\/\/universnews224.com\"],\"url\":\"https:\/\/universnews224.com\/index.php\/author\/m-camara\/\"}]}<\/script>\n<!-- \/ Yoast SEO plugin. -->","yoast_head_json":{"title":"Guin\u00e9e-Gambie : Le pr\u00e9sident Adama Barrow attendu ce mercredi \u00e0 Conakry - UNIVERSNEWS224","robots":{"index":"index","follow":"follow","max-snippet":"max-snippet:-1","max-image-preview":"max-image-preview:large","max-video-preview":"max-video-preview:-1"},"canonical":"https:\/\/universnews224.com\/index.php\/guinee-gambie-le-president-adama-barrow-attendu-ce-mercredi-a-conakry\/","og_locale":"fr_FR","og_type":"article","og_title":"Guin\u00e9e-Gambie : Le pr\u00e9sident Adama Barrow attendu ce mercredi \u00e0 Conakry - UNIVERSNEWS224","og_description":"Le pr\u00e9sident gambien Adama Barrow effectue ce mercredi 2 septembre 2026 une visite officielle \u00e0","og_url":"https:\/\/universnews224.com\/index.php\/guinee-gambie-le-president-adama-barrow-attendu-ce-mercredi-a-conakry\/","og_site_name":"UNIVERSNEWS224","article_published_time":"2026-09-01T20:41:58+00:00","article_modified_time":"2026-09-01T20:43:54+00:00","og_image":[{"width":750,"height":375,"url":"https:\/\/universnews224.com\/wp-content\/uploads\/2026\/09\/IMG_6575.jpeg","type":"image\/jpeg"}],"author":"La R\u00e9daction","twitter_misc":{"\u00c9crit par":"La R\u00e9daction","Dur\u00e9e de lecture estim\u00e9e":"1 minute"},"schema":{"@context":"https:\/\/schema.org","@graph":[{"@type":"Article","@id":"https:\/\/universnews224.com\/index.php\/guinee-gambie-le-president-adama-barrow-attendu-ce-mercredi-a-conakry\/#article","isPartOf":{"@id":"https:\/\/universnews224.com\/index.php\/guinee-gambie-le-president-adama-barrow-attendu-ce-mercredi-a-conakry\/"},"author":{"name":"La R\u00e9daction","@id":"https:\/\/universnews224.com\/#\/schema\/person\/a4b7d4f94a4716df60456a491260485e"},"headline":"Guin\u00e9e-Gambie : Le pr\u00e9sident Adama Barrow attendu ce mercredi \u00e0 Conakry","datePublished":"2026-09-01T20:41:58+00:00","dateModified":"2026-09-01T20:43:54+00:00","mainEntityOfPage":{"@id":"https:\/\/universnews224.com\/index.php\/guinee-gambie-le-president-adama-barrow-attendu-ce-mercredi-a-conakry\/"},"wordCount":91,"publisher":{"@id":"https:\/\/universnews224.com\/#organization"},"keywords":["A la une"],"articleSection":["ACTU","POLITIQUE"],"inLanguage":"fr-FR"},{"@type":"WebPage","@id":"https:\/\/universnews224.com\/index.php\/guinee-gambie-le-president-adama-barrow-attendu-ce-mercredi-a-conakry\/","url":"https:\/\/universnews224.com\/index.php\/guinee-gambie-le-president-adama-barrow-attendu-ce-mercredi-a-conakry\/","name":"Guin\u00e9e-Gambie : Le pr\u00e9sident Adama Barrow attendu ce mercredi \u00e0 Conakry - UNIVERSNEWS224","isPartOf":{"@id":"https:\/\/universnews224.com\/#website"},"datePublished":"2026-09-01T20:41:58+00:00","dateModified":"2026-09-01T20:43:54+00:00","inLanguage":"fr-FR","potentialAction":[{"@type":"ReadAction","target":["https:\/\/universnews224.com\/index.php\/guinee-gambie-le-president-adama-barrow-attendu-ce-mercredi-a-conakry\/"]}]},{"@type":"WebSite","@id":"https:\/\/universnews224.com\/#website","url":"https:\/\/universnews224.com\/","name":"UNIVERSNEWS224","description":"","publisher":{"@id":"https:\/\/universnews224.com\/#organization"},"potentialAction":[{"@type":"SearchAction","target":{"@type":"EntryPoint","urlTemplate":"https:\/\/universnews224.com\/?s={search_term_string}"},"query-input":"required name=search_term_string"}],"inLanguage":"fr-FR"},{"@type":"Organization","@id":"https:\/\/universnews224.com\/#organization","name":"UNIVERSNEWS224","url":"https:\/\/universnews224.com\/","logo":{"@type":"ImageObject","inLanguage":"fr-FR","@id":"https:\/\/universnews224.com\/#\/schema\/logo\/image\/","url":"https:\/\/universnews224.com\/wp-content\/uploads\/2022\/08\/cropped-cropped-logoban.jpg","contentUrl":"https:\/\/universnews224.com\/wp-content\/uploads\/2022\/08\/cropped-cropped-logoban.jpg","width":1080,"height":138,"caption":"UNIVERSNEWS224"},"image":{"@id":"https:\/\/universnews224.com\/#\/schema\/logo\/image\/"}},{"@type":"Person","@id":"https:\/\/universnews224.com\/#\/schema\/person\/a4b7d4f94a4716df60456a491260485e","name":"La R\u00e9daction","image":{"@type":"ImageObject","inLanguage":"fr-FR","@id":"https:\/\/universnews224.com\/#\/schema\/person\/image\/","url":"https:\/\/secure.gravatar.com\/avatar\/edb90acc7752b23e1b3307ad36c14f0d?s=96&d=mm&r=g","contentUrl":"https:\/\/secure.gravatar.com\/avatar\/edb90acc7752b23e1b3307ad36c14f0d?s=96&d=mm&r=g","caption":"La R\u00e9daction"},"sameAs":["https:\/\/universnews224.com"],"url":"https:\/\/universnews224.com\/index.php\/author\/m-camara\/"}]}},"_links":{"self":[{"href":"https:\/\/universnews224.com\/index.php\/wp-json\/wp\/v2\/posts\/11568"}],"collection":[{"href":"https:\/\/universnews224.com\/index.php\/wp-json\/wp\/v2\/posts"}],"about":[{"href":"https:\/\/universnews224.com\/index.php\/wp-json\/wp\/v2\/types\/post"}],"author":[{"embeddable":true,"href":"https:\/\/universnews224.com\/index.php\/wp-json\/wp\/v2\/users\/2"}],"replies":[{"embeddable":true,"href":"https:\/\/universnews224.com\/index.php\/wp-json\/wp\/v2\/comments?post=11568"}],"version-history":[{"count":1,"href":"https:\/\/universnews224.com\/index.php\/wp-json\/wp\/v2\/posts\/11568\/revisions"}],"predecessor-version":[{"id":11570,"href":"https:\/\/universnews224.com\/index.php\/wp-json\/wp\/v2\/posts\/11568\/revisions\/11570"}],"wp:featuredmedia":[{"embeddable":true,"href":"https:\/\/universnews224.com\/index.php\/wp-json\/wp\/v2\/media\/11572"}],"wp:attachment":[{"href":"https:\/\/universnews224.com\/index.php\/wp-json\/wp\/v2\/media?parent=11568"}],"wp:term":[{"taxonomy":"category","embeddable":true,"href":"https:\/\/universnews224.com\/index.php\/wp-json\/wp\/v2\/categories?post=11568"},{"taxonomy":"post_tag","embeddable":true,"href":"https:\/\/universnews224.com\/index.php\/wp-json\/wp\/v2\/tags?post=11568"}],"curies":[{"name":"wp","href":"https:\/\/api.w.org\/{rel}","templated":true}]}}