{"id":11578,"date":"2026-09-04T22:46:15","date_gmt":"2026-09-04T21:46:15","guid":{"rendered":"https:\/\/universnews224.com\/?p=11578"},"modified":"2026-09-04T22:46:15","modified_gmt":"2026-09-04T21:46:15","slug":"justice-le-proces-dalgassimou-diallo-souvre-sous-le-signe-dune-bataille-de-procedure","status":"publish","type":"post","link":"https:\/\/universnews224.com\/index.php\/justice-le-proces-dalgassimou-diallo-souvre-sous-le-signe-dune-bataille-de-procedure\/","title":{"rendered":"Justice : Le proc\u00e8s d\u2019Algassimou Diallo s&rsquo;ouvre sous le signe d&rsquo;une bataille de proc\u00e9dure"},"content":{"rendered":"<p dir=\"ltr\">Le proc\u00e8s d\u2019Algassimou Diallo s\u2019est ouvert ce vendredi 4 septembre 2026 devant la Cour supr\u00eame de Conakry. Le pr\u00e9venu r\u00e9pond d&rsquo;accusations gravissimes : incitation \u00e0 la discrimination, \u00e0 la haine et \u00e0 la violence, ainsi qu&rsquo;association de malfaiteurs.<\/p>\n<p dir=\"ltr\">\u200bD\u00e8s les premi\u00e8res minutes de l&rsquo;audience, les d\u00e9bats ont rapidement vir\u00e9 \u00e0 la joute juridique. La d\u00e9fense, port\u00e9e par un collectif d&rsquo;avocats r\u00e9unissant notamment Mes Murielle Houido, Houleymatou Bah, Lancei 3 Doumbouya, Mama A\u00efssata Fofana, Mamady Soufiane Kouyat\u00e9, Alpha Amadou DS Bah, Almamy Samory Traor\u00e9, Moussa Diallo et Raffi Raja, a imm\u00e9diatement sollicit\u00e9 un report du dossier. Les conseils du pr\u00e9venu r\u00e9clament un renvoi \u00e0 la fin des vacances judiciaires pour pouvoir consulter le dossier en profondeur et structurer ad\u00e9quatement leur d\u00e9fense.<\/p>\n<p dir=\"ltr\">\u200bUne pr\u00e9tention fermement rejet\u00e9e par le minist\u00e8re public. Repr\u00e9sent\u00e9 par Elhadj Sidy Souleymane N\u2019Diaye, le parquet a balay\u00e9 cet argument, qualifiant la demande d&rsquo;infond\u00e9e et plaidant pour la tenue imm\u00e9diate des d\u00e9bats.<\/p>\n<p dir=\"ltr\">\u200bFace \u00e0 ce blocage initial, le pr\u00e9sident de la formation de jugement, le juge Ibrahima Sory I Tounkara, a suspendu l&rsquo;audience pour mettre la requ\u00eate de la d\u00e9fense en d\u00e9lib\u00e9r\u00e9. La Cour rendra sa d\u00e9cision le <b>8 septembre 2026<\/b>. Elle devra trancher entre accorder ce r\u00e9pit \u00e0 la d\u00e9fense ou ordonner la poursuite sans d\u00e9lai des d\u00e9bats.<\/p>\n","protected":false},"excerpt":{"rendered":"<p>Le proc\u00e8s d\u2019Algassimou Diallo s\u2019est ouvert ce vendredi 4 septembre 2026 devant la Cour supr\u00eame<\/p>\n","protected":false},"author":2,"featured_media":11498,"comment_status":"closed","ping_status":"open","sticky":false,"template":"","format":"standard","meta":[],"categories":[3,4],"tags":[237],"yoast_head":"<!-- This site is optimized with the Yoast SEO plugin v19.13 - https:\/\/yoast.com\/wordpress\/plugins\/seo\/ -->\n<title>Justice : Le proc\u00e8s d\u2019Algassimou Diallo s&#039;ouvre sous le signe d&#039;une bataille de proc\u00e9dure - UNIVERSNEWS224<\/title>\n<meta name=\"robots\" content=\"index, follow, max-snippet:-1, max-image-preview:large, max-video-preview:-1\" \/>\n<link rel=\"canonical\" href=\"https:\/\/universnews224.com\/index.php\/justice-le-proces-dalgassimou-diallo-souvre-sous-le-signe-dune-bataille-de-procedure\/\" \/>\n<meta property=\"og:locale\" content=\"fr_FR\" \/>\n<meta property=\"og:type\" content=\"article\" \/>\n<meta property=\"og:title\" content=\"Justice : Le proc\u00e8s d\u2019Algassimou Diallo s&#039;ouvre sous le signe d&#039;une bataille de proc\u00e9dure - UNIVERSNEWS224\" \/>\n<meta property=\"og:description\" content=\"Le proc\u00e8s d\u2019Algassimou Diallo s\u2019est ouvert ce vendredi 4 septembre 2026 devant la Cour supr\u00eame\" \/>\n<meta property=\"og:url\" content=\"https:\/\/universnews224.com\/index.php\/justice-le-proces-dalgassimou-diallo-souvre-sous-le-signe-dune-bataille-de-procedure\/\" \/>\n<meta property=\"og:site_name\" content=\"UNIVERSNEWS224\" \/>\n<meta property=\"article:published_time\" content=\"2026-09-04T21:46:15+00:00\" \/>\n<meta property=\"og:image\" content=\"https:\/\/universnews224.com\/wp-content\/uploads\/2026\/08\/Algassimou-Diallo.jpeg\" \/>\n\t<meta property=\"og:image:width\" content=\"576\" \/>\n\t<meta property=\"og:image:height\" content=\"524\" \/>\n\t<meta property=\"og:image:type\" content=\"image\/jpeg\" \/>\n<meta name=\"author\" content=\"La R\u00e9daction\" \/>\n<meta name=\"twitter:label1\" content=\"\u00c9crit par\" \/>\n\t<meta name=\"twitter:data1\" content=\"La R\u00e9daction\" \/>\n\t<meta name=\"twitter:label2\" content=\"Dur\u00e9e de lecture estim\u00e9e\" \/>\n\t<meta name=\"twitter:data2\" content=\"2 minutes\" \/>\n<script type=\"application\/ld+json\" class=\"yoast-schema-graph\">{\"@context\":\"https:\/\/schema.org\",\"@graph\":[{\"@type\":\"Article\",\"@id\":\"https:\/\/universnews224.com\/index.php\/justice-le-proces-dalgassimou-diallo-souvre-sous-le-signe-dune-bataille-de-procedure\/#article\",\"isPartOf\":{\"@id\":\"https:\/\/universnews224.com\/index.php\/justice-le-proces-dalgassimou-diallo-souvre-sous-le-signe-dune-bataille-de-procedure\/\"},\"author\":{\"name\":\"La R\u00e9daction\",\"@id\":\"https:\/\/universnews224.com\/#\/schema\/person\/a4b7d4f94a4716df60456a491260485e\"},\"headline\":\"Justice : Le proc\u00e8s d\u2019Algassimou Diallo s&rsquo;ouvre sous le signe d&rsquo;une bataille de proc\u00e9dure\",\"datePublished\":\"2026-09-04T21:46:15+00:00\",\"dateModified\":\"2026-09-04T21:46:15+00:00\",\"mainEntityOfPage\":{\"@id\":\"https:\/\/universnews224.com\/index.php\/justice-le-proces-dalgassimou-diallo-souvre-sous-le-signe-dune-bataille-de-procedure\/\"},\"wordCount\":248,\"publisher\":{\"@id\":\"https:\/\/universnews224.com\/#organization\"},\"keywords\":[\"A la une\"],\"articleSection\":[\"ACTU\",\"POLITIQUE\"],\"inLanguage\":\"fr-FR\"},{\"@type\":\"WebPage\",\"@id\":\"https:\/\/universnews224.com\/index.php\/justice-le-proces-dalgassimou-diallo-souvre-sous-le-signe-dune-bataille-de-procedure\/\",\"url\":\"https:\/\/universnews224.com\/index.php\/justice-le-proces-dalgassimou-diallo-souvre-sous-le-signe-dune-bataille-de-procedure\/\",\"name\":\"Justice : Le proc\u00e8s d\u2019Algassimou Diallo s'ouvre sous le signe d'une bataille de proc\u00e9dure - UNIVERSNEWS224\",\"isPartOf\":{\"@id\":\"https:\/\/universnews224.com\/#website\"},\"datePublished\":\"2026-09-04T21:46:15+00:00\",\"dateModified\":\"2026-09-04T21:46:15+00:00\",\"inLanguage\":\"fr-FR\",\"potentialAction\":[{\"@type\":\"ReadAction\",\"target\":[\"https:\/\/universnews224.com\/index.php\/justice-le-proces-dalgassimou-diallo-souvre-sous-le-signe-dune-bataille-de-procedure\/\"]}]},{\"@type\":\"WebSite\",\"@id\":\"https:\/\/universnews224.com\/#website\",\"url\":\"https:\/\/universnews224.com\/\",\"name\":\"UNIVERSNEWS224\",\"description\":\"\",\"publisher\":{\"@id\":\"https:\/\/universnews224.com\/#organization\"},\"potentialAction\":[{\"@type\":\"SearchAction\",\"target\":{\"@type\":\"EntryPoint\",\"urlTemplate\":\"https:\/\/universnews224.com\/?s={search_term_string}\"},\"query-input\":\"required name=search_term_string\"}],\"inLanguage\":\"fr-FR\"},{\"@type\":\"Organization\",\"@id\":\"https:\/\/universnews224.com\/#organization\",\"name\":\"UNIVERSNEWS224\",\"url\":\"https:\/\/universnews224.com\/\",\"logo\":{\"@type\":\"ImageObject\",\"inLanguage\":\"fr-FR\",\"@id\":\"https:\/\/universnews224.com\/#\/schema\/logo\/image\/\",\"url\":\"https:\/\/universnews224.com\/wp-content\/uploads\/2022\/08\/cropped-cropped-logoban.jpg\",\"contentUrl\":\"https:\/\/universnews224.com\/wp-content\/uploads\/2022\/08\/cropped-cropped-logoban.jpg\",\"width\":1080,\"height\":138,\"caption\":\"UNIVERSNEWS224\"},\"image\":{\"@id\":\"https:\/\/universnews224.com\/#\/schema\/logo\/image\/\"}},{\"@type\":\"Person\",\"@id\":\"https:\/\/universnews224.com\/#\/schema\/person\/a4b7d4f94a4716df60456a491260485e\",\"name\":\"La R\u00e9daction\",\"image\":{\"@type\":\"ImageObject\",\"inLanguage\":\"fr-FR\",\"@id\":\"https:\/\/universnews224.com\/#\/schema\/person\/image\/\",\"url\":\"https:\/\/secure.gravatar.com\/avatar\/edb90acc7752b23e1b3307ad36c14f0d?s=96&d=mm&r=g\",\"contentUrl\":\"https:\/\/secure.gravatar.com\/avatar\/edb90acc7752b23e1b3307ad36c14f0d?s=96&d=mm&r=g\",\"caption\":\"La R\u00e9daction\"},\"sameAs\":[\"https:\/\/universnews224.com\"],\"url\":\"https:\/\/universnews224.com\/index.php\/author\/m-camara\/\"}]}<\/script>\n<!-- \/ Yoast SEO plugin. -->","yoast_head_json":{"title":"Justice : Le proc\u00e8s d\u2019Algassimou Diallo s'ouvre sous le signe d'une bataille de proc\u00e9dure - UNIVERSNEWS224","robots":{"index":"index","follow":"follow","max-snippet":"max-snippet:-1","max-image-preview":"max-image-preview:large","max-video-preview":"max-video-preview:-1"},"canonical":"https:\/\/universnews224.com\/index.php\/justice-le-proces-dalgassimou-diallo-souvre-sous-le-signe-dune-bataille-de-procedure\/","og_locale":"fr_FR","og_type":"article","og_title":"Justice : Le proc\u00e8s d\u2019Algassimou Diallo s'ouvre sous le signe d'une bataille de proc\u00e9dure - UNIVERSNEWS224","og_description":"Le proc\u00e8s d\u2019Algassimou Diallo s\u2019est ouvert ce vendredi 4 septembre 2026 devant la Cour supr\u00eame","og_url":"https:\/\/universnews224.com\/index.php\/justice-le-proces-dalgassimou-diallo-souvre-sous-le-signe-dune-bataille-de-procedure\/","og_site_name":"UNIVERSNEWS224","article_published_time":"2026-09-04T21:46:15+00:00","og_image":[{"width":576,"height":524,"url":"https:\/\/universnews224.com\/wp-content\/uploads\/2026\/08\/Algassimou-Diallo.jpeg","type":"image\/jpeg"}],"author":"La R\u00e9daction","twitter_misc":{"\u00c9crit par":"La R\u00e9daction","Dur\u00e9e de lecture estim\u00e9e":"2 minutes"},"schema":{"@context":"https:\/\/schema.org","@graph":[{"@type":"Article","@id":"https:\/\/universnews224.com\/index.php\/justice-le-proces-dalgassimou-diallo-souvre-sous-le-signe-dune-bataille-de-procedure\/#article","isPartOf":{"@id":"https:\/\/universnews224.com\/index.php\/justice-le-proces-dalgassimou-diallo-souvre-sous-le-signe-dune-bataille-de-procedure\/"},"author":{"name":"La R\u00e9daction","@id":"https:\/\/universnews224.com\/#\/schema\/person\/a4b7d4f94a4716df60456a491260485e"},"headline":"Justice : Le proc\u00e8s d\u2019Algassimou Diallo s&rsquo;ouvre sous le signe d&rsquo;une bataille de proc\u00e9dure","datePublished":"2026-09-04T21:46:15+00:00","dateModified":"2026-09-04T21:46:15+00:00","mainEntityOfPage":{"@id":"https:\/\/universnews224.com\/index.php\/justice-le-proces-dalgassimou-diallo-souvre-sous-le-signe-dune-bataille-de-procedure\/"},"wordCount":248,"publisher":{"@id":"https:\/\/universnews224.com\/#organization"},"keywords":["A la une"],"articleSection":["ACTU","POLITIQUE"],"inLanguage":"fr-FR"},{"@type":"WebPage","@id":"https:\/\/universnews224.com\/index.php\/justice-le-proces-dalgassimou-diallo-souvre-sous-le-signe-dune-bataille-de-procedure\/","url":"https:\/\/universnews224.com\/index.php\/justice-le-proces-dalgassimou-diallo-souvre-sous-le-signe-dune-bataille-de-procedure\/","name":"Justice : Le proc\u00e8s d\u2019Algassimou Diallo s'ouvre sous le signe d'une bataille de proc\u00e9dure - UNIVERSNEWS224","isPartOf":{"@id":"https:\/\/universnews224.com\/#website"},"datePublished":"2026-09-04T21:46:15+00:00","dateModified":"2026-09-04T21:46:15+00:00","inLanguage":"fr-FR","potentialAction":[{"@type":"ReadAction","target":["https:\/\/universnews224.com\/index.php\/justice-le-proces-dalgassimou-diallo-souvre-sous-le-signe-dune-bataille-de-procedure\/"]}]},{"@type":"WebSite","@id":"https:\/\/universnews224.com\/#website","url":"https:\/\/universnews224.com\/","name":"UNIVERSNEWS224","description":"","publisher":{"@id":"https:\/\/universnews224.com\/#organization"},"potentialAction":[{"@type":"SearchAction","target":{"@type":"EntryPoint","urlTemplate":"https:\/\/universnews224.com\/?s={search_term_string}"},"query-input":"required name=search_term_string"}],"inLanguage":"fr-FR"},{"@type":"Organization","@id":"https:\/\/universnews224.com\/#organization","name":"UNIVERSNEWS224","url":"https:\/\/universnews224.com\/","logo":{"@type":"ImageObject","inLanguage":"fr-FR","@id":"https:\/\/universnews224.com\/#\/schema\/logo\/image\/","url":"https:\/\/universnews224.com\/wp-content\/uploads\/2022\/08\/cropped-cropped-logoban.jpg","contentUrl":"https:\/\/universnews224.com\/wp-content\/uploads\/2022\/08\/cropped-cropped-logoban.jpg","width":1080,"height":138,"caption":"UNIVERSNEWS224"},"image":{"@id":"https:\/\/universnews224.com\/#\/schema\/logo\/image\/"}},{"@type":"Person","@id":"https:\/\/universnews224.com\/#\/schema\/person\/a4b7d4f94a4716df60456a491260485e","name":"La R\u00e9daction","image":{"@type":"ImageObject","inLanguage":"fr-FR","@id":"https:\/\/universnews224.com\/#\/schema\/person\/image\/","url":"https:\/\/secure.gravatar.com\/avatar\/edb90acc7752b23e1b3307ad36c14f0d?s=96&d=mm&r=g","contentUrl":"https:\/\/secure.gravatar.com\/avatar\/edb90acc7752b23e1b3307ad36c14f0d?s=96&d=mm&r=g","caption":"La R\u00e9daction"},"sameAs":["https:\/\/universnews224.com"],"url":"https:\/\/universnews224.com\/index.php\/author\/m-camara\/"}]}},"_links":{"self":[{"href":"https:\/\/universnews224.com\/index.php\/wp-json\/wp\/v2\/posts\/11578"}],"collection":[{"href":"https:\/\/universnews224.com\/index.php\/wp-json\/wp\/v2\/posts"}],"about":[{"href":"https:\/\/universnews224.com\/index.php\/wp-json\/wp\/v2\/types\/post"}],"author":[{"embeddable":true,"href":"https:\/\/universnews224.com\/index.php\/wp-json\/wp\/v2\/users\/2"}],"replies":[{"embeddable":true,"href":"https:\/\/universnews224.com\/index.php\/wp-json\/wp\/v2\/comments?post=11578"}],"version-history":[{"count":1,"href":"https:\/\/universnews224.com\/index.php\/wp-json\/wp\/v2\/posts\/11578\/revisions"}],"predecessor-version":[{"id":11579,"href":"https:\/\/universnews224.com\/index.php\/wp-json\/wp\/v2\/posts\/11578\/revisions\/11579"}],"wp:featuredmedia":[{"embeddable":true,"href":"https:\/\/universnews224.com\/index.php\/wp-json\/wp\/v2\/media\/11498"}],"wp:attachment":[{"href":"https:\/\/universnews224.com\/index.php\/wp-json\/wp\/v2\/media?parent=11578"}],"wp:term":[{"taxonomy":"category","embeddable":true,"href":"https:\/\/universnews224.com\/index.php\/wp-json\/wp\/v2\/categories?post=11578"},{"taxonomy":"post_tag","embeddable":true,"href":"https:\/\/universnews224.com\/index.php\/wp-json\/wp\/v2\/tags?post=11578"}],"curies":[{"name":"wp","href":"https:\/\/api.w.org\/{rel}","templated":true}]}}