{"id":11580,"date":"2026-09-05T22:59:54","date_gmt":"2026-09-05T21:59:54","guid":{"rendered":"https:\/\/universnews224.com\/?p=11580"},"modified":"2026-09-05T22:59:54","modified_gmt":"2026-09-05T21:59:54","slug":"washington-ibrahima-ndairy-diallo-prend-officiellement-la-tete-de-la-representation-diplomatique-guineenne-aux-etats-unis","status":"publish","type":"post","link":"https:\/\/universnews224.com\/index.php\/washington-ibrahima-ndairy-diallo-prend-officiellement-la-tete-de-la-representation-diplomatique-guineenne-aux-etats-unis\/","title":{"rendered":"WASHINGTON \u2014 Ibrahima N\u2019Dairy Diallo prend officiellement la t\u00eate de la repr\u00e9sentation diplomatique guin\u00e9enne aux \u00c9tats-Unis."},"content":{"rendered":"<p dir=\"ltr\">L&rsquo;information a \u00e9t\u00e9 rendue publique ce samedi 5 septembre \u00e0 travers un d\u00e9cret officiel du pr\u00e9sident de la R\u00e9publique, le g\u00e9n\u00e9ral Mamadi Doumbouya, lu sur les ondes de la t\u00e9l\u00e9vision nationale. Par cet acte, M. Diallo est promu au poste d\u2019ambassadeur extraordinaire et pl\u00e9nipotentiaire de la R\u00e9publique de Guin\u00e9e \u00e0 Washington.<\/p>\n<p dir=\"ltr\">\u200bIl s&rsquo;agit d&rsquo;une \u00e9volution naturelle pour ce diplomate qui connaissait d\u00e9j\u00e0 parfaitement les rouages de la chancellerie. Jusqu\u2019\u00e0 cette nomination, Ibrahima N\u2019Dairy Diallo y exer\u00e7ait les fonctions de ministre conseiller et de charg\u00e9 d\u2019affaires. En acc\u00e9dant au statut d&rsquo;ambassadeur plein, il prend d\u00e9sormais les r\u00e9elles r\u00eanes de la mission diplomatique pour consolider les relations strat\u00e9giques et de coop\u00e9ration entre Conakry et Washington.<\/p>\n","protected":false},"excerpt":{"rendered":"<p>L&rsquo;information a \u00e9t\u00e9 rendue publique ce samedi 5 septembre \u00e0 travers un d\u00e9cret officiel du<\/p>\n","protected":false},"author":2,"featured_media":11582,"comment_status":"closed","ping_status":"open","sticky":false,"template":"","format":"standard","meta":[],"categories":[3,4],"tags":[237],"yoast_head":"<!-- This site is optimized with the Yoast SEO plugin v19.13 - https:\/\/yoast.com\/wordpress\/plugins\/seo\/ -->\n<title>WASHINGTON \u2014 Ibrahima N\u2019Dairy Diallo prend officiellement la t\u00eate de la repr\u00e9sentation diplomatique guin\u00e9enne aux \u00c9tats-Unis. - UNIVERSNEWS224<\/title>\n<meta name=\"robots\" content=\"index, follow, max-snippet:-1, max-image-preview:large, max-video-preview:-1\" \/>\n<link rel=\"canonical\" href=\"https:\/\/universnews224.com\/index.php\/washington-ibrahima-ndairy-diallo-prend-officiellement-la-tete-de-la-representation-diplomatique-guineenne-aux-etats-unis\/\" \/>\n<meta property=\"og:locale\" content=\"fr_FR\" \/>\n<meta property=\"og:type\" content=\"article\" \/>\n<meta property=\"og:title\" content=\"WASHINGTON \u2014 Ibrahima N\u2019Dairy Diallo prend officiellement la t\u00eate de la repr\u00e9sentation diplomatique guin\u00e9enne aux \u00c9tats-Unis. - UNIVERSNEWS224\" \/>\n<meta property=\"og:description\" content=\"L&rsquo;information a \u00e9t\u00e9 rendue publique ce samedi 5 septembre \u00e0 travers un d\u00e9cret officiel du\" \/>\n<meta property=\"og:url\" content=\"https:\/\/universnews224.com\/index.php\/washington-ibrahima-ndairy-diallo-prend-officiellement-la-tete-de-la-representation-diplomatique-guineenne-aux-etats-unis\/\" \/>\n<meta property=\"og:site_name\" content=\"UNIVERSNEWS224\" \/>\n<meta property=\"article:published_time\" content=\"2026-09-05T21:59:54+00:00\" \/>\n<meta property=\"og:image\" content=\"https:\/\/universnews224.com\/wp-content\/uploads\/2026\/09\/FB_IMG_1788645246378.jpg\" \/>\n\t<meta property=\"og:image:width\" content=\"1086\" \/>\n\t<meta property=\"og:image:height\" content=\"724\" \/>\n\t<meta property=\"og:image:type\" content=\"image\/jpeg\" \/>\n<meta name=\"author\" content=\"La R\u00e9daction\" \/>\n<meta name=\"twitter:label1\" content=\"\u00c9crit par\" \/>\n\t<meta name=\"twitter:data1\" content=\"La R\u00e9daction\" \/>\n\t<meta name=\"twitter:label2\" content=\"Dur\u00e9e de lecture estim\u00e9e\" \/>\n\t<meta name=\"twitter:data2\" content=\"1 minute\" \/>\n<script type=\"application\/ld+json\" class=\"yoast-schema-graph\">{\"@context\":\"https:\/\/schema.org\",\"@graph\":[{\"@type\":\"Article\",\"@id\":\"https:\/\/universnews224.com\/index.php\/washington-ibrahima-ndairy-diallo-prend-officiellement-la-tete-de-la-representation-diplomatique-guineenne-aux-etats-unis\/#article\",\"isPartOf\":{\"@id\":\"https:\/\/universnews224.com\/index.php\/washington-ibrahima-ndairy-diallo-prend-officiellement-la-tete-de-la-representation-diplomatique-guineenne-aux-etats-unis\/\"},\"author\":{\"name\":\"La R\u00e9daction\",\"@id\":\"https:\/\/universnews224.com\/#\/schema\/person\/a4b7d4f94a4716df60456a491260485e\"},\"headline\":\"WASHINGTON \u2014 Ibrahima N\u2019Dairy Diallo prend officiellement la t\u00eate de la repr\u00e9sentation diplomatique guin\u00e9enne aux \u00c9tats-Unis.\",\"datePublished\":\"2026-09-05T21:59:54+00:00\",\"dateModified\":\"2026-09-05T21:59:54+00:00\",\"mainEntityOfPage\":{\"@id\":\"https:\/\/universnews224.com\/index.php\/washington-ibrahima-ndairy-diallo-prend-officiellement-la-tete-de-la-representation-diplomatique-guineenne-aux-etats-unis\/\"},\"wordCount\":150,\"publisher\":{\"@id\":\"https:\/\/universnews224.com\/#organization\"},\"keywords\":[\"A la une\"],\"articleSection\":[\"ACTU\",\"POLITIQUE\"],\"inLanguage\":\"fr-FR\"},{\"@type\":\"WebPage\",\"@id\":\"https:\/\/universnews224.com\/index.php\/washington-ibrahima-ndairy-diallo-prend-officiellement-la-tete-de-la-representation-diplomatique-guineenne-aux-etats-unis\/\",\"url\":\"https:\/\/universnews224.com\/index.php\/washington-ibrahima-ndairy-diallo-prend-officiellement-la-tete-de-la-representation-diplomatique-guineenne-aux-etats-unis\/\",\"name\":\"WASHINGTON \u2014 Ibrahima N\u2019Dairy Diallo prend officiellement la t\u00eate de la repr\u00e9sentation diplomatique guin\u00e9enne aux \u00c9tats-Unis. - UNIVERSNEWS224\",\"isPartOf\":{\"@id\":\"https:\/\/universnews224.com\/#website\"},\"datePublished\":\"2026-09-05T21:59:54+00:00\",\"dateModified\":\"2026-09-05T21:59:54+00:00\",\"inLanguage\":\"fr-FR\",\"potentialAction\":[{\"@type\":\"ReadAction\",\"target\":[\"https:\/\/universnews224.com\/index.php\/washington-ibrahima-ndairy-diallo-prend-officiellement-la-tete-de-la-representation-diplomatique-guineenne-aux-etats-unis\/\"]}]},{\"@type\":\"WebSite\",\"@id\":\"https:\/\/universnews224.com\/#website\",\"url\":\"https:\/\/universnews224.com\/\",\"name\":\"UNIVERSNEWS224\",\"description\":\"\",\"publisher\":{\"@id\":\"https:\/\/universnews224.com\/#organization\"},\"potentialAction\":[{\"@type\":\"SearchAction\",\"target\":{\"@type\":\"EntryPoint\",\"urlTemplate\":\"https:\/\/universnews224.com\/?s={search_term_string}\"},\"query-input\":\"required name=search_term_string\"}],\"inLanguage\":\"fr-FR\"},{\"@type\":\"Organization\",\"@id\":\"https:\/\/universnews224.com\/#organization\",\"name\":\"UNIVERSNEWS224\",\"url\":\"https:\/\/universnews224.com\/\",\"logo\":{\"@type\":\"ImageObject\",\"inLanguage\":\"fr-FR\",\"@id\":\"https:\/\/universnews224.com\/#\/schema\/logo\/image\/\",\"url\":\"https:\/\/universnews224.com\/wp-content\/uploads\/2022\/08\/cropped-cropped-logoban.jpg\",\"contentUrl\":\"https:\/\/universnews224.com\/wp-content\/uploads\/2022\/08\/cropped-cropped-logoban.jpg\",\"width\":1080,\"height\":138,\"caption\":\"UNIVERSNEWS224\"},\"image\":{\"@id\":\"https:\/\/universnews224.com\/#\/schema\/logo\/image\/\"}},{\"@type\":\"Person\",\"@id\":\"https:\/\/universnews224.com\/#\/schema\/person\/a4b7d4f94a4716df60456a491260485e\",\"name\":\"La R\u00e9daction\",\"image\":{\"@type\":\"ImageObject\",\"inLanguage\":\"fr-FR\",\"@id\":\"https:\/\/universnews224.com\/#\/schema\/person\/image\/\",\"url\":\"https:\/\/secure.gravatar.com\/avatar\/edb90acc7752b23e1b3307ad36c14f0d?s=96&d=mm&r=g\",\"contentUrl\":\"https:\/\/secure.gravatar.com\/avatar\/edb90acc7752b23e1b3307ad36c14f0d?s=96&d=mm&r=g\",\"caption\":\"La R\u00e9daction\"},\"sameAs\":[\"https:\/\/universnews224.com\"],\"url\":\"https:\/\/universnews224.com\/index.php\/author\/m-camara\/\"}]}<\/script>\n<!-- \/ Yoast SEO plugin. -->","yoast_head_json":{"title":"WASHINGTON \u2014 Ibrahima N\u2019Dairy Diallo prend officiellement la t\u00eate de la repr\u00e9sentation diplomatique guin\u00e9enne aux \u00c9tats-Unis. - UNIVERSNEWS224","robots":{"index":"index","follow":"follow","max-snippet":"max-snippet:-1","max-image-preview":"max-image-preview:large","max-video-preview":"max-video-preview:-1"},"canonical":"https:\/\/universnews224.com\/index.php\/washington-ibrahima-ndairy-diallo-prend-officiellement-la-tete-de-la-representation-diplomatique-guineenne-aux-etats-unis\/","og_locale":"fr_FR","og_type":"article","og_title":"WASHINGTON \u2014 Ibrahima N\u2019Dairy Diallo prend officiellement la t\u00eate de la repr\u00e9sentation diplomatique guin\u00e9enne aux \u00c9tats-Unis. - UNIVERSNEWS224","og_description":"L&rsquo;information a \u00e9t\u00e9 rendue publique ce samedi 5 septembre \u00e0 travers un d\u00e9cret officiel du","og_url":"https:\/\/universnews224.com\/index.php\/washington-ibrahima-ndairy-diallo-prend-officiellement-la-tete-de-la-representation-diplomatique-guineenne-aux-etats-unis\/","og_site_name":"UNIVERSNEWS224","article_published_time":"2026-09-05T21:59:54+00:00","og_image":[{"width":1086,"height":724,"url":"https:\/\/universnews224.com\/wp-content\/uploads\/2026\/09\/FB_IMG_1788645246378.jpg","type":"image\/jpeg"}],"author":"La R\u00e9daction","twitter_misc":{"\u00c9crit par":"La R\u00e9daction","Dur\u00e9e de lecture estim\u00e9e":"1 minute"},"schema":{"@context":"https:\/\/schema.org","@graph":[{"@type":"Article","@id":"https:\/\/universnews224.com\/index.php\/washington-ibrahima-ndairy-diallo-prend-officiellement-la-tete-de-la-representation-diplomatique-guineenne-aux-etats-unis\/#article","isPartOf":{"@id":"https:\/\/universnews224.com\/index.php\/washington-ibrahima-ndairy-diallo-prend-officiellement-la-tete-de-la-representation-diplomatique-guineenne-aux-etats-unis\/"},"author":{"name":"La R\u00e9daction","@id":"https:\/\/universnews224.com\/#\/schema\/person\/a4b7d4f94a4716df60456a491260485e"},"headline":"WASHINGTON \u2014 Ibrahima N\u2019Dairy Diallo prend officiellement la t\u00eate de la repr\u00e9sentation diplomatique guin\u00e9enne aux \u00c9tats-Unis.","datePublished":"2026-09-05T21:59:54+00:00","dateModified":"2026-09-05T21:59:54+00:00","mainEntityOfPage":{"@id":"https:\/\/universnews224.com\/index.php\/washington-ibrahima-ndairy-diallo-prend-officiellement-la-tete-de-la-representation-diplomatique-guineenne-aux-etats-unis\/"},"wordCount":150,"publisher":{"@id":"https:\/\/universnews224.com\/#organization"},"keywords":["A la une"],"articleSection":["ACTU","POLITIQUE"],"inLanguage":"fr-FR"},{"@type":"WebPage","@id":"https:\/\/universnews224.com\/index.php\/washington-ibrahima-ndairy-diallo-prend-officiellement-la-tete-de-la-representation-diplomatique-guineenne-aux-etats-unis\/","url":"https:\/\/universnews224.com\/index.php\/washington-ibrahima-ndairy-diallo-prend-officiellement-la-tete-de-la-representation-diplomatique-guineenne-aux-etats-unis\/","name":"WASHINGTON \u2014 Ibrahima N\u2019Dairy Diallo prend officiellement la t\u00eate de la repr\u00e9sentation diplomatique guin\u00e9enne aux \u00c9tats-Unis. - UNIVERSNEWS224","isPartOf":{"@id":"https:\/\/universnews224.com\/#website"},"datePublished":"2026-09-05T21:59:54+00:00","dateModified":"2026-09-05T21:59:54+00:00","inLanguage":"fr-FR","potentialAction":[{"@type":"ReadAction","target":["https:\/\/universnews224.com\/index.php\/washington-ibrahima-ndairy-diallo-prend-officiellement-la-tete-de-la-representation-diplomatique-guineenne-aux-etats-unis\/"]}]},{"@type":"WebSite","@id":"https:\/\/universnews224.com\/#website","url":"https:\/\/universnews224.com\/","name":"UNIVERSNEWS224","description":"","publisher":{"@id":"https:\/\/universnews224.com\/#organization"},"potentialAction":[{"@type":"SearchAction","target":{"@type":"EntryPoint","urlTemplate":"https:\/\/universnews224.com\/?s={search_term_string}"},"query-input":"required name=search_term_string"}],"inLanguage":"fr-FR"},{"@type":"Organization","@id":"https:\/\/universnews224.com\/#organization","name":"UNIVERSNEWS224","url":"https:\/\/universnews224.com\/","logo":{"@type":"ImageObject","inLanguage":"fr-FR","@id":"https:\/\/universnews224.com\/#\/schema\/logo\/image\/","url":"https:\/\/universnews224.com\/wp-content\/uploads\/2022\/08\/cropped-cropped-logoban.jpg","contentUrl":"https:\/\/universnews224.com\/wp-content\/uploads\/2022\/08\/cropped-cropped-logoban.jpg","width":1080,"height":138,"caption":"UNIVERSNEWS224"},"image":{"@id":"https:\/\/universnews224.com\/#\/schema\/logo\/image\/"}},{"@type":"Person","@id":"https:\/\/universnews224.com\/#\/schema\/person\/a4b7d4f94a4716df60456a491260485e","name":"La R\u00e9daction","image":{"@type":"ImageObject","inLanguage":"fr-FR","@id":"https:\/\/universnews224.com\/#\/schema\/person\/image\/","url":"https:\/\/secure.gravatar.com\/avatar\/edb90acc7752b23e1b3307ad36c14f0d?s=96&d=mm&r=g","contentUrl":"https:\/\/secure.gravatar.com\/avatar\/edb90acc7752b23e1b3307ad36c14f0d?s=96&d=mm&r=g","caption":"La R\u00e9daction"},"sameAs":["https:\/\/universnews224.com"],"url":"https:\/\/universnews224.com\/index.php\/author\/m-camara\/"}]}},"_links":{"self":[{"href":"https:\/\/universnews224.com\/index.php\/wp-json\/wp\/v2\/posts\/11580"}],"collection":[{"href":"https:\/\/universnews224.com\/index.php\/wp-json\/wp\/v2\/posts"}],"about":[{"href":"https:\/\/universnews224.com\/index.php\/wp-json\/wp\/v2\/types\/post"}],"author":[{"embeddable":true,"href":"https:\/\/universnews224.com\/index.php\/wp-json\/wp\/v2\/users\/2"}],"replies":[{"embeddable":true,"href":"https:\/\/universnews224.com\/index.php\/wp-json\/wp\/v2\/comments?post=11580"}],"version-history":[{"count":1,"href":"https:\/\/universnews224.com\/index.php\/wp-json\/wp\/v2\/posts\/11580\/revisions"}],"predecessor-version":[{"id":11583,"href":"https:\/\/universnews224.com\/index.php\/wp-json\/wp\/v2\/posts\/11580\/revisions\/11583"}],"wp:featuredmedia":[{"embeddable":true,"href":"https:\/\/universnews224.com\/index.php\/wp-json\/wp\/v2\/media\/11582"}],"wp:attachment":[{"href":"https:\/\/universnews224.com\/index.php\/wp-json\/wp\/v2\/media?parent=11580"}],"wp:term":[{"taxonomy":"category","embeddable":true,"href":"https:\/\/universnews224.com\/index.php\/wp-json\/wp\/v2\/categories?post=11580"},{"taxonomy":"post_tag","embeddable":true,"href":"https:\/\/universnews224.com\/index.php\/wp-json\/wp\/v2\/tags?post=11580"}],"curies":[{"name":"wp","href":"https:\/\/api.w.org\/{rel}","templated":true}]}}