{"id":11584,"date":"2026-09-05T23:56:19","date_gmt":"2026-09-05T22:56:19","guid":{"rendered":"https:\/\/universnews224.com\/?p=11584"},"modified":"2026-09-05T23:56:19","modified_gmt":"2026-09-05T22:56:19","slug":"president-mamadi-doumbouya-le-5-septembre-nest-pas-un-jour-de-triomphe-cest-un-jour-de-deuil-de-gravite-et-de-memoire","status":"publish","type":"post","link":"https:\/\/universnews224.com\/index.php\/president-mamadi-doumbouya-le-5-septembre-nest-pas-un-jour-de-triomphe-cest-un-jour-de-deuil-de-gravite-et-de-memoire\/","title":{"rendered":"Pr\u00e9sident Mamadi Doumbouya: \u00ab\u00a0Le 5 septembre n\u2019est pas un jour de triomphe. C\u2019est un jour de deuil, de gravit\u00e9 et de m\u00e9moire\u00a0\u00bb"},"content":{"rendered":"<p dir=\"ltr\">Cinq ans apr\u00e8s l&rsquo;av\u00e8nement de la transition, le pr\u00e9sident de la R\u00e9publique, Mamadi Doumbouya, s&rsquo;est exprim\u00e9 devant la nation dans un discours ax\u00e9 sur la m\u00e9moire, la coh\u00e9sion sociale et la souverainet\u00e9 \u00e9conomique. Rompant avec l&rsquo;apparat des festivit\u00e9s, le chef de l&rsquo;\u00c9tat a privil\u00e9gi\u00e9 une allocution solennelle pour faire le point sur la trajectoire du pays et tracer ses perspectives d&rsquo;avenir.<\/p>\n<p dir=\"ltr\">\u200b<b>Un hommage appuy\u00e9 aux martyrs de la transition<\/b><\/p>\n<p dir=\"ltr\">\u200bRefusant de transformer cette date anniversaire en c\u00e9l\u00e9bration personnelle ou en \u00e9talage de bilan mat\u00e9riel, le pr\u00e9sident a d&#8217;embl\u00e9e rappel\u00e9 le sens du coup de force initial et rendu hommage aux disparus.<\/p>\n<p dir=\"ltr\">\u200b\u00ab Il y a cinq ans, \u00e0 l\u2019aube du 5 septembre, des femmes et des hommes de nos Forces de d\u00e9fense et de s\u00e9curit\u00e9 ont fait le choix du risque absolu. Ils n\u2019ont rien demand\u00e9 pour eux-m\u00eames. Ils ont simplement refus\u00e9 que la R\u00e9publique de Guin\u00e9e continue de s\u2019ab\u00eemer. \u00bb<\/p>\n<p dir=\"ltr\">\u200bPoursuivant sur cette ligne d&rsquo;humilit\u00e9, il a insist\u00e9 sur la valeur de ce recueillement collectif :<\/p>\n<p dir=\"ltr\">\u200b\u00ab En ce jour, ma premi\u00e8re pens\u00e9e n\u2019est pas pour ce que nous avons b\u00e2ti depuis. Elle me porte vers ceux qui ne sont plus parmi nous&#8230; Le 5 septembre n\u2019est pas un jour de triomphe. C\u2019est un jour de deuil, de gravit\u00e9 et de m\u00e9moire. \u00bb<\/p>\n<p dir=\"ltr\">\u200b<b>Le recul du communautarisme comme socle national<\/b><\/p>\n<p dir=\"ltr\">\u200bAu-del\u00e0 du devoir de m\u00e9moire, le G\u00e9n\u00e9ral Mamadi Doumbouya a mis en avant les progr\u00e8s accomplis sur le chantier de l&rsquo;unit\u00e9 nationale, qualifiant la lutte contre le repli identitaire de r\u00e9ussite majeure du processus de refondation.<\/p>\n<p dir=\"ltr\">\u200b\u00ab De ce sacrifice, un peuple entier a h\u00e9rit\u00e9 d\u2019une responsabilit\u00e9. Et cette responsabilit\u00e9, nous l\u2019avons honor\u00e9e l\u00e0 o\u00f9 l\u2019on ne nous attendait pas : nous avons fait reculer l\u2019ethnocentrisme. Ce poison qui, pendant des d\u00e9cennies, a dress\u00e9 le Guin\u00e9en contre le Guin\u00e9en, n\u2019a plus droit de cit\u00e9 dans notre R\u00e9publique. Le vivre-ensemble n\u2019est plus un discours de circonstance ; il est devenu une r\u00e9alit\u00e9, et cette r\u00e9alit\u00e9 est d\u00e9sormais irr\u00e9versible. \u00bb<\/p>\n<p dir=\"ltr\">\u200b<b>L&rsquo;amorce de l&rsquo;ind\u00e9pendance \u00e9conomique avec Simandou 2040<\/b><\/p>\n<p dir=\"ltr\">\u200bSur le plan socio-\u00e9conomique, l&rsquo;allocution a r\u00e9affirm\u00e9 l&rsquo;importance strat\u00e9gique des grands projets d&rsquo;infrastructures et de transformation locale des ressources, incarn\u00e9s par le programme Simandou 2040. Le chef de l&rsquo;\u00c9tat s&rsquo;est engag\u00e9 \u00e0 mener ces chantiers structurants jusqu&rsquo;\u00e0 leur terme pour garantir la prosp\u00e9rit\u00e9 des g\u00e9n\u00e9rations futures.<\/p>\n<p dir=\"ltr\">\u200b\u00ab Devant vous, je r\u00e9affirme un engagement simple : la vision Simandou 2040 sera ex\u00e9cut\u00e9e avec la rigueur, la m\u00e9thode et la constance qu\u2019elle exige. Non pour la gloire d\u2019un homme ni d\u2019une g\u00e9n\u00e9ration, mais pour que nos enfants h\u00e9ritent enfin d\u2019une Guin\u00e9e prosp\u00e8re, digne et souveraine. Les r\u00e9formes engag\u00e9es et les projets structurants seront men\u00e9s \u00e0 leur terme. Je m\u2019y engage devant vous, sans r\u00e9serve et sans d\u00e9tour, pour le mieux-\u00eatre de notre peuple. \u00bb<\/p>\n<p dir=\"ltr\">\u200bEn saluant la r\u00e9silience de la population et l&rsquo;engagement des forces arm\u00e9es, ce discours r\u00e9affirme la volont\u00e9 des autorit\u00e9s de transition de maintenir le cap vers une autonomie \u00e9conomique et une stabilit\u00e9 politique durables.<\/p>\n","protected":false},"excerpt":{"rendered":"<p>Cinq ans apr\u00e8s l&rsquo;av\u00e8nement de la transition, le pr\u00e9sident de la R\u00e9publique, Mamadi Doumbouya, s&rsquo;est<\/p>\n","protected":false},"author":2,"featured_media":11410,"comment_status":"closed","ping_status":"open","sticky":false,"template":"","format":"standard","meta":[],"categories":[3,4],"tags":[237],"yoast_head":"<!-- This site is optimized with the Yoast SEO plugin v19.13 - https:\/\/yoast.com\/wordpress\/plugins\/seo\/ -->\n<title>Pr\u00e9sident Mamadi Doumbouya: &quot;Le 5 septembre n\u2019est pas un jour de triomphe. C\u2019est un jour de deuil, de gravit\u00e9 et de m\u00e9moire&quot; - UNIVERSNEWS224<\/title>\n<meta name=\"robots\" content=\"index, follow, max-snippet:-1, max-image-preview:large, max-video-preview:-1\" \/>\n<link rel=\"canonical\" href=\"https:\/\/universnews224.com\/index.php\/president-mamadi-doumbouya-le-5-septembre-nest-pas-un-jour-de-triomphe-cest-un-jour-de-deuil-de-gravite-et-de-memoire\/\" \/>\n<meta property=\"og:locale\" content=\"fr_FR\" \/>\n<meta property=\"og:type\" content=\"article\" \/>\n<meta property=\"og:title\" content=\"Pr\u00e9sident Mamadi Doumbouya: &quot;Le 5 septembre n\u2019est pas un jour de triomphe. C\u2019est un jour de deuil, de gravit\u00e9 et de m\u00e9moire&quot; - UNIVERSNEWS224\" \/>\n<meta property=\"og:description\" content=\"Cinq ans apr\u00e8s l&rsquo;av\u00e8nement de la transition, le pr\u00e9sident de la R\u00e9publique, Mamadi Doumbouya, s&rsquo;est\" \/>\n<meta property=\"og:url\" content=\"https:\/\/universnews224.com\/index.php\/president-mamadi-doumbouya-le-5-septembre-nest-pas-un-jour-de-triomphe-cest-un-jour-de-deuil-de-gravite-et-de-memoire\/\" \/>\n<meta property=\"og:site_name\" content=\"UNIVERSNEWS224\" \/>\n<meta property=\"article:published_time\" content=\"2026-09-05T22:56:19+00:00\" \/>\n<meta property=\"og:image\" content=\"https:\/\/universnews224.com\/wp-content\/uploads\/2026\/08\/IMG-20260801-WA0028.jpg\" \/>\n\t<meta property=\"og:image:width\" content=\"1080\" \/>\n\t<meta property=\"og:image:height\" content=\"720\" \/>\n\t<meta property=\"og:image:type\" content=\"image\/jpeg\" \/>\n<meta name=\"author\" content=\"La R\u00e9daction\" \/>\n<meta name=\"twitter:label1\" content=\"\u00c9crit par\" \/>\n\t<meta name=\"twitter:data1\" content=\"La R\u00e9daction\" \/>\n\t<meta name=\"twitter:label2\" content=\"Dur\u00e9e de lecture estim\u00e9e\" \/>\n\t<meta name=\"twitter:data2\" content=\"3 minutes\" \/>\n<script type=\"application\/ld+json\" class=\"yoast-schema-graph\">{\"@context\":\"https:\/\/schema.org\",\"@graph\":[{\"@type\":\"Article\",\"@id\":\"https:\/\/universnews224.com\/index.php\/president-mamadi-doumbouya-le-5-septembre-nest-pas-un-jour-de-triomphe-cest-un-jour-de-deuil-de-gravite-et-de-memoire\/#article\",\"isPartOf\":{\"@id\":\"https:\/\/universnews224.com\/index.php\/president-mamadi-doumbouya-le-5-septembre-nest-pas-un-jour-de-triomphe-cest-un-jour-de-deuil-de-gravite-et-de-memoire\/\"},\"author\":{\"name\":\"La R\u00e9daction\",\"@id\":\"https:\/\/universnews224.com\/#\/schema\/person\/a4b7d4f94a4716df60456a491260485e\"},\"headline\":\"Pr\u00e9sident Mamadi Doumbouya: \u00ab\u00a0Le 5 septembre n\u2019est pas un jour de triomphe. C\u2019est un jour de deuil, de gravit\u00e9 et de m\u00e9moire\u00a0\u00bb\",\"datePublished\":\"2026-09-05T22:56:19+00:00\",\"dateModified\":\"2026-09-05T22:56:19+00:00\",\"mainEntityOfPage\":{\"@id\":\"https:\/\/universnews224.com\/index.php\/president-mamadi-doumbouya-le-5-septembre-nest-pas-un-jour-de-triomphe-cest-un-jour-de-deuil-de-gravite-et-de-memoire\/\"},\"wordCount\":581,\"publisher\":{\"@id\":\"https:\/\/universnews224.com\/#organization\"},\"keywords\":[\"A la une\"],\"articleSection\":[\"ACTU\",\"POLITIQUE\"],\"inLanguage\":\"fr-FR\"},{\"@type\":\"WebPage\",\"@id\":\"https:\/\/universnews224.com\/index.php\/president-mamadi-doumbouya-le-5-septembre-nest-pas-un-jour-de-triomphe-cest-un-jour-de-deuil-de-gravite-et-de-memoire\/\",\"url\":\"https:\/\/universnews224.com\/index.php\/president-mamadi-doumbouya-le-5-septembre-nest-pas-un-jour-de-triomphe-cest-un-jour-de-deuil-de-gravite-et-de-memoire\/\",\"name\":\"Pr\u00e9sident Mamadi Doumbouya: \\\"Le 5 septembre n\u2019est pas un jour de triomphe. C\u2019est un jour de deuil, de gravit\u00e9 et de m\u00e9moire\\\" - UNIVERSNEWS224\",\"isPartOf\":{\"@id\":\"https:\/\/universnews224.com\/#website\"},\"datePublished\":\"2026-09-05T22:56:19+00:00\",\"dateModified\":\"2026-09-05T22:56:19+00:00\",\"inLanguage\":\"fr-FR\",\"potentialAction\":[{\"@type\":\"ReadAction\",\"target\":[\"https:\/\/universnews224.com\/index.php\/president-mamadi-doumbouya-le-5-septembre-nest-pas-un-jour-de-triomphe-cest-un-jour-de-deuil-de-gravite-et-de-memoire\/\"]}]},{\"@type\":\"WebSite\",\"@id\":\"https:\/\/universnews224.com\/#website\",\"url\":\"https:\/\/universnews224.com\/\",\"name\":\"UNIVERSNEWS224\",\"description\":\"\",\"publisher\":{\"@id\":\"https:\/\/universnews224.com\/#organization\"},\"potentialAction\":[{\"@type\":\"SearchAction\",\"target\":{\"@type\":\"EntryPoint\",\"urlTemplate\":\"https:\/\/universnews224.com\/?s={search_term_string}\"},\"query-input\":\"required name=search_term_string\"}],\"inLanguage\":\"fr-FR\"},{\"@type\":\"Organization\",\"@id\":\"https:\/\/universnews224.com\/#organization\",\"name\":\"UNIVERSNEWS224\",\"url\":\"https:\/\/universnews224.com\/\",\"logo\":{\"@type\":\"ImageObject\",\"inLanguage\":\"fr-FR\",\"@id\":\"https:\/\/universnews224.com\/#\/schema\/logo\/image\/\",\"url\":\"https:\/\/universnews224.com\/wp-content\/uploads\/2022\/08\/cropped-cropped-logoban.jpg\",\"contentUrl\":\"https:\/\/universnews224.com\/wp-content\/uploads\/2022\/08\/cropped-cropped-logoban.jpg\",\"width\":1080,\"height\":138,\"caption\":\"UNIVERSNEWS224\"},\"image\":{\"@id\":\"https:\/\/universnews224.com\/#\/schema\/logo\/image\/\"}},{\"@type\":\"Person\",\"@id\":\"https:\/\/universnews224.com\/#\/schema\/person\/a4b7d4f94a4716df60456a491260485e\",\"name\":\"La R\u00e9daction\",\"image\":{\"@type\":\"ImageObject\",\"inLanguage\":\"fr-FR\",\"@id\":\"https:\/\/universnews224.com\/#\/schema\/person\/image\/\",\"url\":\"https:\/\/secure.gravatar.com\/avatar\/edb90acc7752b23e1b3307ad36c14f0d?s=96&d=mm&r=g\",\"contentUrl\":\"https:\/\/secure.gravatar.com\/avatar\/edb90acc7752b23e1b3307ad36c14f0d?s=96&d=mm&r=g\",\"caption\":\"La R\u00e9daction\"},\"sameAs\":[\"https:\/\/universnews224.com\"],\"url\":\"https:\/\/universnews224.com\/index.php\/author\/m-camara\/\"}]}<\/script>\n<!-- \/ Yoast SEO plugin. -->","yoast_head_json":{"title":"Pr\u00e9sident Mamadi Doumbouya: \"Le 5 septembre n\u2019est pas un jour de triomphe. C\u2019est un jour de deuil, de gravit\u00e9 et de m\u00e9moire\" - UNIVERSNEWS224","robots":{"index":"index","follow":"follow","max-snippet":"max-snippet:-1","max-image-preview":"max-image-preview:large","max-video-preview":"max-video-preview:-1"},"canonical":"https:\/\/universnews224.com\/index.php\/president-mamadi-doumbouya-le-5-septembre-nest-pas-un-jour-de-triomphe-cest-un-jour-de-deuil-de-gravite-et-de-memoire\/","og_locale":"fr_FR","og_type":"article","og_title":"Pr\u00e9sident Mamadi Doumbouya: \"Le 5 septembre n\u2019est pas un jour de triomphe. C\u2019est un jour de deuil, de gravit\u00e9 et de m\u00e9moire\" - UNIVERSNEWS224","og_description":"Cinq ans apr\u00e8s l&rsquo;av\u00e8nement de la transition, le pr\u00e9sident de la R\u00e9publique, Mamadi Doumbouya, s&rsquo;est","og_url":"https:\/\/universnews224.com\/index.php\/president-mamadi-doumbouya-le-5-septembre-nest-pas-un-jour-de-triomphe-cest-un-jour-de-deuil-de-gravite-et-de-memoire\/","og_site_name":"UNIVERSNEWS224","article_published_time":"2026-09-05T22:56:19+00:00","og_image":[{"width":1080,"height":720,"url":"https:\/\/universnews224.com\/wp-content\/uploads\/2026\/08\/IMG-20260801-WA0028.jpg","type":"image\/jpeg"}],"author":"La R\u00e9daction","twitter_misc":{"\u00c9crit par":"La R\u00e9daction","Dur\u00e9e de lecture estim\u00e9e":"3 minutes"},"schema":{"@context":"https:\/\/schema.org","@graph":[{"@type":"Article","@id":"https:\/\/universnews224.com\/index.php\/president-mamadi-doumbouya-le-5-septembre-nest-pas-un-jour-de-triomphe-cest-un-jour-de-deuil-de-gravite-et-de-memoire\/#article","isPartOf":{"@id":"https:\/\/universnews224.com\/index.php\/president-mamadi-doumbouya-le-5-septembre-nest-pas-un-jour-de-triomphe-cest-un-jour-de-deuil-de-gravite-et-de-memoire\/"},"author":{"name":"La R\u00e9daction","@id":"https:\/\/universnews224.com\/#\/schema\/person\/a4b7d4f94a4716df60456a491260485e"},"headline":"Pr\u00e9sident Mamadi Doumbouya: \u00ab\u00a0Le 5 septembre n\u2019est pas un jour de triomphe. C\u2019est un jour de deuil, de gravit\u00e9 et de m\u00e9moire\u00a0\u00bb","datePublished":"2026-09-05T22:56:19+00:00","dateModified":"2026-09-05T22:56:19+00:00","mainEntityOfPage":{"@id":"https:\/\/universnews224.com\/index.php\/president-mamadi-doumbouya-le-5-septembre-nest-pas-un-jour-de-triomphe-cest-un-jour-de-deuil-de-gravite-et-de-memoire\/"},"wordCount":581,"publisher":{"@id":"https:\/\/universnews224.com\/#organization"},"keywords":["A la une"],"articleSection":["ACTU","POLITIQUE"],"inLanguage":"fr-FR"},{"@type":"WebPage","@id":"https:\/\/universnews224.com\/index.php\/president-mamadi-doumbouya-le-5-septembre-nest-pas-un-jour-de-triomphe-cest-un-jour-de-deuil-de-gravite-et-de-memoire\/","url":"https:\/\/universnews224.com\/index.php\/president-mamadi-doumbouya-le-5-septembre-nest-pas-un-jour-de-triomphe-cest-un-jour-de-deuil-de-gravite-et-de-memoire\/","name":"Pr\u00e9sident Mamadi Doumbouya: \"Le 5 septembre n\u2019est pas un jour de triomphe. C\u2019est un jour de deuil, de gravit\u00e9 et de m\u00e9moire\" - UNIVERSNEWS224","isPartOf":{"@id":"https:\/\/universnews224.com\/#website"},"datePublished":"2026-09-05T22:56:19+00:00","dateModified":"2026-09-05T22:56:19+00:00","inLanguage":"fr-FR","potentialAction":[{"@type":"ReadAction","target":["https:\/\/universnews224.com\/index.php\/president-mamadi-doumbouya-le-5-septembre-nest-pas-un-jour-de-triomphe-cest-un-jour-de-deuil-de-gravite-et-de-memoire\/"]}]},{"@type":"WebSite","@id":"https:\/\/universnews224.com\/#website","url":"https:\/\/universnews224.com\/","name":"UNIVERSNEWS224","description":"","publisher":{"@id":"https:\/\/universnews224.com\/#organization"},"potentialAction":[{"@type":"SearchAction","target":{"@type":"EntryPoint","urlTemplate":"https:\/\/universnews224.com\/?s={search_term_string}"},"query-input":"required name=search_term_string"}],"inLanguage":"fr-FR"},{"@type":"Organization","@id":"https:\/\/universnews224.com\/#organization","name":"UNIVERSNEWS224","url":"https:\/\/universnews224.com\/","logo":{"@type":"ImageObject","inLanguage":"fr-FR","@id":"https:\/\/universnews224.com\/#\/schema\/logo\/image\/","url":"https:\/\/universnews224.com\/wp-content\/uploads\/2022\/08\/cropped-cropped-logoban.jpg","contentUrl":"https:\/\/universnews224.com\/wp-content\/uploads\/2022\/08\/cropped-cropped-logoban.jpg","width":1080,"height":138,"caption":"UNIVERSNEWS224"},"image":{"@id":"https:\/\/universnews224.com\/#\/schema\/logo\/image\/"}},{"@type":"Person","@id":"https:\/\/universnews224.com\/#\/schema\/person\/a4b7d4f94a4716df60456a491260485e","name":"La R\u00e9daction","image":{"@type":"ImageObject","inLanguage":"fr-FR","@id":"https:\/\/universnews224.com\/#\/schema\/person\/image\/","url":"https:\/\/secure.gravatar.com\/avatar\/edb90acc7752b23e1b3307ad36c14f0d?s=96&d=mm&r=g","contentUrl":"https:\/\/secure.gravatar.com\/avatar\/edb90acc7752b23e1b3307ad36c14f0d?s=96&d=mm&r=g","caption":"La R\u00e9daction"},"sameAs":["https:\/\/universnews224.com"],"url":"https:\/\/universnews224.com\/index.php\/author\/m-camara\/"}]}},"_links":{"self":[{"href":"https:\/\/universnews224.com\/index.php\/wp-json\/wp\/v2\/posts\/11584"}],"collection":[{"href":"https:\/\/universnews224.com\/index.php\/wp-json\/wp\/v2\/posts"}],"about":[{"href":"https:\/\/universnews224.com\/index.php\/wp-json\/wp\/v2\/types\/post"}],"author":[{"embeddable":true,"href":"https:\/\/universnews224.com\/index.php\/wp-json\/wp\/v2\/users\/2"}],"replies":[{"embeddable":true,"href":"https:\/\/universnews224.com\/index.php\/wp-json\/wp\/v2\/comments?post=11584"}],"version-history":[{"count":1,"href":"https:\/\/universnews224.com\/index.php\/wp-json\/wp\/v2\/posts\/11584\/revisions"}],"predecessor-version":[{"id":11585,"href":"https:\/\/universnews224.com\/index.php\/wp-json\/wp\/v2\/posts\/11584\/revisions\/11585"}],"wp:featuredmedia":[{"embeddable":true,"href":"https:\/\/universnews224.com\/index.php\/wp-json\/wp\/v2\/media\/11410"}],"wp:attachment":[{"href":"https:\/\/universnews224.com\/index.php\/wp-json\/wp\/v2\/media?parent=11584"}],"wp:term":[{"taxonomy":"category","embeddable":true,"href":"https:\/\/universnews224.com\/index.php\/wp-json\/wp\/v2\/categories?post=11584"},{"taxonomy":"post_tag","embeddable":true,"href":"https:\/\/universnews224.com\/index.php\/wp-json\/wp\/v2\/tags?post=11584"}],"curies":[{"name":"wp","href":"https:\/\/api.w.org\/{rel}","templated":true}]}}