{"id":11586,"date":"2026-09-06T00:00:39","date_gmt":"2026-09-05T23:00:39","guid":{"rendered":"https:\/\/universnews224.com\/?p=11586"},"modified":"2026-09-06T00:00:39","modified_gmt":"2026-09-05T23:00:39","slug":"guinee-vives-inquietudes-apres-lextraction-nocturne-et-la-disparition-dalgassimou-diallo-de-sa-cellule","status":"publish","type":"post","link":"https:\/\/universnews224.com\/index.php\/guinee-vives-inquietudes-apres-lextraction-nocturne-et-la-disparition-dalgassimou-diallo-de-sa-cellule\/","title":{"rendered":"Guin\u00e9e : Vives inqui\u00e9tudes apr\u00e8s l&rsquo;extraction nocturne et la disparition d&rsquo;Algassimou Diallo de sa cellule"},"content":{"rendered":"<p>O\u00f9 se trouve Algassimou Diallo ? La question est d\u00e9sormais sur toutes les l\u00e8vres \u00e0 Conakry. Dans une d\u00e9claration au ton alarmant rendue publique ce samedi 5 septembre 2026, le Collectif des avocats du d\u00e9tenu tire la sonnette d&rsquo;alarme suite \u00e0 ce qu&rsquo;il qualifie de disparition inexpliqu\u00e9e au sein du syst\u00e8me carc\u00e9ral.<\/p>\n<p>\u200bUne extraction sans ordre officiel ni destination connue<\/p>\n<p>\u200bSelon le conseil du pr\u00e9venu, la situation s&rsquo;est d\u00e9grad\u00e9e au d\u00e9but de la journ\u00e9e de samedi. Le collectif affirme que:\u00a0\u00bb Il r\u00e9sulte d\u2019informations concordantes, recueillies ce jour, 5 septembre 2026, que Monsieur Algassimou DIALLO ne se trouve plus dans sa cellule depuis ce matin. Il aurait \u00e9t\u00e9 extrait de son lieu de d\u00e9tention et conduit vers une destination inconnue\u00a0\u00bb, a-t-il d\u00e9clar\u00e9<\/p>\n<p>\u200bLes d\u00e9marches entreprises d&rsquo;urgence pour localiser le d\u00e9tendu n&rsquo;ont donn\u00e9 aucun r\u00e9sultat :<\/p>\n<p>\u200b\u00a0\u00bb Les autorit\u00e9s judiciaires contact\u00e9es d\u00e9clarent n\u2019en rien savoir et les d\u00e9marches entreprises aupr\u00e8s de l\u2019\u00e9tablissement p\u00e9nitentiaire sont demeur\u00e9es sans r\u00e9ponse. Aucun ordre d\u2019extraction n\u2019a \u00e9t\u00e9 port\u00e9 \u00e0 la connaissance de la d\u00e9fense. Ni sa famille ni ses conseils ne savent o\u00f9 il se trouve\u00a0\u00bb, a- t-il alert\u00e9.<\/p>\n<p>\u200bUne proc\u00e9dure \u00ab exp\u00e9ditive \u00bb et un calendrier sous tension<\/p>\n<p>\u200bCette extraction surprise s&rsquo;inscrit dans un contexte judiciaire particuli\u00e8rement tendu. Les avocats d\u00e9noncent la rapidit\u00e9 inhabituelle avec laquelle le dossier a \u00e9t\u00e9 men\u00e9 ces derniers jours :<\/p>\n<p>\u200b\u00a0\u00bbCette disparition survient au terme d\u2019une proc\u00e9dure dont la d\u00e9fense a relev\u00e9 la rapidit\u00e9 : saisi le 2 septembre 2026 d\u2019observations, de demandes d\u2019actes et d\u2019une expertise de l\u2019enregistrement sonore qui constitue l\u2019unique preuve de l\u2019accusation, le juge d\u2019instruction rejetait le tout d\u00e8s le lendemain et renvoyait Monsieur DIALLO devant les chambres r\u00e9unies de la Cour supr\u00eame\u00a0\u00bb, a t-il mart\u00e9l\u00e9.<\/p>\n<p>\u200b\u00c0 l&rsquo;audience du vendredi 4 septembre, le pr\u00e9venu est pourtant apparu en forme :<\/p>\n<p>\u200b\u00a0\u00bb\u00c0 l\u2019audience du 4 septembre, o\u00f9 il est apparu en bonne sant\u00e9 et n\u2019a formul\u00e9 aucune plainte, la demande de renvoi de l\u2019affaire au mois d\u2019octobre, fond\u00e9e sur les vacances judiciaires des avocats, a \u00e9t\u00e9 mise en d\u00e9lib\u00e9r\u00e9 au mardi 8 septembre 2026&Prime;, a t-il indiqu\u00e9.<\/p>\n<p>\u200bLa responsabilit\u00e9 de l&rsquo;\u00c9tat engag\u00e9e<\/p>\n<p>\u200bFace \u00e0 ce vide d&rsquo;information, la d\u00e9fense rejette fermement l&rsquo;\u00e9ventualit\u00e9 d&rsquo;une urgence de sant\u00e9 et craint le pire pour la vie de son client :<\/p>\n<p>\u200b\u00a0\u00bbAucun motif m\u00e9dical ne saurait, en tout \u00e9tat de cause, expliquer une telle sortie de la maison d\u2019arr\u00eat. Le Collectif exprime les plus vives inqui\u00e9tudes pour la vie, la s\u00e9curit\u00e9 et l\u2019int\u00e9grit\u00e9 physique de son client, d\u00e9tenu plac\u00e9 sous la garde et sous la responsabilit\u00e9 de l\u2019\u00c9tat\u00a0\u00bb, a-t-il averti.<\/p>\n<p>\u200bFace \u00e0 cette urgence, les conseils de M. Diallo adressent une mise en demeure aux institutions s\u00e9curitaires et judiciaires du pays:<br \/>\n\u200b<br \/>\n\u00a0\u00bb Le Collectif rappelle qu\u2019il incombe aux autorit\u00e9s judiciaires, p\u00e9nitentiaires et s\u00e9curitaires de r\u00e9pondre de toute personne plac\u00e9e sous la garde de l\u2019\u00c9tat et d\u2019assurer sa protection. Il leur demande instamment que le lieu o\u00f9 se trouve Monsieur Algassimou DIALLO soit imm\u00e9diatement port\u00e9 \u00e0 la connaissance de sa famille et de ses conseils, et que ceux-ci puissent le rencontrer sans d\u00e9lai. \u00c0 d\u00e9faut, le Collectif saisira les instances nationales et internationales comp\u00e9tentes\u00a0\u00bb, a t-il soulign\u00e9.<\/p>\n<p>\u200bAlors que le d\u00e9lib\u00e9r\u00e9 sur le renvoi du proc\u00e8s reste fix\u00e9 au 8 septembre prochain, l&rsquo;ombre d&rsquo;une arrestation extrajudiciaire ou d&rsquo;un transfert clandestin plane sur Conakry. La r\u00e9action des autorit\u00e9s judiciaires est d\u00e9sormais tr\u00e8s attendue.<\/p>\n<p>&nbsp;<\/p>\n<p>Communiqu\u00e9<\/p>\n<p>&nbsp;<\/p>\n<p>Le Collectif des avocats de Monsieur Algassimou DIALLO informe l\u2019opinion publique qu\u2019il r\u00e9sulte d\u2019informations concordantes, recueillies ce jour, 5 septembre 2026, que Monsieur Algassimou DIALLO ne se trouve plus dans sa cellule depuis ce matin. Il aurait \u00e9t\u00e9 extrait de son lieu de d\u00e9tention et conduit vers une destination inconnue. Les autorit\u00e9s judiciaires contact\u00e9es d\u00e9clarent n\u2019en rien savoir et les d\u00e9marches entreprises aupr\u00e8s de l\u2019\u00e9tablissement p\u00e9nitentiaire sont demeur\u00e9es sans r\u00e9ponse. Aucun ordre d\u2019extraction n\u2019a \u00e9t\u00e9 port\u00e9 \u00e0 la connaissance de la d\u00e9fense. Ni sa famille ni ses conseils ne savent o\u00f9 il se trouve.<\/p>\n<p>Cette disparition survient au terme d\u2019une proc\u00e9dure dont la d\u00e9fense a relev\u00e9 la rapidit\u00e9 : saisi le 2 septembre 2026 d\u2019observations, de demandes d\u2019actes et d\u2019une expertise de l\u2019enregistrement sonore qui constitue l\u2019unique preuve de l\u2019accusation, le juge d\u2019instruction rejetait le tout d\u00e8s le lendemain et renvoyait Monsieur DIALLO devant les chambres r\u00e9unies de la Cour supr\u00eame. \u00c0 l\u2019audience du 4 septembre, o\u00f9 il est apparu en bonne sant\u00e9 et n\u2019a formul\u00e9 aucune plainte, la demande de renvoi de l\u2019affaire au mois d\u2019octobre, fond\u00e9e sur les vacances judiciaires des avocats, a \u00e9t\u00e9 mise en d\u00e9lib\u00e9r\u00e9 au mardi 8 septembre 2026.<\/p>\n<p>Aucun motif m\u00e9dical ne saurait, en tout \u00e9tat de cause, expliquer une telle sortie de la maison d\u2019arr\u00eat. Le Collectif exprime les plus vives inqui\u00e9tudes pour la vie, la s\u00e9curit\u00e9 et l\u2019int\u00e9grit\u00e9 physique de son client, d\u00e9tenu plac\u00e9 sous la garde et sous la responsabilit\u00e9 de l\u2019\u00c9tat.<\/p>\n<p>Le Collectif rappelle qu\u2019il incombe aux autorit\u00e9s judiciaires, p\u00e9nitentiaires et s\u00e9curitaires de r\u00e9pondre de toute personne plac\u00e9e sous la garde de l\u2019\u00c9tat et d\u2019assurer sa protection. Il leur demande instamment que le lieu o\u00f9 se trouve Monsieur Algassimou DIALLO soit imm\u00e9diatement port\u00e9 \u00e0 la connaissance de sa famille et de ses conseils, et que ceux-ci puissent le rencontrer sans d\u00e9lai. \u00c0 d\u00e9faut, le Collectif saisira les instances nationales et internationales comp\u00e9tentes.<\/p>\n<p>Fait \u00e0 Conakry, le 5 septembre 2026<\/p>\n<p>Le Collectif des Avocats de Monsieur Algassimou DIALLO<\/p>\n<p>Camara Mamadouba<\/p>\n<p>611 46 04 10<\/p>\n","protected":false},"excerpt":{"rendered":"<p>O\u00f9 se trouve Algassimou Diallo ? La question est d\u00e9sormais sur toutes les l\u00e8vres \u00e0<\/p>\n","protected":false},"author":2,"featured_media":11498,"comment_status":"closed","ping_status":"open","sticky":false,"template":"","format":"standard","meta":[],"categories":[3,4],"tags":[237],"yoast_head":"<!-- This site is optimized with the Yoast SEO plugin v19.13 - https:\/\/yoast.com\/wordpress\/plugins\/seo\/ -->\n<title>Guin\u00e9e : Vives inqui\u00e9tudes apr\u00e8s l&#039;extraction nocturne et la disparition d&#039;Algassimou Diallo de sa cellule - UNIVERSNEWS224<\/title>\n<meta name=\"robots\" content=\"index, follow, max-snippet:-1, max-image-preview:large, max-video-preview:-1\" \/>\n<link rel=\"canonical\" href=\"https:\/\/universnews224.com\/index.php\/guinee-vives-inquietudes-apres-lextraction-nocturne-et-la-disparition-dalgassimou-diallo-de-sa-cellule\/\" \/>\n<meta property=\"og:locale\" content=\"fr_FR\" \/>\n<meta property=\"og:type\" content=\"article\" \/>\n<meta property=\"og:title\" content=\"Guin\u00e9e : Vives inqui\u00e9tudes apr\u00e8s l&#039;extraction nocturne et la disparition d&#039;Algassimou Diallo de sa cellule - UNIVERSNEWS224\" \/>\n<meta property=\"og:description\" content=\"O\u00f9 se trouve Algassimou Diallo ? La question est d\u00e9sormais sur toutes les l\u00e8vres \u00e0\" \/>\n<meta property=\"og:url\" content=\"https:\/\/universnews224.com\/index.php\/guinee-vives-inquietudes-apres-lextraction-nocturne-et-la-disparition-dalgassimou-diallo-de-sa-cellule\/\" \/>\n<meta property=\"og:site_name\" content=\"UNIVERSNEWS224\" \/>\n<meta property=\"article:published_time\" content=\"2026-09-05T23:00:39+00:00\" \/>\n<meta property=\"og:image\" content=\"https:\/\/universnews224.com\/wp-content\/uploads\/2026\/08\/Algassimou-Diallo.jpeg\" \/>\n\t<meta property=\"og:image:width\" content=\"576\" \/>\n\t<meta property=\"og:image:height\" content=\"524\" \/>\n\t<meta property=\"og:image:type\" content=\"image\/jpeg\" \/>\n<meta name=\"author\" content=\"La R\u00e9daction\" \/>\n<meta name=\"twitter:label1\" content=\"\u00c9crit par\" \/>\n\t<meta name=\"twitter:data1\" content=\"La R\u00e9daction\" \/>\n\t<meta name=\"twitter:label2\" content=\"Dur\u00e9e de lecture estim\u00e9e\" \/>\n\t<meta name=\"twitter:data2\" content=\"5 minutes\" \/>\n<script type=\"application\/ld+json\" class=\"yoast-schema-graph\">{\"@context\":\"https:\/\/schema.org\",\"@graph\":[{\"@type\":\"Article\",\"@id\":\"https:\/\/universnews224.com\/index.php\/guinee-vives-inquietudes-apres-lextraction-nocturne-et-la-disparition-dalgassimou-diallo-de-sa-cellule\/#article\",\"isPartOf\":{\"@id\":\"https:\/\/universnews224.com\/index.php\/guinee-vives-inquietudes-apres-lextraction-nocturne-et-la-disparition-dalgassimou-diallo-de-sa-cellule\/\"},\"author\":{\"name\":\"La R\u00e9daction\",\"@id\":\"https:\/\/universnews224.com\/#\/schema\/person\/a4b7d4f94a4716df60456a491260485e\"},\"headline\":\"Guin\u00e9e : Vives inqui\u00e9tudes apr\u00e8s l&rsquo;extraction nocturne et la disparition d&rsquo;Algassimou Diallo de sa cellule\",\"datePublished\":\"2026-09-05T23:00:39+00:00\",\"dateModified\":\"2026-09-05T23:00:39+00:00\",\"mainEntityOfPage\":{\"@id\":\"https:\/\/universnews224.com\/index.php\/guinee-vives-inquietudes-apres-lextraction-nocturne-et-la-disparition-dalgassimou-diallo-de-sa-cellule\/\"},\"wordCount\":1003,\"publisher\":{\"@id\":\"https:\/\/universnews224.com\/#organization\"},\"keywords\":[\"A la une\"],\"articleSection\":[\"ACTU\",\"POLITIQUE\"],\"inLanguage\":\"fr-FR\"},{\"@type\":\"WebPage\",\"@id\":\"https:\/\/universnews224.com\/index.php\/guinee-vives-inquietudes-apres-lextraction-nocturne-et-la-disparition-dalgassimou-diallo-de-sa-cellule\/\",\"url\":\"https:\/\/universnews224.com\/index.php\/guinee-vives-inquietudes-apres-lextraction-nocturne-et-la-disparition-dalgassimou-diallo-de-sa-cellule\/\",\"name\":\"Guin\u00e9e : Vives inqui\u00e9tudes apr\u00e8s l'extraction nocturne et la disparition d'Algassimou Diallo de sa cellule - UNIVERSNEWS224\",\"isPartOf\":{\"@id\":\"https:\/\/universnews224.com\/#website\"},\"datePublished\":\"2026-09-05T23:00:39+00:00\",\"dateModified\":\"2026-09-05T23:00:39+00:00\",\"inLanguage\":\"fr-FR\",\"potentialAction\":[{\"@type\":\"ReadAction\",\"target\":[\"https:\/\/universnews224.com\/index.php\/guinee-vives-inquietudes-apres-lextraction-nocturne-et-la-disparition-dalgassimou-diallo-de-sa-cellule\/\"]}]},{\"@type\":\"WebSite\",\"@id\":\"https:\/\/universnews224.com\/#website\",\"url\":\"https:\/\/universnews224.com\/\",\"name\":\"UNIVERSNEWS224\",\"description\":\"\",\"publisher\":{\"@id\":\"https:\/\/universnews224.com\/#organization\"},\"potentialAction\":[{\"@type\":\"SearchAction\",\"target\":{\"@type\":\"EntryPoint\",\"urlTemplate\":\"https:\/\/universnews224.com\/?s={search_term_string}\"},\"query-input\":\"required name=search_term_string\"}],\"inLanguage\":\"fr-FR\"},{\"@type\":\"Organization\",\"@id\":\"https:\/\/universnews224.com\/#organization\",\"name\":\"UNIVERSNEWS224\",\"url\":\"https:\/\/universnews224.com\/\",\"logo\":{\"@type\":\"ImageObject\",\"inLanguage\":\"fr-FR\",\"@id\":\"https:\/\/universnews224.com\/#\/schema\/logo\/image\/\",\"url\":\"https:\/\/universnews224.com\/wp-content\/uploads\/2022\/08\/cropped-cropped-logoban.jpg\",\"contentUrl\":\"https:\/\/universnews224.com\/wp-content\/uploads\/2022\/08\/cropped-cropped-logoban.jpg\",\"width\":1080,\"height\":138,\"caption\":\"UNIVERSNEWS224\"},\"image\":{\"@id\":\"https:\/\/universnews224.com\/#\/schema\/logo\/image\/\"}},{\"@type\":\"Person\",\"@id\":\"https:\/\/universnews224.com\/#\/schema\/person\/a4b7d4f94a4716df60456a491260485e\",\"name\":\"La R\u00e9daction\",\"image\":{\"@type\":\"ImageObject\",\"inLanguage\":\"fr-FR\",\"@id\":\"https:\/\/universnews224.com\/#\/schema\/person\/image\/\",\"url\":\"https:\/\/secure.gravatar.com\/avatar\/edb90acc7752b23e1b3307ad36c14f0d?s=96&d=mm&r=g\",\"contentUrl\":\"https:\/\/secure.gravatar.com\/avatar\/edb90acc7752b23e1b3307ad36c14f0d?s=96&d=mm&r=g\",\"caption\":\"La R\u00e9daction\"},\"sameAs\":[\"https:\/\/universnews224.com\"],\"url\":\"https:\/\/universnews224.com\/index.php\/author\/m-camara\/\"}]}<\/script>\n<!-- \/ Yoast SEO plugin. -->","yoast_head_json":{"title":"Guin\u00e9e : Vives inqui\u00e9tudes apr\u00e8s l'extraction nocturne et la disparition d'Algassimou Diallo de sa cellule - UNIVERSNEWS224","robots":{"index":"index","follow":"follow","max-snippet":"max-snippet:-1","max-image-preview":"max-image-preview:large","max-video-preview":"max-video-preview:-1"},"canonical":"https:\/\/universnews224.com\/index.php\/guinee-vives-inquietudes-apres-lextraction-nocturne-et-la-disparition-dalgassimou-diallo-de-sa-cellule\/","og_locale":"fr_FR","og_type":"article","og_title":"Guin\u00e9e : Vives inqui\u00e9tudes apr\u00e8s l'extraction nocturne et la disparition d'Algassimou Diallo de sa cellule - UNIVERSNEWS224","og_description":"O\u00f9 se trouve Algassimou Diallo ? La question est d\u00e9sormais sur toutes les l\u00e8vres \u00e0","og_url":"https:\/\/universnews224.com\/index.php\/guinee-vives-inquietudes-apres-lextraction-nocturne-et-la-disparition-dalgassimou-diallo-de-sa-cellule\/","og_site_name":"UNIVERSNEWS224","article_published_time":"2026-09-05T23:00:39+00:00","og_image":[{"width":576,"height":524,"url":"https:\/\/universnews224.com\/wp-content\/uploads\/2026\/08\/Algassimou-Diallo.jpeg","type":"image\/jpeg"}],"author":"La R\u00e9daction","twitter_misc":{"\u00c9crit par":"La R\u00e9daction","Dur\u00e9e de lecture estim\u00e9e":"5 minutes"},"schema":{"@context":"https:\/\/schema.org","@graph":[{"@type":"Article","@id":"https:\/\/universnews224.com\/index.php\/guinee-vives-inquietudes-apres-lextraction-nocturne-et-la-disparition-dalgassimou-diallo-de-sa-cellule\/#article","isPartOf":{"@id":"https:\/\/universnews224.com\/index.php\/guinee-vives-inquietudes-apres-lextraction-nocturne-et-la-disparition-dalgassimou-diallo-de-sa-cellule\/"},"author":{"name":"La R\u00e9daction","@id":"https:\/\/universnews224.com\/#\/schema\/person\/a4b7d4f94a4716df60456a491260485e"},"headline":"Guin\u00e9e : Vives inqui\u00e9tudes apr\u00e8s l&rsquo;extraction nocturne et la disparition d&rsquo;Algassimou Diallo de sa cellule","datePublished":"2026-09-05T23:00:39+00:00","dateModified":"2026-09-05T23:00:39+00:00","mainEntityOfPage":{"@id":"https:\/\/universnews224.com\/index.php\/guinee-vives-inquietudes-apres-lextraction-nocturne-et-la-disparition-dalgassimou-diallo-de-sa-cellule\/"},"wordCount":1003,"publisher":{"@id":"https:\/\/universnews224.com\/#organization"},"keywords":["A la une"],"articleSection":["ACTU","POLITIQUE"],"inLanguage":"fr-FR"},{"@type":"WebPage","@id":"https:\/\/universnews224.com\/index.php\/guinee-vives-inquietudes-apres-lextraction-nocturne-et-la-disparition-dalgassimou-diallo-de-sa-cellule\/","url":"https:\/\/universnews224.com\/index.php\/guinee-vives-inquietudes-apres-lextraction-nocturne-et-la-disparition-dalgassimou-diallo-de-sa-cellule\/","name":"Guin\u00e9e : Vives inqui\u00e9tudes apr\u00e8s l'extraction nocturne et la disparition d'Algassimou Diallo de sa cellule - UNIVERSNEWS224","isPartOf":{"@id":"https:\/\/universnews224.com\/#website"},"datePublished":"2026-09-05T23:00:39+00:00","dateModified":"2026-09-05T23:00:39+00:00","inLanguage":"fr-FR","potentialAction":[{"@type":"ReadAction","target":["https:\/\/universnews224.com\/index.php\/guinee-vives-inquietudes-apres-lextraction-nocturne-et-la-disparition-dalgassimou-diallo-de-sa-cellule\/"]}]},{"@type":"WebSite","@id":"https:\/\/universnews224.com\/#website","url":"https:\/\/universnews224.com\/","name":"UNIVERSNEWS224","description":"","publisher":{"@id":"https:\/\/universnews224.com\/#organization"},"potentialAction":[{"@type":"SearchAction","target":{"@type":"EntryPoint","urlTemplate":"https:\/\/universnews224.com\/?s={search_term_string}"},"query-input":"required name=search_term_string"}],"inLanguage":"fr-FR"},{"@type":"Organization","@id":"https:\/\/universnews224.com\/#organization","name":"UNIVERSNEWS224","url":"https:\/\/universnews224.com\/","logo":{"@type":"ImageObject","inLanguage":"fr-FR","@id":"https:\/\/universnews224.com\/#\/schema\/logo\/image\/","url":"https:\/\/universnews224.com\/wp-content\/uploads\/2022\/08\/cropped-cropped-logoban.jpg","contentUrl":"https:\/\/universnews224.com\/wp-content\/uploads\/2022\/08\/cropped-cropped-logoban.jpg","width":1080,"height":138,"caption":"UNIVERSNEWS224"},"image":{"@id":"https:\/\/universnews224.com\/#\/schema\/logo\/image\/"}},{"@type":"Person","@id":"https:\/\/universnews224.com\/#\/schema\/person\/a4b7d4f94a4716df60456a491260485e","name":"La R\u00e9daction","image":{"@type":"ImageObject","inLanguage":"fr-FR","@id":"https:\/\/universnews224.com\/#\/schema\/person\/image\/","url":"https:\/\/secure.gravatar.com\/avatar\/edb90acc7752b23e1b3307ad36c14f0d?s=96&d=mm&r=g","contentUrl":"https:\/\/secure.gravatar.com\/avatar\/edb90acc7752b23e1b3307ad36c14f0d?s=96&d=mm&r=g","caption":"La R\u00e9daction"},"sameAs":["https:\/\/universnews224.com"],"url":"https:\/\/universnews224.com\/index.php\/author\/m-camara\/"}]}},"_links":{"self":[{"href":"https:\/\/universnews224.com\/index.php\/wp-json\/wp\/v2\/posts\/11586"}],"collection":[{"href":"https:\/\/universnews224.com\/index.php\/wp-json\/wp\/v2\/posts"}],"about":[{"href":"https:\/\/universnews224.com\/index.php\/wp-json\/wp\/v2\/types\/post"}],"author":[{"embeddable":true,"href":"https:\/\/universnews224.com\/index.php\/wp-json\/wp\/v2\/users\/2"}],"replies":[{"embeddable":true,"href":"https:\/\/universnews224.com\/index.php\/wp-json\/wp\/v2\/comments?post=11586"}],"version-history":[{"count":1,"href":"https:\/\/universnews224.com\/index.php\/wp-json\/wp\/v2\/posts\/11586\/revisions"}],"predecessor-version":[{"id":11587,"href":"https:\/\/universnews224.com\/index.php\/wp-json\/wp\/v2\/posts\/11586\/revisions\/11587"}],"wp:featuredmedia":[{"embeddable":true,"href":"https:\/\/universnews224.com\/index.php\/wp-json\/wp\/v2\/media\/11498"}],"wp:attachment":[{"href":"https:\/\/universnews224.com\/index.php\/wp-json\/wp\/v2\/media?parent=11586"}],"wp:term":[{"taxonomy":"category","embeddable":true,"href":"https:\/\/universnews224.com\/index.php\/wp-json\/wp\/v2\/categories?post=11586"},{"taxonomy":"post_tag","embeddable":true,"href":"https:\/\/universnews224.com\/index.php\/wp-json\/wp\/v2\/tags?post=11586"}],"curies":[{"name":"wp","href":"https:\/\/api.w.org\/{rel}","templated":true}]}}