{"id":11588,"date":"2026-09-06T09:58:03","date_gmt":"2026-09-06T08:58:03","guid":{"rendered":"https:\/\/universnews224.com\/?p=11588"},"modified":"2026-09-06T09:58:03","modified_gmt":"2026-09-06T08:58:03","slug":"affaire-algassimou-diallo-ladministration-penitentiaire-brise-le-silence-et-confirme-son-transferement-a-macenta","status":"publish","type":"post","link":"https:\/\/universnews224.com\/index.php\/affaire-algassimou-diallo-ladministration-penitentiaire-brise-le-silence-et-confirme-son-transferement-a-macenta\/","title":{"rendered":"Affaire Algassimou Diallo : L&rsquo;Administration p\u00e9nitentiaire brise le silence et confirme son transf\u00e8rement \u00e0 Macenta"},"content":{"rendered":"<p dir=\"ltr\">La Direction nationale de l&rsquo;Administration p\u00e9nitentiaire et de la R\u00e9insertion a mis fin aux sp\u00e9culations entourant le lieu de d\u00e9tention d&rsquo;Algassimou Diallo. Face aux vives inqui\u00e9tudes exprim\u00e9es par son collectif d&rsquo;avocats, qui d\u00e9non\u00e7ait une disparition de fait, l&rsquo;institution dirig\u00e9e par Mamadou Gando Bah a publi\u00e9 un communiqu\u00e9 officiel ce dimanche 6 septembre 2026 depuis Conakry pour apporter des clarifications sur la situation administrative du pr\u00e9venu.<\/p>\n<p dir=\"ltr\">\u200bDans sa prise de parole, l&rsquo;autorit\u00e9 p\u00e9nitentiaire revient en d\u00e9tail sur les motifs de son arrestation et son parcours carc\u00e9ral initial : \u00ab La Direction nationale de l&rsquo;Administration p\u00e9nitentiaire et de la R\u00e9insertion informe le public que Monsieur Algassimou DIALLO, inculp\u00e9 et plac\u00e9 sous mandat de d\u00e9p\u00f4t le 27 ao\u00fbt 2026 pour des faits de provocation \u00e0 la discrimination, \u00e0 la haine ou \u00e0 la violence, de discrimination et de participation \u00e0 une association de malfaiteurs par le Pr\u00e9sident de la Premi\u00e8re Chambre p\u00e9nale de la Cour supr\u00eame, a initialement \u00e9t\u00e9 \u00e9crou\u00e9 \u00e0 la Maison d&rsquo;arr\u00eat et de correction de Coyah \u00bb.<\/p>\n<p dir=\"ltr\">\u200bAfin de justifier l&rsquo;absence d&rsquo;information transmise aux conseils du pr\u00e9venu et l&rsquo;\u00e9loignement g\u00e9ographique de ce dernier en Guin\u00e9e foresti\u00e8re, l&rsquo;administration \u00e9voque une d\u00e9cision de gestion courante. \u00ab Dans le cadre de la gestion administrative des \u00e9tablissements p\u00e9nitentiaires, il a \u00e9t\u00e9 transf\u00e9r\u00e9 le 5 septembre 2026 \u00e0 la Maison d&rsquo;arr\u00eat et de correction de Macenta \u00bb, indique le texte portant la signature du Directeur National, Mamadou Gando Bah.<\/p>\n<p dir=\"ltr\">\u200bCherchant \u00e0 couper court aux craintes formul\u00e9es par ses proches quant \u00e0 sa s\u00e9curit\u00e9 physique et son int\u00e9grit\u00e9, le document officiel pr\u00e9cise son statut juridique direct : \u00ab L&rsquo;int\u00e9ress\u00e9 y demeure actuellement d\u00e9tenu en ex\u00e9cution du mandat de d\u00e9p\u00f4t d\u00e9cern\u00e9 \u00e0 son encontre. \u00bb<\/p>\n<p dir=\"ltr\">\u200bEn confirmant la pr\u00e9sence du pr\u00e9venu au sein de la maison d&rsquo;arr\u00eat de Macenta, l&rsquo;\u00c9tat l\u00e8ve le voile sur sa localisation exacte. Il appartient d\u00e9sormais au collectif de la d\u00e9fense d&rsquo;entreprendre les d\u00e9marches n\u00e9cessaires pour organiser les premi\u00e8res consultations juridiques sur place avec leur client.<\/p>\n<p dir=\"ltr\">\n<p dir=\"ltr\">\n<p dir=\"ltr\">Decoster<\/p>\n","protected":false},"excerpt":{"rendered":"<p>La Direction nationale de l&rsquo;Administration p\u00e9nitentiaire et de la R\u00e9insertion a mis fin aux sp\u00e9culations<\/p>\n","protected":false},"author":2,"featured_media":11510,"comment_status":"closed","ping_status":"open","sticky":false,"template":"","format":"standard","meta":[],"categories":[3,4],"tags":[237],"yoast_head":"<!-- This site is optimized with the Yoast SEO plugin v19.13 - https:\/\/yoast.com\/wordpress\/plugins\/seo\/ -->\n<title>Affaire Algassimou Diallo : L&#039;Administration p\u00e9nitentiaire brise le silence et confirme son transf\u00e8rement \u00e0 Macenta - UNIVERSNEWS224<\/title>\n<meta name=\"robots\" content=\"index, follow, max-snippet:-1, max-image-preview:large, max-video-preview:-1\" \/>\n<link rel=\"canonical\" href=\"https:\/\/universnews224.com\/index.php\/affaire-algassimou-diallo-ladministration-penitentiaire-brise-le-silence-et-confirme-son-transferement-a-macenta\/\" \/>\n<meta property=\"og:locale\" content=\"fr_FR\" \/>\n<meta property=\"og:type\" content=\"article\" \/>\n<meta property=\"og:title\" content=\"Affaire Algassimou Diallo : L&#039;Administration p\u00e9nitentiaire brise le silence et confirme son transf\u00e8rement \u00e0 Macenta - UNIVERSNEWS224\" \/>\n<meta property=\"og:description\" content=\"La Direction nationale de l&rsquo;Administration p\u00e9nitentiaire et de la R\u00e9insertion a mis fin aux sp\u00e9culations\" \/>\n<meta property=\"og:url\" content=\"https:\/\/universnews224.com\/index.php\/affaire-algassimou-diallo-ladministration-penitentiaire-brise-le-silence-et-confirme-son-transferement-a-macenta\/\" \/>\n<meta property=\"og:site_name\" content=\"UNIVERSNEWS224\" \/>\n<meta property=\"article:published_time\" content=\"2026-09-06T08:58:03+00:00\" \/>\n<meta property=\"og:image\" content=\"https:\/\/universnews224.com\/wp-content\/uploads\/2026\/08\/1000743669.webp\" \/>\n\t<meta property=\"og:image:width\" content=\"603\" \/>\n\t<meta property=\"og:image:height\" content=\"331\" \/>\n\t<meta property=\"og:image:type\" content=\"image\/webp\" \/>\n<meta name=\"author\" content=\"La R\u00e9daction\" \/>\n<meta name=\"twitter:label1\" content=\"\u00c9crit par\" \/>\n\t<meta name=\"twitter:data1\" content=\"La R\u00e9daction\" \/>\n\t<meta name=\"twitter:label2\" content=\"Dur\u00e9e de lecture estim\u00e9e\" \/>\n\t<meta name=\"twitter:data2\" content=\"2 minutes\" \/>\n<script type=\"application\/ld+json\" class=\"yoast-schema-graph\">{\"@context\":\"https:\/\/schema.org\",\"@graph\":[{\"@type\":\"Article\",\"@id\":\"https:\/\/universnews224.com\/index.php\/affaire-algassimou-diallo-ladministration-penitentiaire-brise-le-silence-et-confirme-son-transferement-a-macenta\/#article\",\"isPartOf\":{\"@id\":\"https:\/\/universnews224.com\/index.php\/affaire-algassimou-diallo-ladministration-penitentiaire-brise-le-silence-et-confirme-son-transferement-a-macenta\/\"},\"author\":{\"name\":\"La R\u00e9daction\",\"@id\":\"https:\/\/universnews224.com\/#\/schema\/person\/a4b7d4f94a4716df60456a491260485e\"},\"headline\":\"Affaire Algassimou Diallo : L&rsquo;Administration p\u00e9nitentiaire brise le silence et confirme son transf\u00e8rement \u00e0 Macenta\",\"datePublished\":\"2026-09-06T08:58:03+00:00\",\"dateModified\":\"2026-09-06T08:58:03+00:00\",\"mainEntityOfPage\":{\"@id\":\"https:\/\/universnews224.com\/index.php\/affaire-algassimou-diallo-ladministration-penitentiaire-brise-le-silence-et-confirme-son-transferement-a-macenta\/\"},\"wordCount\":368,\"publisher\":{\"@id\":\"https:\/\/universnews224.com\/#organization\"},\"keywords\":[\"A la une\"],\"articleSection\":[\"ACTU\",\"POLITIQUE\"],\"inLanguage\":\"fr-FR\"},{\"@type\":\"WebPage\",\"@id\":\"https:\/\/universnews224.com\/index.php\/affaire-algassimou-diallo-ladministration-penitentiaire-brise-le-silence-et-confirme-son-transferement-a-macenta\/\",\"url\":\"https:\/\/universnews224.com\/index.php\/affaire-algassimou-diallo-ladministration-penitentiaire-brise-le-silence-et-confirme-son-transferement-a-macenta\/\",\"name\":\"Affaire Algassimou Diallo : L'Administration p\u00e9nitentiaire brise le silence et confirme son transf\u00e8rement \u00e0 Macenta - UNIVERSNEWS224\",\"isPartOf\":{\"@id\":\"https:\/\/universnews224.com\/#website\"},\"datePublished\":\"2026-09-06T08:58:03+00:00\",\"dateModified\":\"2026-09-06T08:58:03+00:00\",\"inLanguage\":\"fr-FR\",\"potentialAction\":[{\"@type\":\"ReadAction\",\"target\":[\"https:\/\/universnews224.com\/index.php\/affaire-algassimou-diallo-ladministration-penitentiaire-brise-le-silence-et-confirme-son-transferement-a-macenta\/\"]}]},{\"@type\":\"WebSite\",\"@id\":\"https:\/\/universnews224.com\/#website\",\"url\":\"https:\/\/universnews224.com\/\",\"name\":\"UNIVERSNEWS224\",\"description\":\"\",\"publisher\":{\"@id\":\"https:\/\/universnews224.com\/#organization\"},\"potentialAction\":[{\"@type\":\"SearchAction\",\"target\":{\"@type\":\"EntryPoint\",\"urlTemplate\":\"https:\/\/universnews224.com\/?s={search_term_string}\"},\"query-input\":\"required name=search_term_string\"}],\"inLanguage\":\"fr-FR\"},{\"@type\":\"Organization\",\"@id\":\"https:\/\/universnews224.com\/#organization\",\"name\":\"UNIVERSNEWS224\",\"url\":\"https:\/\/universnews224.com\/\",\"logo\":{\"@type\":\"ImageObject\",\"inLanguage\":\"fr-FR\",\"@id\":\"https:\/\/universnews224.com\/#\/schema\/logo\/image\/\",\"url\":\"https:\/\/universnews224.com\/wp-content\/uploads\/2022\/08\/cropped-cropped-logoban.jpg\",\"contentUrl\":\"https:\/\/universnews224.com\/wp-content\/uploads\/2022\/08\/cropped-cropped-logoban.jpg\",\"width\":1080,\"height\":138,\"caption\":\"UNIVERSNEWS224\"},\"image\":{\"@id\":\"https:\/\/universnews224.com\/#\/schema\/logo\/image\/\"}},{\"@type\":\"Person\",\"@id\":\"https:\/\/universnews224.com\/#\/schema\/person\/a4b7d4f94a4716df60456a491260485e\",\"name\":\"La R\u00e9daction\",\"image\":{\"@type\":\"ImageObject\",\"inLanguage\":\"fr-FR\",\"@id\":\"https:\/\/universnews224.com\/#\/schema\/person\/image\/\",\"url\":\"https:\/\/secure.gravatar.com\/avatar\/edb90acc7752b23e1b3307ad36c14f0d?s=96&d=mm&r=g\",\"contentUrl\":\"https:\/\/secure.gravatar.com\/avatar\/edb90acc7752b23e1b3307ad36c14f0d?s=96&d=mm&r=g\",\"caption\":\"La R\u00e9daction\"},\"sameAs\":[\"https:\/\/universnews224.com\"],\"url\":\"https:\/\/universnews224.com\/index.php\/author\/m-camara\/\"}]}<\/script>\n<!-- \/ Yoast SEO plugin. -->","yoast_head_json":{"title":"Affaire Algassimou Diallo : L'Administration p\u00e9nitentiaire brise le silence et confirme son transf\u00e8rement \u00e0 Macenta - UNIVERSNEWS224","robots":{"index":"index","follow":"follow","max-snippet":"max-snippet:-1","max-image-preview":"max-image-preview:large","max-video-preview":"max-video-preview:-1"},"canonical":"https:\/\/universnews224.com\/index.php\/affaire-algassimou-diallo-ladministration-penitentiaire-brise-le-silence-et-confirme-son-transferement-a-macenta\/","og_locale":"fr_FR","og_type":"article","og_title":"Affaire Algassimou Diallo : L'Administration p\u00e9nitentiaire brise le silence et confirme son transf\u00e8rement \u00e0 Macenta - UNIVERSNEWS224","og_description":"La Direction nationale de l&rsquo;Administration p\u00e9nitentiaire et de la R\u00e9insertion a mis fin aux sp\u00e9culations","og_url":"https:\/\/universnews224.com\/index.php\/affaire-algassimou-diallo-ladministration-penitentiaire-brise-le-silence-et-confirme-son-transferement-a-macenta\/","og_site_name":"UNIVERSNEWS224","article_published_time":"2026-09-06T08:58:03+00:00","og_image":[{"width":603,"height":331,"url":"https:\/\/universnews224.com\/wp-content\/uploads\/2026\/08\/1000743669.webp","type":"image\/webp"}],"author":"La R\u00e9daction","twitter_misc":{"\u00c9crit par":"La R\u00e9daction","Dur\u00e9e de lecture estim\u00e9e":"2 minutes"},"schema":{"@context":"https:\/\/schema.org","@graph":[{"@type":"Article","@id":"https:\/\/universnews224.com\/index.php\/affaire-algassimou-diallo-ladministration-penitentiaire-brise-le-silence-et-confirme-son-transferement-a-macenta\/#article","isPartOf":{"@id":"https:\/\/universnews224.com\/index.php\/affaire-algassimou-diallo-ladministration-penitentiaire-brise-le-silence-et-confirme-son-transferement-a-macenta\/"},"author":{"name":"La R\u00e9daction","@id":"https:\/\/universnews224.com\/#\/schema\/person\/a4b7d4f94a4716df60456a491260485e"},"headline":"Affaire Algassimou Diallo : L&rsquo;Administration p\u00e9nitentiaire brise le silence et confirme son transf\u00e8rement \u00e0 Macenta","datePublished":"2026-09-06T08:58:03+00:00","dateModified":"2026-09-06T08:58:03+00:00","mainEntityOfPage":{"@id":"https:\/\/universnews224.com\/index.php\/affaire-algassimou-diallo-ladministration-penitentiaire-brise-le-silence-et-confirme-son-transferement-a-macenta\/"},"wordCount":368,"publisher":{"@id":"https:\/\/universnews224.com\/#organization"},"keywords":["A la une"],"articleSection":["ACTU","POLITIQUE"],"inLanguage":"fr-FR"},{"@type":"WebPage","@id":"https:\/\/universnews224.com\/index.php\/affaire-algassimou-diallo-ladministration-penitentiaire-brise-le-silence-et-confirme-son-transferement-a-macenta\/","url":"https:\/\/universnews224.com\/index.php\/affaire-algassimou-diallo-ladministration-penitentiaire-brise-le-silence-et-confirme-son-transferement-a-macenta\/","name":"Affaire Algassimou Diallo : L'Administration p\u00e9nitentiaire brise le silence et confirme son transf\u00e8rement \u00e0 Macenta - UNIVERSNEWS224","isPartOf":{"@id":"https:\/\/universnews224.com\/#website"},"datePublished":"2026-09-06T08:58:03+00:00","dateModified":"2026-09-06T08:58:03+00:00","inLanguage":"fr-FR","potentialAction":[{"@type":"ReadAction","target":["https:\/\/universnews224.com\/index.php\/affaire-algassimou-diallo-ladministration-penitentiaire-brise-le-silence-et-confirme-son-transferement-a-macenta\/"]}]},{"@type":"WebSite","@id":"https:\/\/universnews224.com\/#website","url":"https:\/\/universnews224.com\/","name":"UNIVERSNEWS224","description":"","publisher":{"@id":"https:\/\/universnews224.com\/#organization"},"potentialAction":[{"@type":"SearchAction","target":{"@type":"EntryPoint","urlTemplate":"https:\/\/universnews224.com\/?s={search_term_string}"},"query-input":"required name=search_term_string"}],"inLanguage":"fr-FR"},{"@type":"Organization","@id":"https:\/\/universnews224.com\/#organization","name":"UNIVERSNEWS224","url":"https:\/\/universnews224.com\/","logo":{"@type":"ImageObject","inLanguage":"fr-FR","@id":"https:\/\/universnews224.com\/#\/schema\/logo\/image\/","url":"https:\/\/universnews224.com\/wp-content\/uploads\/2022\/08\/cropped-cropped-logoban.jpg","contentUrl":"https:\/\/universnews224.com\/wp-content\/uploads\/2022\/08\/cropped-cropped-logoban.jpg","width":1080,"height":138,"caption":"UNIVERSNEWS224"},"image":{"@id":"https:\/\/universnews224.com\/#\/schema\/logo\/image\/"}},{"@type":"Person","@id":"https:\/\/universnews224.com\/#\/schema\/person\/a4b7d4f94a4716df60456a491260485e","name":"La R\u00e9daction","image":{"@type":"ImageObject","inLanguage":"fr-FR","@id":"https:\/\/universnews224.com\/#\/schema\/person\/image\/","url":"https:\/\/secure.gravatar.com\/avatar\/edb90acc7752b23e1b3307ad36c14f0d?s=96&d=mm&r=g","contentUrl":"https:\/\/secure.gravatar.com\/avatar\/edb90acc7752b23e1b3307ad36c14f0d?s=96&d=mm&r=g","caption":"La R\u00e9daction"},"sameAs":["https:\/\/universnews224.com"],"url":"https:\/\/universnews224.com\/index.php\/author\/m-camara\/"}]}},"_links":{"self":[{"href":"https:\/\/universnews224.com\/index.php\/wp-json\/wp\/v2\/posts\/11588"}],"collection":[{"href":"https:\/\/universnews224.com\/index.php\/wp-json\/wp\/v2\/posts"}],"about":[{"href":"https:\/\/universnews224.com\/index.php\/wp-json\/wp\/v2\/types\/post"}],"author":[{"embeddable":true,"href":"https:\/\/universnews224.com\/index.php\/wp-json\/wp\/v2\/users\/2"}],"replies":[{"embeddable":true,"href":"https:\/\/universnews224.com\/index.php\/wp-json\/wp\/v2\/comments?post=11588"}],"version-history":[{"count":1,"href":"https:\/\/universnews224.com\/index.php\/wp-json\/wp\/v2\/posts\/11588\/revisions"}],"predecessor-version":[{"id":11589,"href":"https:\/\/universnews224.com\/index.php\/wp-json\/wp\/v2\/posts\/11588\/revisions\/11589"}],"wp:featuredmedia":[{"embeddable":true,"href":"https:\/\/universnews224.com\/index.php\/wp-json\/wp\/v2\/media\/11510"}],"wp:attachment":[{"href":"https:\/\/universnews224.com\/index.php\/wp-json\/wp\/v2\/media?parent=11588"}],"wp:term":[{"taxonomy":"category","embeddable":true,"href":"https:\/\/universnews224.com\/index.php\/wp-json\/wp\/v2\/categories?post=11588"},{"taxonomy":"post_tag","embeddable":true,"href":"https:\/\/universnews224.com\/index.php\/wp-json\/wp\/v2\/tags?post=11588"}],"curies":[{"name":"wp","href":"https:\/\/api.w.org\/{rel}","templated":true}]}}