{"id":1171,"date":"2022-04-11T16:16:15","date_gmt":"2022-04-11T15:16:15","guid":{"rendered":"https:\/\/universnews224.com\/?p=1171"},"modified":"2022-04-11T16:16:15","modified_gmt":"2022-04-11T15:16:15","slug":"le-premiere-ministre-mohamed-beavogui-lance-les-activites-des-assises-nationales-dans-la-zone-speciale-de-conakry","status":"publish","type":"post","link":"https:\/\/universnews224.com\/index.php\/le-premiere-ministre-mohamed-beavogui-lance-les-activites-des-assises-nationales-dans-la-zone-speciale-de-conakry\/","title":{"rendered":"Le Premi\u00e8re Ministre, Mohamed B\u00e9avogui lance les activit\u00e9s des assises nationales dans la zone sp\u00e9ciale de Conakry."},"content":{"rendered":"<div dir=\"ltr\">Le Premier Ministre, Chef du Gouvernement, Mohamed B\u00e9avogui a pr\u00e9sid\u00e9 ce lundi, 11 mars 2022 au lancement officiel des assises nationales dans la zone sp\u00e9ciale de Conakry. Cette c\u00e9r\u00e9monie qui s\u2019est d\u00e9roul\u00e9e au Gouvernorat de la ville de Conakry a connu la pr\u00e9sence des copr\u00e9sidents du Comit\u00e9 National des Assises, Elhadj Mamadou Saliou Camara \u00a0et Monseigneur Vincent Coulibaly ainsi de quelques membres du gouvernement.<\/p>\n<p>Dans son discours de circonstance, la Gouverneure de la ville de Conakry, la G\u00e9n\u00e9rale \u00e0 la retraite, M\u2019mahawa Sylla a invit\u00e9 les \u00e9lus locaux \u00e0 s\u2019investir pour la r\u00e9ussite de ces assises.<\/p>\n<p><a href=\"https:\/\/universnews224.com\/wp-content\/uploads\/2022\/04\/BB04D09D-452B-48F9-9170-6D04B15302FA.jpeg\"><img loading=\"lazy\" class=\"alignnone size-medium wp-image-1172\" src=\"https:\/\/universnews224.com\/wp-content\/uploads\/2022\/04\/BB04D09D-452B-48F9-9170-6D04B15302FA-300x169.jpeg\" alt=\"\" width=\"300\" height=\"169\" srcset=\"https:\/\/universnews224.com\/wp-content\/uploads\/2022\/04\/BB04D09D-452B-48F9-9170-6D04B15302FA-300x169.jpeg 300w, https:\/\/universnews224.com\/wp-content\/uploads\/2022\/04\/BB04D09D-452B-48F9-9170-6D04B15302FA-1024x576.jpeg 1024w, https:\/\/universnews224.com\/wp-content\/uploads\/2022\/04\/BB04D09D-452B-48F9-9170-6D04B15302FA-768x432.jpeg 768w, https:\/\/universnews224.com\/wp-content\/uploads\/2022\/04\/BB04D09D-452B-48F9-9170-6D04B15302FA-800x450.jpeg 800w, https:\/\/universnews224.com\/wp-content\/uploads\/2022\/04\/BB04D09D-452B-48F9-9170-6D04B15302FA.jpeg 1280w\" sizes=\"(max-width: 300px) 100vw, 300px\" \/><\/a>\u201cNous sommes \u00e0 un moment de refondation pendant lequel il est encore possible pour nous de retracer une partie de notre histoire, gr\u00e2ce \u00e0 la clairvoyance d&rsquo;un fils de la nation en l\u2019occurrence \u00a0le colonel Mamadi Doumbouya. Le d\u00e9veloppement tant attendu par tous ne peut pas se r\u00e9aliser \u00a0sans la participation de tous les fils de la nation, car la Guin\u00e9e nous appartient tous sans aucune exception. C&rsquo;est pourquoi, j&rsquo;interpelle les membres de ce comit\u00e9 communal des assises nationales, \u00a0les populations et les maires de Conakry et de kassa, \u00e0 s&rsquo;impliquer r\u00e9solument dans les travaux de cette institution \u00e0 laquelle les guin\u00e9ens fondent leurs espoirs\u00a0\u00bb a t-elle interpell\u00e9.<\/div>\n<div dir=\"ltr\">\nPour sa part, le Premier ministre, chef du gouvernement, Mohamed B\u00e9avogui a rappel\u00e9 la n\u00e9cessit\u00e9 de ces assisses pour notre pays.<br \/>\n<a href=\"https:\/\/universnews224.com\/wp-content\/uploads\/2022\/04\/6280E77E-FF9A-42D0-B70B-73E7041835A3.jpeg\"><img loading=\"lazy\" class=\"alignnone size-medium wp-image-1173\" src=\"https:\/\/universnews224.com\/wp-content\/uploads\/2022\/04\/6280E77E-FF9A-42D0-B70B-73E7041835A3-300x169.jpeg\" alt=\"\" width=\"300\" height=\"169\" srcset=\"https:\/\/universnews224.com\/wp-content\/uploads\/2022\/04\/6280E77E-FF9A-42D0-B70B-73E7041835A3-300x169.jpeg 300w, https:\/\/universnews224.com\/wp-content\/uploads\/2022\/04\/6280E77E-FF9A-42D0-B70B-73E7041835A3-1024x576.jpeg 1024w, https:\/\/universnews224.com\/wp-content\/uploads\/2022\/04\/6280E77E-FF9A-42D0-B70B-73E7041835A3-768x432.jpeg 768w, https:\/\/universnews224.com\/wp-content\/uploads\/2022\/04\/6280E77E-FF9A-42D0-B70B-73E7041835A3-800x450.jpeg 800w, https:\/\/universnews224.com\/wp-content\/uploads\/2022\/04\/6280E77E-FF9A-42D0-B70B-73E7041835A3.jpeg 1280w\" sizes=\"(max-width: 300px) 100vw, 300px\" \/><\/a><\/p>\n<\/div>\n<div dir=\"ltr\">\u201cRegardez notre histoire, regardez nous-m\u00eames, pour mettre en face notre histoire, d\u2019accepter que nous sommes des fr\u00e8res et s\u0153urs et que m\u00eame entre la langue et la dent, il peut arriver des probl\u00e8mes, mais on ne peut\u00a0pas les s\u00e9parer, elle sont toutes ensemble dans la bouche. Il faut que nous vivions ensemble, il faut que nous travaillions ensemble. Ce pays est b\u00e9ni de Dieu, nous avons tout ce qu\u2019il nous faut comme ressources pour nous ne d\u00e9pendre de personne. Nous avons ce qu\u2019il nous faut de foi islamique et chr\u00e9tienne pour avancer et faire de notre pays, un beau pays, un pays de paix, un pays o\u00f9 on partage, un pays o\u00f9 on mange bien, on se soigne bien, on s\u2019\u00e9duque bien et cela est possible.Pour cela, il faut qu\u2019on se regarde en face et qu\u2019on puisse se dire oui: il y a eu des choses bonnes, mais aussi moins bonnes et qu\u2019il faut en prendre conscience et faut que \u00e7a change une bonne fois pour toute, pour qu\u2019on construise ensemble\u00a0\u00bb\u2026 Le CNT, le dialogue politique ne se fera de fa\u00e7on r\u00e9ussie que si nous pouvons nous parler les jeux dans les jeux, tranquillement sans arri\u00e8res pens\u00e9es et \u00e7a l\u2019objectif des assises. Je voudrais nous encourager tr\u00e8s sinc\u00e8rement \u00e0 \u0153uvrer, \u00e0 ramener tout le monde sans barri\u00e8res politiques pour qu\u2019ensemble \u00e0 la sortie de ces assises qu\u2019il y ait une plateforme qui nous permet d\u2019avancer avec des recommandations et conseils qui sont constructifs. Des conseils \u00e0 la transition, des conseils \u00e0 l\u2019ensemble des Guin\u00e9ens pour que nous avancions dans la paix, dans le pardon et dans l\u2019unit\u00e9\u00a0\u00bb a t-il soulign\u00e9.<\/div>\n<div dir=\"ltr\">\n<a href=\"https:\/\/universnews224.com\/wp-content\/uploads\/2022\/04\/F7234D6D-7650-48AC-AE96-64F2184C8869.jpeg\"><img loading=\"lazy\" class=\"alignnone size-medium wp-image-1174\" src=\"https:\/\/universnews224.com\/wp-content\/uploads\/2022\/04\/F7234D6D-7650-48AC-AE96-64F2184C8869-300x169.jpeg\" alt=\"\" width=\"300\" height=\"169\" srcset=\"https:\/\/universnews224.com\/wp-content\/uploads\/2022\/04\/F7234D6D-7650-48AC-AE96-64F2184C8869-300x169.jpeg 300w, https:\/\/universnews224.com\/wp-content\/uploads\/2022\/04\/F7234D6D-7650-48AC-AE96-64F2184C8869-1024x576.jpeg 1024w, https:\/\/universnews224.com\/wp-content\/uploads\/2022\/04\/F7234D6D-7650-48AC-AE96-64F2184C8869-768x432.jpeg 768w, https:\/\/universnews224.com\/wp-content\/uploads\/2022\/04\/F7234D6D-7650-48AC-AE96-64F2184C8869-800x450.jpeg 800w, https:\/\/universnews224.com\/wp-content\/uploads\/2022\/04\/F7234D6D-7650-48AC-AE96-64F2184C8869.jpeg 1280w\" sizes=\"(max-width: 300px) 100vw, 300px\" \/><\/a>De son c\u00f4t\u00e9,monseigneur Vincent Koulibaly,Co-pr\u00e9sident du Comit\u00e9 National des Assises, appelle les Guin\u00e9ens \u00e0 mettre ce mois saint de car\u00eame et de ramadan pour se parler et de se pardonner.<\/p>\n<p>\u201cJe voudrais que chacun prenne conscience que chaque Guin\u00e9en est un ma\u00e7on pour la construction de notre pays. Chacun de nous est un ma\u00e7on, nous sommes des ma\u00e7ons pour construire notre pays. Dieu nous a donn\u00e9 ce pays, il veut que nous le construisons. Nous sommes des ma\u00e7ons et les ma\u00e7ons qui construisent la m\u00eame maison doivent pouvoir se parler, ils doivent pouvoir aller dans la m\u00eame direction. Mais s\u2019ils sont l\u00e0 chacun fait ce qu\u2019il veut, chacun va dans son sens, le mur ne sera pas droit, il aura des fissures et quand on va mettre la toiture, le b\u00e2timent va s\u2019\u00e9crouler. Donc, c\u2019est pour cela qu\u2019il est important en tant que ma\u00e7on,\u00a0nous puissions s\u2019asseoir sur l\u2019arbre \u00e0 palabres. Si nous nous sommes fait du tort, si nous avons frustr\u00e9 nos compatriotes, que nous puissions nous dire la v\u00e9rit\u00e9 et laver en famille le linge sale, pour chacun trouve sa place dans notre pays. Fr\u00e8res et s\u0153urs, chers compatriotes, je voudrais que nous prenions ce temps au s\u00e9rieux. Ces assises arrivent \u00e0 un moment o\u00f9 musulmans et chr\u00e9tiens vivent un temps saint, car\u00eame et ramadan o\u00f9 nous sommes invit\u00e9s \u00e0 tourner nos regards vers Dieu pour \u00e9couter sa parole et faire sa volont\u00e9. Et la volont\u00e9 de Dieu ici, c\u2019est de construire la Guin\u00e9e. La Guin\u00e9e ne doit pas tomber sur nos jeux,nous devrons nous donner la main pour construire ce pays. Je vous supplie d\u2019accepter pendant ce temps saint, de nous assoir en tant que ma\u00e7on pour voir qu\u2019est-ce que nous pouvons faire ensemble, qu\u2019est-ce que nous pouvons enlever comme obstacle sur notre route, pour aller sur le chemin de la construction de notre Guin\u00e9e solide\u00a0\u00bb a t-il d\u00e9clar\u00e9.<\/p><\/div>\n<div dir=\"ltr\"><\/div>\n<div dir=\"ltr\">Mohamed Camara<\/div>\n<div dir=\"ltr\">611 46 04 10<\/div>\n","protected":false},"excerpt":{"rendered":"<p>Le Premier Ministre, Chef du Gouvernement, Mohamed B\u00e9avogui a pr\u00e9sid\u00e9 ce lundi, 11 mars 2022<\/p>\n","protected":false},"author":2,"featured_media":1173,"comment_status":"closed","ping_status":"open","sticky":false,"template":"","format":"standard","meta":[],"categories":[3,5],"tags":[229],"yoast_head":"<!-- This site is optimized with the Yoast SEO plugin v19.13 - https:\/\/yoast.com\/wordpress\/plugins\/seo\/ -->\n<title>Le Premi\u00e8re Ministre, Mohamed B\u00e9avogui lance les activit\u00e9s des assises nationales dans la zone sp\u00e9ciale de Conakry. - UNIVERSNEWS224<\/title>\n<meta name=\"robots\" content=\"index, follow, max-snippet:-1, max-image-preview:large, max-video-preview:-1\" \/>\n<link rel=\"canonical\" href=\"https:\/\/universnews224.com\/index.php\/le-premiere-ministre-mohamed-beavogui-lance-les-activites-des-assises-nationales-dans-la-zone-speciale-de-conakry\/\" \/>\n<meta property=\"og:locale\" content=\"fr_FR\" \/>\n<meta property=\"og:type\" content=\"article\" \/>\n<meta property=\"og:title\" content=\"Le Premi\u00e8re Ministre, Mohamed B\u00e9avogui lance les activit\u00e9s des assises nationales dans la zone sp\u00e9ciale de Conakry. - UNIVERSNEWS224\" \/>\n<meta property=\"og:description\" content=\"Le Premier Ministre, Chef du Gouvernement, Mohamed B\u00e9avogui a pr\u00e9sid\u00e9 ce lundi, 11 mars 2022\" \/>\n<meta property=\"og:url\" content=\"https:\/\/universnews224.com\/index.php\/le-premiere-ministre-mohamed-beavogui-lance-les-activites-des-assises-nationales-dans-la-zone-speciale-de-conakry\/\" \/>\n<meta property=\"og:site_name\" content=\"UNIVERSNEWS224\" \/>\n<meta property=\"article:published_time\" content=\"2022-04-11T15:16:15+00:00\" \/>\n<meta property=\"og:image\" content=\"https:\/\/universnews224.com\/wp-content\/uploads\/2022\/04\/6280E77E-FF9A-42D0-B70B-73E7041835A3.jpeg\" \/>\n\t<meta property=\"og:image:width\" content=\"1280\" \/>\n\t<meta property=\"og:image:height\" content=\"720\" \/>\n\t<meta property=\"og:image:type\" content=\"image\/jpeg\" \/>\n<meta name=\"author\" content=\"La R\u00e9daction\" \/>\n<meta name=\"twitter:label1\" content=\"\u00c9crit par\" \/>\n\t<meta name=\"twitter:data1\" content=\"La R\u00e9daction\" \/>\n\t<meta name=\"twitter:label2\" content=\"Dur\u00e9e de lecture estim\u00e9e\" \/>\n\t<meta name=\"twitter:data2\" content=\"5 minutes\" \/>\n<script type=\"application\/ld+json\" class=\"yoast-schema-graph\">{\"@context\":\"https:\/\/schema.org\",\"@graph\":[{\"@type\":\"Article\",\"@id\":\"https:\/\/universnews224.com\/index.php\/le-premiere-ministre-mohamed-beavogui-lance-les-activites-des-assises-nationales-dans-la-zone-speciale-de-conakry\/#article\",\"isPartOf\":{\"@id\":\"https:\/\/universnews224.com\/index.php\/le-premiere-ministre-mohamed-beavogui-lance-les-activites-des-assises-nationales-dans-la-zone-speciale-de-conakry\/\"},\"author\":{\"name\":\"La R\u00e9daction\",\"@id\":\"https:\/\/universnews224.com\/#\/schema\/person\/a4b7d4f94a4716df60456a491260485e\"},\"headline\":\"Le Premi\u00e8re Ministre, Mohamed B\u00e9avogui lance les activit\u00e9s des assises nationales dans la zone sp\u00e9ciale de Conakry.\",\"datePublished\":\"2022-04-11T15:16:15+00:00\",\"dateModified\":\"2022-04-11T15:16:15+00:00\",\"mainEntityOfPage\":{\"@id\":\"https:\/\/universnews224.com\/index.php\/le-premiere-ministre-mohamed-beavogui-lance-les-activites-des-assises-nationales-dans-la-zone-speciale-de-conakry\/\"},\"wordCount\":910,\"publisher\":{\"@id\":\"https:\/\/universnews224.com\/#organization\"},\"keywords\":[\"La une\"],\"articleSection\":[\"ACTU\",\"SOCI\u00c9T\u00c9\"],\"inLanguage\":\"fr-FR\"},{\"@type\":\"WebPage\",\"@id\":\"https:\/\/universnews224.com\/index.php\/le-premiere-ministre-mohamed-beavogui-lance-les-activites-des-assises-nationales-dans-la-zone-speciale-de-conakry\/\",\"url\":\"https:\/\/universnews224.com\/index.php\/le-premiere-ministre-mohamed-beavogui-lance-les-activites-des-assises-nationales-dans-la-zone-speciale-de-conakry\/\",\"name\":\"Le Premi\u00e8re Ministre, Mohamed B\u00e9avogui lance les activit\u00e9s des assises nationales dans la zone sp\u00e9ciale de Conakry. - UNIVERSNEWS224\",\"isPartOf\":{\"@id\":\"https:\/\/universnews224.com\/#website\"},\"datePublished\":\"2022-04-11T15:16:15+00:00\",\"dateModified\":\"2022-04-11T15:16:15+00:00\",\"inLanguage\":\"fr-FR\",\"potentialAction\":[{\"@type\":\"ReadAction\",\"target\":[\"https:\/\/universnews224.com\/index.php\/le-premiere-ministre-mohamed-beavogui-lance-les-activites-des-assises-nationales-dans-la-zone-speciale-de-conakry\/\"]}]},{\"@type\":\"WebSite\",\"@id\":\"https:\/\/universnews224.com\/#website\",\"url\":\"https:\/\/universnews224.com\/\",\"name\":\"UNIVERSNEWS224\",\"description\":\"\",\"publisher\":{\"@id\":\"https:\/\/universnews224.com\/#organization\"},\"potentialAction\":[{\"@type\":\"SearchAction\",\"target\":{\"@type\":\"EntryPoint\",\"urlTemplate\":\"https:\/\/universnews224.com\/?s={search_term_string}\"},\"query-input\":\"required name=search_term_string\"}],\"inLanguage\":\"fr-FR\"},{\"@type\":\"Organization\",\"@id\":\"https:\/\/universnews224.com\/#organization\",\"name\":\"UNIVERSNEWS224\",\"url\":\"https:\/\/universnews224.com\/\",\"logo\":{\"@type\":\"ImageObject\",\"inLanguage\":\"fr-FR\",\"@id\":\"https:\/\/universnews224.com\/#\/schema\/logo\/image\/\",\"url\":\"https:\/\/universnews224.com\/wp-content\/uploads\/2022\/08\/cropped-cropped-logoban.jpg\",\"contentUrl\":\"https:\/\/universnews224.com\/wp-content\/uploads\/2022\/08\/cropped-cropped-logoban.jpg\",\"width\":1080,\"height\":138,\"caption\":\"UNIVERSNEWS224\"},\"image\":{\"@id\":\"https:\/\/universnews224.com\/#\/schema\/logo\/image\/\"}},{\"@type\":\"Person\",\"@id\":\"https:\/\/universnews224.com\/#\/schema\/person\/a4b7d4f94a4716df60456a491260485e\",\"name\":\"La R\u00e9daction\",\"image\":{\"@type\":\"ImageObject\",\"inLanguage\":\"fr-FR\",\"@id\":\"https:\/\/universnews224.com\/#\/schema\/person\/image\/\",\"url\":\"https:\/\/secure.gravatar.com\/avatar\/edb90acc7752b23e1b3307ad36c14f0d?s=96&d=mm&r=g\",\"contentUrl\":\"https:\/\/secure.gravatar.com\/avatar\/edb90acc7752b23e1b3307ad36c14f0d?s=96&d=mm&r=g\",\"caption\":\"La R\u00e9daction\"},\"sameAs\":[\"https:\/\/universnews224.com\"],\"url\":\"https:\/\/universnews224.com\/index.php\/author\/m-camara\/\"}]}<\/script>\n<!-- \/ Yoast SEO plugin. -->","yoast_head_json":{"title":"Le Premi\u00e8re Ministre, Mohamed B\u00e9avogui lance les activit\u00e9s des assises nationales dans la zone sp\u00e9ciale de Conakry. - UNIVERSNEWS224","robots":{"index":"index","follow":"follow","max-snippet":"max-snippet:-1","max-image-preview":"max-image-preview:large","max-video-preview":"max-video-preview:-1"},"canonical":"https:\/\/universnews224.com\/index.php\/le-premiere-ministre-mohamed-beavogui-lance-les-activites-des-assises-nationales-dans-la-zone-speciale-de-conakry\/","og_locale":"fr_FR","og_type":"article","og_title":"Le Premi\u00e8re Ministre, Mohamed B\u00e9avogui lance les activit\u00e9s des assises nationales dans la zone sp\u00e9ciale de Conakry. - UNIVERSNEWS224","og_description":"Le Premier Ministre, Chef du Gouvernement, Mohamed B\u00e9avogui a pr\u00e9sid\u00e9 ce lundi, 11 mars 2022","og_url":"https:\/\/universnews224.com\/index.php\/le-premiere-ministre-mohamed-beavogui-lance-les-activites-des-assises-nationales-dans-la-zone-speciale-de-conakry\/","og_site_name":"UNIVERSNEWS224","article_published_time":"2022-04-11T15:16:15+00:00","og_image":[{"width":1280,"height":720,"url":"https:\/\/universnews224.com\/wp-content\/uploads\/2022\/04\/6280E77E-FF9A-42D0-B70B-73E7041835A3.jpeg","type":"image\/jpeg"}],"author":"La R\u00e9daction","twitter_misc":{"\u00c9crit par":"La R\u00e9daction","Dur\u00e9e de lecture estim\u00e9e":"5 minutes"},"schema":{"@context":"https:\/\/schema.org","@graph":[{"@type":"Article","@id":"https:\/\/universnews224.com\/index.php\/le-premiere-ministre-mohamed-beavogui-lance-les-activites-des-assises-nationales-dans-la-zone-speciale-de-conakry\/#article","isPartOf":{"@id":"https:\/\/universnews224.com\/index.php\/le-premiere-ministre-mohamed-beavogui-lance-les-activites-des-assises-nationales-dans-la-zone-speciale-de-conakry\/"},"author":{"name":"La R\u00e9daction","@id":"https:\/\/universnews224.com\/#\/schema\/person\/a4b7d4f94a4716df60456a491260485e"},"headline":"Le Premi\u00e8re Ministre, Mohamed B\u00e9avogui lance les activit\u00e9s des assises nationales dans la zone sp\u00e9ciale de Conakry.","datePublished":"2022-04-11T15:16:15+00:00","dateModified":"2022-04-11T15:16:15+00:00","mainEntityOfPage":{"@id":"https:\/\/universnews224.com\/index.php\/le-premiere-ministre-mohamed-beavogui-lance-les-activites-des-assises-nationales-dans-la-zone-speciale-de-conakry\/"},"wordCount":910,"publisher":{"@id":"https:\/\/universnews224.com\/#organization"},"keywords":["La une"],"articleSection":["ACTU","SOCI\u00c9T\u00c9"],"inLanguage":"fr-FR"},{"@type":"WebPage","@id":"https:\/\/universnews224.com\/index.php\/le-premiere-ministre-mohamed-beavogui-lance-les-activites-des-assises-nationales-dans-la-zone-speciale-de-conakry\/","url":"https:\/\/universnews224.com\/index.php\/le-premiere-ministre-mohamed-beavogui-lance-les-activites-des-assises-nationales-dans-la-zone-speciale-de-conakry\/","name":"Le Premi\u00e8re Ministre, Mohamed B\u00e9avogui lance les activit\u00e9s des assises nationales dans la zone sp\u00e9ciale de Conakry. - UNIVERSNEWS224","isPartOf":{"@id":"https:\/\/universnews224.com\/#website"},"datePublished":"2022-04-11T15:16:15+00:00","dateModified":"2022-04-11T15:16:15+00:00","inLanguage":"fr-FR","potentialAction":[{"@type":"ReadAction","target":["https:\/\/universnews224.com\/index.php\/le-premiere-ministre-mohamed-beavogui-lance-les-activites-des-assises-nationales-dans-la-zone-speciale-de-conakry\/"]}]},{"@type":"WebSite","@id":"https:\/\/universnews224.com\/#website","url":"https:\/\/universnews224.com\/","name":"UNIVERSNEWS224","description":"","publisher":{"@id":"https:\/\/universnews224.com\/#organization"},"potentialAction":[{"@type":"SearchAction","target":{"@type":"EntryPoint","urlTemplate":"https:\/\/universnews224.com\/?s={search_term_string}"},"query-input":"required name=search_term_string"}],"inLanguage":"fr-FR"},{"@type":"Organization","@id":"https:\/\/universnews224.com\/#organization","name":"UNIVERSNEWS224","url":"https:\/\/universnews224.com\/","logo":{"@type":"ImageObject","inLanguage":"fr-FR","@id":"https:\/\/universnews224.com\/#\/schema\/logo\/image\/","url":"https:\/\/universnews224.com\/wp-content\/uploads\/2022\/08\/cropped-cropped-logoban.jpg","contentUrl":"https:\/\/universnews224.com\/wp-content\/uploads\/2022\/08\/cropped-cropped-logoban.jpg","width":1080,"height":138,"caption":"UNIVERSNEWS224"},"image":{"@id":"https:\/\/universnews224.com\/#\/schema\/logo\/image\/"}},{"@type":"Person","@id":"https:\/\/universnews224.com\/#\/schema\/person\/a4b7d4f94a4716df60456a491260485e","name":"La R\u00e9daction","image":{"@type":"ImageObject","inLanguage":"fr-FR","@id":"https:\/\/universnews224.com\/#\/schema\/person\/image\/","url":"https:\/\/secure.gravatar.com\/avatar\/edb90acc7752b23e1b3307ad36c14f0d?s=96&d=mm&r=g","contentUrl":"https:\/\/secure.gravatar.com\/avatar\/edb90acc7752b23e1b3307ad36c14f0d?s=96&d=mm&r=g","caption":"La R\u00e9daction"},"sameAs":["https:\/\/universnews224.com"],"url":"https:\/\/universnews224.com\/index.php\/author\/m-camara\/"}]}},"_links":{"self":[{"href":"https:\/\/universnews224.com\/index.php\/wp-json\/wp\/v2\/posts\/1171"}],"collection":[{"href":"https:\/\/universnews224.com\/index.php\/wp-json\/wp\/v2\/posts"}],"about":[{"href":"https:\/\/universnews224.com\/index.php\/wp-json\/wp\/v2\/types\/post"}],"author":[{"embeddable":true,"href":"https:\/\/universnews224.com\/index.php\/wp-json\/wp\/v2\/users\/2"}],"replies":[{"embeddable":true,"href":"https:\/\/universnews224.com\/index.php\/wp-json\/wp\/v2\/comments?post=1171"}],"version-history":[{"count":1,"href":"https:\/\/universnews224.com\/index.php\/wp-json\/wp\/v2\/posts\/1171\/revisions"}],"predecessor-version":[{"id":1175,"href":"https:\/\/universnews224.com\/index.php\/wp-json\/wp\/v2\/posts\/1171\/revisions\/1175"}],"wp:featuredmedia":[{"embeddable":true,"href":"https:\/\/universnews224.com\/index.php\/wp-json\/wp\/v2\/media\/1173"}],"wp:attachment":[{"href":"https:\/\/universnews224.com\/index.php\/wp-json\/wp\/v2\/media?parent=1171"}],"wp:term":[{"taxonomy":"category","embeddable":true,"href":"https:\/\/universnews224.com\/index.php\/wp-json\/wp\/v2\/categories?post=1171"},{"taxonomy":"post_tag","embeddable":true,"href":"https:\/\/universnews224.com\/index.php\/wp-json\/wp\/v2\/tags?post=1171"}],"curies":[{"name":"wp","href":"https:\/\/api.w.org\/{rel}","templated":true}]}}