{"id":1206,"date":"2022-04-15T10:18:23","date_gmt":"2022-04-15T09:18:23","guid":{"rendered":"https:\/\/universnews224.com\/?p=1206"},"modified":"2022-04-15T10:18:23","modified_gmt":"2022-04-15T09:18:23","slug":"compte-rendu-du-conseil-des-ministres-du-jeudi-14-avril-2022","status":"publish","type":"post","link":"https:\/\/universnews224.com\/index.php\/compte-rendu-du-conseil-des-ministres-du-jeudi-14-avril-2022\/","title":{"rendered":"COMPTE RENDU DU CONSEIL DES MINISTRES DU JEUDI 14 AVRIL 2022."},"content":{"rendered":"<p>La Session Ordinaire du Conseil des Ministres s\u2019est tenue ce <b>jeudi 14 avril 2022 de 10H \u00e0 12H<\/b>, sous la haute autorit\u00e9 de son <b>Excellence Monsieur le Pr\u00e9sident du CNRD, Pr\u00e9sident de la Transition, Chef de l\u2019\u00c9tat, Chef Supr\u00eame des Arm\u00e9es, le Colonel Mamadi DOUMBOUYA<\/b>.<\/p>\n<p>Les points suivants \u00e9taient inscrits \u00e0 l\u2019ordre du jour\u00a0:<\/p>\n<p><b>I. MESSAGE DE SON EXCELLENCE MONSIEUR LE PR\u00c9SIDENT DE LA TRANSITION. <\/b><\/p>\n<p><b>II. COMMUNICATIONS.<\/b><\/p>\n<p><b>III. D\u00c9CISIONS ET RECOMMANDATIONS<\/b><\/p>\n<p><b>IV. DIVERS.<br \/>\n<\/b><\/p>\n<p><b>I.\u00a0\u00a0 <\/b><b>MESSAGE DE SON EXCELLENCE MONSIEUR LE PR\u00c9SIDENT DE LA TRANSITION.<\/b><\/p>\n<p>&nbsp;<\/p>\n<p><b>Le Chef de l\u2019\u00c9tat<\/b> s\u2019est interrog\u00e9 sur comment le gouvernement peut rapidement produire des r\u00e9sultats\u00a0en \u00e9tant administrativement lent\u00a0?<\/p>\n<p><b>A cet effet, le Pr\u00e9sident de la Transition<\/b> a invit\u00e9 le Gouvernement \u00e0 mener des r\u00e9flexions rapides pour adapter les anciennes proc\u00e9dures administratives en place et explorer les options de proc\u00e9dures d\u00e9rogatoires ou simplifi\u00e9es, le cas \u00e9ch\u00e9ant introduire des propositions de r\u00e9formes l\u00e9gislatives.<\/p>\n<p><b>Le Chef de l\u2019\u00c9tat<\/b> a rappel\u00e9 que les ministres doivent prendre la responsabilit\u00e9 enti\u00e8re de la gestion administrative et financi\u00e8re de leurs minist\u00e8res en tenant compte du fait qu\u2019ils sont administrativement et p\u00e9nalement responsables de la bonne ou la mauvaise gestion de leurs d\u00e9partements.<\/p>\n<p><b>Monsieur le Pr\u00e9sident de la Transition<\/b> a ensuite mis l\u2019accent sur trois points\u00a0essentiels :<\/p>\n<p>1.\u00a0\u00a0\u00a0 Premi\u00e8rement\u00a0: la rencontre avec le secteur minier et la pose de la premi\u00e8re pierre de l\u2019\u00e9changeur de Bamb\u00e9to<\/p>\n<p>Sur sa rencontre avec les repr\u00e9sentants des compagnies mini\u00e8res, <b>le Chef de l\u2019\u00c9tat<\/b> a insist\u00e9 sur le fait qu\u2019il tient au suivi et \u00e0 l\u2019ex\u00e9cution des d\u00e9cisions qu\u2019il a prises lors de cette rencontre.<\/p>\n<p>Concernant la pose de la premi\u00e8re pierre de l\u2019\u00e9changeur de Bamb\u00e9to, <b>le Pr\u00e9sident<\/b> a enjoint au gouvernement de veiller au respect strict de toutes les exigences prescrites dans le cahier de charges.<\/p>\n<p>2.\u00a0\u00a0\u00a0 Le deuxi\u00e8me point du Chef de l\u2019\u00c9tat \u00e9tait relatif aux Magistrats et principalement \u00e0 la Cour de R\u00e9pression des Infractions \u00c9conomiques et financi\u00e8res (CRIEF).<\/p>\n<p><b>Le Chef de l\u2019\u00c9tat<\/b> a f\u00e9licit\u00e9 les Magistrats, principalement ceux de la CRIEF, pour leur travail dans la s\u00e9r\u00e9nit\u00e9 et en toute ind\u00e9pendance.<\/p>\n<p><b>Le Pr\u00e9sident<\/b> a par ailleurs invit\u00e9 les\u00a0Magistrats \u00e0 continuer \u00e0 faire preuve de professionnalisme et de respect de leur serment afin de n\u2019\u00eatre soumis qu\u2019\u00e0 la seule ob\u00e9issance de la loi.<\/p>\n<p><b>Le Chef de l\u2019\u00c9tat<\/b> en tant que Premier Magistrat, a mis en garde les Magistrats contre toute violation du serment, toute tentative de corruption et tout d\u00e9ni de justice. Il leur a demand\u00e9 de faire appliquer la loi dans toute sa rigueur.<\/p>\n<p>3.\u00a0\u00a0\u00a0 Le troisi\u00e8me point du message du Pr\u00e9sident concernait le secteur de l\u2019\u00e9ducation<\/p>\n<p><b>Le Pr\u00e9sident<\/b> a rappel\u00e9 aux trois Ministres en charge de l\u2019\u00e9ducation nationale, la n\u00e9cessit\u00e9 d\u2019acc\u00e9l\u00e9rer les r\u00e9formes du syst\u00e8me \u00e9ducatif de mani\u00e8re fondamentale afin d\u2019en assurer son am\u00e9lioration. Il a donc invit\u00e9 ces Ministres \u00e0 travailler en synergie pour mettre en \u0153uvre une nouvelle vision pragmatique. Pour ce faire, <b>le Chef de l\u2019\u00c9tat<\/b> a insist\u00e9 sur l\u2019excellence en mati\u00e8re de formation en tenant compte de son ad\u00e9quation avec le march\u00e9 du travail.<\/p>\n<p>Pour <b>le Chef de l\u2019\u00c9tat,<\/b> cette nouvelle vision du syst\u00e8me \u00e9ducatif doit \u00eatre partag\u00e9e \u00e0 l\u2019ensemble du Gouvernement en conseil interminist\u00e9riel le plus rapidement possible.<\/p>\n<p>Enfin, <b>le Colonel Mamadi Doumbouya<\/b> a indiqu\u00e9 sa ferme volont\u00e9 de voir la mise en \u0153uvre d\u2019un programme d\u2019enseignement adapt\u00e9 et de qualit\u00e9 \u00e0 compter du primaire, du coll\u00e8ge, du secondaire, du professionnel et de l\u2019universit\u00e9.<\/p>\n<p><b>II. COMMUNICATIONS.<\/b><\/p>\n<p><b>Le Premier Ministre<\/b> a abord\u00e9 l\u2019\u00e9volution des travaux du Comit\u00e9 National des Assises. Il a demand\u00e9 au <b>Ministre de l\u2019Administration du Territoire et de la D\u00e9centralisation<\/b> d\u2019informer le Conseil du niveau d\u2019avancement des travaux des Assises Nationales.<\/p>\n<p><b>Le Ministre de l\u2019Administration du Territoire et de la D\u00e9centralisation<\/b> a rappel\u00e9 que ces concertations ont pour objectif principal de poursuivre le dialogue avec la soci\u00e9t\u00e9 guin\u00e9enne \u00e0 l\u2019int\u00e9rieur et \u00e0 l\u2019ext\u00e9rieur du pays.<\/p>\n<p>Il a fait un point sur les missions du Comit\u00e9 National des Assises qui se sont rendues dans les r\u00e9gions d\u00e9sign\u00e9es \u00e0 cet effet ainsi que sur celles qui sont d\u00e9ploy\u00e9es \u00e0 l\u2019int\u00e9rieur du pays. Le Ministre a inform\u00e9 le Conseil du d\u00e9marrage effectif des assises pr\u00e9fectorales et communales dans les 33 pr\u00e9fectures et les six (6) communes de la capitale. Les op\u00e9rations d\u2019\u00e9coute de Conakry ont officiellement \u00e9t\u00e9 lanc\u00e9es par le Premier Ministre au Gouvernorat de Conakry le lundi 11 avril dernier.<\/p>\n<p><b>Le Ministre de l\u2019Administration du Territoire<\/b> a ensuite soulign\u00e9 la mise en place d\u2019un Comit\u00e9 ad hoc charg\u00e9 de recueillir les t\u00e9moignages des associations repr\u00e9sentatives des victimes de tous les r\u00e9gimes en Guin\u00e9e qui si\u00e8ge \u00e0 l\u2019h\u00f4tel Palm Camayenne.<\/p>\n<p>Certains d\u00e9partements minist\u00e9riels sont impliqu\u00e9s dans l\u2019organisation des Assises, notamment celui en charge de la Culture, du Sport ainsi que des services de la Gendarmerie et de la Police. Ces derniers seront mobilis\u00e9s afin d\u2019animer des panels sur les droits de l\u2019homme.<\/p>\n<p>Il a \u00e9voqu\u00e9 \u00e9galement la tenue des<b> <\/b>sessions sp\u00e9cifiques des assises au sein des minist\u00e8res en charge de la d\u00e9fense et de la S\u00e9curit\u00e9.<\/p>\n<p><b>Le Ministre de la S\u00e9curit\u00e9<\/b> s\u2019est f\u00e9licit\u00e9 de l\u2019initiative d\u2019impliquer activement les forces de d\u00e9fense et de la S\u00e9curit\u00e9 dans le processus des Assises Nationales.<\/p>\n<p>Au terme de la communication du Ministre de la D\u00e9centralisation, <b>le Premier Ministre<\/b> a rappel\u00e9 l\u2019importance de ces Assises nationales et invit\u00e9 chaque membre du Conseil \u00e0 aider le CNA \u00e0 r\u00e9ussir sa mission.<\/p>\n<p><b>Le Premier Ministre<\/b> a fait part de ses vives pr\u00e9occupations relatives au taux de d\u00e9caissement des projets de d\u00e9veloppement financ\u00e9s par les partenaires de la Guin\u00e9e. <b>Le Chef du Gouvernement<\/b> a encourag\u00e9 les membres du gouvernement \u00e0 y veiller particuli\u00e8rement en cr\u00e9ant au sein de leurs d\u00e9partements respectifs des cellules de suivi des projets et de gestion de contrats, l\u00e0 o\u00f9 il n\u2019y en a pas.<\/p>\n<p><b>Le Premier Ministre<\/b> a attir\u00e9 l\u2019attention du Conseil sur la n\u00e9cessit\u00e9 et l\u2019urgence de mettre en place des conseils d\u2019administration des EPA d\u2019ici la fin du mois d\u2019avril.<\/p>\n<p>Enfin, suite \u00e0 la demande du <b>Pr\u00e9sident de la Transition<\/b>, le <b>Chef du Gouvernement<\/b> a inform\u00e9 du d\u00e9marrage des \u00e9valuations des d\u00e9partements minist\u00e9riels. L\u2019\u00e9valuation est faite sur la base des lettres de mission et de l\u2019ex\u00e9cution des d\u00e9cisions du conseil de Ministres et des projets sp\u00e9cifiques.<\/p>\n<p><b>Le Ministre de l\u2019\u00c9conomie, des Finances et du Plan <\/b>a fait trois communications relatives \u00e0 la gestion des valeurs inactives, la revue annuelle des Soci\u00e9t\u00e9s publiques et la situation de passation des march\u00e9s publics.<\/p>\n<p><b>La Ministre de la Promotion F\u00e9minine, de l\u2019Enfance et des Personnes Vuln\u00e9rables <\/b>a fait une communication relative au Processus de ciblage du Programme Pr\u00e9sidentiel des Pr\u00eats non Remboursables \u00e0 300 groupements f\u00e9minins en ex\u00e9cution de la promesse faite aux femmes par le Chef de l\u2019Etat le 8 mars 2022.<\/p>\n<p><b>Le Ministre de la Sant\u00e9 et de l\u2019Hygi\u00e8ne Publique <\/b>a fait une communication relative \u00e0 l\u2019ouverture de l\u2019H\u00f4pital National Donka\u00a0notamment sur l\u2019\u00e9tat d\u2019avancement, les conditions pr\u00e9alables et le chronogramme. <b><\/b><\/p>\n<p><b>III. D\u00c9CISIONS ET RECOMMANDATIONS<\/b><\/p>\n<p>A l\u2019issue de ces communications et <b>relativement \u00e0 la communication sur la situation des op\u00e9rations de passation des March\u00e9s Publics, le Conseil a d\u00e9cid\u00e9 de\u00a0:<\/b><\/p>\n<p>\u00b7\u00a0\u00a0\u00a0\u00a0\u00a0 Valider la r\u00e9duction du d\u00e9lai de traitement des dossiers en pr\u00e9-qualifiant les entreprises soumissionnaires<\/p>\n<p><b>Concernant la Gestion des Valeurs Inactives, le Conseil a d\u00e9cid\u00e9\u00a0:<\/b><\/p>\n<p>\u00b7\u00a0\u00a0\u00a0\u00a0\u00a0 D\u2019Autoriser le recensement exhaustif de toutes les valeurs inactives\u00a0;<\/p>\n<p>\u00b7\u00a0\u00a0\u00a0\u00a0\u00a0 D\u2019Approuver la centralisation de la gestion de toutes les valeurs inactives au niveau des services habilit\u00e9s du Tr\u00e9sor Public\u00a0;<\/p>\n<p>\u00b7\u00a0\u00a0\u00a0\u00a0\u00a0 D\u2019Accepter le paiement \u00e9lectronique dans le cadre de la perception des recettes li\u00e9es aux valeurs inactives<\/p>\n<p>\u00b7\u00a0\u00a0\u00a0\u00a0\u00a0 De Syst\u00e9matiser le paiement \u00e9lectronique dans le cadre de la perception des recettes li\u00e9es aux valeurs inactives<\/p>\n<p><b>Quant \u00e0 la Revue Annuelle des Soci\u00e9t\u00e9s Publiques, le Conseil a d\u00e9cid\u00e9\u00a0:<\/b><\/p>\n<p>\u00b7\u00a0\u00a0\u00a0\u00a0\u00a0 D\u2019Autoriser d\u2019une part, la mise en place des Conseils d\u2019administration au sein des soci\u00e9t\u00e9s publiques, ainsi que la tenue des assembl\u00e9es g\u00e9n\u00e9rales chaque ann\u00e9e et dans les 6 premi\u00e8res mois. Par ailleurs, le Conseil a recommand\u00e9 le recensement des CA.<\/p>\n<p>\u00b7\u00a0\u00a0\u00a0\u00a0\u00a0 D\u2019Approuver la mise en place des outils d\u2019am\u00e9lioration de performance et de supervision de la gouvernance des organismes publics conform\u00e9ment \u00e0 l\u2019esprit de la Loi 056 portant passation des march\u00e9s publics<\/p>\n<p><b>Suite \u00e0 la communication de la Ministre de la Promotion f\u00e9minine sur le Programme Pr\u00e9sidentiel de Ciblage de l\u2019Octroi des Pr\u00eats non Remboursables \u00e0 300 groupements f\u00e9minins, le Conseil a\u00a0d\u00e9cid\u00e9 de :<\/b><\/p>\n<p>\u00b7\u00a0\u00a0\u00a0\u00a0\u00a0 Valider sous r\u00e9serve d\u2019un suivi, la r\u00e9duction et la simplification du mode d\u2019allocation des subventions en s\u2019appuyant sur les services \u00e0 la base pour identifier les groupements de femmes dans chaque sous-pr\u00e9fecture \u00e9ligible \u00e0 la subvention<\/p>\n<p><b>Enfin, concernant la communication du Ministre de la Sant\u00e9 relative \u00e0 l\u2019ouverture de l\u2019H\u00f4pital National Donka, le Conseil a\u00a0d\u00e9cid\u00e9 :<\/b><\/p>\n<p>\u00b7\u00a0\u00a0\u00a0\u00a0\u00a0\u00a0 De Cr\u00e9er par d\u00e9cret pr\u00e9sidentiel portant <b>statuts d\u2019exception, <\/b>le nouveau Centre Hospitalier Universitaire de Donka (CHU Donka) qui prendra en charge toutes les activit\u00e9s sur le nouveau site de Donka, sous la responsabilit\u00e9 directe du concessionnaire de gestion.\u00a0 Ces statuts devront \u00eatre adapt\u00e9s aux conditions d\u2019un h\u00f4pital universitaire moderne. Cette disposition doit d\u00e9finir les r\u00f4les et responsabilit\u00e9s compl\u00e9mentaires du minist\u00e8re de la sant\u00e9 et de l\u2019hygi\u00e8ne publique et du minist\u00e8re de l\u2019enseignement sup\u00e9rieur, de la recherche scientifique et de l\u2019Innovation dans la structure de gouvernance du nouveau CHU.<\/p>\n<p>\u00b7\u00a0\u00a0\u00a0\u00a0\u00a0\u00a0 D\u2019Ouvrir une ligne budg\u00e9taire sp\u00e9ciale qui alimentera un compte d\u00e9di\u00e9 au nouveau CHU sous la responsabilit\u00e9 du concessionnaire;<\/p>\n<p>\u00b7\u00a0\u00a0\u00a0\u00a0\u00a0\u00a0 De Maintenir sous la responsabilit\u00e9 de l\u2019actuelle Direction G\u00e9n\u00e9rale, la gestion de l\u2019ancien h\u00f4pital Donka sur le site du Camp Camayenne et ce jusqu\u2019\u00e0 sa fermeture d\u00e9finitive, lorsque l\u2019ensemble des services auront \u00e9t\u00e9 transf\u00e9r\u00e9s au nouveau CHU ;<\/p>\n<p>\u00b7\u00a0\u00a0\u00a0\u00a0\u00a0\u00a0 De Cr\u00e9er un nouveau centre hospitalier universitaire (CHU) sur le site r\u00e9nov\u00e9 de Donka, en conformit\u00e9 avec les normes internationales en la mati\u00e8re, et proc\u00e9der au recrutement tant au niveau national qu\u2019international du personnel m\u00e9dical sp\u00e9cialis\u00e9\u00a0devant y travailler ;<\/p>\n<p>\u00b7\u00a0\u00a0\u00a0\u00a0\u00a0\u00a0 De Donner un nouveau nom au CHU pour marquer la rupture avec le pass\u00e9\u00a0;<\/p>\n<p>\u00b7\u00a0\u00a0\u00a0\u00a0\u00a0\u00a0 D\u2019Entreprendre une strat\u00e9gie de communication appropri\u00e9e pour informer les populations et les diff\u00e9rentes parties prenantes de la port\u00e9e de ces d\u00e9cisions.<\/p>\n<p><b>\u00a0IV. DIVERS.<\/b><\/p>\n<p>\u00b7\u00a0\u00a0\u00a0\u00a0\u00a0\u00a0 La Ministre de l\u2019Enseignement Sup\u00e9rieur, de la recherche\u00a0scientifique et de l\u2019innovation a fait part de la mise en circulation lundi 11 avril de 11 bus dans le grand Conakry. Un syst\u00e8me de paiement \u00e9lectronique performant et innovant est appliqu\u00e9 \u00e0 ces bus.<\/p>\n<p>&nbsp;<\/p>\n<p>\u00b7\u00a0\u00a0\u00a0\u00a0\u00a0\u00a0 Le Ministre des Infrastructures et des Transports a remerci\u00e9 le Pr\u00e9sident de la Transition d\u2019avoir bien voulu pr\u00e9sider la pose de la premi\u00e8re pri\u00e8re de l\u2019\u00e9changeur de Bamb\u00e9to.<\/p>\n<p>\u00b7\u00a0\u00a0\u00a0\u00a0\u00a0\u00a0 Le Ministre de la S\u00e9curit\u00e9 et de la protection civile a inform\u00e9 le Conseil\u00a0de la reprise de la livraison des passeports apr\u00e8s une interruption d\u2019une semaine. Un ultimatum a \u00e9t\u00e9 donn\u00e9 \u00e0 la soci\u00e9t\u00e9 IRIS qui a promis de changer ses \u00e9quipements actuels.<\/p>\n<p>\u00b7\u00a0\u00a0\u00a0\u00a0\u00a0\u00a0 Le Ministre de l\u2019Administration du Territoire a annonc\u00e9 l\u2019organisation en cours dans notre pays de la deuxi\u00e8me session sur la mat\u00e9rialisation en Afrique de L\u2019ouest.<\/p>\n<p>\u00b7\u00a0\u00a0\u00a0\u00a0\u00a0\u00a0 Le Ministre de la Culture a remerci\u00e9 le Pr\u00e9sident de la Transition du geste de g\u00e9n\u00e9rosit\u00e9 \u00e0 l\u2019endroit de 400 artistes du pays au Palais Mohamed V en d\u00e9but de semaine.<\/p>\n<p>Enfin, au nom de la famille Sagno, la Ministre de l\u2019Environnement a adress\u00e9 un message de Remerciements au Pr\u00e9sident de la Transition, au CNRD, et au Gouvernement pour la compassion et la solidarit\u00e9 \u00e0 l\u2019\u00e9gard de sa famille suite au d\u00e9c\u00e8s de leur fils.<\/p>\n<p>\ud835\udc02\ud835\udc28\ud835\udc27\ud835\udc1a\ud835\udc24\ud835\udc2b\ud835\udc32, \ud835\udc25\ud835\udc1e \ud835\udfcf\ud835\udfd2 \ud835\udc1a\ud835\udc2f\ud835\udc2b\ud835\udc22\ud835\udc25 \ud835\udfd0\ud835\udfce\ud835\udfd0\ud835\udfd0<\/p>\n<p>\ud835\udc0e\ud835\udc2e\ud835\udc2c\ud835\udc26\ud835\udc1a\ud835\udc27\ud835\udc1e \ud835\udc06\ud835\udc1a\ud835\udc28\ud835\udc2e\ud835\udc1a\ud835\udc25 \ud835\udc03\ud835\udc08\ud835\udc00\ud835\udc0b\ud835\udc0b\ud835\udc0e, \ud835\udc0c\ud835\udc22\ud835\udc27\ud835\udc22\ud835\udc2c\ud835\udc2d\ud835\udc2b\ud835\udc1e \ud835\udc1d\ud835\udc1e \ud835\udc25\u2019\ud835\udc14\ud835\udc2b\ud835\udc1b\ud835\udc1a\ud835\udc27\ud835\udc22\ud835\udc2c\ud835\udc26\ud835\udc1e, \ud835\udc1d\ud835\udc1e \ud835\udc25\u2019\ud835\udc07\ud835\udc1a\ud835\udc1b\ud835\udc22\ud835\udc2d\ud835\udc1a\ud835\udc2d \ud835\udc1e\ud835\udc2d \ud835\udc1d\ud835\udc1e \ud835\udc25\u2019\ud835\udc00\ud835\udc26\ud835\udc1e\u0301\ud835\udc27\ud835\udc1a\ud835\udc20\ud835\udc1e\ud835\udc26\ud835\udc1e\ud835\udc27\ud835\udc2d \ud835\udc1d\ud835\udc2e \ud835\udc13\ud835\udc1e\ud835\udc2b\ud835\udc2b\ud835\udc22\ud835\udc2d\ud835\udc28\ud835\udc22\ud835\udc2b\ud835\udc1e, \ud835\udc0f\ud835\udc28\ud835\udc2b\ud835\udc2d\ud835\udc1e-\ud835\udc0f\ud835\udc1a\ud835\udc2b\ud835\udc28\ud835\udc25\ud835\udc1e \ud835\udc1d\ud835\udc2e \ud835\udc06\ud835\udc28\ud835\udc2e\ud835\udc2f\ud835\udc1e\ud835\udc2b\ud835\udc27\ud835\udc1e\ud835\udc26\ud835\udc1e\ud835\udc27\ud835\udc2d.<\/p>\n<p>\ud835\udc13\ud835\udc2b\ud835\udc1a\ud835\udc27\ud835\udc2c\ud835\udc26\ud835\udc22\ud835\udc2c \ud835\udc29\ud835\udc1a\ud835\udc2b \ud835\udc25\ud835\udc1a \ud835\udc02\ud835\udc1e\ud835\udc25\ud835\udc25\ud835\udc2e\ud835\udc25\ud835\udc1e \ud835\udc1d\ud835\udc1e \ud835\udc02\ud835\udc28\ud835\udc26\ud835\udc26\ud835\udc2e\ud835\udc27\ud835\udc22\ud835\udc1c\ud835\udc1a\ud835\udc2d\ud835\udc22\ud835\udc28\ud835\udc27 \ud835\udc1d\ud835\udc2e \ud835\udc06\ud835\udc28\ud835\udc2e\ud835\udc2f\ud835\udc1e\ud835\udc2b\ud835\udc27\ud835\udc1e\ud835\udc26\ud835\udc1e\ud835\udc27\ud835\udc2d.<\/p>\n","protected":false},"excerpt":{"rendered":"<p>La Session Ordinaire du Conseil des Ministres s\u2019est tenue ce jeudi 14 avril 2022 de<\/p>\n","protected":false},"author":2,"featured_media":1207,"comment_status":"closed","ping_status":"open","sticky":false,"template":"","format":"standard","meta":[],"categories":[3,4],"tags":[229],"yoast_head":"<!-- This site is optimized with the Yoast SEO plugin v19.13 - https:\/\/yoast.com\/wordpress\/plugins\/seo\/ -->\n<title>COMPTE RENDU DU CONSEIL DES MINISTRES DU JEUDI 14 AVRIL 2022. - UNIVERSNEWS224<\/title>\n<meta name=\"robots\" content=\"index, follow, max-snippet:-1, max-image-preview:large, max-video-preview:-1\" \/>\n<link rel=\"canonical\" href=\"https:\/\/universnews224.com\/index.php\/compte-rendu-du-conseil-des-ministres-du-jeudi-14-avril-2022\/\" \/>\n<meta property=\"og:locale\" content=\"fr_FR\" \/>\n<meta property=\"og:type\" content=\"article\" \/>\n<meta property=\"og:title\" content=\"COMPTE RENDU DU CONSEIL DES MINISTRES DU JEUDI 14 AVRIL 2022. - UNIVERSNEWS224\" \/>\n<meta property=\"og:description\" content=\"La Session Ordinaire du Conseil des Ministres s\u2019est tenue ce jeudi 14 avril 2022 de\" \/>\n<meta property=\"og:url\" content=\"https:\/\/universnews224.com\/index.php\/compte-rendu-du-conseil-des-ministres-du-jeudi-14-avril-2022\/\" \/>\n<meta property=\"og:site_name\" content=\"UNIVERSNEWS224\" \/>\n<meta property=\"article:published_time\" content=\"2022-04-15T09:18:23+00:00\" \/>\n<meta property=\"og:image\" content=\"https:\/\/universnews224.com\/wp-content\/uploads\/2022\/04\/B513C1CA-A5F8-4F6E-B8F2-BDB622A40948.jpeg\" \/>\n\t<meta property=\"og:image:width\" content=\"1215\" \/>\n\t<meta property=\"og:image:height\" content=\"943\" \/>\n\t<meta property=\"og:image:type\" content=\"image\/jpeg\" \/>\n<meta name=\"author\" content=\"La R\u00e9daction\" \/>\n<meta name=\"twitter:label1\" content=\"\u00c9crit par\" \/>\n\t<meta name=\"twitter:data1\" content=\"La R\u00e9daction\" \/>\n\t<meta name=\"twitter:label2\" content=\"Dur\u00e9e de lecture estim\u00e9e\" \/>\n\t<meta name=\"twitter:data2\" content=\"10 minutes\" \/>\n<script type=\"application\/ld+json\" class=\"yoast-schema-graph\">{\"@context\":\"https:\/\/schema.org\",\"@graph\":[{\"@type\":\"Article\",\"@id\":\"https:\/\/universnews224.com\/index.php\/compte-rendu-du-conseil-des-ministres-du-jeudi-14-avril-2022\/#article\",\"isPartOf\":{\"@id\":\"https:\/\/universnews224.com\/index.php\/compte-rendu-du-conseil-des-ministres-du-jeudi-14-avril-2022\/\"},\"author\":{\"name\":\"La R\u00e9daction\",\"@id\":\"https:\/\/universnews224.com\/#\/schema\/person\/a4b7d4f94a4716df60456a491260485e\"},\"headline\":\"COMPTE RENDU DU CONSEIL DES MINISTRES DU JEUDI 14 AVRIL 2022.\",\"datePublished\":\"2022-04-15T09:18:23+00:00\",\"dateModified\":\"2022-04-15T09:18:23+00:00\",\"mainEntityOfPage\":{\"@id\":\"https:\/\/universnews224.com\/index.php\/compte-rendu-du-conseil-des-ministres-du-jeudi-14-avril-2022\/\"},\"wordCount\":2125,\"publisher\":{\"@id\":\"https:\/\/universnews224.com\/#organization\"},\"keywords\":[\"La une\"],\"articleSection\":[\"ACTU\",\"POLITIQUE\"],\"inLanguage\":\"fr-FR\"},{\"@type\":\"WebPage\",\"@id\":\"https:\/\/universnews224.com\/index.php\/compte-rendu-du-conseil-des-ministres-du-jeudi-14-avril-2022\/\",\"url\":\"https:\/\/universnews224.com\/index.php\/compte-rendu-du-conseil-des-ministres-du-jeudi-14-avril-2022\/\",\"name\":\"COMPTE RENDU DU CONSEIL DES MINISTRES DU JEUDI 14 AVRIL 2022. - UNIVERSNEWS224\",\"isPartOf\":{\"@id\":\"https:\/\/universnews224.com\/#website\"},\"datePublished\":\"2022-04-15T09:18:23+00:00\",\"dateModified\":\"2022-04-15T09:18:23+00:00\",\"inLanguage\":\"fr-FR\",\"potentialAction\":[{\"@type\":\"ReadAction\",\"target\":[\"https:\/\/universnews224.com\/index.php\/compte-rendu-du-conseil-des-ministres-du-jeudi-14-avril-2022\/\"]}]},{\"@type\":\"WebSite\",\"@id\":\"https:\/\/universnews224.com\/#website\",\"url\":\"https:\/\/universnews224.com\/\",\"name\":\"UNIVERSNEWS224\",\"description\":\"\",\"publisher\":{\"@id\":\"https:\/\/universnews224.com\/#organization\"},\"potentialAction\":[{\"@type\":\"SearchAction\",\"target\":{\"@type\":\"EntryPoint\",\"urlTemplate\":\"https:\/\/universnews224.com\/?s={search_term_string}\"},\"query-input\":\"required name=search_term_string\"}],\"inLanguage\":\"fr-FR\"},{\"@type\":\"Organization\",\"@id\":\"https:\/\/universnews224.com\/#organization\",\"name\":\"UNIVERSNEWS224\",\"url\":\"https:\/\/universnews224.com\/\",\"logo\":{\"@type\":\"ImageObject\",\"inLanguage\":\"fr-FR\",\"@id\":\"https:\/\/universnews224.com\/#\/schema\/logo\/image\/\",\"url\":\"https:\/\/universnews224.com\/wp-content\/uploads\/2022\/08\/cropped-cropped-logoban.jpg\",\"contentUrl\":\"https:\/\/universnews224.com\/wp-content\/uploads\/2022\/08\/cropped-cropped-logoban.jpg\",\"width\":1080,\"height\":138,\"caption\":\"UNIVERSNEWS224\"},\"image\":{\"@id\":\"https:\/\/universnews224.com\/#\/schema\/logo\/image\/\"}},{\"@type\":\"Person\",\"@id\":\"https:\/\/universnews224.com\/#\/schema\/person\/a4b7d4f94a4716df60456a491260485e\",\"name\":\"La R\u00e9daction\",\"image\":{\"@type\":\"ImageObject\",\"inLanguage\":\"fr-FR\",\"@id\":\"https:\/\/universnews224.com\/#\/schema\/person\/image\/\",\"url\":\"https:\/\/secure.gravatar.com\/avatar\/edb90acc7752b23e1b3307ad36c14f0d?s=96&d=mm&r=g\",\"contentUrl\":\"https:\/\/secure.gravatar.com\/avatar\/edb90acc7752b23e1b3307ad36c14f0d?s=96&d=mm&r=g\",\"caption\":\"La R\u00e9daction\"},\"sameAs\":[\"https:\/\/universnews224.com\"],\"url\":\"https:\/\/universnews224.com\/index.php\/author\/m-camara\/\"}]}<\/script>\n<!-- \/ Yoast SEO plugin. -->","yoast_head_json":{"title":"COMPTE RENDU DU CONSEIL DES MINISTRES DU JEUDI 14 AVRIL 2022. - UNIVERSNEWS224","robots":{"index":"index","follow":"follow","max-snippet":"max-snippet:-1","max-image-preview":"max-image-preview:large","max-video-preview":"max-video-preview:-1"},"canonical":"https:\/\/universnews224.com\/index.php\/compte-rendu-du-conseil-des-ministres-du-jeudi-14-avril-2022\/","og_locale":"fr_FR","og_type":"article","og_title":"COMPTE RENDU DU CONSEIL DES MINISTRES DU JEUDI 14 AVRIL 2022. - UNIVERSNEWS224","og_description":"La Session Ordinaire du Conseil des Ministres s\u2019est tenue ce jeudi 14 avril 2022 de","og_url":"https:\/\/universnews224.com\/index.php\/compte-rendu-du-conseil-des-ministres-du-jeudi-14-avril-2022\/","og_site_name":"UNIVERSNEWS224","article_published_time":"2022-04-15T09:18:23+00:00","og_image":[{"width":1215,"height":943,"url":"https:\/\/universnews224.com\/wp-content\/uploads\/2022\/04\/B513C1CA-A5F8-4F6E-B8F2-BDB622A40948.jpeg","type":"image\/jpeg"}],"author":"La R\u00e9daction","twitter_misc":{"\u00c9crit par":"La R\u00e9daction","Dur\u00e9e de lecture estim\u00e9e":"10 minutes"},"schema":{"@context":"https:\/\/schema.org","@graph":[{"@type":"Article","@id":"https:\/\/universnews224.com\/index.php\/compte-rendu-du-conseil-des-ministres-du-jeudi-14-avril-2022\/#article","isPartOf":{"@id":"https:\/\/universnews224.com\/index.php\/compte-rendu-du-conseil-des-ministres-du-jeudi-14-avril-2022\/"},"author":{"name":"La R\u00e9daction","@id":"https:\/\/universnews224.com\/#\/schema\/person\/a4b7d4f94a4716df60456a491260485e"},"headline":"COMPTE RENDU DU CONSEIL DES MINISTRES DU JEUDI 14 AVRIL 2022.","datePublished":"2022-04-15T09:18:23+00:00","dateModified":"2022-04-15T09:18:23+00:00","mainEntityOfPage":{"@id":"https:\/\/universnews224.com\/index.php\/compte-rendu-du-conseil-des-ministres-du-jeudi-14-avril-2022\/"},"wordCount":2125,"publisher":{"@id":"https:\/\/universnews224.com\/#organization"},"keywords":["La une"],"articleSection":["ACTU","POLITIQUE"],"inLanguage":"fr-FR"},{"@type":"WebPage","@id":"https:\/\/universnews224.com\/index.php\/compte-rendu-du-conseil-des-ministres-du-jeudi-14-avril-2022\/","url":"https:\/\/universnews224.com\/index.php\/compte-rendu-du-conseil-des-ministres-du-jeudi-14-avril-2022\/","name":"COMPTE RENDU DU CONSEIL DES MINISTRES DU JEUDI 14 AVRIL 2022. - UNIVERSNEWS224","isPartOf":{"@id":"https:\/\/universnews224.com\/#website"},"datePublished":"2022-04-15T09:18:23+00:00","dateModified":"2022-04-15T09:18:23+00:00","inLanguage":"fr-FR","potentialAction":[{"@type":"ReadAction","target":["https:\/\/universnews224.com\/index.php\/compte-rendu-du-conseil-des-ministres-du-jeudi-14-avril-2022\/"]}]},{"@type":"WebSite","@id":"https:\/\/universnews224.com\/#website","url":"https:\/\/universnews224.com\/","name":"UNIVERSNEWS224","description":"","publisher":{"@id":"https:\/\/universnews224.com\/#organization"},"potentialAction":[{"@type":"SearchAction","target":{"@type":"EntryPoint","urlTemplate":"https:\/\/universnews224.com\/?s={search_term_string}"},"query-input":"required name=search_term_string"}],"inLanguage":"fr-FR"},{"@type":"Organization","@id":"https:\/\/universnews224.com\/#organization","name":"UNIVERSNEWS224","url":"https:\/\/universnews224.com\/","logo":{"@type":"ImageObject","inLanguage":"fr-FR","@id":"https:\/\/universnews224.com\/#\/schema\/logo\/image\/","url":"https:\/\/universnews224.com\/wp-content\/uploads\/2022\/08\/cropped-cropped-logoban.jpg","contentUrl":"https:\/\/universnews224.com\/wp-content\/uploads\/2022\/08\/cropped-cropped-logoban.jpg","width":1080,"height":138,"caption":"UNIVERSNEWS224"},"image":{"@id":"https:\/\/universnews224.com\/#\/schema\/logo\/image\/"}},{"@type":"Person","@id":"https:\/\/universnews224.com\/#\/schema\/person\/a4b7d4f94a4716df60456a491260485e","name":"La R\u00e9daction","image":{"@type":"ImageObject","inLanguage":"fr-FR","@id":"https:\/\/universnews224.com\/#\/schema\/person\/image\/","url":"https:\/\/secure.gravatar.com\/avatar\/edb90acc7752b23e1b3307ad36c14f0d?s=96&d=mm&r=g","contentUrl":"https:\/\/secure.gravatar.com\/avatar\/edb90acc7752b23e1b3307ad36c14f0d?s=96&d=mm&r=g","caption":"La R\u00e9daction"},"sameAs":["https:\/\/universnews224.com"],"url":"https:\/\/universnews224.com\/index.php\/author\/m-camara\/"}]}},"_links":{"self":[{"href":"https:\/\/universnews224.com\/index.php\/wp-json\/wp\/v2\/posts\/1206"}],"collection":[{"href":"https:\/\/universnews224.com\/index.php\/wp-json\/wp\/v2\/posts"}],"about":[{"href":"https:\/\/universnews224.com\/index.php\/wp-json\/wp\/v2\/types\/post"}],"author":[{"embeddable":true,"href":"https:\/\/universnews224.com\/index.php\/wp-json\/wp\/v2\/users\/2"}],"replies":[{"embeddable":true,"href":"https:\/\/universnews224.com\/index.php\/wp-json\/wp\/v2\/comments?post=1206"}],"version-history":[{"count":1,"href":"https:\/\/universnews224.com\/index.php\/wp-json\/wp\/v2\/posts\/1206\/revisions"}],"predecessor-version":[{"id":1208,"href":"https:\/\/universnews224.com\/index.php\/wp-json\/wp\/v2\/posts\/1206\/revisions\/1208"}],"wp:featuredmedia":[{"embeddable":true,"href":"https:\/\/universnews224.com\/index.php\/wp-json\/wp\/v2\/media\/1207"}],"wp:attachment":[{"href":"https:\/\/universnews224.com\/index.php\/wp-json\/wp\/v2\/media?parent=1206"}],"wp:term":[{"taxonomy":"category","embeddable":true,"href":"https:\/\/universnews224.com\/index.php\/wp-json\/wp\/v2\/categories?post=1206"},{"taxonomy":"post_tag","embeddable":true,"href":"https:\/\/universnews224.com\/index.php\/wp-json\/wp\/v2\/tags?post=1206"}],"curies":[{"name":"wp","href":"https:\/\/api.w.org\/{rel}","templated":true}]}}