{"id":1212,"date":"2022-04-16T19:27:32","date_gmt":"2022-04-16T18:27:32","guid":{"rendered":"https:\/\/universnews224.com\/?p=1212"},"modified":"2022-04-16T19:27:32","modified_gmt":"2022-04-16T18:27:32","slug":"discours-de-monsieur-le-premier-ministre-chef-du-gouvernement-a-loccasion-de-la-session-inaugurale-du-cadre-de-concertation-inclusif-de-la-republique-de-guinee","status":"publish","type":"post","link":"https:\/\/universnews224.com\/index.php\/discours-de-monsieur-le-premier-ministre-chef-du-gouvernement-a-loccasion-de-la-session-inaugurale-du-cadre-de-concertation-inclusif-de-la-republique-de-guinee\/","title":{"rendered":"DISCOURS DE MONSIEUR LE PREMIER MINISTRE, CHEF DU GOUVERNEMENT A L&rsquo;OCCASION DE LA SESSION INAUGURALE DU CADRE DE CONCERTATION INCLUSIF DE LA R\u00c9PUBLIQUE DE GUIN\u00c9E"},"content":{"rendered":"<p><b>Monsieur le pr\u00e9sident du CNT<\/b><\/p>\n<p><b>Messieurs les Pr\u00e9sidents des Institutions R\u00e9publicaines,<\/b><\/p>\n<p><b>Mesdames et Messieurs les Ministres,<\/b><\/p>\n<p><b>Monsieur le Chef d\u2019\u00c9tat-major des Forces Arm\u00e9es,<\/b><\/p>\n<p><b>Messieurs les Chefs d\u2019\u00c9tats-majors de l\u2019Arm\u00e9e de Terre, Mer et Air, <\/b><\/p>\n<p><b>Monsieur le Haut Commandant de la Gendarmerie Nationale, Directeur de la Justice Militaire,<\/b><\/p>\n<p><b>Messieurs les Directeurs G\u00e9n\u00e9raux des Douanes et de la Police Nationale,<\/b><\/p>\n<p><b>Excellences Mesdames et Messieurs les Membres des Corps Diplomatiques et Consulaires,<\/b><\/p>\n<p><b>Mesdames et Messieurs les repr\u00e9sentants des partenaires techniques et Financiers,\u00a0<\/b><\/p>\n<p><b>Mesdames et Messieurs les repr\u00e9sentants des partis politiques et de la soci\u00e9t\u00e9 civile,<\/b><\/p>\n<p><b>Madames Messieurs les repr\u00e9sentants du secteur priv\u00e9,<\/b><\/p>\n<p><b>Mesdames et Messieurs, chers participants tout Protocole observ\u00e9,<\/b><\/p>\n<p><b>Mesdames et Messieurs, <\/b><\/p>\n<p>Je commencerai par rendre Gr\u00e2ce \u00e0 Dieu pour cette opportunit\u00e9 qu\u2019Il nous offre. Celle de nous retrouver ici en ce deuxi\u00e8me vendredi du mois de Ramadan et \u00e9galement vendredi saint du Car\u00eame, pour parler de ce que nous avons de plus cher\u00a0: l\u2019unit\u00e9 de la Guin\u00e9e. Cette journ\u00e9e, comme vous le savez, co\u00efncide avec les Assises Nationales initi\u00e9es par le Pr\u00e9sident de la Transition, Pr\u00e9sident du CNRD, Chef de l\u2019\u00c9tat, Chef supr\u00eame des Arm\u00e9es, le Colonel Mamadi Doumbouya afin de nous inviter, nous Guin\u00e9ens, \u00e0 nous parler et \u00e0 construire ensemble la Guin\u00e9e de demain. Je me r\u00e9jouis que le lancement de ce cadre de concertation ait lieu pendant que les Guin\u00e9ens ont accept\u00e9 de s\u2019\u00e9couter et de se parler.<b><\/b><\/p>\n<p>Le cadre de concertation que nous d\u00e9marrons se veut inclusif, parce qu\u2019il souhaite la participation de tous. Force est de constater que certains de ceux qui doivent prendre part \u00e0 ces concertations ne sont pas l\u00e0. Nous devons donc travailler \u00e0 ce que ce cadre soit le plus inclusif possible et faire en sorte qu\u2019ils nous rejoignent. <b><\/b><\/p>\n<p>Ce lancement, au nom du Pr\u00e9sident du CNRD, Pr\u00e9sident de la Transition, Chef de l\u2019\u00c9tat et Chef supr\u00eame des Arm\u00e9es, c\u2019est la main tendue du Colonel Mamadi Doumbouya, parce qu\u2019il croit en la Guin\u00e9e, cette grande Nation, une nation dont la r\u00e9demption est certaine et incontournable. <b><\/b><\/p>\n<p>C\u2019est pourquoi, je lance un appel renouvel\u00e9 au Rassemblement, \u00e0 l\u2019unit\u00e9, \u00e0 regarder dans la m\u00eame direction, \u00e0 transcender nos divergences, \u00e0 passer les \u00e9cueils qui sont nombreux, mais pas insurmontables, la main dans la main, \u00e9paule contre \u00e9paule. C\u2019est seulement comme \u00e7a que nous y arriverons.<b><\/b><\/p>\n<p>Mesdames et messieurs, je sais que les blessures et frustrations se sont accumul\u00e9es au fil des ans. C\u2019est ce qui a amen\u00e9 le CNRD avec \u00e0 sa t\u00eate le Colonel Mamadi Doumbouya \u00e0 prendre ses responsabilit\u00e9s <span dir=\"ltr\">le 5 septembre<\/span>. Malgr\u00e9 sa volont\u00e9 infaillible et indiscutable, ces blessures ne seront pas gu\u00e9ries par lui seul. C\u2019est pourquoi, il a pris l\u2019initiative des Assises Nationales, avec comme ambition principale d\u2019inviter les Guin\u00e9ens \u00e0 s\u2019\u00e9couter et \u00e0 se parler. Comme vous le savez, les Assises Nationales constituent le premier pas vers la V\u00e9rit\u00e9 et le pardon. Des \u00e9l\u00e9ments indispensables \u00e0 un dialogue apais\u00e9. <b><\/b><\/p>\n<p>Mesdames et messieurs, nul ne peut nier que la Guin\u00e9e est en train de changer, tout comme nul ne peut contester qu\u2019il nous reste beaucoup de chemin \u00e0 parcourir, ensemble.<b><\/b><\/p>\n<p>Je remercie tr\u00e8s sinc\u00e8rement et tr\u00e8s chaleureusement tous ceux qui sont pr\u00e9sents. Cette pr\u00e9sence est une preuve \u00e9loquente de votre engagement \u00e0 dialoguer, \u00e0 contribuer et \u00e0 apporter votre brique pour construire un pays apais\u00e9, inclusif et solide pour les g\u00e9n\u00e9rations futures. Je demande \u00e0 ceux qui ne sont pas encore autour de la table de nous rejoindre. La Guin\u00e9e nous appartient tous. Aujourd\u2019hui plus qu\u2019hier, ma porte leur est grandement ouverte. Nous ne r\u00e9ussirons que si chaque Guin\u00e9en se sent concern\u00e9 par les changements et r\u00e9formes engag\u00e9s par le CNRD et le Gouvernement.<\/p>\n<p>Il est important de rappeler qu\u2019\u00e0 l\u2019av\u00e8nement du Comit\u00e9 National du Rassemblement pour le D\u00e9veloppement (CNRD), des espaces de concertation ont \u00e9t\u00e9 initi\u00e9s pour \u00e9couter et recueillir les avis et propositions des forces vives de la Nation avant l\u2019\u00e9laboration de la Charte, la mise en place du Gouvernement et du Conseil National de la Transition. La Charte de la Transition, dans son article 77 indique que \u00ab\u00a0la dur\u00e9e de la Transition sera fix\u00e9e de commun accord entre les forces vives de la Nation et le Comit\u00e9 National du rassemblement pour le D\u00e9veloppement.\u00a0\u00bb<\/p>\n<p>Cette d\u00e9marche inclusive et participative a pour objectif d\u2019instaurer une nouvelle gouvernance dans la gestion des affaires publiques. Une gouvernance faite d\u2019\u00e9coute et de concertation. Cette main reste tendue. J\u2019invite les absents \u00e0 la saisir.<\/p>\n<p>Mesdames et messieurs, \u00e0 ma prise de fonction en octobre nous avons entam\u00e9 des r\u00e9formes profondes pour am\u00e9liorer la gouvernance, assainir la gestion de nos ressources publiques. Ce travail a permis \u00e0 mon gouvernement d\u2019\u00e9laborer une feuille de route avec des ambitions claires\u00a0: le retour \u00e0 l\u2019ordre Constitutionnel dans un d\u00e9lai qui doit \u00eatre d\u00e9fini apr\u00e8s la mise en place du CNT et en concertation avec les forces vives de la nation que vous \u00eates. Il est important de rappeler ici que le CNRD et le Gouvernement que je dirige ne sont pas candidats aux futures \u00e9lections et n\u2019ont pas de candidats. Notre seule mission est d\u2019offrir une Guin\u00e9e apais\u00e9e et refond\u00e9e aux prochains dirigeants. Le Pr\u00e9sident de la Transition l\u2019a rappel\u00e9 le 22 mars dernier lors du lancement des Assises Nationales.<\/p>\n<p>D\u2019ores et d\u00e9j\u00e0, j\u2019ai instruit le Ministre de l\u2019Administration de Territoire d\u2019organiser une rencontre \u00e9largie avec l\u2019ensemble des acteurs politiques et de la soci\u00e9t\u00e9 civile, afin qu\u2019ensemble nous discutions des modalit\u00e9s de mise en \u0153uvre de ce cadre de dialogue. C\u2019est aussi cela, l\u2019esprit des Assises qui se d\u00e9roulent actuellement.<\/p>\n<p>Je voudrais terminer mes propos en souhaitant \u00e0 chacun de vous une excellente session inaugurale du cadre de concertation inclusif.<\/p>\n<p>J\u2019implore \u00e0 nouveau le Bon Dieu afin qu\u2019Il continue de faire r\u00e9gner la paix dans notre pays et qu\u2019Il renforce l\u2019entente entre les enfants de notre ch\u00e8re patrie, la Guin\u00e9e. Amin\u00a0!<\/p>\n<p>&nbsp;<\/p>\n<p><b>Je vous remercie.<\/b><\/p>\n<p><b>Mohamed BEAVOGUI, Premier Ministre Chef du Gouvernement.<\/b><\/p>\n<p><b>Transmis par la Cellule de Communication du Gouvernement.<\/b><\/p>\n","protected":false},"excerpt":{"rendered":"<p>Monsieur le pr\u00e9sident du CNT Messieurs les Pr\u00e9sidents des Institutions R\u00e9publicaines, Mesdames et Messieurs les<\/p>\n","protected":false},"author":2,"featured_media":1213,"comment_status":"closed","ping_status":"open","sticky":false,"template":"","format":"standard","meta":[],"categories":[3,4],"tags":[229],"yoast_head":"<!-- This site is optimized with the Yoast SEO plugin v19.13 - https:\/\/yoast.com\/wordpress\/plugins\/seo\/ -->\n<title>DISCOURS DE MONSIEUR LE PREMIER MINISTRE, CHEF DU GOUVERNEMENT A L&#039;OCCASION DE LA SESSION INAUGURALE DU CADRE DE CONCERTATION INCLUSIF DE LA R\u00c9PUBLIQUE DE GUIN\u00c9E - UNIVERSNEWS224<\/title>\n<meta name=\"robots\" content=\"index, follow, max-snippet:-1, max-image-preview:large, max-video-preview:-1\" \/>\n<link rel=\"canonical\" href=\"https:\/\/universnews224.com\/index.php\/discours-de-monsieur-le-premier-ministre-chef-du-gouvernement-a-loccasion-de-la-session-inaugurale-du-cadre-de-concertation-inclusif-de-la-republique-de-guinee\/\" \/>\n<meta property=\"og:locale\" content=\"fr_FR\" \/>\n<meta property=\"og:type\" content=\"article\" \/>\n<meta property=\"og:title\" content=\"DISCOURS DE MONSIEUR LE PREMIER MINISTRE, CHEF DU GOUVERNEMENT A L&#039;OCCASION DE LA SESSION INAUGURALE DU CADRE DE CONCERTATION INCLUSIF DE LA R\u00c9PUBLIQUE DE GUIN\u00c9E - UNIVERSNEWS224\" \/>\n<meta property=\"og:description\" content=\"Monsieur le pr\u00e9sident du CNT Messieurs les Pr\u00e9sidents des Institutions R\u00e9publicaines, Mesdames et Messieurs les\" \/>\n<meta property=\"og:url\" content=\"https:\/\/universnews224.com\/index.php\/discours-de-monsieur-le-premier-ministre-chef-du-gouvernement-a-loccasion-de-la-session-inaugurale-du-cadre-de-concertation-inclusif-de-la-republique-de-guinee\/\" \/>\n<meta property=\"og:site_name\" content=\"UNIVERSNEWS224\" \/>\n<meta property=\"article:published_time\" content=\"2022-04-16T18:27:32+00:00\" \/>\n<meta property=\"og:image\" content=\"https:\/\/universnews224.com\/wp-content\/uploads\/2022\/04\/C429EA4F-0D1A-4F04-BD02-D76AB382DE7E.jpeg\" \/>\n\t<meta property=\"og:image:width\" content=\"960\" \/>\n\t<meta property=\"og:image:height\" content=\"640\" \/>\n\t<meta property=\"og:image:type\" content=\"image\/jpeg\" \/>\n<meta name=\"author\" content=\"La R\u00e9daction\" \/>\n<meta name=\"twitter:label1\" content=\"\u00c9crit par\" \/>\n\t<meta name=\"twitter:data1\" content=\"La R\u00e9daction\" \/>\n\t<meta name=\"twitter:label2\" content=\"Dur\u00e9e de lecture estim\u00e9e\" \/>\n\t<meta name=\"twitter:data2\" content=\"6 minutes\" \/>\n<script type=\"application\/ld+json\" class=\"yoast-schema-graph\">{\"@context\":\"https:\/\/schema.org\",\"@graph\":[{\"@type\":\"Article\",\"@id\":\"https:\/\/universnews224.com\/index.php\/discours-de-monsieur-le-premier-ministre-chef-du-gouvernement-a-loccasion-de-la-session-inaugurale-du-cadre-de-concertation-inclusif-de-la-republique-de-guinee\/#article\",\"isPartOf\":{\"@id\":\"https:\/\/universnews224.com\/index.php\/discours-de-monsieur-le-premier-ministre-chef-du-gouvernement-a-loccasion-de-la-session-inaugurale-du-cadre-de-concertation-inclusif-de-la-republique-de-guinee\/\"},\"author\":{\"name\":\"La R\u00e9daction\",\"@id\":\"https:\/\/universnews224.com\/#\/schema\/person\/a4b7d4f94a4716df60456a491260485e\"},\"headline\":\"DISCOURS DE MONSIEUR LE PREMIER MINISTRE, CHEF DU GOUVERNEMENT A L&rsquo;OCCASION DE LA SESSION INAUGURALE DU CADRE DE CONCERTATION INCLUSIF DE LA R\u00c9PUBLIQUE DE GUIN\u00c9E\",\"datePublished\":\"2022-04-16T18:27:32+00:00\",\"dateModified\":\"2022-04-16T18:27:32+00:00\",\"mainEntityOfPage\":{\"@id\":\"https:\/\/universnews224.com\/index.php\/discours-de-monsieur-le-premier-ministre-chef-du-gouvernement-a-loccasion-de-la-session-inaugurale-du-cadre-de-concertation-inclusif-de-la-republique-de-guinee\/\"},\"wordCount\":1104,\"publisher\":{\"@id\":\"https:\/\/universnews224.com\/#organization\"},\"keywords\":[\"La une\"],\"articleSection\":[\"ACTU\",\"POLITIQUE\"],\"inLanguage\":\"fr-FR\"},{\"@type\":\"WebPage\",\"@id\":\"https:\/\/universnews224.com\/index.php\/discours-de-monsieur-le-premier-ministre-chef-du-gouvernement-a-loccasion-de-la-session-inaugurale-du-cadre-de-concertation-inclusif-de-la-republique-de-guinee\/\",\"url\":\"https:\/\/universnews224.com\/index.php\/discours-de-monsieur-le-premier-ministre-chef-du-gouvernement-a-loccasion-de-la-session-inaugurale-du-cadre-de-concertation-inclusif-de-la-republique-de-guinee\/\",\"name\":\"DISCOURS DE MONSIEUR LE PREMIER MINISTRE, CHEF DU GOUVERNEMENT A L'OCCASION DE LA SESSION INAUGURALE DU CADRE DE CONCERTATION INCLUSIF DE LA R\u00c9PUBLIQUE DE GUIN\u00c9E - UNIVERSNEWS224\",\"isPartOf\":{\"@id\":\"https:\/\/universnews224.com\/#website\"},\"datePublished\":\"2022-04-16T18:27:32+00:00\",\"dateModified\":\"2022-04-16T18:27:32+00:00\",\"inLanguage\":\"fr-FR\",\"potentialAction\":[{\"@type\":\"ReadAction\",\"target\":[\"https:\/\/universnews224.com\/index.php\/discours-de-monsieur-le-premier-ministre-chef-du-gouvernement-a-loccasion-de-la-session-inaugurale-du-cadre-de-concertation-inclusif-de-la-republique-de-guinee\/\"]}]},{\"@type\":\"WebSite\",\"@id\":\"https:\/\/universnews224.com\/#website\",\"url\":\"https:\/\/universnews224.com\/\",\"name\":\"UNIVERSNEWS224\",\"description\":\"\",\"publisher\":{\"@id\":\"https:\/\/universnews224.com\/#organization\"},\"potentialAction\":[{\"@type\":\"SearchAction\",\"target\":{\"@type\":\"EntryPoint\",\"urlTemplate\":\"https:\/\/universnews224.com\/?s={search_term_string}\"},\"query-input\":\"required name=search_term_string\"}],\"inLanguage\":\"fr-FR\"},{\"@type\":\"Organization\",\"@id\":\"https:\/\/universnews224.com\/#organization\",\"name\":\"UNIVERSNEWS224\",\"url\":\"https:\/\/universnews224.com\/\",\"logo\":{\"@type\":\"ImageObject\",\"inLanguage\":\"fr-FR\",\"@id\":\"https:\/\/universnews224.com\/#\/schema\/logo\/image\/\",\"url\":\"https:\/\/universnews224.com\/wp-content\/uploads\/2022\/08\/cropped-cropped-logoban.jpg\",\"contentUrl\":\"https:\/\/universnews224.com\/wp-content\/uploads\/2022\/08\/cropped-cropped-logoban.jpg\",\"width\":1080,\"height\":138,\"caption\":\"UNIVERSNEWS224\"},\"image\":{\"@id\":\"https:\/\/universnews224.com\/#\/schema\/logo\/image\/\"}},{\"@type\":\"Person\",\"@id\":\"https:\/\/universnews224.com\/#\/schema\/person\/a4b7d4f94a4716df60456a491260485e\",\"name\":\"La R\u00e9daction\",\"image\":{\"@type\":\"ImageObject\",\"inLanguage\":\"fr-FR\",\"@id\":\"https:\/\/universnews224.com\/#\/schema\/person\/image\/\",\"url\":\"https:\/\/secure.gravatar.com\/avatar\/edb90acc7752b23e1b3307ad36c14f0d?s=96&d=mm&r=g\",\"contentUrl\":\"https:\/\/secure.gravatar.com\/avatar\/edb90acc7752b23e1b3307ad36c14f0d?s=96&d=mm&r=g\",\"caption\":\"La R\u00e9daction\"},\"sameAs\":[\"https:\/\/universnews224.com\"],\"url\":\"https:\/\/universnews224.com\/index.php\/author\/m-camara\/\"}]}<\/script>\n<!-- \/ Yoast SEO plugin. -->","yoast_head_json":{"title":"DISCOURS DE MONSIEUR LE PREMIER MINISTRE, CHEF DU GOUVERNEMENT A L'OCCASION DE LA SESSION INAUGURALE DU CADRE DE CONCERTATION INCLUSIF DE LA R\u00c9PUBLIQUE DE GUIN\u00c9E - UNIVERSNEWS224","robots":{"index":"index","follow":"follow","max-snippet":"max-snippet:-1","max-image-preview":"max-image-preview:large","max-video-preview":"max-video-preview:-1"},"canonical":"https:\/\/universnews224.com\/index.php\/discours-de-monsieur-le-premier-ministre-chef-du-gouvernement-a-loccasion-de-la-session-inaugurale-du-cadre-de-concertation-inclusif-de-la-republique-de-guinee\/","og_locale":"fr_FR","og_type":"article","og_title":"DISCOURS DE MONSIEUR LE PREMIER MINISTRE, CHEF DU GOUVERNEMENT A L'OCCASION DE LA SESSION INAUGURALE DU CADRE DE CONCERTATION INCLUSIF DE LA R\u00c9PUBLIQUE DE GUIN\u00c9E - UNIVERSNEWS224","og_description":"Monsieur le pr\u00e9sident du CNT Messieurs les Pr\u00e9sidents des Institutions R\u00e9publicaines, Mesdames et Messieurs les","og_url":"https:\/\/universnews224.com\/index.php\/discours-de-monsieur-le-premier-ministre-chef-du-gouvernement-a-loccasion-de-la-session-inaugurale-du-cadre-de-concertation-inclusif-de-la-republique-de-guinee\/","og_site_name":"UNIVERSNEWS224","article_published_time":"2022-04-16T18:27:32+00:00","og_image":[{"width":960,"height":640,"url":"https:\/\/universnews224.com\/wp-content\/uploads\/2022\/04\/C429EA4F-0D1A-4F04-BD02-D76AB382DE7E.jpeg","type":"image\/jpeg"}],"author":"La R\u00e9daction","twitter_misc":{"\u00c9crit par":"La R\u00e9daction","Dur\u00e9e de lecture estim\u00e9e":"6 minutes"},"schema":{"@context":"https:\/\/schema.org","@graph":[{"@type":"Article","@id":"https:\/\/universnews224.com\/index.php\/discours-de-monsieur-le-premier-ministre-chef-du-gouvernement-a-loccasion-de-la-session-inaugurale-du-cadre-de-concertation-inclusif-de-la-republique-de-guinee\/#article","isPartOf":{"@id":"https:\/\/universnews224.com\/index.php\/discours-de-monsieur-le-premier-ministre-chef-du-gouvernement-a-loccasion-de-la-session-inaugurale-du-cadre-de-concertation-inclusif-de-la-republique-de-guinee\/"},"author":{"name":"La R\u00e9daction","@id":"https:\/\/universnews224.com\/#\/schema\/person\/a4b7d4f94a4716df60456a491260485e"},"headline":"DISCOURS DE MONSIEUR LE PREMIER MINISTRE, CHEF DU GOUVERNEMENT A L&rsquo;OCCASION DE LA SESSION INAUGURALE DU CADRE DE CONCERTATION INCLUSIF DE LA R\u00c9PUBLIQUE DE GUIN\u00c9E","datePublished":"2022-04-16T18:27:32+00:00","dateModified":"2022-04-16T18:27:32+00:00","mainEntityOfPage":{"@id":"https:\/\/universnews224.com\/index.php\/discours-de-monsieur-le-premier-ministre-chef-du-gouvernement-a-loccasion-de-la-session-inaugurale-du-cadre-de-concertation-inclusif-de-la-republique-de-guinee\/"},"wordCount":1104,"publisher":{"@id":"https:\/\/universnews224.com\/#organization"},"keywords":["La une"],"articleSection":["ACTU","POLITIQUE"],"inLanguage":"fr-FR"},{"@type":"WebPage","@id":"https:\/\/universnews224.com\/index.php\/discours-de-monsieur-le-premier-ministre-chef-du-gouvernement-a-loccasion-de-la-session-inaugurale-du-cadre-de-concertation-inclusif-de-la-republique-de-guinee\/","url":"https:\/\/universnews224.com\/index.php\/discours-de-monsieur-le-premier-ministre-chef-du-gouvernement-a-loccasion-de-la-session-inaugurale-du-cadre-de-concertation-inclusif-de-la-republique-de-guinee\/","name":"DISCOURS DE MONSIEUR LE PREMIER MINISTRE, CHEF DU GOUVERNEMENT A L'OCCASION DE LA SESSION INAUGURALE DU CADRE DE CONCERTATION INCLUSIF DE LA R\u00c9PUBLIQUE DE GUIN\u00c9E - UNIVERSNEWS224","isPartOf":{"@id":"https:\/\/universnews224.com\/#website"},"datePublished":"2022-04-16T18:27:32+00:00","dateModified":"2022-04-16T18:27:32+00:00","inLanguage":"fr-FR","potentialAction":[{"@type":"ReadAction","target":["https:\/\/universnews224.com\/index.php\/discours-de-monsieur-le-premier-ministre-chef-du-gouvernement-a-loccasion-de-la-session-inaugurale-du-cadre-de-concertation-inclusif-de-la-republique-de-guinee\/"]}]},{"@type":"WebSite","@id":"https:\/\/universnews224.com\/#website","url":"https:\/\/universnews224.com\/","name":"UNIVERSNEWS224","description":"","publisher":{"@id":"https:\/\/universnews224.com\/#organization"},"potentialAction":[{"@type":"SearchAction","target":{"@type":"EntryPoint","urlTemplate":"https:\/\/universnews224.com\/?s={search_term_string}"},"query-input":"required name=search_term_string"}],"inLanguage":"fr-FR"},{"@type":"Organization","@id":"https:\/\/universnews224.com\/#organization","name":"UNIVERSNEWS224","url":"https:\/\/universnews224.com\/","logo":{"@type":"ImageObject","inLanguage":"fr-FR","@id":"https:\/\/universnews224.com\/#\/schema\/logo\/image\/","url":"https:\/\/universnews224.com\/wp-content\/uploads\/2022\/08\/cropped-cropped-logoban.jpg","contentUrl":"https:\/\/universnews224.com\/wp-content\/uploads\/2022\/08\/cropped-cropped-logoban.jpg","width":1080,"height":138,"caption":"UNIVERSNEWS224"},"image":{"@id":"https:\/\/universnews224.com\/#\/schema\/logo\/image\/"}},{"@type":"Person","@id":"https:\/\/universnews224.com\/#\/schema\/person\/a4b7d4f94a4716df60456a491260485e","name":"La R\u00e9daction","image":{"@type":"ImageObject","inLanguage":"fr-FR","@id":"https:\/\/universnews224.com\/#\/schema\/person\/image\/","url":"https:\/\/secure.gravatar.com\/avatar\/edb90acc7752b23e1b3307ad36c14f0d?s=96&d=mm&r=g","contentUrl":"https:\/\/secure.gravatar.com\/avatar\/edb90acc7752b23e1b3307ad36c14f0d?s=96&d=mm&r=g","caption":"La R\u00e9daction"},"sameAs":["https:\/\/universnews224.com"],"url":"https:\/\/universnews224.com\/index.php\/author\/m-camara\/"}]}},"_links":{"self":[{"href":"https:\/\/universnews224.com\/index.php\/wp-json\/wp\/v2\/posts\/1212"}],"collection":[{"href":"https:\/\/universnews224.com\/index.php\/wp-json\/wp\/v2\/posts"}],"about":[{"href":"https:\/\/universnews224.com\/index.php\/wp-json\/wp\/v2\/types\/post"}],"author":[{"embeddable":true,"href":"https:\/\/universnews224.com\/index.php\/wp-json\/wp\/v2\/users\/2"}],"replies":[{"embeddable":true,"href":"https:\/\/universnews224.com\/index.php\/wp-json\/wp\/v2\/comments?post=1212"}],"version-history":[{"count":1,"href":"https:\/\/universnews224.com\/index.php\/wp-json\/wp\/v2\/posts\/1212\/revisions"}],"predecessor-version":[{"id":1214,"href":"https:\/\/universnews224.com\/index.php\/wp-json\/wp\/v2\/posts\/1212\/revisions\/1214"}],"wp:featuredmedia":[{"embeddable":true,"href":"https:\/\/universnews224.com\/index.php\/wp-json\/wp\/v2\/media\/1213"}],"wp:attachment":[{"href":"https:\/\/universnews224.com\/index.php\/wp-json\/wp\/v2\/media?parent=1212"}],"wp:term":[{"taxonomy":"category","embeddable":true,"href":"https:\/\/universnews224.com\/index.php\/wp-json\/wp\/v2\/categories?post=1212"},{"taxonomy":"post_tag","embeddable":true,"href":"https:\/\/universnews224.com\/index.php\/wp-json\/wp\/v2\/tags?post=1212"}],"curies":[{"name":"wp","href":"https:\/\/api.w.org\/{rel}","templated":true}]}}