{"id":1228,"date":"2022-04-20T00:47:08","date_gmt":"2022-04-19T23:47:08","guid":{"rendered":"https:\/\/universnews224.com\/?p=1228"},"modified":"2022-04-20T00:48:08","modified_gmt":"2022-04-19T23:48:08","slug":"alhoussein-makanera-sur-les-propos-du-colonel-de-normalement-cest-quon-attend-du-cnrd","status":"publish","type":"post","link":"https:\/\/universnews224.com\/index.php\/alhoussein-makanera-sur-les-propos-du-colonel-de-normalement-cest-quon-attend-du-cnrd\/","title":{"rendered":"Alhoussein Makan\u00e9ra sur les propos du colonel de : \u00abNormalement, c\u2019est qu\u2019on attend du CNRD\u00bb."},"content":{"rendered":"<p>\u00c0 l\u2019occasion du lancement officiel des activit\u00e9s du cadre de concertation inclusif le 15 avril dernier au palais Mohamed V,le pr\u00e9sident de transition, le colonel Mamadi Doumbouya a d\u00e9clar\u00e9 \u00e0 qui veut entendre qu\u2019il fera le sale boulot et qu\u2019il ne reculera devant rien pour mener \u00e0 bien la transition en cours en R\u00e9publique de Guin\u00e9e.<\/p>\n<p>&nbsp;<\/p>\n<p>Interrog\u00e9 sur les propos qui ont coul\u00e9 d\u2019ancre et de salive au sein de l\u2019opinion chez nos confr\u00e8res de Djoma m\u00e9dias dans l\u2019\u00e9mission \u201cOn refait le monde\u00a0\u00bb, le pr\u00e9sident FND, Alhoussein Makan\u00e9ra Kak\u00e9 d\u00e9clare:<\/p>\n<p>\u00abLe propos de sale boulot, je n\u2019ai pas de probl\u00e8me \u00e0 ce niveau, parce que de toute fa\u00e7on le sale boulot, c\u2019est de faire un boulot que les autres n\u2019aimeraient pas le faire. Normalement, c\u2019est qu\u2019on attend du CNRD parce que demain, ils ne font pas demander le suffrage de la population des. Mais, dire que je ne reculerais pas, \u00e7a, je n\u2019ai pas appr\u00e9ci\u00e9 parce qu\u2019il est le pr\u00e9sident, il est tr\u00e8s fort. Mais, sa force, il puise de la population. Tant il respecte, il consid\u00e8re cette population, tant il est grand\u00bb a t-il soulign\u00e9.<\/p>\n<p>Mohamed Decoster Camara<\/p>\n<p>611 46 04 10<br \/>\n669 14 62 22<\/p>\n","protected":false},"excerpt":{"rendered":"<p>\u00c0 l\u2019occasion du lancement officiel des activit\u00e9s du cadre de concertation inclusif le 15 avril<\/p>\n","protected":false},"author":2,"featured_media":1229,"comment_status":"closed","ping_status":"open","sticky":false,"template":"","format":"standard","meta":[],"categories":[3,4],"tags":[229],"yoast_head":"<!-- This site is optimized with the Yoast SEO plugin v19.13 - https:\/\/yoast.com\/wordpress\/plugins\/seo\/ -->\n<title>Alhoussein Makan\u00e9ra sur les propos du colonel de : \u00abNormalement, c\u2019est qu\u2019on attend du CNRD\u00bb. - UNIVERSNEWS224<\/title>\n<meta name=\"robots\" content=\"index, follow, max-snippet:-1, max-image-preview:large, max-video-preview:-1\" \/>\n<link rel=\"canonical\" href=\"https:\/\/universnews224.com\/index.php\/alhoussein-makanera-sur-les-propos-du-colonel-de-normalement-cest-quon-attend-du-cnrd\/\" \/>\n<meta property=\"og:locale\" content=\"fr_FR\" \/>\n<meta property=\"og:type\" content=\"article\" \/>\n<meta property=\"og:title\" content=\"Alhoussein Makan\u00e9ra sur les propos du colonel de : \u00abNormalement, c\u2019est qu\u2019on attend du CNRD\u00bb. - UNIVERSNEWS224\" \/>\n<meta property=\"og:description\" content=\"\u00c0 l\u2019occasion du lancement officiel des activit\u00e9s du cadre de concertation inclusif le 15 avril\" \/>\n<meta property=\"og:url\" content=\"https:\/\/universnews224.com\/index.php\/alhoussein-makanera-sur-les-propos-du-colonel-de-normalement-cest-quon-attend-du-cnrd\/\" \/>\n<meta property=\"og:site_name\" content=\"UNIVERSNEWS224\" \/>\n<meta property=\"article:published_time\" content=\"2022-04-19T23:47:08+00:00\" \/>\n<meta property=\"article:modified_time\" content=\"2022-04-19T23:48:08+00:00\" \/>\n<meta property=\"og:image\" content=\"https:\/\/universnews224.com\/wp-content\/uploads\/2022\/04\/AC294DE4-4E7D-42AF-9C05-58FA887C9409.jpeg\" \/>\n\t<meta property=\"og:image:width\" content=\"788\" \/>\n\t<meta property=\"og:image:height\" content=\"511\" \/>\n\t<meta property=\"og:image:type\" content=\"image\/jpeg\" \/>\n<meta name=\"author\" content=\"La R\u00e9daction\" \/>\n<meta name=\"twitter:label1\" content=\"\u00c9crit par\" \/>\n\t<meta name=\"twitter:data1\" content=\"La R\u00e9daction\" \/>\n\t<meta name=\"twitter:label2\" content=\"Dur\u00e9e de lecture estim\u00e9e\" \/>\n\t<meta name=\"twitter:data2\" content=\"2 minutes\" \/>\n<script type=\"application\/ld+json\" class=\"yoast-schema-graph\">{\"@context\":\"https:\/\/schema.org\",\"@graph\":[{\"@type\":\"Article\",\"@id\":\"https:\/\/universnews224.com\/index.php\/alhoussein-makanera-sur-les-propos-du-colonel-de-normalement-cest-quon-attend-du-cnrd\/#article\",\"isPartOf\":{\"@id\":\"https:\/\/universnews224.com\/index.php\/alhoussein-makanera-sur-les-propos-du-colonel-de-normalement-cest-quon-attend-du-cnrd\/\"},\"author\":{\"name\":\"La R\u00e9daction\",\"@id\":\"https:\/\/universnews224.com\/#\/schema\/person\/a4b7d4f94a4716df60456a491260485e\"},\"headline\":\"Alhoussein Makan\u00e9ra sur les propos du colonel de : \u00abNormalement, c\u2019est qu\u2019on attend du CNRD\u00bb.\",\"datePublished\":\"2022-04-19T23:47:08+00:00\",\"dateModified\":\"2022-04-19T23:48:08+00:00\",\"mainEntityOfPage\":{\"@id\":\"https:\/\/universnews224.com\/index.php\/alhoussein-makanera-sur-les-propos-du-colonel-de-normalement-cest-quon-attend-du-cnrd\/\"},\"wordCount\":232,\"publisher\":{\"@id\":\"https:\/\/universnews224.com\/#organization\"},\"keywords\":[\"La une\"],\"articleSection\":[\"ACTU\",\"POLITIQUE\"],\"inLanguage\":\"fr-FR\"},{\"@type\":\"WebPage\",\"@id\":\"https:\/\/universnews224.com\/index.php\/alhoussein-makanera-sur-les-propos-du-colonel-de-normalement-cest-quon-attend-du-cnrd\/\",\"url\":\"https:\/\/universnews224.com\/index.php\/alhoussein-makanera-sur-les-propos-du-colonel-de-normalement-cest-quon-attend-du-cnrd\/\",\"name\":\"Alhoussein Makan\u00e9ra sur les propos du colonel de : \u00abNormalement, c\u2019est qu\u2019on attend du CNRD\u00bb. - UNIVERSNEWS224\",\"isPartOf\":{\"@id\":\"https:\/\/universnews224.com\/#website\"},\"datePublished\":\"2022-04-19T23:47:08+00:00\",\"dateModified\":\"2022-04-19T23:48:08+00:00\",\"inLanguage\":\"fr-FR\",\"potentialAction\":[{\"@type\":\"ReadAction\",\"target\":[\"https:\/\/universnews224.com\/index.php\/alhoussein-makanera-sur-les-propos-du-colonel-de-normalement-cest-quon-attend-du-cnrd\/\"]}]},{\"@type\":\"WebSite\",\"@id\":\"https:\/\/universnews224.com\/#website\",\"url\":\"https:\/\/universnews224.com\/\",\"name\":\"UNIVERSNEWS224\",\"description\":\"\",\"publisher\":{\"@id\":\"https:\/\/universnews224.com\/#organization\"},\"potentialAction\":[{\"@type\":\"SearchAction\",\"target\":{\"@type\":\"EntryPoint\",\"urlTemplate\":\"https:\/\/universnews224.com\/?s={search_term_string}\"},\"query-input\":\"required name=search_term_string\"}],\"inLanguage\":\"fr-FR\"},{\"@type\":\"Organization\",\"@id\":\"https:\/\/universnews224.com\/#organization\",\"name\":\"UNIVERSNEWS224\",\"url\":\"https:\/\/universnews224.com\/\",\"logo\":{\"@type\":\"ImageObject\",\"inLanguage\":\"fr-FR\",\"@id\":\"https:\/\/universnews224.com\/#\/schema\/logo\/image\/\",\"url\":\"https:\/\/universnews224.com\/wp-content\/uploads\/2022\/08\/cropped-cropped-logoban.jpg\",\"contentUrl\":\"https:\/\/universnews224.com\/wp-content\/uploads\/2022\/08\/cropped-cropped-logoban.jpg\",\"width\":1080,\"height\":138,\"caption\":\"UNIVERSNEWS224\"},\"image\":{\"@id\":\"https:\/\/universnews224.com\/#\/schema\/logo\/image\/\"}},{\"@type\":\"Person\",\"@id\":\"https:\/\/universnews224.com\/#\/schema\/person\/a4b7d4f94a4716df60456a491260485e\",\"name\":\"La R\u00e9daction\",\"image\":{\"@type\":\"ImageObject\",\"inLanguage\":\"fr-FR\",\"@id\":\"https:\/\/universnews224.com\/#\/schema\/person\/image\/\",\"url\":\"https:\/\/secure.gravatar.com\/avatar\/edb90acc7752b23e1b3307ad36c14f0d?s=96&d=mm&r=g\",\"contentUrl\":\"https:\/\/secure.gravatar.com\/avatar\/edb90acc7752b23e1b3307ad36c14f0d?s=96&d=mm&r=g\",\"caption\":\"La R\u00e9daction\"},\"sameAs\":[\"https:\/\/universnews224.com\"],\"url\":\"https:\/\/universnews224.com\/index.php\/author\/m-camara\/\"}]}<\/script>\n<!-- \/ Yoast SEO plugin. -->","yoast_head_json":{"title":"Alhoussein Makan\u00e9ra sur les propos du colonel de : \u00abNormalement, c\u2019est qu\u2019on attend du CNRD\u00bb. - UNIVERSNEWS224","robots":{"index":"index","follow":"follow","max-snippet":"max-snippet:-1","max-image-preview":"max-image-preview:large","max-video-preview":"max-video-preview:-1"},"canonical":"https:\/\/universnews224.com\/index.php\/alhoussein-makanera-sur-les-propos-du-colonel-de-normalement-cest-quon-attend-du-cnrd\/","og_locale":"fr_FR","og_type":"article","og_title":"Alhoussein Makan\u00e9ra sur les propos du colonel de : \u00abNormalement, c\u2019est qu\u2019on attend du CNRD\u00bb. - UNIVERSNEWS224","og_description":"\u00c0 l\u2019occasion du lancement officiel des activit\u00e9s du cadre de concertation inclusif le 15 avril","og_url":"https:\/\/universnews224.com\/index.php\/alhoussein-makanera-sur-les-propos-du-colonel-de-normalement-cest-quon-attend-du-cnrd\/","og_site_name":"UNIVERSNEWS224","article_published_time":"2022-04-19T23:47:08+00:00","article_modified_time":"2022-04-19T23:48:08+00:00","og_image":[{"width":788,"height":511,"url":"https:\/\/universnews224.com\/wp-content\/uploads\/2022\/04\/AC294DE4-4E7D-42AF-9C05-58FA887C9409.jpeg","type":"image\/jpeg"}],"author":"La R\u00e9daction","twitter_misc":{"\u00c9crit par":"La R\u00e9daction","Dur\u00e9e de lecture estim\u00e9e":"2 minutes"},"schema":{"@context":"https:\/\/schema.org","@graph":[{"@type":"Article","@id":"https:\/\/universnews224.com\/index.php\/alhoussein-makanera-sur-les-propos-du-colonel-de-normalement-cest-quon-attend-du-cnrd\/#article","isPartOf":{"@id":"https:\/\/universnews224.com\/index.php\/alhoussein-makanera-sur-les-propos-du-colonel-de-normalement-cest-quon-attend-du-cnrd\/"},"author":{"name":"La R\u00e9daction","@id":"https:\/\/universnews224.com\/#\/schema\/person\/a4b7d4f94a4716df60456a491260485e"},"headline":"Alhoussein Makan\u00e9ra sur les propos du colonel de : \u00abNormalement, c\u2019est qu\u2019on attend du CNRD\u00bb.","datePublished":"2022-04-19T23:47:08+00:00","dateModified":"2022-04-19T23:48:08+00:00","mainEntityOfPage":{"@id":"https:\/\/universnews224.com\/index.php\/alhoussein-makanera-sur-les-propos-du-colonel-de-normalement-cest-quon-attend-du-cnrd\/"},"wordCount":232,"publisher":{"@id":"https:\/\/universnews224.com\/#organization"},"keywords":["La une"],"articleSection":["ACTU","POLITIQUE"],"inLanguage":"fr-FR"},{"@type":"WebPage","@id":"https:\/\/universnews224.com\/index.php\/alhoussein-makanera-sur-les-propos-du-colonel-de-normalement-cest-quon-attend-du-cnrd\/","url":"https:\/\/universnews224.com\/index.php\/alhoussein-makanera-sur-les-propos-du-colonel-de-normalement-cest-quon-attend-du-cnrd\/","name":"Alhoussein Makan\u00e9ra sur les propos du colonel de : \u00abNormalement, c\u2019est qu\u2019on attend du CNRD\u00bb. - UNIVERSNEWS224","isPartOf":{"@id":"https:\/\/universnews224.com\/#website"},"datePublished":"2022-04-19T23:47:08+00:00","dateModified":"2022-04-19T23:48:08+00:00","inLanguage":"fr-FR","potentialAction":[{"@type":"ReadAction","target":["https:\/\/universnews224.com\/index.php\/alhoussein-makanera-sur-les-propos-du-colonel-de-normalement-cest-quon-attend-du-cnrd\/"]}]},{"@type":"WebSite","@id":"https:\/\/universnews224.com\/#website","url":"https:\/\/universnews224.com\/","name":"UNIVERSNEWS224","description":"","publisher":{"@id":"https:\/\/universnews224.com\/#organization"},"potentialAction":[{"@type":"SearchAction","target":{"@type":"EntryPoint","urlTemplate":"https:\/\/universnews224.com\/?s={search_term_string}"},"query-input":"required name=search_term_string"}],"inLanguage":"fr-FR"},{"@type":"Organization","@id":"https:\/\/universnews224.com\/#organization","name":"UNIVERSNEWS224","url":"https:\/\/universnews224.com\/","logo":{"@type":"ImageObject","inLanguage":"fr-FR","@id":"https:\/\/universnews224.com\/#\/schema\/logo\/image\/","url":"https:\/\/universnews224.com\/wp-content\/uploads\/2022\/08\/cropped-cropped-logoban.jpg","contentUrl":"https:\/\/universnews224.com\/wp-content\/uploads\/2022\/08\/cropped-cropped-logoban.jpg","width":1080,"height":138,"caption":"UNIVERSNEWS224"},"image":{"@id":"https:\/\/universnews224.com\/#\/schema\/logo\/image\/"}},{"@type":"Person","@id":"https:\/\/universnews224.com\/#\/schema\/person\/a4b7d4f94a4716df60456a491260485e","name":"La R\u00e9daction","image":{"@type":"ImageObject","inLanguage":"fr-FR","@id":"https:\/\/universnews224.com\/#\/schema\/person\/image\/","url":"https:\/\/secure.gravatar.com\/avatar\/edb90acc7752b23e1b3307ad36c14f0d?s=96&d=mm&r=g","contentUrl":"https:\/\/secure.gravatar.com\/avatar\/edb90acc7752b23e1b3307ad36c14f0d?s=96&d=mm&r=g","caption":"La R\u00e9daction"},"sameAs":["https:\/\/universnews224.com"],"url":"https:\/\/universnews224.com\/index.php\/author\/m-camara\/"}]}},"_links":{"self":[{"href":"https:\/\/universnews224.com\/index.php\/wp-json\/wp\/v2\/posts\/1228"}],"collection":[{"href":"https:\/\/universnews224.com\/index.php\/wp-json\/wp\/v2\/posts"}],"about":[{"href":"https:\/\/universnews224.com\/index.php\/wp-json\/wp\/v2\/types\/post"}],"author":[{"embeddable":true,"href":"https:\/\/universnews224.com\/index.php\/wp-json\/wp\/v2\/users\/2"}],"replies":[{"embeddable":true,"href":"https:\/\/universnews224.com\/index.php\/wp-json\/wp\/v2\/comments?post=1228"}],"version-history":[{"count":1,"href":"https:\/\/universnews224.com\/index.php\/wp-json\/wp\/v2\/posts\/1228\/revisions"}],"predecessor-version":[{"id":1230,"href":"https:\/\/universnews224.com\/index.php\/wp-json\/wp\/v2\/posts\/1228\/revisions\/1230"}],"wp:featuredmedia":[{"embeddable":true,"href":"https:\/\/universnews224.com\/index.php\/wp-json\/wp\/v2\/media\/1229"}],"wp:attachment":[{"href":"https:\/\/universnews224.com\/index.php\/wp-json\/wp\/v2\/media?parent=1228"}],"wp:term":[{"taxonomy":"category","embeddable":true,"href":"https:\/\/universnews224.com\/index.php\/wp-json\/wp\/v2\/categories?post=1228"},{"taxonomy":"post_tag","embeddable":true,"href":"https:\/\/universnews224.com\/index.php\/wp-json\/wp\/v2\/tags?post=1228"}],"curies":[{"name":"wp","href":"https:\/\/api.w.org\/{rel}","templated":true}]}}