{"id":1344,"date":"2022-05-07T19:19:24","date_gmt":"2022-05-07T18:19:24","guid":{"rendered":"https:\/\/universnews224.com\/?p=1344"},"modified":"2022-05-07T19:19:24","modified_gmt":"2022-05-07T18:19:24","slug":"seikou-yaya-barryufr-nous-voulons-une-cour-speciale-pour-la-repression-des-crimes-de-sang","status":"publish","type":"post","link":"https:\/\/universnews224.com\/index.php\/seikou-yaya-barryufr-nous-voulons-une-cour-speciale-pour-la-repression-des-crimes-de-sang\/","title":{"rendered":"Se\u00efkou Yaya Barry,UFR: \u201cNous voulons une cour sp\u00e9ciale pour la r\u00e9pression des crimes de sang\u00a0\u00bb."},"content":{"rendered":"<div dir=\"ltr\">La proc\u00e9dure judiciaire enclench\u00e9e par le procureur g\u00e9n\u00e9ral de pr\u00e8s de la cour d\u2019appel de Conakry contre l\u2019ex pr\u00e9sident de la R\u00e9publique, Alpha Cond\u00e9 et de 26 dignitaires de son r\u00e9gime s\u2019est invit\u00e9e \u00e0 l\u2019assembl\u00e9e g\u00e9n\u00e9rale hebdomadaire de parti de l\u2019Union des Forces R\u00e9publicaines UFR.<\/div>\n<div dir=\"ltr\"><\/div>\n<div dir=\"ltr\">\nS\u2019exprimant sur ce sujet devant les militants et sympathisants fortement mobilis\u00e9s \u00e0 cet effet, le secr\u00e9taire ex\u00e9cutif du parti dirig\u00e9 par Sydia Tour\u00e9 , Se\u00efkou Yaya Barry appr\u00e9cie cet acte pos\u00e9 par la justice Guin\u00e9enne et demande la cr\u00e9ation d\u2019une cour sp\u00e9ciale pour r\u00e9primer les crimes de sang \u00e0 l\u2019image de la CRIEF.<\/div>\n<div dir=\"ltr\"><\/div>\n<div dir=\"ltr\"><\/div>\n<div dir=\"ltr\">\u201c<em>Je vais parler maintenant de l\u2019acte du procureur g\u00e9n\u00e9ral pr\u00e8s de la cour d\u2019appel de Conakry qui a entam\u00e9 les proc\u00e9dures contre les crimes de sang. Nous appr\u00e9cions, mais ce n\u2019est pas comme \u00e7a que nous voulons. \u00a0Nous voulons une cour sp\u00e9ciale pour la r\u00e9pression des crimes de sang. Pourquoi? Le procureur g\u00e9n\u00e9ral a beaucoup \u00e0 faire. La derni\u00e8re fois, il \u00e9tait \u00e0 Tan\u00e8n\u00e8 parce que les population se sont lev\u00e9es contre un citoyen et l\u2019ont br\u00fbl\u00e9 vif. \u00c7a, ce n\u2019est pas li\u00e9 au crime sang commis pendant le changement de la constitution ou la volont\u00e9 d\u2019Alpha Cond\u00e9 de s\u2019\u00e9terniser au pouvoir. Il y a des voleurs de b\u00e9tail, il y a des violeurs \u00e0 l\u2019int\u00e9rieur du pays, nous avons appris tout r\u00e9cemment \u00e0 Siguiri, qu\u2019on a coup\u00e9 la t\u00eate de quelqu\u2019un. \u00c7a, c\u2019est ces genres de travail que le procureur pr\u00e8s de la cour peut d\u00e9j\u00e0 engager des proc\u00e9dures. Il y a beaucoup de choses \u00e0 faire, pour un pays qui fonctionne normalement, il a tellement de travail que ce dossier doit \u00eatre sp\u00e9cial. \u00a0Et on devrait confier \u00e0 une cour sp\u00e9ciale qui ne s\u2019occupera que de \u00e7a, comme on l\u2019a fait pour la cour contre la r\u00e9pression \u00e9conomique. Je souhaite que le CNRD m\u2019attende sinon on sera dans un four tout et on ne pourra s\u2019en sortir le plus rapidement que possible. Et si vous voulez des r\u00e9sultats, c\u2019est \u00e7a qu\u2019il faut aller. Nous l\u2019avons \u00e9crit dans nos diff\u00e9rentes d\u00e9clarations, je souhaiterais que je sois entendu<\/em>\u00a0\u00bb a t-il martel\u00e9.<\/div>\n<div dir=\"ltr\"><\/div>\n<div dir=\"ltr\">Mohamed Camara<\/div>\n<div dir=\"ltr\">611 46 04 10<\/div>\n","protected":false},"excerpt":{"rendered":"<p>La proc\u00e9dure judiciaire enclench\u00e9e par le procureur g\u00e9n\u00e9ral de pr\u00e8s de la cour d\u2019appel de<\/p>\n","protected":false},"author":2,"featured_media":1345,"comment_status":"closed","ping_status":"open","sticky":false,"template":"","format":"standard","meta":[],"categories":[3,4],"tags":[229],"yoast_head":"<!-- This site is optimized with the Yoast SEO plugin v19.13 - https:\/\/yoast.com\/wordpress\/plugins\/seo\/ -->\n<title>Se\u00efkou Yaya Barry,UFR: \u201cNous voulons une cour sp\u00e9ciale pour la r\u00e9pression des crimes de sang&quot;. - UNIVERSNEWS224<\/title>\n<meta name=\"robots\" content=\"index, follow, max-snippet:-1, max-image-preview:large, max-video-preview:-1\" \/>\n<link rel=\"canonical\" href=\"https:\/\/universnews224.com\/index.php\/seikou-yaya-barryufr-nous-voulons-une-cour-speciale-pour-la-repression-des-crimes-de-sang\/\" \/>\n<meta property=\"og:locale\" content=\"fr_FR\" \/>\n<meta property=\"og:type\" content=\"article\" \/>\n<meta property=\"og:title\" content=\"Se\u00efkou Yaya Barry,UFR: \u201cNous voulons une cour sp\u00e9ciale pour la r\u00e9pression des crimes de sang&quot;. - UNIVERSNEWS224\" \/>\n<meta property=\"og:description\" content=\"La proc\u00e9dure judiciaire enclench\u00e9e par le procureur g\u00e9n\u00e9ral de pr\u00e8s de la cour d\u2019appel de\" \/>\n<meta property=\"og:url\" content=\"https:\/\/universnews224.com\/index.php\/seikou-yaya-barryufr-nous-voulons-une-cour-speciale-pour-la-repression-des-crimes-de-sang\/\" \/>\n<meta property=\"og:site_name\" content=\"UNIVERSNEWS224\" \/>\n<meta property=\"article:published_time\" content=\"2022-05-07T18:19:24+00:00\" \/>\n<meta property=\"og:image\" content=\"https:\/\/universnews224.com\/wp-content\/uploads\/2022\/05\/26A58826-C071-4914-82FF-E23944695CAC-scaled.jpeg\" \/>\n\t<meta property=\"og:image:width\" content=\"2560\" \/>\n\t<meta property=\"og:image:height\" content=\"1920\" \/>\n\t<meta property=\"og:image:type\" content=\"image\/jpeg\" \/>\n<meta name=\"author\" content=\"La R\u00e9daction\" \/>\n<meta name=\"twitter:label1\" content=\"\u00c9crit par\" \/>\n\t<meta name=\"twitter:data1\" content=\"La R\u00e9daction\" \/>\n\t<meta name=\"twitter:label2\" content=\"Dur\u00e9e de lecture estim\u00e9e\" \/>\n\t<meta name=\"twitter:data2\" content=\"2 minutes\" \/>\n<script type=\"application\/ld+json\" class=\"yoast-schema-graph\">{\"@context\":\"https:\/\/schema.org\",\"@graph\":[{\"@type\":\"Article\",\"@id\":\"https:\/\/universnews224.com\/index.php\/seikou-yaya-barryufr-nous-voulons-une-cour-speciale-pour-la-repression-des-crimes-de-sang\/#article\",\"isPartOf\":{\"@id\":\"https:\/\/universnews224.com\/index.php\/seikou-yaya-barryufr-nous-voulons-une-cour-speciale-pour-la-repression-des-crimes-de-sang\/\"},\"author\":{\"name\":\"La R\u00e9daction\",\"@id\":\"https:\/\/universnews224.com\/#\/schema\/person\/a4b7d4f94a4716df60456a491260485e\"},\"headline\":\"Se\u00efkou Yaya Barry,UFR: \u201cNous voulons une cour sp\u00e9ciale pour la r\u00e9pression des crimes de sang\u00a0\u00bb.\",\"datePublished\":\"2022-05-07T18:19:24+00:00\",\"dateModified\":\"2022-05-07T18:19:24+00:00\",\"mainEntityOfPage\":{\"@id\":\"https:\/\/universnews224.com\/index.php\/seikou-yaya-barryufr-nous-voulons-une-cour-speciale-pour-la-repression-des-crimes-de-sang\/\"},\"wordCount\":433,\"publisher\":{\"@id\":\"https:\/\/universnews224.com\/#organization\"},\"keywords\":[\"La une\"],\"articleSection\":[\"ACTU\",\"POLITIQUE\"],\"inLanguage\":\"fr-FR\"},{\"@type\":\"WebPage\",\"@id\":\"https:\/\/universnews224.com\/index.php\/seikou-yaya-barryufr-nous-voulons-une-cour-speciale-pour-la-repression-des-crimes-de-sang\/\",\"url\":\"https:\/\/universnews224.com\/index.php\/seikou-yaya-barryufr-nous-voulons-une-cour-speciale-pour-la-repression-des-crimes-de-sang\/\",\"name\":\"Se\u00efkou Yaya Barry,UFR: \u201cNous voulons une cour sp\u00e9ciale pour la r\u00e9pression des crimes de sang\\\". - UNIVERSNEWS224\",\"isPartOf\":{\"@id\":\"https:\/\/universnews224.com\/#website\"},\"datePublished\":\"2022-05-07T18:19:24+00:00\",\"dateModified\":\"2022-05-07T18:19:24+00:00\",\"inLanguage\":\"fr-FR\",\"potentialAction\":[{\"@type\":\"ReadAction\",\"target\":[\"https:\/\/universnews224.com\/index.php\/seikou-yaya-barryufr-nous-voulons-une-cour-speciale-pour-la-repression-des-crimes-de-sang\/\"]}]},{\"@type\":\"WebSite\",\"@id\":\"https:\/\/universnews224.com\/#website\",\"url\":\"https:\/\/universnews224.com\/\",\"name\":\"UNIVERSNEWS224\",\"description\":\"\",\"publisher\":{\"@id\":\"https:\/\/universnews224.com\/#organization\"},\"potentialAction\":[{\"@type\":\"SearchAction\",\"target\":{\"@type\":\"EntryPoint\",\"urlTemplate\":\"https:\/\/universnews224.com\/?s={search_term_string}\"},\"query-input\":\"required name=search_term_string\"}],\"inLanguage\":\"fr-FR\"},{\"@type\":\"Organization\",\"@id\":\"https:\/\/universnews224.com\/#organization\",\"name\":\"UNIVERSNEWS224\",\"url\":\"https:\/\/universnews224.com\/\",\"logo\":{\"@type\":\"ImageObject\",\"inLanguage\":\"fr-FR\",\"@id\":\"https:\/\/universnews224.com\/#\/schema\/logo\/image\/\",\"url\":\"https:\/\/universnews224.com\/wp-content\/uploads\/2022\/08\/cropped-cropped-logoban.jpg\",\"contentUrl\":\"https:\/\/universnews224.com\/wp-content\/uploads\/2022\/08\/cropped-cropped-logoban.jpg\",\"width\":1080,\"height\":138,\"caption\":\"UNIVERSNEWS224\"},\"image\":{\"@id\":\"https:\/\/universnews224.com\/#\/schema\/logo\/image\/\"}},{\"@type\":\"Person\",\"@id\":\"https:\/\/universnews224.com\/#\/schema\/person\/a4b7d4f94a4716df60456a491260485e\",\"name\":\"La R\u00e9daction\",\"image\":{\"@type\":\"ImageObject\",\"inLanguage\":\"fr-FR\",\"@id\":\"https:\/\/universnews224.com\/#\/schema\/person\/image\/\",\"url\":\"https:\/\/secure.gravatar.com\/avatar\/edb90acc7752b23e1b3307ad36c14f0d?s=96&d=mm&r=g\",\"contentUrl\":\"https:\/\/secure.gravatar.com\/avatar\/edb90acc7752b23e1b3307ad36c14f0d?s=96&d=mm&r=g\",\"caption\":\"La R\u00e9daction\"},\"sameAs\":[\"https:\/\/universnews224.com\"],\"url\":\"https:\/\/universnews224.com\/index.php\/author\/m-camara\/\"}]}<\/script>\n<!-- \/ Yoast SEO plugin. -->","yoast_head_json":{"title":"Se\u00efkou Yaya Barry,UFR: \u201cNous voulons une cour sp\u00e9ciale pour la r\u00e9pression des crimes de sang\". - UNIVERSNEWS224","robots":{"index":"index","follow":"follow","max-snippet":"max-snippet:-1","max-image-preview":"max-image-preview:large","max-video-preview":"max-video-preview:-1"},"canonical":"https:\/\/universnews224.com\/index.php\/seikou-yaya-barryufr-nous-voulons-une-cour-speciale-pour-la-repression-des-crimes-de-sang\/","og_locale":"fr_FR","og_type":"article","og_title":"Se\u00efkou Yaya Barry,UFR: \u201cNous voulons une cour sp\u00e9ciale pour la r\u00e9pression des crimes de sang\". - UNIVERSNEWS224","og_description":"La proc\u00e9dure judiciaire enclench\u00e9e par le procureur g\u00e9n\u00e9ral de pr\u00e8s de la cour d\u2019appel de","og_url":"https:\/\/universnews224.com\/index.php\/seikou-yaya-barryufr-nous-voulons-une-cour-speciale-pour-la-repression-des-crimes-de-sang\/","og_site_name":"UNIVERSNEWS224","article_published_time":"2022-05-07T18:19:24+00:00","og_image":[{"width":2560,"height":1920,"url":"https:\/\/universnews224.com\/wp-content\/uploads\/2022\/05\/26A58826-C071-4914-82FF-E23944695CAC-scaled.jpeg","type":"image\/jpeg"}],"author":"La R\u00e9daction","twitter_misc":{"\u00c9crit par":"La R\u00e9daction","Dur\u00e9e de lecture estim\u00e9e":"2 minutes"},"schema":{"@context":"https:\/\/schema.org","@graph":[{"@type":"Article","@id":"https:\/\/universnews224.com\/index.php\/seikou-yaya-barryufr-nous-voulons-une-cour-speciale-pour-la-repression-des-crimes-de-sang\/#article","isPartOf":{"@id":"https:\/\/universnews224.com\/index.php\/seikou-yaya-barryufr-nous-voulons-une-cour-speciale-pour-la-repression-des-crimes-de-sang\/"},"author":{"name":"La R\u00e9daction","@id":"https:\/\/universnews224.com\/#\/schema\/person\/a4b7d4f94a4716df60456a491260485e"},"headline":"Se\u00efkou Yaya Barry,UFR: \u201cNous voulons une cour sp\u00e9ciale pour la r\u00e9pression des crimes de sang\u00a0\u00bb.","datePublished":"2022-05-07T18:19:24+00:00","dateModified":"2022-05-07T18:19:24+00:00","mainEntityOfPage":{"@id":"https:\/\/universnews224.com\/index.php\/seikou-yaya-barryufr-nous-voulons-une-cour-speciale-pour-la-repression-des-crimes-de-sang\/"},"wordCount":433,"publisher":{"@id":"https:\/\/universnews224.com\/#organization"},"keywords":["La une"],"articleSection":["ACTU","POLITIQUE"],"inLanguage":"fr-FR"},{"@type":"WebPage","@id":"https:\/\/universnews224.com\/index.php\/seikou-yaya-barryufr-nous-voulons-une-cour-speciale-pour-la-repression-des-crimes-de-sang\/","url":"https:\/\/universnews224.com\/index.php\/seikou-yaya-barryufr-nous-voulons-une-cour-speciale-pour-la-repression-des-crimes-de-sang\/","name":"Se\u00efkou Yaya Barry,UFR: \u201cNous voulons une cour sp\u00e9ciale pour la r\u00e9pression des crimes de sang\". - UNIVERSNEWS224","isPartOf":{"@id":"https:\/\/universnews224.com\/#website"},"datePublished":"2022-05-07T18:19:24+00:00","dateModified":"2022-05-07T18:19:24+00:00","inLanguage":"fr-FR","potentialAction":[{"@type":"ReadAction","target":["https:\/\/universnews224.com\/index.php\/seikou-yaya-barryufr-nous-voulons-une-cour-speciale-pour-la-repression-des-crimes-de-sang\/"]}]},{"@type":"WebSite","@id":"https:\/\/universnews224.com\/#website","url":"https:\/\/universnews224.com\/","name":"UNIVERSNEWS224","description":"","publisher":{"@id":"https:\/\/universnews224.com\/#organization"},"potentialAction":[{"@type":"SearchAction","target":{"@type":"EntryPoint","urlTemplate":"https:\/\/universnews224.com\/?s={search_term_string}"},"query-input":"required name=search_term_string"}],"inLanguage":"fr-FR"},{"@type":"Organization","@id":"https:\/\/universnews224.com\/#organization","name":"UNIVERSNEWS224","url":"https:\/\/universnews224.com\/","logo":{"@type":"ImageObject","inLanguage":"fr-FR","@id":"https:\/\/universnews224.com\/#\/schema\/logo\/image\/","url":"https:\/\/universnews224.com\/wp-content\/uploads\/2022\/08\/cropped-cropped-logoban.jpg","contentUrl":"https:\/\/universnews224.com\/wp-content\/uploads\/2022\/08\/cropped-cropped-logoban.jpg","width":1080,"height":138,"caption":"UNIVERSNEWS224"},"image":{"@id":"https:\/\/universnews224.com\/#\/schema\/logo\/image\/"}},{"@type":"Person","@id":"https:\/\/universnews224.com\/#\/schema\/person\/a4b7d4f94a4716df60456a491260485e","name":"La R\u00e9daction","image":{"@type":"ImageObject","inLanguage":"fr-FR","@id":"https:\/\/universnews224.com\/#\/schema\/person\/image\/","url":"https:\/\/secure.gravatar.com\/avatar\/edb90acc7752b23e1b3307ad36c14f0d?s=96&d=mm&r=g","contentUrl":"https:\/\/secure.gravatar.com\/avatar\/edb90acc7752b23e1b3307ad36c14f0d?s=96&d=mm&r=g","caption":"La R\u00e9daction"},"sameAs":["https:\/\/universnews224.com"],"url":"https:\/\/universnews224.com\/index.php\/author\/m-camara\/"}]}},"_links":{"self":[{"href":"https:\/\/universnews224.com\/index.php\/wp-json\/wp\/v2\/posts\/1344"}],"collection":[{"href":"https:\/\/universnews224.com\/index.php\/wp-json\/wp\/v2\/posts"}],"about":[{"href":"https:\/\/universnews224.com\/index.php\/wp-json\/wp\/v2\/types\/post"}],"author":[{"embeddable":true,"href":"https:\/\/universnews224.com\/index.php\/wp-json\/wp\/v2\/users\/2"}],"replies":[{"embeddable":true,"href":"https:\/\/universnews224.com\/index.php\/wp-json\/wp\/v2\/comments?post=1344"}],"version-history":[{"count":1,"href":"https:\/\/universnews224.com\/index.php\/wp-json\/wp\/v2\/posts\/1344\/revisions"}],"predecessor-version":[{"id":1346,"href":"https:\/\/universnews224.com\/index.php\/wp-json\/wp\/v2\/posts\/1344\/revisions\/1346"}],"wp:featuredmedia":[{"embeddable":true,"href":"https:\/\/universnews224.com\/index.php\/wp-json\/wp\/v2\/media\/1345"}],"wp:attachment":[{"href":"https:\/\/universnews224.com\/index.php\/wp-json\/wp\/v2\/media?parent=1344"}],"wp:term":[{"taxonomy":"category","embeddable":true,"href":"https:\/\/universnews224.com\/index.php\/wp-json\/wp\/v2\/categories?post=1344"},{"taxonomy":"post_tag","embeddable":true,"href":"https:\/\/universnews224.com\/index.php\/wp-json\/wp\/v2\/tags?post=1344"}],"curies":[{"name":"wp","href":"https:\/\/api.w.org\/{rel}","templated":true}]}}