{"id":1347,"date":"2022-05-09T21:42:41","date_gmt":"2022-05-09T20:42:41","guid":{"rendered":"https:\/\/universnews224.com\/?p=1347"},"modified":"2022-05-09T21:42:41","modified_gmt":"2022-05-09T20:42:41","slug":"poursuites-judiciaires-contre-alpha-conde-et-vie-japprecie-bien-louverture-des-enquetes-contre-tous-ceux-qui-ont-gere-par-le-passe-la-chose-publique-jean-marc-telliano","status":"publish","type":"post","link":"https:\/\/universnews224.com\/index.php\/poursuites-judiciaires-contre-alpha-conde-et-vie-japprecie-bien-louverture-des-enquetes-contre-tous-ceux-qui-ont-gere-par-le-passe-la-chose-publique-jean-marc-telliano\/","title":{"rendered":"Poursuites judiciaires contre Alpha Cond\u00e9 et vie:\u201c J\u2019appr\u00e9cie bien l\u2019ouverture des enqu\u00eates contre tous ceux qui ont g\u00e9r\u00e9 par le pass\u00e9 la chose publique,\u00a0\u00bb Jean Marc Telliano."},"content":{"rendered":"<p><strong>Le pr\u00e9sident de UDIG, Jean Marc Telliano s\u2019est prononc\u00e9 ce lundi, 9 mai 2022 sur les poursuites judiciaires enclench\u00e9es par le procureur g\u00e9n\u00e9ral pr\u00e8s de la cour d\u2019appel de Conakry, Alphonse Charles Wright contre l\u2019ex pr\u00e9sident de la R\u00e9publique, Alpha Cond\u00e9 et 26 personnalit\u00e9s de son r\u00e9gime.<\/strong><\/p>\n<p>Jean Marc Telliano qui s\u2019exprimait chez nos confr\u00e8res de Djoma m\u00e9dias dans l\u2019\u00e9mission \u00abOn refait le monde\u00bb a appr\u00e9ci\u00e9 \u00e0 sa juste valeur cet acte pos\u00e9 par la justice Guin\u00e9enne avant de demander la r\u00e9activation de la haute cour de justice pour juger les anciens dignitaires.<\/p>\n<p>\u201c<em>J\u2019appr\u00e9cie bien l\u2019ouverture des enqu\u00eates contre tous ceux qui ont g\u00e9r\u00e9 par le pass\u00e9 la chose publique. Mais, vous avez, vous vous souviendrez qu\u2019\u00e0 la prise du pouvoir de la junte le 5 septembre 2022, toutes les lois nationales et supranationales ont \u00e9t\u00e9 prorog\u00e9es. Par cons\u00e9quent, seule la haute cour de justice qui a la pr\u00e9rogatives de juger le pr\u00e9sident de la R\u00e9publique et les dignitaires du r\u00e9gime. Et aujourd\u2019hui, vous le savez au m\u00eame titre que moi que cette haute cour de justice n\u2019existe pas<\/em>\u00ab\u00a0a d\u00e9clar\u00e9 cet ancien d\u00e9put\u00e9 avant de rench\u00e9rir:<\/p>\n<p>\u201c<em>La CIERF n\u2019a pas qualit\u00e9. Prenez l\u2019article 81 jusqu\u2019au dernier la CIERF n\u2019a pas qualit\u00e9. Ce qui pouvait se passer, on devrait cr\u00e9er une chambre au niveau de la cour supr\u00eame pour au moins jouer le r\u00f4le de la haute cour. Moi, je ne suis pas un citoyen ordinaire, je suis un ancien ministre et un ancien d\u00e9put\u00e9, donc, ce n\u2019est pas des tribunaux ordinaires qui pourrons me juger. Moi, je dis tout ancien ministre, tout ancien d\u00e9put\u00e9, tout ancien pr\u00e9sident de la R\u00e9publique ne peut pas \u00eatre jug\u00e9 devant les tribunaux ordinaires, si nous voulons vraiment respecter la loi comme l\u2019a dit le CNRD\u00a0\u00bb<\/em> a t-il martel\u00e9.<\/p>\n<p>Mohamed Camara<\/p>\n<p>611 46 04 10<\/p>\n","protected":false},"excerpt":{"rendered":"<p>Le pr\u00e9sident de UDIG, Jean Marc Telliano s\u2019est prononc\u00e9 ce lundi, 9 mai 2022 sur<\/p>\n","protected":false},"author":2,"featured_media":1348,"comment_status":"closed","ping_status":"open","sticky":false,"template":"","format":"standard","meta":[],"categories":[3,4],"tags":[229],"yoast_head":"<!-- This site is optimized with the Yoast SEO plugin v19.13 - https:\/\/yoast.com\/wordpress\/plugins\/seo\/ -->\n<title>Poursuites judiciaires contre Alpha Cond\u00e9 et vie:\u201c J\u2019appr\u00e9cie bien l\u2019ouverture des enqu\u00eates contre tous ceux qui ont g\u00e9r\u00e9 par le pass\u00e9 la chose publique,&quot; Jean Marc Telliano. - UNIVERSNEWS224<\/title>\n<meta name=\"robots\" content=\"index, follow, max-snippet:-1, max-image-preview:large, max-video-preview:-1\" \/>\n<link rel=\"canonical\" href=\"https:\/\/universnews224.com\/index.php\/poursuites-judiciaires-contre-alpha-conde-et-vie-japprecie-bien-louverture-des-enquetes-contre-tous-ceux-qui-ont-gere-par-le-passe-la-chose-publique-jean-marc-telliano\/\" \/>\n<meta property=\"og:locale\" content=\"fr_FR\" \/>\n<meta property=\"og:type\" content=\"article\" \/>\n<meta property=\"og:title\" content=\"Poursuites judiciaires contre Alpha Cond\u00e9 et vie:\u201c J\u2019appr\u00e9cie bien l\u2019ouverture des enqu\u00eates contre tous ceux qui ont g\u00e9r\u00e9 par le pass\u00e9 la chose publique,&quot; Jean Marc Telliano. - UNIVERSNEWS224\" \/>\n<meta property=\"og:description\" content=\"Le pr\u00e9sident de UDIG, Jean Marc Telliano s\u2019est prononc\u00e9 ce lundi, 9 mai 2022 sur\" \/>\n<meta property=\"og:url\" content=\"https:\/\/universnews224.com\/index.php\/poursuites-judiciaires-contre-alpha-conde-et-vie-japprecie-bien-louverture-des-enquetes-contre-tous-ceux-qui-ont-gere-par-le-passe-la-chose-publique-jean-marc-telliano\/\" \/>\n<meta property=\"og:site_name\" content=\"UNIVERSNEWS224\" \/>\n<meta property=\"article:published_time\" content=\"2022-05-09T20:42:41+00:00\" \/>\n<meta property=\"og:image\" content=\"https:\/\/universnews224.com\/wp-content\/uploads\/2022\/05\/1E0993B5-0499-43DC-9CE6-8B7889BE392D.jpeg\" \/>\n\t<meta property=\"og:image:width\" content=\"682\" \/>\n\t<meta property=\"og:image:height\" content=\"1024\" \/>\n\t<meta property=\"og:image:type\" content=\"image\/jpeg\" \/>\n<meta name=\"author\" content=\"La R\u00e9daction\" \/>\n<meta name=\"twitter:label1\" content=\"\u00c9crit par\" \/>\n\t<meta name=\"twitter:data1\" content=\"La R\u00e9daction\" \/>\n\t<meta name=\"twitter:label2\" content=\"Dur\u00e9e de lecture estim\u00e9e\" \/>\n\t<meta name=\"twitter:data2\" content=\"2 minutes\" \/>\n<script type=\"application\/ld+json\" class=\"yoast-schema-graph\">{\"@context\":\"https:\/\/schema.org\",\"@graph\":[{\"@type\":\"Article\",\"@id\":\"https:\/\/universnews224.com\/index.php\/poursuites-judiciaires-contre-alpha-conde-et-vie-japprecie-bien-louverture-des-enquetes-contre-tous-ceux-qui-ont-gere-par-le-passe-la-chose-publique-jean-marc-telliano\/#article\",\"isPartOf\":{\"@id\":\"https:\/\/universnews224.com\/index.php\/poursuites-judiciaires-contre-alpha-conde-et-vie-japprecie-bien-louverture-des-enquetes-contre-tous-ceux-qui-ont-gere-par-le-passe-la-chose-publique-jean-marc-telliano\/\"},\"author\":{\"name\":\"La R\u00e9daction\",\"@id\":\"https:\/\/universnews224.com\/#\/schema\/person\/a4b7d4f94a4716df60456a491260485e\"},\"headline\":\"Poursuites judiciaires contre Alpha Cond\u00e9 et vie:\u201c J\u2019appr\u00e9cie bien l\u2019ouverture des enqu\u00eates contre tous ceux qui ont g\u00e9r\u00e9 par le pass\u00e9 la chose publique,\u00a0\u00bb Jean Marc Telliano.\",\"datePublished\":\"2022-05-09T20:42:41+00:00\",\"dateModified\":\"2022-05-09T20:42:41+00:00\",\"mainEntityOfPage\":{\"@id\":\"https:\/\/universnews224.com\/index.php\/poursuites-judiciaires-contre-alpha-conde-et-vie-japprecie-bien-louverture-des-enquetes-contre-tous-ceux-qui-ont-gere-par-le-passe-la-chose-publique-jean-marc-telliano\/\"},\"wordCount\":371,\"publisher\":{\"@id\":\"https:\/\/universnews224.com\/#organization\"},\"keywords\":[\"La une\"],\"articleSection\":[\"ACTU\",\"POLITIQUE\"],\"inLanguage\":\"fr-FR\"},{\"@type\":\"WebPage\",\"@id\":\"https:\/\/universnews224.com\/index.php\/poursuites-judiciaires-contre-alpha-conde-et-vie-japprecie-bien-louverture-des-enquetes-contre-tous-ceux-qui-ont-gere-par-le-passe-la-chose-publique-jean-marc-telliano\/\",\"url\":\"https:\/\/universnews224.com\/index.php\/poursuites-judiciaires-contre-alpha-conde-et-vie-japprecie-bien-louverture-des-enquetes-contre-tous-ceux-qui-ont-gere-par-le-passe-la-chose-publique-jean-marc-telliano\/\",\"name\":\"Poursuites judiciaires contre Alpha Cond\u00e9 et vie:\u201c J\u2019appr\u00e9cie bien l\u2019ouverture des enqu\u00eates contre tous ceux qui ont g\u00e9r\u00e9 par le pass\u00e9 la chose publique,\\\" Jean Marc Telliano. - UNIVERSNEWS224\",\"isPartOf\":{\"@id\":\"https:\/\/universnews224.com\/#website\"},\"datePublished\":\"2022-05-09T20:42:41+00:00\",\"dateModified\":\"2022-05-09T20:42:41+00:00\",\"inLanguage\":\"fr-FR\",\"potentialAction\":[{\"@type\":\"ReadAction\",\"target\":[\"https:\/\/universnews224.com\/index.php\/poursuites-judiciaires-contre-alpha-conde-et-vie-japprecie-bien-louverture-des-enquetes-contre-tous-ceux-qui-ont-gere-par-le-passe-la-chose-publique-jean-marc-telliano\/\"]}]},{\"@type\":\"WebSite\",\"@id\":\"https:\/\/universnews224.com\/#website\",\"url\":\"https:\/\/universnews224.com\/\",\"name\":\"UNIVERSNEWS224\",\"description\":\"\",\"publisher\":{\"@id\":\"https:\/\/universnews224.com\/#organization\"},\"potentialAction\":[{\"@type\":\"SearchAction\",\"target\":{\"@type\":\"EntryPoint\",\"urlTemplate\":\"https:\/\/universnews224.com\/?s={search_term_string}\"},\"query-input\":\"required name=search_term_string\"}],\"inLanguage\":\"fr-FR\"},{\"@type\":\"Organization\",\"@id\":\"https:\/\/universnews224.com\/#organization\",\"name\":\"UNIVERSNEWS224\",\"url\":\"https:\/\/universnews224.com\/\",\"logo\":{\"@type\":\"ImageObject\",\"inLanguage\":\"fr-FR\",\"@id\":\"https:\/\/universnews224.com\/#\/schema\/logo\/image\/\",\"url\":\"https:\/\/universnews224.com\/wp-content\/uploads\/2022\/08\/cropped-cropped-logoban.jpg\",\"contentUrl\":\"https:\/\/universnews224.com\/wp-content\/uploads\/2022\/08\/cropped-cropped-logoban.jpg\",\"width\":1080,\"height\":138,\"caption\":\"UNIVERSNEWS224\"},\"image\":{\"@id\":\"https:\/\/universnews224.com\/#\/schema\/logo\/image\/\"}},{\"@type\":\"Person\",\"@id\":\"https:\/\/universnews224.com\/#\/schema\/person\/a4b7d4f94a4716df60456a491260485e\",\"name\":\"La R\u00e9daction\",\"image\":{\"@type\":\"ImageObject\",\"inLanguage\":\"fr-FR\",\"@id\":\"https:\/\/universnews224.com\/#\/schema\/person\/image\/\",\"url\":\"https:\/\/secure.gravatar.com\/avatar\/edb90acc7752b23e1b3307ad36c14f0d?s=96&d=mm&r=g\",\"contentUrl\":\"https:\/\/secure.gravatar.com\/avatar\/edb90acc7752b23e1b3307ad36c14f0d?s=96&d=mm&r=g\",\"caption\":\"La R\u00e9daction\"},\"sameAs\":[\"https:\/\/universnews224.com\"],\"url\":\"https:\/\/universnews224.com\/index.php\/author\/m-camara\/\"}]}<\/script>\n<!-- \/ Yoast SEO plugin. -->","yoast_head_json":{"title":"Poursuites judiciaires contre Alpha Cond\u00e9 et vie:\u201c J\u2019appr\u00e9cie bien l\u2019ouverture des enqu\u00eates contre tous ceux qui ont g\u00e9r\u00e9 par le pass\u00e9 la chose publique,\" Jean Marc Telliano. - UNIVERSNEWS224","robots":{"index":"index","follow":"follow","max-snippet":"max-snippet:-1","max-image-preview":"max-image-preview:large","max-video-preview":"max-video-preview:-1"},"canonical":"https:\/\/universnews224.com\/index.php\/poursuites-judiciaires-contre-alpha-conde-et-vie-japprecie-bien-louverture-des-enquetes-contre-tous-ceux-qui-ont-gere-par-le-passe-la-chose-publique-jean-marc-telliano\/","og_locale":"fr_FR","og_type":"article","og_title":"Poursuites judiciaires contre Alpha Cond\u00e9 et vie:\u201c J\u2019appr\u00e9cie bien l\u2019ouverture des enqu\u00eates contre tous ceux qui ont g\u00e9r\u00e9 par le pass\u00e9 la chose publique,\" Jean Marc Telliano. - UNIVERSNEWS224","og_description":"Le pr\u00e9sident de UDIG, Jean Marc Telliano s\u2019est prononc\u00e9 ce lundi, 9 mai 2022 sur","og_url":"https:\/\/universnews224.com\/index.php\/poursuites-judiciaires-contre-alpha-conde-et-vie-japprecie-bien-louverture-des-enquetes-contre-tous-ceux-qui-ont-gere-par-le-passe-la-chose-publique-jean-marc-telliano\/","og_site_name":"UNIVERSNEWS224","article_published_time":"2022-05-09T20:42:41+00:00","og_image":[{"width":682,"height":1024,"url":"https:\/\/universnews224.com\/wp-content\/uploads\/2022\/05\/1E0993B5-0499-43DC-9CE6-8B7889BE392D.jpeg","type":"image\/jpeg"}],"author":"La R\u00e9daction","twitter_misc":{"\u00c9crit par":"La R\u00e9daction","Dur\u00e9e de lecture estim\u00e9e":"2 minutes"},"schema":{"@context":"https:\/\/schema.org","@graph":[{"@type":"Article","@id":"https:\/\/universnews224.com\/index.php\/poursuites-judiciaires-contre-alpha-conde-et-vie-japprecie-bien-louverture-des-enquetes-contre-tous-ceux-qui-ont-gere-par-le-passe-la-chose-publique-jean-marc-telliano\/#article","isPartOf":{"@id":"https:\/\/universnews224.com\/index.php\/poursuites-judiciaires-contre-alpha-conde-et-vie-japprecie-bien-louverture-des-enquetes-contre-tous-ceux-qui-ont-gere-par-le-passe-la-chose-publique-jean-marc-telliano\/"},"author":{"name":"La R\u00e9daction","@id":"https:\/\/universnews224.com\/#\/schema\/person\/a4b7d4f94a4716df60456a491260485e"},"headline":"Poursuites judiciaires contre Alpha Cond\u00e9 et vie:\u201c J\u2019appr\u00e9cie bien l\u2019ouverture des enqu\u00eates contre tous ceux qui ont g\u00e9r\u00e9 par le pass\u00e9 la chose publique,\u00a0\u00bb Jean Marc Telliano.","datePublished":"2022-05-09T20:42:41+00:00","dateModified":"2022-05-09T20:42:41+00:00","mainEntityOfPage":{"@id":"https:\/\/universnews224.com\/index.php\/poursuites-judiciaires-contre-alpha-conde-et-vie-japprecie-bien-louverture-des-enquetes-contre-tous-ceux-qui-ont-gere-par-le-passe-la-chose-publique-jean-marc-telliano\/"},"wordCount":371,"publisher":{"@id":"https:\/\/universnews224.com\/#organization"},"keywords":["La une"],"articleSection":["ACTU","POLITIQUE"],"inLanguage":"fr-FR"},{"@type":"WebPage","@id":"https:\/\/universnews224.com\/index.php\/poursuites-judiciaires-contre-alpha-conde-et-vie-japprecie-bien-louverture-des-enquetes-contre-tous-ceux-qui-ont-gere-par-le-passe-la-chose-publique-jean-marc-telliano\/","url":"https:\/\/universnews224.com\/index.php\/poursuites-judiciaires-contre-alpha-conde-et-vie-japprecie-bien-louverture-des-enquetes-contre-tous-ceux-qui-ont-gere-par-le-passe-la-chose-publique-jean-marc-telliano\/","name":"Poursuites judiciaires contre Alpha Cond\u00e9 et vie:\u201c J\u2019appr\u00e9cie bien l\u2019ouverture des enqu\u00eates contre tous ceux qui ont g\u00e9r\u00e9 par le pass\u00e9 la chose publique,\" Jean Marc Telliano. - UNIVERSNEWS224","isPartOf":{"@id":"https:\/\/universnews224.com\/#website"},"datePublished":"2022-05-09T20:42:41+00:00","dateModified":"2022-05-09T20:42:41+00:00","inLanguage":"fr-FR","potentialAction":[{"@type":"ReadAction","target":["https:\/\/universnews224.com\/index.php\/poursuites-judiciaires-contre-alpha-conde-et-vie-japprecie-bien-louverture-des-enquetes-contre-tous-ceux-qui-ont-gere-par-le-passe-la-chose-publique-jean-marc-telliano\/"]}]},{"@type":"WebSite","@id":"https:\/\/universnews224.com\/#website","url":"https:\/\/universnews224.com\/","name":"UNIVERSNEWS224","description":"","publisher":{"@id":"https:\/\/universnews224.com\/#organization"},"potentialAction":[{"@type":"SearchAction","target":{"@type":"EntryPoint","urlTemplate":"https:\/\/universnews224.com\/?s={search_term_string}"},"query-input":"required name=search_term_string"}],"inLanguage":"fr-FR"},{"@type":"Organization","@id":"https:\/\/universnews224.com\/#organization","name":"UNIVERSNEWS224","url":"https:\/\/universnews224.com\/","logo":{"@type":"ImageObject","inLanguage":"fr-FR","@id":"https:\/\/universnews224.com\/#\/schema\/logo\/image\/","url":"https:\/\/universnews224.com\/wp-content\/uploads\/2022\/08\/cropped-cropped-logoban.jpg","contentUrl":"https:\/\/universnews224.com\/wp-content\/uploads\/2022\/08\/cropped-cropped-logoban.jpg","width":1080,"height":138,"caption":"UNIVERSNEWS224"},"image":{"@id":"https:\/\/universnews224.com\/#\/schema\/logo\/image\/"}},{"@type":"Person","@id":"https:\/\/universnews224.com\/#\/schema\/person\/a4b7d4f94a4716df60456a491260485e","name":"La R\u00e9daction","image":{"@type":"ImageObject","inLanguage":"fr-FR","@id":"https:\/\/universnews224.com\/#\/schema\/person\/image\/","url":"https:\/\/secure.gravatar.com\/avatar\/edb90acc7752b23e1b3307ad36c14f0d?s=96&d=mm&r=g","contentUrl":"https:\/\/secure.gravatar.com\/avatar\/edb90acc7752b23e1b3307ad36c14f0d?s=96&d=mm&r=g","caption":"La R\u00e9daction"},"sameAs":["https:\/\/universnews224.com"],"url":"https:\/\/universnews224.com\/index.php\/author\/m-camara\/"}]}},"_links":{"self":[{"href":"https:\/\/universnews224.com\/index.php\/wp-json\/wp\/v2\/posts\/1347"}],"collection":[{"href":"https:\/\/universnews224.com\/index.php\/wp-json\/wp\/v2\/posts"}],"about":[{"href":"https:\/\/universnews224.com\/index.php\/wp-json\/wp\/v2\/types\/post"}],"author":[{"embeddable":true,"href":"https:\/\/universnews224.com\/index.php\/wp-json\/wp\/v2\/users\/2"}],"replies":[{"embeddable":true,"href":"https:\/\/universnews224.com\/index.php\/wp-json\/wp\/v2\/comments?post=1347"}],"version-history":[{"count":1,"href":"https:\/\/universnews224.com\/index.php\/wp-json\/wp\/v2\/posts\/1347\/revisions"}],"predecessor-version":[{"id":1349,"href":"https:\/\/universnews224.com\/index.php\/wp-json\/wp\/v2\/posts\/1347\/revisions\/1349"}],"wp:featuredmedia":[{"embeddable":true,"href":"https:\/\/universnews224.com\/index.php\/wp-json\/wp\/v2\/media\/1348"}],"wp:attachment":[{"href":"https:\/\/universnews224.com\/index.php\/wp-json\/wp\/v2\/media?parent=1347"}],"wp:term":[{"taxonomy":"category","embeddable":true,"href":"https:\/\/universnews224.com\/index.php\/wp-json\/wp\/v2\/categories?post=1347"},{"taxonomy":"post_tag","embeddable":true,"href":"https:\/\/universnews224.com\/index.php\/wp-json\/wp\/v2\/tags?post=1347"}],"curies":[{"name":"wp","href":"https:\/\/api.w.org\/{rel}","templated":true}]}}