{"id":1364,"date":"2022-05-13T00:20:50","date_gmt":"2022-05-12T23:20:50","guid":{"rendered":"https:\/\/universnews224.com\/?p=1364"},"modified":"2022-05-13T00:20:50","modified_gmt":"2022-05-12T23:20:50","slug":"lieutenant-colonel-aminata-diallo-nommee-directrice-generale-de-la-caisse-nationale-de-prevoyance-sociale","status":"publish","type":"post","link":"https:\/\/universnews224.com\/index.php\/lieutenant-colonel-aminata-diallo-nommee-directrice-generale-de-la-caisse-nationale-de-prevoyance-sociale\/","title":{"rendered":"Lieutenant-colonel Aminata Diallo nomm\u00e9e Directrice g\u00e9n\u00e9rale de la caisse nationale de pr\u00e9voyance sociale."},"content":{"rendered":"<div dir=\"ltr\"><\/div>\n<div dir=\"ltr\">Dans un d\u00e9cret lu dans la soir\u00e9e de ce jeudi, 12 mai 2022 sur la t\u00e9l\u00e9vision nationale, le pr\u00e9sident de transition, le colonel Mamadi Doumbouya a nomm\u00e9 lieutenant-colonel, Aminata Diallo \u00a0jusqu\u2019au l\u00e0\u00a0directrice adjointe des pensions militaires et des anciens combattants au poste de Directrice g\u00e9n\u00e9rale de la caisse nationale de pr\u00e9voyance sociale.<\/p>\n<div>\n<div>Elle remplace ainsi \u00e0 ce poste, Dr Fod\u00e9 Ciss\u00e9, limog\u00e9 pour des faits pr\u00e9sum\u00e9s de d\u00e9tournement de deniers publics, de faux et usage de faux en \u00e9criture publique et complicit\u00e9 pendant par devant la Cour de R\u00e9pression des Infractions \u00c9conomiques et Financi\u00e8res (CRIEF).<\/div>\n<\/div>\n<div><\/div>\n<div>Mohamed Camara<\/div>\n<\/div>\n","protected":false},"excerpt":{"rendered":"<p>Dans un d\u00e9cret lu dans la soir\u00e9e de ce jeudi, 12 mai 2022 sur la<\/p>\n","protected":false},"author":2,"featured_media":0,"comment_status":"closed","ping_status":"open","sticky":false,"template":"","format":"standard","meta":[],"categories":[3,4],"tags":[],"yoast_head":"<!-- This site is optimized with the Yoast SEO plugin v19.13 - https:\/\/yoast.com\/wordpress\/plugins\/seo\/ -->\n<title>Lieutenant-colonel Aminata Diallo nomm\u00e9e Directrice g\u00e9n\u00e9rale de la caisse nationale de pr\u00e9voyance sociale. - UNIVERSNEWS224<\/title>\n<meta name=\"robots\" content=\"index, follow, max-snippet:-1, max-image-preview:large, max-video-preview:-1\" \/>\n<link rel=\"canonical\" href=\"https:\/\/universnews224.com\/index.php\/lieutenant-colonel-aminata-diallo-nommee-directrice-generale-de-la-caisse-nationale-de-prevoyance-sociale\/\" \/>\n<meta property=\"og:locale\" content=\"fr_FR\" \/>\n<meta property=\"og:type\" content=\"article\" \/>\n<meta property=\"og:title\" content=\"Lieutenant-colonel Aminata Diallo nomm\u00e9e Directrice g\u00e9n\u00e9rale de la caisse nationale de pr\u00e9voyance sociale. - UNIVERSNEWS224\" \/>\n<meta property=\"og:description\" content=\"Dans un d\u00e9cret lu dans la soir\u00e9e de ce jeudi, 12 mai 2022 sur la\" \/>\n<meta property=\"og:url\" content=\"https:\/\/universnews224.com\/index.php\/lieutenant-colonel-aminata-diallo-nommee-directrice-generale-de-la-caisse-nationale-de-prevoyance-sociale\/\" \/>\n<meta property=\"og:site_name\" content=\"UNIVERSNEWS224\" \/>\n<meta property=\"article:published_time\" content=\"2022-05-12T23:20:50+00:00\" \/>\n<meta name=\"author\" content=\"La R\u00e9daction\" \/>\n<meta name=\"twitter:label1\" content=\"\u00c9crit par\" \/>\n\t<meta name=\"twitter:data1\" content=\"La R\u00e9daction\" \/>\n\t<meta name=\"twitter:label2\" content=\"Dur\u00e9e de lecture estim\u00e9e\" \/>\n\t<meta name=\"twitter:data2\" content=\"1 minute\" \/>\n<script type=\"application\/ld+json\" class=\"yoast-schema-graph\">{\"@context\":\"https:\/\/schema.org\",\"@graph\":[{\"@type\":\"Article\",\"@id\":\"https:\/\/universnews224.com\/index.php\/lieutenant-colonel-aminata-diallo-nommee-directrice-generale-de-la-caisse-nationale-de-prevoyance-sociale\/#article\",\"isPartOf\":{\"@id\":\"https:\/\/universnews224.com\/index.php\/lieutenant-colonel-aminata-diallo-nommee-directrice-generale-de-la-caisse-nationale-de-prevoyance-sociale\/\"},\"author\":{\"name\":\"La R\u00e9daction\",\"@id\":\"https:\/\/universnews224.com\/#\/schema\/person\/a4b7d4f94a4716df60456a491260485e\"},\"headline\":\"Lieutenant-colonel Aminata Diallo nomm\u00e9e Directrice g\u00e9n\u00e9rale de la caisse nationale de pr\u00e9voyance sociale.\",\"datePublished\":\"2022-05-12T23:20:50+00:00\",\"dateModified\":\"2022-05-12T23:20:50+00:00\",\"mainEntityOfPage\":{\"@id\":\"https:\/\/universnews224.com\/index.php\/lieutenant-colonel-aminata-diallo-nommee-directrice-generale-de-la-caisse-nationale-de-prevoyance-sociale\/\"},\"wordCount\":126,\"publisher\":{\"@id\":\"https:\/\/universnews224.com\/#organization\"},\"articleSection\":[\"ACTU\",\"POLITIQUE\"],\"inLanguage\":\"fr-FR\"},{\"@type\":\"WebPage\",\"@id\":\"https:\/\/universnews224.com\/index.php\/lieutenant-colonel-aminata-diallo-nommee-directrice-generale-de-la-caisse-nationale-de-prevoyance-sociale\/\",\"url\":\"https:\/\/universnews224.com\/index.php\/lieutenant-colonel-aminata-diallo-nommee-directrice-generale-de-la-caisse-nationale-de-prevoyance-sociale\/\",\"name\":\"Lieutenant-colonel Aminata Diallo nomm\u00e9e Directrice g\u00e9n\u00e9rale de la caisse nationale de pr\u00e9voyance sociale. - UNIVERSNEWS224\",\"isPartOf\":{\"@id\":\"https:\/\/universnews224.com\/#website\"},\"datePublished\":\"2022-05-12T23:20:50+00:00\",\"dateModified\":\"2022-05-12T23:20:50+00:00\",\"inLanguage\":\"fr-FR\",\"potentialAction\":[{\"@type\":\"ReadAction\",\"target\":[\"https:\/\/universnews224.com\/index.php\/lieutenant-colonel-aminata-diallo-nommee-directrice-generale-de-la-caisse-nationale-de-prevoyance-sociale\/\"]}]},{\"@type\":\"WebSite\",\"@id\":\"https:\/\/universnews224.com\/#website\",\"url\":\"https:\/\/universnews224.com\/\",\"name\":\"UNIVERSNEWS224\",\"description\":\"\",\"publisher\":{\"@id\":\"https:\/\/universnews224.com\/#organization\"},\"potentialAction\":[{\"@type\":\"SearchAction\",\"target\":{\"@type\":\"EntryPoint\",\"urlTemplate\":\"https:\/\/universnews224.com\/?s={search_term_string}\"},\"query-input\":\"required name=search_term_string\"}],\"inLanguage\":\"fr-FR\"},{\"@type\":\"Organization\",\"@id\":\"https:\/\/universnews224.com\/#organization\",\"name\":\"UNIVERSNEWS224\",\"url\":\"https:\/\/universnews224.com\/\",\"logo\":{\"@type\":\"ImageObject\",\"inLanguage\":\"fr-FR\",\"@id\":\"https:\/\/universnews224.com\/#\/schema\/logo\/image\/\",\"url\":\"https:\/\/universnews224.com\/wp-content\/uploads\/2022\/08\/cropped-cropped-logoban.jpg\",\"contentUrl\":\"https:\/\/universnews224.com\/wp-content\/uploads\/2022\/08\/cropped-cropped-logoban.jpg\",\"width\":1080,\"height\":138,\"caption\":\"UNIVERSNEWS224\"},\"image\":{\"@id\":\"https:\/\/universnews224.com\/#\/schema\/logo\/image\/\"}},{\"@type\":\"Person\",\"@id\":\"https:\/\/universnews224.com\/#\/schema\/person\/a4b7d4f94a4716df60456a491260485e\",\"name\":\"La R\u00e9daction\",\"image\":{\"@type\":\"ImageObject\",\"inLanguage\":\"fr-FR\",\"@id\":\"https:\/\/universnews224.com\/#\/schema\/person\/image\/\",\"url\":\"https:\/\/secure.gravatar.com\/avatar\/edb90acc7752b23e1b3307ad36c14f0d?s=96&d=mm&r=g\",\"contentUrl\":\"https:\/\/secure.gravatar.com\/avatar\/edb90acc7752b23e1b3307ad36c14f0d?s=96&d=mm&r=g\",\"caption\":\"La R\u00e9daction\"},\"sameAs\":[\"https:\/\/universnews224.com\"],\"url\":\"https:\/\/universnews224.com\/index.php\/author\/m-camara\/\"}]}<\/script>\n<!-- \/ Yoast SEO plugin. -->","yoast_head_json":{"title":"Lieutenant-colonel Aminata Diallo nomm\u00e9e Directrice g\u00e9n\u00e9rale de la caisse nationale de pr\u00e9voyance sociale. - UNIVERSNEWS224","robots":{"index":"index","follow":"follow","max-snippet":"max-snippet:-1","max-image-preview":"max-image-preview:large","max-video-preview":"max-video-preview:-1"},"canonical":"https:\/\/universnews224.com\/index.php\/lieutenant-colonel-aminata-diallo-nommee-directrice-generale-de-la-caisse-nationale-de-prevoyance-sociale\/","og_locale":"fr_FR","og_type":"article","og_title":"Lieutenant-colonel Aminata Diallo nomm\u00e9e Directrice g\u00e9n\u00e9rale de la caisse nationale de pr\u00e9voyance sociale. - UNIVERSNEWS224","og_description":"Dans un d\u00e9cret lu dans la soir\u00e9e de ce jeudi, 12 mai 2022 sur la","og_url":"https:\/\/universnews224.com\/index.php\/lieutenant-colonel-aminata-diallo-nommee-directrice-generale-de-la-caisse-nationale-de-prevoyance-sociale\/","og_site_name":"UNIVERSNEWS224","article_published_time":"2022-05-12T23:20:50+00:00","author":"La R\u00e9daction","twitter_misc":{"\u00c9crit par":"La R\u00e9daction","Dur\u00e9e de lecture estim\u00e9e":"1 minute"},"schema":{"@context":"https:\/\/schema.org","@graph":[{"@type":"Article","@id":"https:\/\/universnews224.com\/index.php\/lieutenant-colonel-aminata-diallo-nommee-directrice-generale-de-la-caisse-nationale-de-prevoyance-sociale\/#article","isPartOf":{"@id":"https:\/\/universnews224.com\/index.php\/lieutenant-colonel-aminata-diallo-nommee-directrice-generale-de-la-caisse-nationale-de-prevoyance-sociale\/"},"author":{"name":"La R\u00e9daction","@id":"https:\/\/universnews224.com\/#\/schema\/person\/a4b7d4f94a4716df60456a491260485e"},"headline":"Lieutenant-colonel Aminata Diallo nomm\u00e9e Directrice g\u00e9n\u00e9rale de la caisse nationale de pr\u00e9voyance sociale.","datePublished":"2022-05-12T23:20:50+00:00","dateModified":"2022-05-12T23:20:50+00:00","mainEntityOfPage":{"@id":"https:\/\/universnews224.com\/index.php\/lieutenant-colonel-aminata-diallo-nommee-directrice-generale-de-la-caisse-nationale-de-prevoyance-sociale\/"},"wordCount":126,"publisher":{"@id":"https:\/\/universnews224.com\/#organization"},"articleSection":["ACTU","POLITIQUE"],"inLanguage":"fr-FR"},{"@type":"WebPage","@id":"https:\/\/universnews224.com\/index.php\/lieutenant-colonel-aminata-diallo-nommee-directrice-generale-de-la-caisse-nationale-de-prevoyance-sociale\/","url":"https:\/\/universnews224.com\/index.php\/lieutenant-colonel-aminata-diallo-nommee-directrice-generale-de-la-caisse-nationale-de-prevoyance-sociale\/","name":"Lieutenant-colonel Aminata Diallo nomm\u00e9e Directrice g\u00e9n\u00e9rale de la caisse nationale de pr\u00e9voyance sociale. - UNIVERSNEWS224","isPartOf":{"@id":"https:\/\/universnews224.com\/#website"},"datePublished":"2022-05-12T23:20:50+00:00","dateModified":"2022-05-12T23:20:50+00:00","inLanguage":"fr-FR","potentialAction":[{"@type":"ReadAction","target":["https:\/\/universnews224.com\/index.php\/lieutenant-colonel-aminata-diallo-nommee-directrice-generale-de-la-caisse-nationale-de-prevoyance-sociale\/"]}]},{"@type":"WebSite","@id":"https:\/\/universnews224.com\/#website","url":"https:\/\/universnews224.com\/","name":"UNIVERSNEWS224","description":"","publisher":{"@id":"https:\/\/universnews224.com\/#organization"},"potentialAction":[{"@type":"SearchAction","target":{"@type":"EntryPoint","urlTemplate":"https:\/\/universnews224.com\/?s={search_term_string}"},"query-input":"required name=search_term_string"}],"inLanguage":"fr-FR"},{"@type":"Organization","@id":"https:\/\/universnews224.com\/#organization","name":"UNIVERSNEWS224","url":"https:\/\/universnews224.com\/","logo":{"@type":"ImageObject","inLanguage":"fr-FR","@id":"https:\/\/universnews224.com\/#\/schema\/logo\/image\/","url":"https:\/\/universnews224.com\/wp-content\/uploads\/2022\/08\/cropped-cropped-logoban.jpg","contentUrl":"https:\/\/universnews224.com\/wp-content\/uploads\/2022\/08\/cropped-cropped-logoban.jpg","width":1080,"height":138,"caption":"UNIVERSNEWS224"},"image":{"@id":"https:\/\/universnews224.com\/#\/schema\/logo\/image\/"}},{"@type":"Person","@id":"https:\/\/universnews224.com\/#\/schema\/person\/a4b7d4f94a4716df60456a491260485e","name":"La R\u00e9daction","image":{"@type":"ImageObject","inLanguage":"fr-FR","@id":"https:\/\/universnews224.com\/#\/schema\/person\/image\/","url":"https:\/\/secure.gravatar.com\/avatar\/edb90acc7752b23e1b3307ad36c14f0d?s=96&d=mm&r=g","contentUrl":"https:\/\/secure.gravatar.com\/avatar\/edb90acc7752b23e1b3307ad36c14f0d?s=96&d=mm&r=g","caption":"La R\u00e9daction"},"sameAs":["https:\/\/universnews224.com"],"url":"https:\/\/universnews224.com\/index.php\/author\/m-camara\/"}]}},"_links":{"self":[{"href":"https:\/\/universnews224.com\/index.php\/wp-json\/wp\/v2\/posts\/1364"}],"collection":[{"href":"https:\/\/universnews224.com\/index.php\/wp-json\/wp\/v2\/posts"}],"about":[{"href":"https:\/\/universnews224.com\/index.php\/wp-json\/wp\/v2\/types\/post"}],"author":[{"embeddable":true,"href":"https:\/\/universnews224.com\/index.php\/wp-json\/wp\/v2\/users\/2"}],"replies":[{"embeddable":true,"href":"https:\/\/universnews224.com\/index.php\/wp-json\/wp\/v2\/comments?post=1364"}],"version-history":[{"count":1,"href":"https:\/\/universnews224.com\/index.php\/wp-json\/wp\/v2\/posts\/1364\/revisions"}],"predecessor-version":[{"id":1366,"href":"https:\/\/universnews224.com\/index.php\/wp-json\/wp\/v2\/posts\/1364\/revisions\/1366"}],"wp:attachment":[{"href":"https:\/\/universnews224.com\/index.php\/wp-json\/wp\/v2\/media?parent=1364"}],"wp:term":[{"taxonomy":"category","embeddable":true,"href":"https:\/\/universnews224.com\/index.php\/wp-json\/wp\/v2\/categories?post=1364"},{"taxonomy":"post_tag","embeddable":true,"href":"https:\/\/universnews224.com\/index.php\/wp-json\/wp\/v2\/tags?post=1364"}],"curies":[{"name":"wp","href":"https:\/\/api.w.org\/{rel}","templated":true}]}}