{"id":1367,"date":"2022-05-13T00:39:30","date_gmt":"2022-05-12T23:39:30","guid":{"rendered":"https:\/\/universnews224.com\/?p=1367"},"modified":"2022-05-13T00:39:30","modified_gmt":"2022-05-12T23:39:30","slug":"cour-des-comptes-le-nouveau-president-prend-fonction","status":"publish","type":"post","link":"https:\/\/universnews224.com\/index.php\/cour-des-comptes-le-nouveau-president-prend-fonction\/","title":{"rendered":"Cour des comptes: le nouveau pr\u00e9sident prend fonction."},"content":{"rendered":"<p>Apr\u00e8s quatre jours de leurs prestations de serment S\u00e2a Joseph Kadouno et Mamadou Saliou Diallo respectivement nouveau premier pr\u00e9sident de la cour des comptes et nouveau commissaire g\u00e9n\u00e9ral rentrant du gouvernement pr\u00e8s de la dite cour ont \u00e9t\u00e9 install\u00e9s dans leurs fonctions ce jeudi 12 mai 2022 dans les locaux de la dite institution. Cette c\u00e9r\u00e9monie pr\u00e9sid\u00e9e par le ministre des droits de l\u2019homme des gardes de sceaux Dr Moriba Alain Kon\u00e9.<\/p>\n<p>Ces promus auront donc la lourde responsabilit\u00e9 de coordonner ce processus qui concours \u00e0 mettre fin \u00e0 toute tentative irr\u00e9guli\u00e8re li\u00e9e aux finances publiques notamment mais aussi et surtout \u00e0 cultiver les valeurs qui incarnent cette juridiction.<br \/>\nMesurant les attentes du gouvernement et du peuple de Guin\u00e9e relatif \u00e0 la production des r\u00e9sultats concrets sur le terrain en mati\u00e8re de la pr\u00e9servation des biens publics, le premier pr\u00e9sident de la cour des comptes, S\u00e2a Joseph Kadouno a mentionn\u00e9 dans son discours en ces termes :\u00a0\u00bbDans le respect de normes et des textes de proc\u00e9dure en vigueur, Il faut que les r\u00e9sultats soient mis \u00e0 la connaissance du public sur la base des \u00e9l\u00e9ments probants et appropri\u00e9s. La cour en tant pleinement remplir ses fonctions son r\u00f4le dans la moralisation de la gestion des finances publiques pour la promotion de la bonne gouvernance par la lutte contre la corruption et le d\u00e9tournement du dernier public\u00a0\u00bb, a pr\u00e9cis\u00e9 S\u00e2a Joseph Kadouno<br \/>\nEn outre, le num\u00e9ro Un de la cour des comptes a rappel\u00e9 \u00e0 son personnel qu\u2019 \u00ab\u00a0en vertu des dispositions de l\u2019article 90 du r\u00e8glement g\u00e9n\u00e9ral de la comptabilit\u00e9 publique,un comptable public est estreint \u00e0 la prestation de serment devant la cour des comptes et des institutions des garanties. Aucun comptable public ne peut rentrer en fonction si il n\u2019a pas justifi\u00e9 de l\u2019accomplissement de ces deux obligations, soutien le Premier Pr\u00e9sident de la cour des comptes.<\/p>\n<p>C\u2019est dans cet ordre d\u2019id\u00e9es qu\u2019il a mis en exergue aux comptables qui s\u2019exposent \u00e0 des poursuites sur leurs gestions. \u00ab\u00a0La r\u00e9alit\u00e9 est que plusieurs comptables publics sont rentr\u00e9s en fonction sans se conformer \u00e0 ces prescriptions. C\u2019est le lieu de rappeler en faisant des dits comptables s\u2019exposent \u00e0 des poursuites de gestions de faites. C\u2019est pour quoi j\u2019ai mis tous les comptables publics \u00e0 se mettre en conformit\u00e9 vis \u00e0 vis de leurs obligations et r\u00e9glementaires, a rappel\u00e9 S\u00e2a Joseph Kadouno.<\/p>\n<p>Envergure<\/p>\n","protected":false},"excerpt":{"rendered":"<p>Apr\u00e8s quatre jours de leurs prestations de serment S\u00e2a Joseph Kadouno et Mamadou Saliou Diallo<\/p>\n","protected":false},"author":2,"featured_media":1369,"comment_status":"closed","ping_status":"open","sticky":false,"template":"","format":"standard","meta":[],"categories":[3],"tags":[229],"yoast_head":"<!-- This site is optimized with the Yoast SEO plugin v19.13 - https:\/\/yoast.com\/wordpress\/plugins\/seo\/ -->\n<title>Cour des comptes: le nouveau pr\u00e9sident prend fonction. - UNIVERSNEWS224<\/title>\n<meta name=\"robots\" content=\"index, follow, max-snippet:-1, max-image-preview:large, max-video-preview:-1\" \/>\n<link rel=\"canonical\" href=\"https:\/\/universnews224.com\/index.php\/cour-des-comptes-le-nouveau-president-prend-fonction\/\" \/>\n<meta property=\"og:locale\" content=\"fr_FR\" \/>\n<meta property=\"og:type\" content=\"article\" \/>\n<meta property=\"og:title\" content=\"Cour des comptes: le nouveau pr\u00e9sident prend fonction. - UNIVERSNEWS224\" \/>\n<meta property=\"og:description\" content=\"Apr\u00e8s quatre jours de leurs prestations de serment S\u00e2a Joseph Kadouno et Mamadou Saliou Diallo\" \/>\n<meta property=\"og:url\" content=\"https:\/\/universnews224.com\/index.php\/cour-des-comptes-le-nouveau-president-prend-fonction\/\" \/>\n<meta property=\"og:site_name\" content=\"UNIVERSNEWS224\" \/>\n<meta property=\"article:published_time\" content=\"2022-05-12T23:39:30+00:00\" \/>\n<meta property=\"og:image\" content=\"https:\/\/universnews224.com\/wp-content\/uploads\/2022\/05\/E91907AE-3697-4735-9840-926A2D88D57F-scaled.jpeg\" \/>\n\t<meta property=\"og:image:width\" content=\"2560\" \/>\n\t<meta property=\"og:image:height\" content=\"1920\" \/>\n\t<meta property=\"og:image:type\" content=\"image\/jpeg\" \/>\n<meta name=\"author\" content=\"La R\u00e9daction\" \/>\n<meta name=\"twitter:label1\" content=\"\u00c9crit par\" \/>\n\t<meta name=\"twitter:data1\" content=\"La R\u00e9daction\" \/>\n\t<meta name=\"twitter:label2\" content=\"Dur\u00e9e de lecture estim\u00e9e\" \/>\n\t<meta name=\"twitter:data2\" content=\"3 minutes\" \/>\n<script type=\"application\/ld+json\" class=\"yoast-schema-graph\">{\"@context\":\"https:\/\/schema.org\",\"@graph\":[{\"@type\":\"Article\",\"@id\":\"https:\/\/universnews224.com\/index.php\/cour-des-comptes-le-nouveau-president-prend-fonction\/#article\",\"isPartOf\":{\"@id\":\"https:\/\/universnews224.com\/index.php\/cour-des-comptes-le-nouveau-president-prend-fonction\/\"},\"author\":{\"name\":\"La R\u00e9daction\",\"@id\":\"https:\/\/universnews224.com\/#\/schema\/person\/a4b7d4f94a4716df60456a491260485e\"},\"headline\":\"Cour des comptes: le nouveau pr\u00e9sident prend fonction.\",\"datePublished\":\"2022-05-12T23:39:30+00:00\",\"dateModified\":\"2022-05-12T23:39:30+00:00\",\"mainEntityOfPage\":{\"@id\":\"https:\/\/universnews224.com\/index.php\/cour-des-comptes-le-nouveau-president-prend-fonction\/\"},\"wordCount\":436,\"publisher\":{\"@id\":\"https:\/\/universnews224.com\/#organization\"},\"keywords\":[\"La une\"],\"articleSection\":[\"ACTU\"],\"inLanguage\":\"fr-FR\"},{\"@type\":\"WebPage\",\"@id\":\"https:\/\/universnews224.com\/index.php\/cour-des-comptes-le-nouveau-president-prend-fonction\/\",\"url\":\"https:\/\/universnews224.com\/index.php\/cour-des-comptes-le-nouveau-president-prend-fonction\/\",\"name\":\"Cour des comptes: le nouveau pr\u00e9sident prend fonction. - UNIVERSNEWS224\",\"isPartOf\":{\"@id\":\"https:\/\/universnews224.com\/#website\"},\"datePublished\":\"2022-05-12T23:39:30+00:00\",\"dateModified\":\"2022-05-12T23:39:30+00:00\",\"inLanguage\":\"fr-FR\",\"potentialAction\":[{\"@type\":\"ReadAction\",\"target\":[\"https:\/\/universnews224.com\/index.php\/cour-des-comptes-le-nouveau-president-prend-fonction\/\"]}]},{\"@type\":\"WebSite\",\"@id\":\"https:\/\/universnews224.com\/#website\",\"url\":\"https:\/\/universnews224.com\/\",\"name\":\"UNIVERSNEWS224\",\"description\":\"\",\"publisher\":{\"@id\":\"https:\/\/universnews224.com\/#organization\"},\"potentialAction\":[{\"@type\":\"SearchAction\",\"target\":{\"@type\":\"EntryPoint\",\"urlTemplate\":\"https:\/\/universnews224.com\/?s={search_term_string}\"},\"query-input\":\"required name=search_term_string\"}],\"inLanguage\":\"fr-FR\"},{\"@type\":\"Organization\",\"@id\":\"https:\/\/universnews224.com\/#organization\",\"name\":\"UNIVERSNEWS224\",\"url\":\"https:\/\/universnews224.com\/\",\"logo\":{\"@type\":\"ImageObject\",\"inLanguage\":\"fr-FR\",\"@id\":\"https:\/\/universnews224.com\/#\/schema\/logo\/image\/\",\"url\":\"https:\/\/universnews224.com\/wp-content\/uploads\/2022\/08\/cropped-cropped-logoban.jpg\",\"contentUrl\":\"https:\/\/universnews224.com\/wp-content\/uploads\/2022\/08\/cropped-cropped-logoban.jpg\",\"width\":1080,\"height\":138,\"caption\":\"UNIVERSNEWS224\"},\"image\":{\"@id\":\"https:\/\/universnews224.com\/#\/schema\/logo\/image\/\"}},{\"@type\":\"Person\",\"@id\":\"https:\/\/universnews224.com\/#\/schema\/person\/a4b7d4f94a4716df60456a491260485e\",\"name\":\"La R\u00e9daction\",\"image\":{\"@type\":\"ImageObject\",\"inLanguage\":\"fr-FR\",\"@id\":\"https:\/\/universnews224.com\/#\/schema\/person\/image\/\",\"url\":\"https:\/\/secure.gravatar.com\/avatar\/edb90acc7752b23e1b3307ad36c14f0d?s=96&d=mm&r=g\",\"contentUrl\":\"https:\/\/secure.gravatar.com\/avatar\/edb90acc7752b23e1b3307ad36c14f0d?s=96&d=mm&r=g\",\"caption\":\"La R\u00e9daction\"},\"sameAs\":[\"https:\/\/universnews224.com\"],\"url\":\"https:\/\/universnews224.com\/index.php\/author\/m-camara\/\"}]}<\/script>\n<!-- \/ Yoast SEO plugin. -->","yoast_head_json":{"title":"Cour des comptes: le nouveau pr\u00e9sident prend fonction. - UNIVERSNEWS224","robots":{"index":"index","follow":"follow","max-snippet":"max-snippet:-1","max-image-preview":"max-image-preview:large","max-video-preview":"max-video-preview:-1"},"canonical":"https:\/\/universnews224.com\/index.php\/cour-des-comptes-le-nouveau-president-prend-fonction\/","og_locale":"fr_FR","og_type":"article","og_title":"Cour des comptes: le nouveau pr\u00e9sident prend fonction. - UNIVERSNEWS224","og_description":"Apr\u00e8s quatre jours de leurs prestations de serment S\u00e2a Joseph Kadouno et Mamadou Saliou Diallo","og_url":"https:\/\/universnews224.com\/index.php\/cour-des-comptes-le-nouveau-president-prend-fonction\/","og_site_name":"UNIVERSNEWS224","article_published_time":"2022-05-12T23:39:30+00:00","og_image":[{"width":2560,"height":1920,"url":"https:\/\/universnews224.com\/wp-content\/uploads\/2022\/05\/E91907AE-3697-4735-9840-926A2D88D57F-scaled.jpeg","type":"image\/jpeg"}],"author":"La R\u00e9daction","twitter_misc":{"\u00c9crit par":"La R\u00e9daction","Dur\u00e9e de lecture estim\u00e9e":"3 minutes"},"schema":{"@context":"https:\/\/schema.org","@graph":[{"@type":"Article","@id":"https:\/\/universnews224.com\/index.php\/cour-des-comptes-le-nouveau-president-prend-fonction\/#article","isPartOf":{"@id":"https:\/\/universnews224.com\/index.php\/cour-des-comptes-le-nouveau-president-prend-fonction\/"},"author":{"name":"La R\u00e9daction","@id":"https:\/\/universnews224.com\/#\/schema\/person\/a4b7d4f94a4716df60456a491260485e"},"headline":"Cour des comptes: le nouveau pr\u00e9sident prend fonction.","datePublished":"2022-05-12T23:39:30+00:00","dateModified":"2022-05-12T23:39:30+00:00","mainEntityOfPage":{"@id":"https:\/\/universnews224.com\/index.php\/cour-des-comptes-le-nouveau-president-prend-fonction\/"},"wordCount":436,"publisher":{"@id":"https:\/\/universnews224.com\/#organization"},"keywords":["La une"],"articleSection":["ACTU"],"inLanguage":"fr-FR"},{"@type":"WebPage","@id":"https:\/\/universnews224.com\/index.php\/cour-des-comptes-le-nouveau-president-prend-fonction\/","url":"https:\/\/universnews224.com\/index.php\/cour-des-comptes-le-nouveau-president-prend-fonction\/","name":"Cour des comptes: le nouveau pr\u00e9sident prend fonction. - UNIVERSNEWS224","isPartOf":{"@id":"https:\/\/universnews224.com\/#website"},"datePublished":"2022-05-12T23:39:30+00:00","dateModified":"2022-05-12T23:39:30+00:00","inLanguage":"fr-FR","potentialAction":[{"@type":"ReadAction","target":["https:\/\/universnews224.com\/index.php\/cour-des-comptes-le-nouveau-president-prend-fonction\/"]}]},{"@type":"WebSite","@id":"https:\/\/universnews224.com\/#website","url":"https:\/\/universnews224.com\/","name":"UNIVERSNEWS224","description":"","publisher":{"@id":"https:\/\/universnews224.com\/#organization"},"potentialAction":[{"@type":"SearchAction","target":{"@type":"EntryPoint","urlTemplate":"https:\/\/universnews224.com\/?s={search_term_string}"},"query-input":"required name=search_term_string"}],"inLanguage":"fr-FR"},{"@type":"Organization","@id":"https:\/\/universnews224.com\/#organization","name":"UNIVERSNEWS224","url":"https:\/\/universnews224.com\/","logo":{"@type":"ImageObject","inLanguage":"fr-FR","@id":"https:\/\/universnews224.com\/#\/schema\/logo\/image\/","url":"https:\/\/universnews224.com\/wp-content\/uploads\/2022\/08\/cropped-cropped-logoban.jpg","contentUrl":"https:\/\/universnews224.com\/wp-content\/uploads\/2022\/08\/cropped-cropped-logoban.jpg","width":1080,"height":138,"caption":"UNIVERSNEWS224"},"image":{"@id":"https:\/\/universnews224.com\/#\/schema\/logo\/image\/"}},{"@type":"Person","@id":"https:\/\/universnews224.com\/#\/schema\/person\/a4b7d4f94a4716df60456a491260485e","name":"La R\u00e9daction","image":{"@type":"ImageObject","inLanguage":"fr-FR","@id":"https:\/\/universnews224.com\/#\/schema\/person\/image\/","url":"https:\/\/secure.gravatar.com\/avatar\/edb90acc7752b23e1b3307ad36c14f0d?s=96&d=mm&r=g","contentUrl":"https:\/\/secure.gravatar.com\/avatar\/edb90acc7752b23e1b3307ad36c14f0d?s=96&d=mm&r=g","caption":"La R\u00e9daction"},"sameAs":["https:\/\/universnews224.com"],"url":"https:\/\/universnews224.com\/index.php\/author\/m-camara\/"}]}},"_links":{"self":[{"href":"https:\/\/universnews224.com\/index.php\/wp-json\/wp\/v2\/posts\/1367"}],"collection":[{"href":"https:\/\/universnews224.com\/index.php\/wp-json\/wp\/v2\/posts"}],"about":[{"href":"https:\/\/universnews224.com\/index.php\/wp-json\/wp\/v2\/types\/post"}],"author":[{"embeddable":true,"href":"https:\/\/universnews224.com\/index.php\/wp-json\/wp\/v2\/users\/2"}],"replies":[{"embeddable":true,"href":"https:\/\/universnews224.com\/index.php\/wp-json\/wp\/v2\/comments?post=1367"}],"version-history":[{"count":1,"href":"https:\/\/universnews224.com\/index.php\/wp-json\/wp\/v2\/posts\/1367\/revisions"}],"predecessor-version":[{"id":1370,"href":"https:\/\/universnews224.com\/index.php\/wp-json\/wp\/v2\/posts\/1367\/revisions\/1370"}],"wp:featuredmedia":[{"embeddable":true,"href":"https:\/\/universnews224.com\/index.php\/wp-json\/wp\/v2\/media\/1369"}],"wp:attachment":[{"href":"https:\/\/universnews224.com\/index.php\/wp-json\/wp\/v2\/media?parent=1367"}],"wp:term":[{"taxonomy":"category","embeddable":true,"href":"https:\/\/universnews224.com\/index.php\/wp-json\/wp\/v2\/categories?post=1367"},{"taxonomy":"post_tag","embeddable":true,"href":"https:\/\/universnews224.com\/index.php\/wp-json\/wp\/v2\/tags?post=1367"}],"curies":[{"name":"wp","href":"https:\/\/api.w.org\/{rel}","templated":true}]}}