{"id":1383,"date":"2022-05-14T17:31:04","date_gmt":"2022-05-14T16:31:04","guid":{"rendered":"https:\/\/universnews224.com\/?p=1383"},"modified":"2022-05-14T17:31:04","modified_gmt":"2022-05-14T16:31:04","slug":"interdiction-des-manifs-cest-une-illustration-de-la-violation-des-textes-qui-nous-regissent-boubacar-barry-ufr","status":"publish","type":"post","link":"https:\/\/universnews224.com\/index.php\/interdiction-des-manifs-cest-une-illustration-de-la-violation-des-textes-qui-nous-regissent-boubacar-barry-ufr\/","title":{"rendered":"Interdiction des manifs : \u201cC\u2019est une illustration de la violation des textes qui nous r\u00e9gissent\u00a0\u00bb Boubacar Barry UFR."},"content":{"rendered":"<p><strong>Au cours de son assembl\u00e9e g\u00e9n\u00e9rale hebdomadaire tenue ce samedi, 14 mai 2022 \u00e0 si\u00e8ge sis \u00e0 Matam, le parti dirig\u00e9 par l\u2019ancien premier ministre, Sydia Tour\u00e9 a r\u00e9agi au communiqu\u00e9 que le CNRD s\u2019est fendu hier, interdisant toute manifestation de rue sur toute l\u2019\u00e9tendue du territoire national. Et ce, jusqu\u2019\u00e0 la p\u00e9riode des campagnes \u00e9lectorales. <\/strong><\/p>\n<p>Dans sa communication, Boubacar Barry, vice-pr\u00e9sident de l\u2019UFR a d\u00e9clar\u00e9 que ce communiqu\u00e9 du CNRD est en violation avec les dispositions de la charte de la transition.<\/p>\n<p>\u201c<em>Encore une fois c\u2019est une illustration de la violation des textes qui nous r\u00e9gissent. C\u2019est tr\u00e8s malheureux parce que la charte de la transition a \u00e9t\u00e9 plus \u00e9labor\u00e9e dans l\u2019esprit du CNRD en tenant tr\u00e8s peu compte des propositions faites \u00a0par les partis politiques. En tout cas, nos m\u00e9mos ne se sont pas refl\u00e9t\u00e9s dans la charte, malgr\u00e9 \u00e7a, nous avons accept\u00e9 cette charte. Parce qu\u2019un cadre juridique encadrait cette charte et dans cette charte, il y avait un certain nombre de dispositions qui s\u2019imposent \u00e0 tout le monde \u00e0 commencer par le CNRD. Et nous commen\u00e7ons \u00e0 constater au m\u00eame titre que l\u2019ancien pr\u00e9sident, Alpha Cond\u00e9 qui se parjurait r\u00e9guli\u00e8rement par rapport serment sur la constitution, nous commen\u00e7ons \u00e0 constater les m\u00eames d\u00e9rives. Vous avez d\u00e9j\u00e0 vu que sur l\u2019article 77 de la charte qui d\u00e9finit la mani\u00e8re dont la dur\u00e9e de la transition doit \u00eatre fix\u00e9e, vous voyez cela \u00e7a n\u2019a pas \u00e9t\u00e9 respect\u00e9. La charte a dit que la dur\u00e9e sera fix\u00e9e en commun accord entre le CNRD et les les forces vives de la transition, quand on parle de commun d\u2019accord, on ne dit pas en de fa\u00e7on solitaire. On s\u2019attend, c\u2019est \u00e7a le commun accord, le consensus. Prendre des d\u00e9cisions pour fixer la dur\u00e9e de la transition sans associer les forces vives est en contradiction avec les dispositions de charte. Maintenant, la restriction des libert\u00e9s publiques, l\u00e0 encore la charte est tr\u00e8s claire l\u00e0-dessus en son article 8. Il y aussi des conventions internationales, il y a des accords internationaux, il y a des acquis d\u00e9mocratiques et c\u2019est tout \u00e7a qui ont fond\u00e9 en quelque sorte la prise du pouvoir. Donc, on ne peut pas comprendre, en m\u00eame temps on se bat pour qu\u2019on s\u2019organise pour faire un coup d\u2019\u00c9tat par rapport \u00a0au respect d\u2019un certain nombre de principes d\u00e9mocratiques et on recommence les m\u00eames pratiques. Il a dit qu\u2019il va tirer des le\u00e7ons de la gouvernance Alpha Cond\u00e9, il a dit que la justice sera boussole, mais ce qui se passe aujourd\u2019hui, il y a vraiment de l\u2019inqui\u00e9tude\u00a0\u00bb<\/em> a t-il d\u00e9plor\u00e9.<!--more--><\/p>\n<p>Mohamed Camara<\/p>\n<p>611 46 04 10<\/p>\n","protected":false},"excerpt":{"rendered":"<p>Au cours de son assembl\u00e9e g\u00e9n\u00e9rale hebdomadaire tenue ce samedi, 14 mai 2022 \u00e0 si\u00e8ge<\/p>\n","protected":false},"author":2,"featured_media":1384,"comment_status":"closed","ping_status":"open","sticky":false,"template":"","format":"standard","meta":[],"categories":[3,4],"tags":[229],"yoast_head":"<!-- This site is optimized with the Yoast SEO plugin v19.13 - https:\/\/yoast.com\/wordpress\/plugins\/seo\/ -->\n<title>Interdiction des manifs : \u201cC\u2019est une illustration de la violation des textes qui nous r\u00e9gissent&quot; Boubacar Barry UFR. - UNIVERSNEWS224<\/title>\n<meta name=\"robots\" content=\"index, follow, max-snippet:-1, max-image-preview:large, max-video-preview:-1\" \/>\n<link rel=\"canonical\" href=\"https:\/\/universnews224.com\/index.php\/interdiction-des-manifs-cest-une-illustration-de-la-violation-des-textes-qui-nous-regissent-boubacar-barry-ufr\/\" \/>\n<meta property=\"og:locale\" content=\"fr_FR\" \/>\n<meta property=\"og:type\" content=\"article\" \/>\n<meta property=\"og:title\" content=\"Interdiction des manifs : \u201cC\u2019est une illustration de la violation des textes qui nous r\u00e9gissent&quot; Boubacar Barry UFR. - UNIVERSNEWS224\" \/>\n<meta property=\"og:description\" content=\"Au cours de son assembl\u00e9e g\u00e9n\u00e9rale hebdomadaire tenue ce samedi, 14 mai 2022 \u00e0 si\u00e8ge\" \/>\n<meta property=\"og:url\" content=\"https:\/\/universnews224.com\/index.php\/interdiction-des-manifs-cest-une-illustration-de-la-violation-des-textes-qui-nous-regissent-boubacar-barry-ufr\/\" \/>\n<meta property=\"og:site_name\" content=\"UNIVERSNEWS224\" \/>\n<meta property=\"article:published_time\" content=\"2022-05-14T16:31:04+00:00\" \/>\n<meta property=\"og:image\" content=\"https:\/\/universnews224.com\/wp-content\/uploads\/2022\/05\/2874E820-C04B-4215-953D-0281EC4659C8-scaled.jpeg\" \/>\n\t<meta property=\"og:image:width\" content=\"2560\" \/>\n\t<meta property=\"og:image:height\" content=\"1920\" \/>\n\t<meta property=\"og:image:type\" content=\"image\/jpeg\" \/>\n<meta name=\"author\" content=\"La R\u00e9daction\" \/>\n<meta name=\"twitter:label1\" content=\"\u00c9crit par\" \/>\n\t<meta name=\"twitter:data1\" content=\"La R\u00e9daction\" \/>\n\t<meta name=\"twitter:label2\" content=\"Dur\u00e9e de lecture estim\u00e9e\" \/>\n\t<meta name=\"twitter:data2\" content=\"2 minutes\" \/>\n<script type=\"application\/ld+json\" class=\"yoast-schema-graph\">{\"@context\":\"https:\/\/schema.org\",\"@graph\":[{\"@type\":\"Article\",\"@id\":\"https:\/\/universnews224.com\/index.php\/interdiction-des-manifs-cest-une-illustration-de-la-violation-des-textes-qui-nous-regissent-boubacar-barry-ufr\/#article\",\"isPartOf\":{\"@id\":\"https:\/\/universnews224.com\/index.php\/interdiction-des-manifs-cest-une-illustration-de-la-violation-des-textes-qui-nous-regissent-boubacar-barry-ufr\/\"},\"author\":{\"name\":\"La R\u00e9daction\",\"@id\":\"https:\/\/universnews224.com\/#\/schema\/person\/a4b7d4f94a4716df60456a491260485e\"},\"headline\":\"Interdiction des manifs : \u201cC\u2019est une illustration de la violation des textes qui nous r\u00e9gissent\u00a0\u00bb Boubacar Barry UFR.\",\"datePublished\":\"2022-05-14T16:31:04+00:00\",\"dateModified\":\"2022-05-14T16:31:04+00:00\",\"mainEntityOfPage\":{\"@id\":\"https:\/\/universnews224.com\/index.php\/interdiction-des-manifs-cest-une-illustration-de-la-violation-des-textes-qui-nous-regissent-boubacar-barry-ufr\/\"},\"wordCount\":507,\"publisher\":{\"@id\":\"https:\/\/universnews224.com\/#organization\"},\"keywords\":[\"La une\"],\"articleSection\":[\"ACTU\",\"POLITIQUE\"],\"inLanguage\":\"fr-FR\"},{\"@type\":\"WebPage\",\"@id\":\"https:\/\/universnews224.com\/index.php\/interdiction-des-manifs-cest-une-illustration-de-la-violation-des-textes-qui-nous-regissent-boubacar-barry-ufr\/\",\"url\":\"https:\/\/universnews224.com\/index.php\/interdiction-des-manifs-cest-une-illustration-de-la-violation-des-textes-qui-nous-regissent-boubacar-barry-ufr\/\",\"name\":\"Interdiction des manifs : \u201cC\u2019est une illustration de la violation des textes qui nous r\u00e9gissent\\\" Boubacar Barry UFR. - UNIVERSNEWS224\",\"isPartOf\":{\"@id\":\"https:\/\/universnews224.com\/#website\"},\"datePublished\":\"2022-05-14T16:31:04+00:00\",\"dateModified\":\"2022-05-14T16:31:04+00:00\",\"inLanguage\":\"fr-FR\",\"potentialAction\":[{\"@type\":\"ReadAction\",\"target\":[\"https:\/\/universnews224.com\/index.php\/interdiction-des-manifs-cest-une-illustration-de-la-violation-des-textes-qui-nous-regissent-boubacar-barry-ufr\/\"]}]},{\"@type\":\"WebSite\",\"@id\":\"https:\/\/universnews224.com\/#website\",\"url\":\"https:\/\/universnews224.com\/\",\"name\":\"UNIVERSNEWS224\",\"description\":\"\",\"publisher\":{\"@id\":\"https:\/\/universnews224.com\/#organization\"},\"potentialAction\":[{\"@type\":\"SearchAction\",\"target\":{\"@type\":\"EntryPoint\",\"urlTemplate\":\"https:\/\/universnews224.com\/?s={search_term_string}\"},\"query-input\":\"required name=search_term_string\"}],\"inLanguage\":\"fr-FR\"},{\"@type\":\"Organization\",\"@id\":\"https:\/\/universnews224.com\/#organization\",\"name\":\"UNIVERSNEWS224\",\"url\":\"https:\/\/universnews224.com\/\",\"logo\":{\"@type\":\"ImageObject\",\"inLanguage\":\"fr-FR\",\"@id\":\"https:\/\/universnews224.com\/#\/schema\/logo\/image\/\",\"url\":\"https:\/\/universnews224.com\/wp-content\/uploads\/2022\/08\/cropped-cropped-logoban.jpg\",\"contentUrl\":\"https:\/\/universnews224.com\/wp-content\/uploads\/2022\/08\/cropped-cropped-logoban.jpg\",\"width\":1080,\"height\":138,\"caption\":\"UNIVERSNEWS224\"},\"image\":{\"@id\":\"https:\/\/universnews224.com\/#\/schema\/logo\/image\/\"}},{\"@type\":\"Person\",\"@id\":\"https:\/\/universnews224.com\/#\/schema\/person\/a4b7d4f94a4716df60456a491260485e\",\"name\":\"La R\u00e9daction\",\"image\":{\"@type\":\"ImageObject\",\"inLanguage\":\"fr-FR\",\"@id\":\"https:\/\/universnews224.com\/#\/schema\/person\/image\/\",\"url\":\"https:\/\/secure.gravatar.com\/avatar\/edb90acc7752b23e1b3307ad36c14f0d?s=96&d=mm&r=g\",\"contentUrl\":\"https:\/\/secure.gravatar.com\/avatar\/edb90acc7752b23e1b3307ad36c14f0d?s=96&d=mm&r=g\",\"caption\":\"La R\u00e9daction\"},\"sameAs\":[\"https:\/\/universnews224.com\"],\"url\":\"https:\/\/universnews224.com\/index.php\/author\/m-camara\/\"}]}<\/script>\n<!-- \/ Yoast SEO plugin. -->","yoast_head_json":{"title":"Interdiction des manifs : \u201cC\u2019est une illustration de la violation des textes qui nous r\u00e9gissent\" Boubacar Barry UFR. - UNIVERSNEWS224","robots":{"index":"index","follow":"follow","max-snippet":"max-snippet:-1","max-image-preview":"max-image-preview:large","max-video-preview":"max-video-preview:-1"},"canonical":"https:\/\/universnews224.com\/index.php\/interdiction-des-manifs-cest-une-illustration-de-la-violation-des-textes-qui-nous-regissent-boubacar-barry-ufr\/","og_locale":"fr_FR","og_type":"article","og_title":"Interdiction des manifs : \u201cC\u2019est une illustration de la violation des textes qui nous r\u00e9gissent\" Boubacar Barry UFR. - UNIVERSNEWS224","og_description":"Au cours de son assembl\u00e9e g\u00e9n\u00e9rale hebdomadaire tenue ce samedi, 14 mai 2022 \u00e0 si\u00e8ge","og_url":"https:\/\/universnews224.com\/index.php\/interdiction-des-manifs-cest-une-illustration-de-la-violation-des-textes-qui-nous-regissent-boubacar-barry-ufr\/","og_site_name":"UNIVERSNEWS224","article_published_time":"2022-05-14T16:31:04+00:00","og_image":[{"width":2560,"height":1920,"url":"https:\/\/universnews224.com\/wp-content\/uploads\/2022\/05\/2874E820-C04B-4215-953D-0281EC4659C8-scaled.jpeg","type":"image\/jpeg"}],"author":"La R\u00e9daction","twitter_misc":{"\u00c9crit par":"La R\u00e9daction","Dur\u00e9e de lecture estim\u00e9e":"2 minutes"},"schema":{"@context":"https:\/\/schema.org","@graph":[{"@type":"Article","@id":"https:\/\/universnews224.com\/index.php\/interdiction-des-manifs-cest-une-illustration-de-la-violation-des-textes-qui-nous-regissent-boubacar-barry-ufr\/#article","isPartOf":{"@id":"https:\/\/universnews224.com\/index.php\/interdiction-des-manifs-cest-une-illustration-de-la-violation-des-textes-qui-nous-regissent-boubacar-barry-ufr\/"},"author":{"name":"La R\u00e9daction","@id":"https:\/\/universnews224.com\/#\/schema\/person\/a4b7d4f94a4716df60456a491260485e"},"headline":"Interdiction des manifs : \u201cC\u2019est une illustration de la violation des textes qui nous r\u00e9gissent\u00a0\u00bb Boubacar Barry UFR.","datePublished":"2022-05-14T16:31:04+00:00","dateModified":"2022-05-14T16:31:04+00:00","mainEntityOfPage":{"@id":"https:\/\/universnews224.com\/index.php\/interdiction-des-manifs-cest-une-illustration-de-la-violation-des-textes-qui-nous-regissent-boubacar-barry-ufr\/"},"wordCount":507,"publisher":{"@id":"https:\/\/universnews224.com\/#organization"},"keywords":["La une"],"articleSection":["ACTU","POLITIQUE"],"inLanguage":"fr-FR"},{"@type":"WebPage","@id":"https:\/\/universnews224.com\/index.php\/interdiction-des-manifs-cest-une-illustration-de-la-violation-des-textes-qui-nous-regissent-boubacar-barry-ufr\/","url":"https:\/\/universnews224.com\/index.php\/interdiction-des-manifs-cest-une-illustration-de-la-violation-des-textes-qui-nous-regissent-boubacar-barry-ufr\/","name":"Interdiction des manifs : \u201cC\u2019est une illustration de la violation des textes qui nous r\u00e9gissent\" Boubacar Barry UFR. - UNIVERSNEWS224","isPartOf":{"@id":"https:\/\/universnews224.com\/#website"},"datePublished":"2022-05-14T16:31:04+00:00","dateModified":"2022-05-14T16:31:04+00:00","inLanguage":"fr-FR","potentialAction":[{"@type":"ReadAction","target":["https:\/\/universnews224.com\/index.php\/interdiction-des-manifs-cest-une-illustration-de-la-violation-des-textes-qui-nous-regissent-boubacar-barry-ufr\/"]}]},{"@type":"WebSite","@id":"https:\/\/universnews224.com\/#website","url":"https:\/\/universnews224.com\/","name":"UNIVERSNEWS224","description":"","publisher":{"@id":"https:\/\/universnews224.com\/#organization"},"potentialAction":[{"@type":"SearchAction","target":{"@type":"EntryPoint","urlTemplate":"https:\/\/universnews224.com\/?s={search_term_string}"},"query-input":"required name=search_term_string"}],"inLanguage":"fr-FR"},{"@type":"Organization","@id":"https:\/\/universnews224.com\/#organization","name":"UNIVERSNEWS224","url":"https:\/\/universnews224.com\/","logo":{"@type":"ImageObject","inLanguage":"fr-FR","@id":"https:\/\/universnews224.com\/#\/schema\/logo\/image\/","url":"https:\/\/universnews224.com\/wp-content\/uploads\/2022\/08\/cropped-cropped-logoban.jpg","contentUrl":"https:\/\/universnews224.com\/wp-content\/uploads\/2022\/08\/cropped-cropped-logoban.jpg","width":1080,"height":138,"caption":"UNIVERSNEWS224"},"image":{"@id":"https:\/\/universnews224.com\/#\/schema\/logo\/image\/"}},{"@type":"Person","@id":"https:\/\/universnews224.com\/#\/schema\/person\/a4b7d4f94a4716df60456a491260485e","name":"La R\u00e9daction","image":{"@type":"ImageObject","inLanguage":"fr-FR","@id":"https:\/\/universnews224.com\/#\/schema\/person\/image\/","url":"https:\/\/secure.gravatar.com\/avatar\/edb90acc7752b23e1b3307ad36c14f0d?s=96&d=mm&r=g","contentUrl":"https:\/\/secure.gravatar.com\/avatar\/edb90acc7752b23e1b3307ad36c14f0d?s=96&d=mm&r=g","caption":"La R\u00e9daction"},"sameAs":["https:\/\/universnews224.com"],"url":"https:\/\/universnews224.com\/index.php\/author\/m-camara\/"}]}},"_links":{"self":[{"href":"https:\/\/universnews224.com\/index.php\/wp-json\/wp\/v2\/posts\/1383"}],"collection":[{"href":"https:\/\/universnews224.com\/index.php\/wp-json\/wp\/v2\/posts"}],"about":[{"href":"https:\/\/universnews224.com\/index.php\/wp-json\/wp\/v2\/types\/post"}],"author":[{"embeddable":true,"href":"https:\/\/universnews224.com\/index.php\/wp-json\/wp\/v2\/users\/2"}],"replies":[{"embeddable":true,"href":"https:\/\/universnews224.com\/index.php\/wp-json\/wp\/v2\/comments?post=1383"}],"version-history":[{"count":1,"href":"https:\/\/universnews224.com\/index.php\/wp-json\/wp\/v2\/posts\/1383\/revisions"}],"predecessor-version":[{"id":1385,"href":"https:\/\/universnews224.com\/index.php\/wp-json\/wp\/v2\/posts\/1383\/revisions\/1385"}],"wp:featuredmedia":[{"embeddable":true,"href":"https:\/\/universnews224.com\/index.php\/wp-json\/wp\/v2\/media\/1384"}],"wp:attachment":[{"href":"https:\/\/universnews224.com\/index.php\/wp-json\/wp\/v2\/media?parent=1383"}],"wp:term":[{"taxonomy":"category","embeddable":true,"href":"https:\/\/universnews224.com\/index.php\/wp-json\/wp\/v2\/categories?post=1383"},{"taxonomy":"post_tag","embeddable":true,"href":"https:\/\/universnews224.com\/index.php\/wp-json\/wp\/v2\/tags?post=1383"}],"curies":[{"name":"wp","href":"https:\/\/api.w.org\/{rel}","templated":true}]}}