{"id":1395,"date":"2022-05-18T00:53:08","date_gmt":"2022-05-17T23:53:08","guid":{"rendered":"https:\/\/universnews224.com\/?p=1395"},"modified":"2022-05-18T00:53:08","modified_gmt":"2022-05-17T23:53:08","slug":"urgent-le-president-de-la-commission-de-la-cedeao-rejette-les-trois-ans-de-transition-fixes-par-la-junte","status":"publish","type":"post","link":"https:\/\/universnews224.com\/index.php\/urgent-le-president-de-la-commission-de-la-cedeao-rejette-les-trois-ans-de-transition-fixes-par-la-junte\/","title":{"rendered":"Urgent : le pr\u00e9sident de la commission de la CEDEAO rejette les trois ans de transition fix\u00e9s par la junte."},"content":{"rendered":"<p>La CEDEAO est oppos\u00e9e au d\u00e9lai de trois ans de transition fix\u00e9 en Guin\u00e9e par la junte. C\u2019est du moins ce qu\u2019a confi\u00e9 \u00e0 nos confr\u00e8res d\u2019Africa 24, le pr\u00e9sident de la commission de la CEDEAO.<\/p>\n<p>&nbsp;<\/p>\n<p><em>\u00ab\u00a0Les meilleures transitions, c\u2019est les transitions les plus courtes possibles. Une transition qui est issue d\u2019un coup d\u2019Etat militaire, ce n\u2019est pas un mandat \u00e9lectif. Dans notre r\u00e9gion vous avez des chefs d\u2019Etats qui sont \u00e9lus pour cinq ans. Un coup d\u2019Etat militaire qui s\u2019apparente \u00e0 un mandat \u00e9lectif, \u00e7a pose un probl\u00e8me\u00a0\u00bb.<\/em><\/p>\n<p>&nbsp;<\/p>\n<p>Selon Jean-Claude Kassi Brou, ce n\u2019est pas \u00e0 une transition de faire des r\u00e9formes.<\/p>\n<p>&nbsp;<\/p>\n<p><em>\u00ab\u00a0Une transition n\u2019est pas l\u00e0 pour faire toutes les r\u00e9formes. Il s\u2019agit pour une transition de faire en sorte qu\u2019on ait une \u00e9lection cr\u00e9dible. Qui soit une \u00e9lection accept\u00e9e par toutes les parties pour qu\u2019il y ait consensus et la paix; c\u2019est \u00e7a l\u2019objectif principal d\u2019une transition. Mais une transition n\u2019a pas de l\u00e9gitimit\u00e9 pour faire des r\u00e9formes qui doivent \u00eatre faites par un gouvernement issu du peuple\u00a0\u00bb, <\/em>a martel\u00e9 Jean-Claude Kassi BROU, le Pr\u00e9sident de la commission de la CEDEAO dans cet entretien.<\/p>\n<p>mosaique<\/p>\n","protected":false},"excerpt":{"rendered":"<p>La CEDEAO est oppos\u00e9e au d\u00e9lai de trois ans de transition fix\u00e9 en Guin\u00e9e par<\/p>\n","protected":false},"author":2,"featured_media":1396,"comment_status":"closed","ping_status":"open","sticky":false,"template":"","format":"standard","meta":[],"categories":[3,4],"tags":[229],"yoast_head":"<!-- This site is optimized with the Yoast SEO plugin v19.13 - https:\/\/yoast.com\/wordpress\/plugins\/seo\/ -->\n<title>Urgent : le pr\u00e9sident de la commission de la CEDEAO rejette les trois ans de transition fix\u00e9s par la junte. - UNIVERSNEWS224<\/title>\n<meta name=\"robots\" content=\"index, follow, max-snippet:-1, max-image-preview:large, max-video-preview:-1\" \/>\n<link rel=\"canonical\" href=\"https:\/\/universnews224.com\/index.php\/urgent-le-president-de-la-commission-de-la-cedeao-rejette-les-trois-ans-de-transition-fixes-par-la-junte\/\" \/>\n<meta property=\"og:locale\" content=\"fr_FR\" \/>\n<meta property=\"og:type\" content=\"article\" \/>\n<meta property=\"og:title\" content=\"Urgent : le pr\u00e9sident de la commission de la CEDEAO rejette les trois ans de transition fix\u00e9s par la junte. - UNIVERSNEWS224\" \/>\n<meta property=\"og:description\" content=\"La CEDEAO est oppos\u00e9e au d\u00e9lai de trois ans de transition fix\u00e9 en Guin\u00e9e par\" \/>\n<meta property=\"og:url\" content=\"https:\/\/universnews224.com\/index.php\/urgent-le-president-de-la-commission-de-la-cedeao-rejette-les-trois-ans-de-transition-fixes-par-la-junte\/\" \/>\n<meta property=\"og:site_name\" content=\"UNIVERSNEWS224\" \/>\n<meta property=\"article:published_time\" content=\"2022-05-17T23:53:08+00:00\" \/>\n<meta property=\"og:image\" content=\"https:\/\/universnews224.com\/wp-content\/uploads\/2022\/05\/B4374F0D-C837-4384-8A21-336D6908F844.jpeg\" \/>\n\t<meta property=\"og:image:width\" content=\"700\" \/>\n\t<meta property=\"og:image:height\" content=\"467\" \/>\n\t<meta property=\"og:image:type\" content=\"image\/jpeg\" \/>\n<meta name=\"author\" content=\"La R\u00e9daction\" \/>\n<meta name=\"twitter:label1\" content=\"\u00c9crit par\" \/>\n\t<meta name=\"twitter:data1\" content=\"La R\u00e9daction\" \/>\n\t<meta name=\"twitter:label2\" content=\"Dur\u00e9e de lecture estim\u00e9e\" \/>\n\t<meta name=\"twitter:data2\" content=\"1 minute\" \/>\n<script type=\"application\/ld+json\" class=\"yoast-schema-graph\">{\"@context\":\"https:\/\/schema.org\",\"@graph\":[{\"@type\":\"Article\",\"@id\":\"https:\/\/universnews224.com\/index.php\/urgent-le-president-de-la-commission-de-la-cedeao-rejette-les-trois-ans-de-transition-fixes-par-la-junte\/#article\",\"isPartOf\":{\"@id\":\"https:\/\/universnews224.com\/index.php\/urgent-le-president-de-la-commission-de-la-cedeao-rejette-les-trois-ans-de-transition-fixes-par-la-junte\/\"},\"author\":{\"name\":\"La R\u00e9daction\",\"@id\":\"https:\/\/universnews224.com\/#\/schema\/person\/a4b7d4f94a4716df60456a491260485e\"},\"headline\":\"Urgent : le pr\u00e9sident de la commission de la CEDEAO rejette les trois ans de transition fix\u00e9s par la junte.\",\"datePublished\":\"2022-05-17T23:53:08+00:00\",\"dateModified\":\"2022-05-17T23:53:08+00:00\",\"mainEntityOfPage\":{\"@id\":\"https:\/\/universnews224.com\/index.php\/urgent-le-president-de-la-commission-de-la-cedeao-rejette-les-trois-ans-de-transition-fixes-par-la-junte\/\"},\"wordCount\":241,\"publisher\":{\"@id\":\"https:\/\/universnews224.com\/#organization\"},\"keywords\":[\"La une\"],\"articleSection\":[\"ACTU\",\"POLITIQUE\"],\"inLanguage\":\"fr-FR\"},{\"@type\":\"WebPage\",\"@id\":\"https:\/\/universnews224.com\/index.php\/urgent-le-president-de-la-commission-de-la-cedeao-rejette-les-trois-ans-de-transition-fixes-par-la-junte\/\",\"url\":\"https:\/\/universnews224.com\/index.php\/urgent-le-president-de-la-commission-de-la-cedeao-rejette-les-trois-ans-de-transition-fixes-par-la-junte\/\",\"name\":\"Urgent : le pr\u00e9sident de la commission de la CEDEAO rejette les trois ans de transition fix\u00e9s par la junte. - UNIVERSNEWS224\",\"isPartOf\":{\"@id\":\"https:\/\/universnews224.com\/#website\"},\"datePublished\":\"2022-05-17T23:53:08+00:00\",\"dateModified\":\"2022-05-17T23:53:08+00:00\",\"inLanguage\":\"fr-FR\",\"potentialAction\":[{\"@type\":\"ReadAction\",\"target\":[\"https:\/\/universnews224.com\/index.php\/urgent-le-president-de-la-commission-de-la-cedeao-rejette-les-trois-ans-de-transition-fixes-par-la-junte\/\"]}]},{\"@type\":\"WebSite\",\"@id\":\"https:\/\/universnews224.com\/#website\",\"url\":\"https:\/\/universnews224.com\/\",\"name\":\"UNIVERSNEWS224\",\"description\":\"\",\"publisher\":{\"@id\":\"https:\/\/universnews224.com\/#organization\"},\"potentialAction\":[{\"@type\":\"SearchAction\",\"target\":{\"@type\":\"EntryPoint\",\"urlTemplate\":\"https:\/\/universnews224.com\/?s={search_term_string}\"},\"query-input\":\"required name=search_term_string\"}],\"inLanguage\":\"fr-FR\"},{\"@type\":\"Organization\",\"@id\":\"https:\/\/universnews224.com\/#organization\",\"name\":\"UNIVERSNEWS224\",\"url\":\"https:\/\/universnews224.com\/\",\"logo\":{\"@type\":\"ImageObject\",\"inLanguage\":\"fr-FR\",\"@id\":\"https:\/\/universnews224.com\/#\/schema\/logo\/image\/\",\"url\":\"https:\/\/universnews224.com\/wp-content\/uploads\/2022\/08\/cropped-cropped-logoban.jpg\",\"contentUrl\":\"https:\/\/universnews224.com\/wp-content\/uploads\/2022\/08\/cropped-cropped-logoban.jpg\",\"width\":1080,\"height\":138,\"caption\":\"UNIVERSNEWS224\"},\"image\":{\"@id\":\"https:\/\/universnews224.com\/#\/schema\/logo\/image\/\"}},{\"@type\":\"Person\",\"@id\":\"https:\/\/universnews224.com\/#\/schema\/person\/a4b7d4f94a4716df60456a491260485e\",\"name\":\"La R\u00e9daction\",\"image\":{\"@type\":\"ImageObject\",\"inLanguage\":\"fr-FR\",\"@id\":\"https:\/\/universnews224.com\/#\/schema\/person\/image\/\",\"url\":\"https:\/\/secure.gravatar.com\/avatar\/edb90acc7752b23e1b3307ad36c14f0d?s=96&d=mm&r=g\",\"contentUrl\":\"https:\/\/secure.gravatar.com\/avatar\/edb90acc7752b23e1b3307ad36c14f0d?s=96&d=mm&r=g\",\"caption\":\"La R\u00e9daction\"},\"sameAs\":[\"https:\/\/universnews224.com\"],\"url\":\"https:\/\/universnews224.com\/index.php\/author\/m-camara\/\"}]}<\/script>\n<!-- \/ Yoast SEO plugin. -->","yoast_head_json":{"title":"Urgent : le pr\u00e9sident de la commission de la CEDEAO rejette les trois ans de transition fix\u00e9s par la junte. - UNIVERSNEWS224","robots":{"index":"index","follow":"follow","max-snippet":"max-snippet:-1","max-image-preview":"max-image-preview:large","max-video-preview":"max-video-preview:-1"},"canonical":"https:\/\/universnews224.com\/index.php\/urgent-le-president-de-la-commission-de-la-cedeao-rejette-les-trois-ans-de-transition-fixes-par-la-junte\/","og_locale":"fr_FR","og_type":"article","og_title":"Urgent : le pr\u00e9sident de la commission de la CEDEAO rejette les trois ans de transition fix\u00e9s par la junte. - UNIVERSNEWS224","og_description":"La CEDEAO est oppos\u00e9e au d\u00e9lai de trois ans de transition fix\u00e9 en Guin\u00e9e par","og_url":"https:\/\/universnews224.com\/index.php\/urgent-le-president-de-la-commission-de-la-cedeao-rejette-les-trois-ans-de-transition-fixes-par-la-junte\/","og_site_name":"UNIVERSNEWS224","article_published_time":"2022-05-17T23:53:08+00:00","og_image":[{"width":700,"height":467,"url":"https:\/\/universnews224.com\/wp-content\/uploads\/2022\/05\/B4374F0D-C837-4384-8A21-336D6908F844.jpeg","type":"image\/jpeg"}],"author":"La R\u00e9daction","twitter_misc":{"\u00c9crit par":"La R\u00e9daction","Dur\u00e9e de lecture estim\u00e9e":"1 minute"},"schema":{"@context":"https:\/\/schema.org","@graph":[{"@type":"Article","@id":"https:\/\/universnews224.com\/index.php\/urgent-le-president-de-la-commission-de-la-cedeao-rejette-les-trois-ans-de-transition-fixes-par-la-junte\/#article","isPartOf":{"@id":"https:\/\/universnews224.com\/index.php\/urgent-le-president-de-la-commission-de-la-cedeao-rejette-les-trois-ans-de-transition-fixes-par-la-junte\/"},"author":{"name":"La R\u00e9daction","@id":"https:\/\/universnews224.com\/#\/schema\/person\/a4b7d4f94a4716df60456a491260485e"},"headline":"Urgent : le pr\u00e9sident de la commission de la CEDEAO rejette les trois ans de transition fix\u00e9s par la junte.","datePublished":"2022-05-17T23:53:08+00:00","dateModified":"2022-05-17T23:53:08+00:00","mainEntityOfPage":{"@id":"https:\/\/universnews224.com\/index.php\/urgent-le-president-de-la-commission-de-la-cedeao-rejette-les-trois-ans-de-transition-fixes-par-la-junte\/"},"wordCount":241,"publisher":{"@id":"https:\/\/universnews224.com\/#organization"},"keywords":["La une"],"articleSection":["ACTU","POLITIQUE"],"inLanguage":"fr-FR"},{"@type":"WebPage","@id":"https:\/\/universnews224.com\/index.php\/urgent-le-president-de-la-commission-de-la-cedeao-rejette-les-trois-ans-de-transition-fixes-par-la-junte\/","url":"https:\/\/universnews224.com\/index.php\/urgent-le-president-de-la-commission-de-la-cedeao-rejette-les-trois-ans-de-transition-fixes-par-la-junte\/","name":"Urgent : le pr\u00e9sident de la commission de la CEDEAO rejette les trois ans de transition fix\u00e9s par la junte. - UNIVERSNEWS224","isPartOf":{"@id":"https:\/\/universnews224.com\/#website"},"datePublished":"2022-05-17T23:53:08+00:00","dateModified":"2022-05-17T23:53:08+00:00","inLanguage":"fr-FR","potentialAction":[{"@type":"ReadAction","target":["https:\/\/universnews224.com\/index.php\/urgent-le-president-de-la-commission-de-la-cedeao-rejette-les-trois-ans-de-transition-fixes-par-la-junte\/"]}]},{"@type":"WebSite","@id":"https:\/\/universnews224.com\/#website","url":"https:\/\/universnews224.com\/","name":"UNIVERSNEWS224","description":"","publisher":{"@id":"https:\/\/universnews224.com\/#organization"},"potentialAction":[{"@type":"SearchAction","target":{"@type":"EntryPoint","urlTemplate":"https:\/\/universnews224.com\/?s={search_term_string}"},"query-input":"required name=search_term_string"}],"inLanguage":"fr-FR"},{"@type":"Organization","@id":"https:\/\/universnews224.com\/#organization","name":"UNIVERSNEWS224","url":"https:\/\/universnews224.com\/","logo":{"@type":"ImageObject","inLanguage":"fr-FR","@id":"https:\/\/universnews224.com\/#\/schema\/logo\/image\/","url":"https:\/\/universnews224.com\/wp-content\/uploads\/2022\/08\/cropped-cropped-logoban.jpg","contentUrl":"https:\/\/universnews224.com\/wp-content\/uploads\/2022\/08\/cropped-cropped-logoban.jpg","width":1080,"height":138,"caption":"UNIVERSNEWS224"},"image":{"@id":"https:\/\/universnews224.com\/#\/schema\/logo\/image\/"}},{"@type":"Person","@id":"https:\/\/universnews224.com\/#\/schema\/person\/a4b7d4f94a4716df60456a491260485e","name":"La R\u00e9daction","image":{"@type":"ImageObject","inLanguage":"fr-FR","@id":"https:\/\/universnews224.com\/#\/schema\/person\/image\/","url":"https:\/\/secure.gravatar.com\/avatar\/edb90acc7752b23e1b3307ad36c14f0d?s=96&d=mm&r=g","contentUrl":"https:\/\/secure.gravatar.com\/avatar\/edb90acc7752b23e1b3307ad36c14f0d?s=96&d=mm&r=g","caption":"La R\u00e9daction"},"sameAs":["https:\/\/universnews224.com"],"url":"https:\/\/universnews224.com\/index.php\/author\/m-camara\/"}]}},"_links":{"self":[{"href":"https:\/\/universnews224.com\/index.php\/wp-json\/wp\/v2\/posts\/1395"}],"collection":[{"href":"https:\/\/universnews224.com\/index.php\/wp-json\/wp\/v2\/posts"}],"about":[{"href":"https:\/\/universnews224.com\/index.php\/wp-json\/wp\/v2\/types\/post"}],"author":[{"embeddable":true,"href":"https:\/\/universnews224.com\/index.php\/wp-json\/wp\/v2\/users\/2"}],"replies":[{"embeddable":true,"href":"https:\/\/universnews224.com\/index.php\/wp-json\/wp\/v2\/comments?post=1395"}],"version-history":[{"count":2,"href":"https:\/\/universnews224.com\/index.php\/wp-json\/wp\/v2\/posts\/1395\/revisions"}],"predecessor-version":[{"id":1398,"href":"https:\/\/universnews224.com\/index.php\/wp-json\/wp\/v2\/posts\/1395\/revisions\/1398"}],"wp:featuredmedia":[{"embeddable":true,"href":"https:\/\/universnews224.com\/index.php\/wp-json\/wp\/v2\/media\/1396"}],"wp:attachment":[{"href":"https:\/\/universnews224.com\/index.php\/wp-json\/wp\/v2\/media?parent=1395"}],"wp:term":[{"taxonomy":"category","embeddable":true,"href":"https:\/\/universnews224.com\/index.php\/wp-json\/wp\/v2\/categories?post=1395"},{"taxonomy":"post_tag","embeddable":true,"href":"https:\/\/universnews224.com\/index.php\/wp-json\/wp\/v2\/tags?post=1395"}],"curies":[{"name":"wp","href":"https:\/\/api.w.org\/{rel}","templated":true}]}}