{"id":1421,"date":"2022-05-18T15:16:09","date_gmt":"2022-05-18T14:16:09","guid":{"rendered":"https:\/\/universnews224.com\/?p=1421"},"modified":"2022-05-18T15:17:52","modified_gmt":"2022-05-18T14:17:52","slug":"cours-des-comptes-le-nouveau-president-et-le-commissaire-du-gouvernement-pres-de-la-cour-prennent-fonction","status":"publish","type":"post","link":"https:\/\/universnews224.com\/index.php\/cours-des-comptes-le-nouveau-president-et-le-commissaire-du-gouvernement-pres-de-la-cour-prennent-fonction\/","title":{"rendered":"Cours des comptes: le nouveau pr\u00e9sident et le commissaire du gouvernement pr\u00e8s de la cour prennent fonction."},"content":{"rendered":"<p style=\"text-align: left\"><!--more--><strong>Quelques jours seulement apr\u00e8s de leur prestations de serment devant le pr\u00e9sident de la transition, le colonel Mamadi Doumbouya, \u00a0S\u00e2a Joseph Kadouno et Mamadou Saliou Diallo respectivement nouveau premier pr\u00e9sident de la cour des comptes et nouveau commissaire g\u00e9n\u00e9ral rentrant du gouvernement pr\u00e8s de la dite cour ont \u00e9t\u00e9 install\u00e9s dans leurs fonctions ce jeudi 12 mai 2022.\u00a0<\/strong><\/p>\n<p>C\u2019est les locaux de la cour des comptes ont servi de cadre \u00e0 la c\u00e9r\u00e9monie de passage en pr\u00e9sence du ministre de la justice gardes des sceaux et des droits de l\u2019homme, Dr Moriba Alain Kon\u00e9 et plusieurs personnalit\u00e9s de la justice Guin\u00e9enne.<br \/>\n<a href=\"https:\/\/universnews224.com\/wp-content\/uploads\/2022\/05\/2A143AB7-A124-4939-BF49-104D353A62D3-scaled.jpeg\"><img loading=\"lazy\" class=\"alignnone size-medium wp-image-1402\" src=\"https:\/\/universnews224.com\/wp-content\/uploads\/2022\/05\/2A143AB7-A124-4939-BF49-104D353A62D3-300x225.jpeg\" alt=\"\" width=\"300\" height=\"225\" srcset=\"https:\/\/universnews224.com\/wp-content\/uploads\/2022\/05\/2A143AB7-A124-4939-BF49-104D353A62D3-300x225.jpeg 300w, https:\/\/universnews224.com\/wp-content\/uploads\/2022\/05\/2A143AB7-A124-4939-BF49-104D353A62D3-1024x768.jpeg 1024w, https:\/\/universnews224.com\/wp-content\/uploads\/2022\/05\/2A143AB7-A124-4939-BF49-104D353A62D3-768x576.jpeg 768w, https:\/\/universnews224.com\/wp-content\/uploads\/2022\/05\/2A143AB7-A124-4939-BF49-104D353A62D3-1536x1152.jpeg 1536w, https:\/\/universnews224.com\/wp-content\/uploads\/2022\/05\/2A143AB7-A124-4939-BF49-104D353A62D3-2048x1536.jpeg 2048w, https:\/\/universnews224.com\/wp-content\/uploads\/2022\/05\/2A143AB7-A124-4939-BF49-104D353A62D3-720x540.jpeg 720w\" sizes=\"(max-width: 300px) 100vw, 300px\" \/><\/a><\/p>\n<p>&nbsp;<\/p>\n<p>Dans son discours de circonstance, Mohamed Diarr\u00e9, pr\u00e9sident sortant de la cour des comptes apr\u00e8s avoir pass\u00e9 en revue de nombreux r\u00e9sultats enregistr\u00e9s par son \u00e9quipe, a demand\u00e9 aux nouveaux promus de poursuivre des r\u00e9formes d\u00e9j\u00e0 engag\u00e9es.<br \/>\n<a href=\"https:\/\/universnews224.com\/wp-content\/uploads\/2022\/05\/FD9825D7-BB86-41C9-9C12-8273AB007CC2-scaled.jpeg\"><img loading=\"lazy\" class=\"alignnone size-medium wp-image-1423\" src=\"https:\/\/universnews224.com\/wp-content\/uploads\/2022\/05\/FD9825D7-BB86-41C9-9C12-8273AB007CC2-300x225.jpeg\" alt=\"\" width=\"300\" height=\"225\" srcset=\"https:\/\/universnews224.com\/wp-content\/uploads\/2022\/05\/FD9825D7-BB86-41C9-9C12-8273AB007CC2-300x225.jpeg 300w, https:\/\/universnews224.com\/wp-content\/uploads\/2022\/05\/FD9825D7-BB86-41C9-9C12-8273AB007CC2-1024x768.jpeg 1024w, https:\/\/universnews224.com\/wp-content\/uploads\/2022\/05\/FD9825D7-BB86-41C9-9C12-8273AB007CC2-768x576.jpeg 768w, https:\/\/universnews224.com\/wp-content\/uploads\/2022\/05\/FD9825D7-BB86-41C9-9C12-8273AB007CC2-1536x1152.jpeg 1536w, https:\/\/universnews224.com\/wp-content\/uploads\/2022\/05\/FD9825D7-BB86-41C9-9C12-8273AB007CC2-2048x1536.jpeg 2048w, https:\/\/universnews224.com\/wp-content\/uploads\/2022\/05\/FD9825D7-BB86-41C9-9C12-8273AB007CC2-720x540.jpeg 720w\" sizes=\"(max-width: 300px) 100vw, 300px\" \/><\/a><\/p>\n<p>De son c\u00f4t\u00e9, Saa Joseph Kadouno, le nouveau pr\u00e9sident de la cour des comptes , mesurant des d\u00e9fis qui l\u2019attendent dans l\u2019exercice de sa mission d\u00e9clare: :\u00a0\u00bb<em>Dans le respect de normes et des textes de proc\u00e9dure en vigueur, Il faut que les r\u00e9sultats soient mis \u00e0 la connaissance du public sur la base des \u00e9l\u00e9ments probants et appropri\u00e9s. La cour en tant pleinement remplir ses fonctions son r\u00f4le dans la moralisation de la gestion des finances publiques pour la promotion de la bonne gouvernance par la lutte contre la corruption et le d\u00e9tournement du dernier public\u00a0<\/em>\u00bb, a pr\u00e9cis\u00e9 S\u00e2a Joseph Kadouno<\/p>\n<p>Ensuite, le num\u00e9ro Un de la cour des comptes a rappel\u00e9 \u00e0 son personnel qu\u2019 \u00ab\u00a0<em>en vertu des dispositions de l\u2019article 90 du r\u00e8glement g\u00e9n\u00e9ral de la comptabilit\u00e9 publique,un comptable public est estreint \u00e0 la prestation de serment devant la cour des comptes et des institutions des garanties. Aucun comptable public ne peut rentrer en fonction si il n\u2019a pas justifi\u00e9 de l\u2019accomplissement de ces deux obligations, soutien le Premier Pr\u00e9sident de la cour des comptes.<\/em><\/p>\n<p>C\u2019est dans cet ordre d\u2019id\u00e9es qu\u2019il a mis en exergue aux comptables qui s\u2019exposent \u00e0 des poursuites sur leurs gestions. \u00ab\u00a0<em>La r\u00e9alit\u00e9 est que plusieurs comptables publics sont rentr\u00e9s en fonction sans se conformer \u00e0 ces prescriptions. C\u2019est le lieu de rappeler en faisant des dits comptables s\u2019exposent \u00e0 des poursuites de gestions de faites. C\u2019est pour quoi j\u2019ai mis tous les comptables publics \u00e0 se mettre en conformit\u00e9 vis \u00e0 vis de leurs obligations et r\u00e9glementaires<\/em>, a t-il dit.<\/p>\n<p><a href=\"https:\/\/universnews224.com\/wp-content\/uploads\/2022\/05\/11411266-1368-4B10-8ED2-2910643CDC23-scaled.jpeg\"><img loading=\"lazy\" class=\"alignnone size-medium wp-image-1424\" src=\"https:\/\/universnews224.com\/wp-content\/uploads\/2022\/05\/11411266-1368-4B10-8ED2-2910643CDC23-300x225.jpeg\" alt=\"\" width=\"300\" height=\"225\" srcset=\"https:\/\/universnews224.com\/wp-content\/uploads\/2022\/05\/11411266-1368-4B10-8ED2-2910643CDC23-300x225.jpeg 300w, https:\/\/universnews224.com\/wp-content\/uploads\/2022\/05\/11411266-1368-4B10-8ED2-2910643CDC23-1024x768.jpeg 1024w, https:\/\/universnews224.com\/wp-content\/uploads\/2022\/05\/11411266-1368-4B10-8ED2-2910643CDC23-768x576.jpeg 768w, https:\/\/universnews224.com\/wp-content\/uploads\/2022\/05\/11411266-1368-4B10-8ED2-2910643CDC23-1536x1152.jpeg 1536w, https:\/\/universnews224.com\/wp-content\/uploads\/2022\/05\/11411266-1368-4B10-8ED2-2910643CDC23-2048x1536.jpeg 2048w, https:\/\/universnews224.com\/wp-content\/uploads\/2022\/05\/11411266-1368-4B10-8ED2-2910643CDC23-720x540.jpeg 720w\" sizes=\"(max-width: 300px) 100vw, 300px\" \/><\/a><\/p>\n<p>Camara Mamadouba<\/p>\n<p>611 46 04 10<\/p>\n","protected":false},"excerpt":{"rendered":"","protected":false},"author":2,"featured_media":1369,"comment_status":"closed","ping_status":"open","sticky":false,"template":"","format":"standard","meta":[],"categories":[3,4],"tags":[230],"yoast_head":"<!-- This site is optimized with the Yoast SEO plugin v19.13 - https:\/\/yoast.com\/wordpress\/plugins\/seo\/ -->\n<title>Cours des comptes: le nouveau pr\u00e9sident et le commissaire du gouvernement pr\u00e8s de la cour prennent fonction. - UNIVERSNEWS224<\/title>\n<meta name=\"robots\" content=\"index, follow, max-snippet:-1, max-image-preview:large, max-video-preview:-1\" \/>\n<link rel=\"canonical\" href=\"https:\/\/universnews224.com\/index.php\/cours-des-comptes-le-nouveau-president-et-le-commissaire-du-gouvernement-pres-de-la-cour-prennent-fonction\/\" \/>\n<meta property=\"og:locale\" content=\"fr_FR\" \/>\n<meta property=\"og:type\" content=\"article\" \/>\n<meta property=\"og:title\" content=\"Cours des comptes: le nouveau pr\u00e9sident et le commissaire du gouvernement pr\u00e8s de la cour prennent fonction. - UNIVERSNEWS224\" \/>\n<meta property=\"og:url\" content=\"https:\/\/universnews224.com\/index.php\/cours-des-comptes-le-nouveau-president-et-le-commissaire-du-gouvernement-pres-de-la-cour-prennent-fonction\/\" \/>\n<meta property=\"og:site_name\" content=\"UNIVERSNEWS224\" \/>\n<meta property=\"article:published_time\" content=\"2022-05-18T14:16:09+00:00\" \/>\n<meta property=\"article:modified_time\" content=\"2022-05-18T14:17:52+00:00\" \/>\n<meta property=\"og:image\" content=\"https:\/\/universnews224.com\/wp-content\/uploads\/2022\/05\/E91907AE-3697-4735-9840-926A2D88D57F-scaled.jpeg\" \/>\n\t<meta property=\"og:image:width\" content=\"2560\" \/>\n\t<meta property=\"og:image:height\" content=\"1920\" \/>\n\t<meta property=\"og:image:type\" content=\"image\/jpeg\" \/>\n<meta name=\"author\" content=\"La R\u00e9daction\" \/>\n<meta name=\"twitter:label1\" content=\"\u00c9crit par\" \/>\n\t<meta name=\"twitter:data1\" content=\"La R\u00e9daction\" \/>\n\t<meta name=\"twitter:label2\" content=\"Dur\u00e9e de lecture estim\u00e9e\" \/>\n\t<meta name=\"twitter:data2\" content=\"3 minutes\" \/>\n<script type=\"application\/ld+json\" class=\"yoast-schema-graph\">{\"@context\":\"https:\/\/schema.org\",\"@graph\":[{\"@type\":\"Article\",\"@id\":\"https:\/\/universnews224.com\/index.php\/cours-des-comptes-le-nouveau-president-et-le-commissaire-du-gouvernement-pres-de-la-cour-prennent-fonction\/#article\",\"isPartOf\":{\"@id\":\"https:\/\/universnews224.com\/index.php\/cours-des-comptes-le-nouveau-president-et-le-commissaire-du-gouvernement-pres-de-la-cour-prennent-fonction\/\"},\"author\":{\"name\":\"La R\u00e9daction\",\"@id\":\"https:\/\/universnews224.com\/#\/schema\/person\/a4b7d4f94a4716df60456a491260485e\"},\"headline\":\"Cours des comptes: le nouveau pr\u00e9sident et le commissaire du gouvernement pr\u00e8s de la cour prennent fonction.\",\"datePublished\":\"2022-05-18T14:16:09+00:00\",\"dateModified\":\"2022-05-18T14:17:52+00:00\",\"mainEntityOfPage\":{\"@id\":\"https:\/\/universnews224.com\/index.php\/cours-des-comptes-le-nouveau-president-et-le-commissaire-du-gouvernement-pres-de-la-cour-prennent-fonction\/\"},\"wordCount\":461,\"publisher\":{\"@id\":\"https:\/\/universnews224.com\/#organization\"},\"keywords\":[\"La\"],\"articleSection\":[\"ACTU\",\"POLITIQUE\"],\"inLanguage\":\"fr-FR\"},{\"@type\":\"WebPage\",\"@id\":\"https:\/\/universnews224.com\/index.php\/cours-des-comptes-le-nouveau-president-et-le-commissaire-du-gouvernement-pres-de-la-cour-prennent-fonction\/\",\"url\":\"https:\/\/universnews224.com\/index.php\/cours-des-comptes-le-nouveau-president-et-le-commissaire-du-gouvernement-pres-de-la-cour-prennent-fonction\/\",\"name\":\"Cours des comptes: le nouveau pr\u00e9sident et le commissaire du gouvernement pr\u00e8s de la cour prennent fonction. - UNIVERSNEWS224\",\"isPartOf\":{\"@id\":\"https:\/\/universnews224.com\/#website\"},\"datePublished\":\"2022-05-18T14:16:09+00:00\",\"dateModified\":\"2022-05-18T14:17:52+00:00\",\"inLanguage\":\"fr-FR\",\"potentialAction\":[{\"@type\":\"ReadAction\",\"target\":[\"https:\/\/universnews224.com\/index.php\/cours-des-comptes-le-nouveau-president-et-le-commissaire-du-gouvernement-pres-de-la-cour-prennent-fonction\/\"]}]},{\"@type\":\"WebSite\",\"@id\":\"https:\/\/universnews224.com\/#website\",\"url\":\"https:\/\/universnews224.com\/\",\"name\":\"UNIVERSNEWS224\",\"description\":\"\",\"publisher\":{\"@id\":\"https:\/\/universnews224.com\/#organization\"},\"potentialAction\":[{\"@type\":\"SearchAction\",\"target\":{\"@type\":\"EntryPoint\",\"urlTemplate\":\"https:\/\/universnews224.com\/?s={search_term_string}\"},\"query-input\":\"required name=search_term_string\"}],\"inLanguage\":\"fr-FR\"},{\"@type\":\"Organization\",\"@id\":\"https:\/\/universnews224.com\/#organization\",\"name\":\"UNIVERSNEWS224\",\"url\":\"https:\/\/universnews224.com\/\",\"logo\":{\"@type\":\"ImageObject\",\"inLanguage\":\"fr-FR\",\"@id\":\"https:\/\/universnews224.com\/#\/schema\/logo\/image\/\",\"url\":\"https:\/\/universnews224.com\/wp-content\/uploads\/2022\/08\/cropped-cropped-logoban.jpg\",\"contentUrl\":\"https:\/\/universnews224.com\/wp-content\/uploads\/2022\/08\/cropped-cropped-logoban.jpg\",\"width\":1080,\"height\":138,\"caption\":\"UNIVERSNEWS224\"},\"image\":{\"@id\":\"https:\/\/universnews224.com\/#\/schema\/logo\/image\/\"}},{\"@type\":\"Person\",\"@id\":\"https:\/\/universnews224.com\/#\/schema\/person\/a4b7d4f94a4716df60456a491260485e\",\"name\":\"La R\u00e9daction\",\"image\":{\"@type\":\"ImageObject\",\"inLanguage\":\"fr-FR\",\"@id\":\"https:\/\/universnews224.com\/#\/schema\/person\/image\/\",\"url\":\"https:\/\/secure.gravatar.com\/avatar\/edb90acc7752b23e1b3307ad36c14f0d?s=96&d=mm&r=g\",\"contentUrl\":\"https:\/\/secure.gravatar.com\/avatar\/edb90acc7752b23e1b3307ad36c14f0d?s=96&d=mm&r=g\",\"caption\":\"La R\u00e9daction\"},\"sameAs\":[\"https:\/\/universnews224.com\"],\"url\":\"https:\/\/universnews224.com\/index.php\/author\/m-camara\/\"}]}<\/script>\n<!-- \/ Yoast SEO plugin. -->","yoast_head_json":{"title":"Cours des comptes: le nouveau pr\u00e9sident et le commissaire du gouvernement pr\u00e8s de la cour prennent fonction. - UNIVERSNEWS224","robots":{"index":"index","follow":"follow","max-snippet":"max-snippet:-1","max-image-preview":"max-image-preview:large","max-video-preview":"max-video-preview:-1"},"canonical":"https:\/\/universnews224.com\/index.php\/cours-des-comptes-le-nouveau-president-et-le-commissaire-du-gouvernement-pres-de-la-cour-prennent-fonction\/","og_locale":"fr_FR","og_type":"article","og_title":"Cours des comptes: le nouveau pr\u00e9sident et le commissaire du gouvernement pr\u00e8s de la cour prennent fonction. - UNIVERSNEWS224","og_url":"https:\/\/universnews224.com\/index.php\/cours-des-comptes-le-nouveau-president-et-le-commissaire-du-gouvernement-pres-de-la-cour-prennent-fonction\/","og_site_name":"UNIVERSNEWS224","article_published_time":"2022-05-18T14:16:09+00:00","article_modified_time":"2022-05-18T14:17:52+00:00","og_image":[{"width":2560,"height":1920,"url":"https:\/\/universnews224.com\/wp-content\/uploads\/2022\/05\/E91907AE-3697-4735-9840-926A2D88D57F-scaled.jpeg","type":"image\/jpeg"}],"author":"La R\u00e9daction","twitter_misc":{"\u00c9crit par":"La R\u00e9daction","Dur\u00e9e de lecture estim\u00e9e":"3 minutes"},"schema":{"@context":"https:\/\/schema.org","@graph":[{"@type":"Article","@id":"https:\/\/universnews224.com\/index.php\/cours-des-comptes-le-nouveau-president-et-le-commissaire-du-gouvernement-pres-de-la-cour-prennent-fonction\/#article","isPartOf":{"@id":"https:\/\/universnews224.com\/index.php\/cours-des-comptes-le-nouveau-president-et-le-commissaire-du-gouvernement-pres-de-la-cour-prennent-fonction\/"},"author":{"name":"La R\u00e9daction","@id":"https:\/\/universnews224.com\/#\/schema\/person\/a4b7d4f94a4716df60456a491260485e"},"headline":"Cours des comptes: le nouveau pr\u00e9sident et le commissaire du gouvernement pr\u00e8s de la cour prennent fonction.","datePublished":"2022-05-18T14:16:09+00:00","dateModified":"2022-05-18T14:17:52+00:00","mainEntityOfPage":{"@id":"https:\/\/universnews224.com\/index.php\/cours-des-comptes-le-nouveau-president-et-le-commissaire-du-gouvernement-pres-de-la-cour-prennent-fonction\/"},"wordCount":461,"publisher":{"@id":"https:\/\/universnews224.com\/#organization"},"keywords":["La"],"articleSection":["ACTU","POLITIQUE"],"inLanguage":"fr-FR"},{"@type":"WebPage","@id":"https:\/\/universnews224.com\/index.php\/cours-des-comptes-le-nouveau-president-et-le-commissaire-du-gouvernement-pres-de-la-cour-prennent-fonction\/","url":"https:\/\/universnews224.com\/index.php\/cours-des-comptes-le-nouveau-president-et-le-commissaire-du-gouvernement-pres-de-la-cour-prennent-fonction\/","name":"Cours des comptes: le nouveau pr\u00e9sident et le commissaire du gouvernement pr\u00e8s de la cour prennent fonction. - UNIVERSNEWS224","isPartOf":{"@id":"https:\/\/universnews224.com\/#website"},"datePublished":"2022-05-18T14:16:09+00:00","dateModified":"2022-05-18T14:17:52+00:00","inLanguage":"fr-FR","potentialAction":[{"@type":"ReadAction","target":["https:\/\/universnews224.com\/index.php\/cours-des-comptes-le-nouveau-president-et-le-commissaire-du-gouvernement-pres-de-la-cour-prennent-fonction\/"]}]},{"@type":"WebSite","@id":"https:\/\/universnews224.com\/#website","url":"https:\/\/universnews224.com\/","name":"UNIVERSNEWS224","description":"","publisher":{"@id":"https:\/\/universnews224.com\/#organization"},"potentialAction":[{"@type":"SearchAction","target":{"@type":"EntryPoint","urlTemplate":"https:\/\/universnews224.com\/?s={search_term_string}"},"query-input":"required name=search_term_string"}],"inLanguage":"fr-FR"},{"@type":"Organization","@id":"https:\/\/universnews224.com\/#organization","name":"UNIVERSNEWS224","url":"https:\/\/universnews224.com\/","logo":{"@type":"ImageObject","inLanguage":"fr-FR","@id":"https:\/\/universnews224.com\/#\/schema\/logo\/image\/","url":"https:\/\/universnews224.com\/wp-content\/uploads\/2022\/08\/cropped-cropped-logoban.jpg","contentUrl":"https:\/\/universnews224.com\/wp-content\/uploads\/2022\/08\/cropped-cropped-logoban.jpg","width":1080,"height":138,"caption":"UNIVERSNEWS224"},"image":{"@id":"https:\/\/universnews224.com\/#\/schema\/logo\/image\/"}},{"@type":"Person","@id":"https:\/\/universnews224.com\/#\/schema\/person\/a4b7d4f94a4716df60456a491260485e","name":"La R\u00e9daction","image":{"@type":"ImageObject","inLanguage":"fr-FR","@id":"https:\/\/universnews224.com\/#\/schema\/person\/image\/","url":"https:\/\/secure.gravatar.com\/avatar\/edb90acc7752b23e1b3307ad36c14f0d?s=96&d=mm&r=g","contentUrl":"https:\/\/secure.gravatar.com\/avatar\/edb90acc7752b23e1b3307ad36c14f0d?s=96&d=mm&r=g","caption":"La R\u00e9daction"},"sameAs":["https:\/\/universnews224.com"],"url":"https:\/\/universnews224.com\/index.php\/author\/m-camara\/"}]}},"_links":{"self":[{"href":"https:\/\/universnews224.com\/index.php\/wp-json\/wp\/v2\/posts\/1421"}],"collection":[{"href":"https:\/\/universnews224.com\/index.php\/wp-json\/wp\/v2\/posts"}],"about":[{"href":"https:\/\/universnews224.com\/index.php\/wp-json\/wp\/v2\/types\/post"}],"author":[{"embeddable":true,"href":"https:\/\/universnews224.com\/index.php\/wp-json\/wp\/v2\/users\/2"}],"replies":[{"embeddable":true,"href":"https:\/\/universnews224.com\/index.php\/wp-json\/wp\/v2\/comments?post=1421"}],"version-history":[{"count":2,"href":"https:\/\/universnews224.com\/index.php\/wp-json\/wp\/v2\/posts\/1421\/revisions"}],"predecessor-version":[{"id":1427,"href":"https:\/\/universnews224.com\/index.php\/wp-json\/wp\/v2\/posts\/1421\/revisions\/1427"}],"wp:featuredmedia":[{"embeddable":true,"href":"https:\/\/universnews224.com\/index.php\/wp-json\/wp\/v2\/media\/1369"}],"wp:attachment":[{"href":"https:\/\/universnews224.com\/index.php\/wp-json\/wp\/v2\/media?parent=1421"}],"wp:term":[{"taxonomy":"category","embeddable":true,"href":"https:\/\/universnews224.com\/index.php\/wp-json\/wp\/v2\/categories?post=1421"},{"taxonomy":"post_tag","embeddable":true,"href":"https:\/\/universnews224.com\/index.php\/wp-json\/wp\/v2\/tags?post=1421"}],"curies":[{"name":"wp","href":"https:\/\/api.w.org\/{rel}","templated":true}]}}