{"id":1432,"date":"2022-05-20T08:09:29","date_gmt":"2022-05-20T07:09:29","guid":{"rendered":"https:\/\/universnews224.com\/?p=1432"},"modified":"2022-05-20T08:09:29","modified_gmt":"2022-05-20T07:09:29","slug":"guinee-confederation-generale-des-entreprises-de-guinee-cge-gui-lance-officiellement-ses-activites","status":"publish","type":"post","link":"https:\/\/universnews224.com\/index.php\/guinee-confederation-generale-des-entreprises-de-guinee-cge-gui-lance-officiellement-ses-activites\/","title":{"rendered":"Guin\u00e9e: Conf\u00e9d\u00e9ration G\u00e9n\u00e9rale des Entreprises de Guin\u00e9e (CGE-GUI) lance officiellement ses activit\u00e9s."},"content":{"rendered":"<div dir=\"ltr\"><strong>Min\u00e9es depuis quelques ann\u00e9es par une crise de leadership, les organisations patronales de Guin\u00e9e ont d\u00e9cid\u00e9 de se donner les mains pour un secteur priv\u00e9 guin\u00e9en fort et dynamique. C\u2019est dans cette option apr\u00e8s seulement quelques mois de son unification que la Conf\u00e9d\u00e9ration G\u00e9n\u00e9rale des Entreprises de Guin\u00e9e (CGE-GUI) a lanc\u00e9 officiellement ses activit\u00e9s ce jeudi, 19 mai 2022.<\/strong><\/div>\n<div dir=\"ltr\"><strong>Cette c\u00e9r\u00e9monie a \u00e9t\u00e9 pr\u00e9sid\u00e9e par le premier ministre, chef du gouvernement, Mohamed B\u00e9avogui, accompagn\u00e9 par plusieurs ministres de son \u00e9quipe gouvernementale.<br \/>\n<a href=\"https:\/\/universnews224.com\/wp-content\/uploads\/2022\/05\/51021BDD-1458-4AD7-9E37-0B27D62059AC-scaled.jpeg\"><img loading=\"lazy\" class=\"alignnone size-medium wp-image-1433\" src=\"https:\/\/universnews224.com\/wp-content\/uploads\/2022\/05\/51021BDD-1458-4AD7-9E37-0B27D62059AC-300x225.jpeg\" alt=\"\" width=\"300\" height=\"225\" srcset=\"https:\/\/universnews224.com\/wp-content\/uploads\/2022\/05\/51021BDD-1458-4AD7-9E37-0B27D62059AC-300x225.jpeg 300w, https:\/\/universnews224.com\/wp-content\/uploads\/2022\/05\/51021BDD-1458-4AD7-9E37-0B27D62059AC-1024x768.jpeg 1024w, https:\/\/universnews224.com\/wp-content\/uploads\/2022\/05\/51021BDD-1458-4AD7-9E37-0B27D62059AC-768x576.jpeg 768w, https:\/\/universnews224.com\/wp-content\/uploads\/2022\/05\/51021BDD-1458-4AD7-9E37-0B27D62059AC-1536x1152.jpeg 1536w, https:\/\/universnews224.com\/wp-content\/uploads\/2022\/05\/51021BDD-1458-4AD7-9E37-0B27D62059AC-2048x1536.jpeg 2048w, https:\/\/universnews224.com\/wp-content\/uploads\/2022\/05\/51021BDD-1458-4AD7-9E37-0B27D62059AC-720x540.jpeg 720w\" sizes=\"(max-width: 300px) 100vw, 300px\" \/><\/a><br \/>\n<\/strong><\/div>\n<div dir=\"ltr\"><\/div>\n<div dir=\"ltr\">\nDans discours de circonstance, le pr\u00e9sident Conf\u00e9d\u00e9ration G\u00e9n\u00e9rale des Entreprises de Guin\u00e9e(CGE-GUI), Ansoumane Kaba a tout d\u2019abord remerci\u00e9 le gouvernement Guin\u00e9en pour son implication pour l\u2019unification du patronat Guin\u00e9en min\u00e9 ces derri\u00e8res ann\u00e9es par une crise de leadership,avant de s\u2019engager au nom de ces pairs \u00e0 b\u00e2tir un secteur priv\u00e9 fort.<br \/>\n<a href=\"https:\/\/universnews224.com\/wp-content\/uploads\/2022\/05\/717A6A56-41EC-4F33-B4A5-F5704EA18614-scaled.jpeg\"><img loading=\"lazy\" class=\"alignnone size-medium wp-image-1434\" src=\"https:\/\/universnews224.com\/wp-content\/uploads\/2022\/05\/717A6A56-41EC-4F33-B4A5-F5704EA18614-300x225.jpeg\" alt=\"\" width=\"300\" height=\"225\" srcset=\"https:\/\/universnews224.com\/wp-content\/uploads\/2022\/05\/717A6A56-41EC-4F33-B4A5-F5704EA18614-300x225.jpeg 300w, https:\/\/universnews224.com\/wp-content\/uploads\/2022\/05\/717A6A56-41EC-4F33-B4A5-F5704EA18614-1024x768.jpeg 1024w, https:\/\/universnews224.com\/wp-content\/uploads\/2022\/05\/717A6A56-41EC-4F33-B4A5-F5704EA18614-768x576.jpeg 768w, https:\/\/universnews224.com\/wp-content\/uploads\/2022\/05\/717A6A56-41EC-4F33-B4A5-F5704EA18614-1536x1152.jpeg 1536w, https:\/\/universnews224.com\/wp-content\/uploads\/2022\/05\/717A6A56-41EC-4F33-B4A5-F5704EA18614-2048x1536.jpeg 2048w, https:\/\/universnews224.com\/wp-content\/uploads\/2022\/05\/717A6A56-41EC-4F33-B4A5-F5704EA18614-720x540.jpeg 720w\" sizes=\"(max-width: 300px) 100vw, 300px\" \/><\/a><\/p>\n<p>\u201c<em>Permettez-moi de vous dire que mes pairs et moi-m\u00eame, avons d\u00e9cid\u00e9 d\u2019\u0153uvrer, unis et solidaires, de concert avec tous nos membres afin de construire un secteur priv\u00e9 fort, producteur de la richesse et d\u2019emploi, au servi de la prosp\u00e9rit\u00e9 des entreprises Guin\u00e9enne et partant de nos population. Cette dynamique et cette volont\u00e9 qui sont les n\u00f4tres, d\u2019\u00eatre un levier tr\u00e8s important du d\u00e9veloppement \u00e9conomique et social de la nation, a toutes les chances de prosp\u00e9rer, car les s\u00e9ances de travail que le pr\u00e9sident de la R\u00e9publique, puis-vous m\u00eames, nous avez fait l\u2019honneur de nous accorder, ont clairement d\u00e9montr\u00e9 et exprim\u00e9 votre indubitable volont\u00e9 de cr\u00e9er les conditions d\u2019un environnement des affaires propices \u00e0 la l\u2019activit\u00e9, tant des op\u00e9rateurs \u00e9conomiques organis\u00e9s que nous sommes, que de l\u2019informel qui,il faut le souligner, repr\u00e9sente une grande partie de l\u2019activit\u00e9 \u00e9conomique et commerciale de la Guin\u00e9e<\/em>\u00a0\u00bb a t-il dit<\/p>\n<p>Poursuivant, l\u2019ancien pr\u00e9sident du Conseil National du Patronat de Guin\u00e9e demande aux nouvelles autorit\u00e9s de doter la CGE-GUI d\u2019un cadre institutionnel l\u00e9gal et r\u00e9glementaire ad\u00e9quat pour l\u2019\u00e9panouissement du priv\u00e9 Guin\u00e9en.<\/p><\/div>\n<div dir=\"ltr\"><\/div>\n<div dir=\"ltr\">\n\u00ab\u00a0<em>Donnez-nous s\u2019il vous pla\u00eet, le cadre institutionnel, l\u00e9gal et r\u00e9glementaire ad\u00e9quat pour l\u2019\u00e9panouissement du secteur priv\u00e9, et nous vous donnerons beaucoup plus de richesses pour vous aider \u00e0 r\u00e9aliser tous vous programmes relatifs aux infrastructures,\u00e0 l\u2019agriculture, aux mines, \u00e0 l\u2019\u00e9ducation, \u00e0 la formation professionnelle et au social pour le bonheur de nos population<\/em>s\u00a0\u00bb a t-il exhort\u00e9.<\/p>\n<p>Plus loin,le PDG Guiters plaide pour de la traduction en loi le contenu local et la gestion des carri\u00e8res en Guin\u00e9e dans l\u2019int\u00e9r\u00eat des entreprises et des populations.<\/p><\/div>\n<div dir=\"ltr\">\n<p>\u201c<em>Nous cr\u00e9erons aussi des emplois pour nos jeunes, \u00e9vitant ainsi les crises sociales et les travers\u00e9es mortelles et h\u00e9las sans espoir, avec l\u2019illusion tr\u00e8s r\u00e9mun\u00e9rateurs de l\u2019autre c\u00f4t\u00e9 de la mer gr\u00e2ce \u00e0 l\u2019\u00e9migration. Il convient \u00e0 ce stade de mon intervention, de souligner avec grande conviction et de plaider tr\u00e8s fortement en faveur de la traduction en loi du contenu local et de la gestion des carri\u00e8res dans l\u2019int\u00e9r\u00eat inclusif de nos entreprises et de nos populations sans oublier d\u2019identifier les m\u00e9canismes plus idoines pour le financement des PME tout en favorisant l\u2019acc\u00e8s aux march\u00e9s publics \u00e0 la sous-traitance et \u00e0 la cotraitance pour les entreprises locales<\/em>\u00a0\u00bb a t-il soulign\u00e9.<\/p>\n<p>Pr\u00e9sidant cette c\u00e9r\u00e9monie, le premier ministre, chef du gouvernement, Mohamed B\u00e9avogui a f\u00e9licit\u00e9 toutes les organisations patronales qui ont d\u00e9cid\u00e9 d\u2019unir leurs forces afin de parler d\u2019une seule voix, avant de mentionner que le nouveau vissage du patronat Guin\u00e9en sous le vocable de Conf\u00e9d\u00e9ration G\u00e9n\u00e9rale des Entreprise de Guin\u00e9e est la r\u00e9sultante de l\u2019effort des acteurs publics et priv\u00e9s.<\/p><\/div>\n<div dir=\"ltr\"><a href=\"https:\/\/universnews224.com\/wp-content\/uploads\/2022\/05\/4BC1BF26-4065-4B8C-9E02-DF2E75CE5AD9-scaled.jpeg\"><img loading=\"lazy\" class=\"alignnone size-medium wp-image-1437\" src=\"https:\/\/universnews224.com\/wp-content\/uploads\/2022\/05\/4BC1BF26-4065-4B8C-9E02-DF2E75CE5AD9-300x225.jpeg\" alt=\"\" width=\"300\" height=\"225\" srcset=\"https:\/\/universnews224.com\/wp-content\/uploads\/2022\/05\/4BC1BF26-4065-4B8C-9E02-DF2E75CE5AD9-300x225.jpeg 300w, https:\/\/universnews224.com\/wp-content\/uploads\/2022\/05\/4BC1BF26-4065-4B8C-9E02-DF2E75CE5AD9-1024x768.jpeg 1024w, https:\/\/universnews224.com\/wp-content\/uploads\/2022\/05\/4BC1BF26-4065-4B8C-9E02-DF2E75CE5AD9-768x576.jpeg 768w, https:\/\/universnews224.com\/wp-content\/uploads\/2022\/05\/4BC1BF26-4065-4B8C-9E02-DF2E75CE5AD9-1536x1152.jpeg 1536w, https:\/\/universnews224.com\/wp-content\/uploads\/2022\/05\/4BC1BF26-4065-4B8C-9E02-DF2E75CE5AD9-2048x1536.jpeg 2048w, https:\/\/universnews224.com\/wp-content\/uploads\/2022\/05\/4BC1BF26-4065-4B8C-9E02-DF2E75CE5AD9-720x540.jpeg 720w\" sizes=\"(max-width: 300px) 100vw, 300px\" \/><\/a><\/p>\n<p>\u201c<em>Nous vivons en effet, de la concr\u00e9tisation d\u2019un fait que nous avons tous appel\u00e9 de vos v\u0153ux et qui nous semblait impossible d\u2019atteindre , mais la Guin\u00e9e, c\u2019est le pays de tous les dossiers\u2026Le nouveau visage du patronat Guin\u00e9en sous le vocable de Conf\u00e9d\u00e9ration G\u00e9n\u00e9rale des Entreprise de Guin\u00e9e est la r\u00e9sultante de l\u2019effort des acteurs publics et priv\u00e9s soutenu par la banque mondiale dans le cadre d\u2019un partenariat f\u00e9cond visant \u00e0 faire triompher un id\u00e9al de projet tant cher au CNRD et au gouvernement. En intelligence avec le minist\u00e8re du commerce et des PME et celui du travail et de la fonction publique, vous \u00eates parvenus au fil des n\u00e9gociations avec un esprit de patriotisme \u00e0 aboutir \u00e0 un instrument capable de dynamiser \u00e0 la fois l\u2019emploi, la sous-traitance et la co-traintance, la protection sociale, en un mot le contenu local<\/em>\u00ab\u00a0avant d\u2019ajouter:<\/p>\n<p>\u201c<em>Nouvel \u00e9tat d\u2019esprit que vous affichez c\u2019est un signe positif du processus de r\u00e9fondation de notre pays qui s\u2019inscrit dans la vision partag\u00e9e du pr\u00e9sident du CNRD,le colonel Mamadi Doumbouya qui est de mettre ensemble Guin\u00e9ens pour construire un \u00c9tat viable au service de tous. Nous saluons toutes les synergies d\u00e9ploy\u00e9es pour avancer vers une unit\u00e9 d\u2019action. Nous comptons sur nous pour ainsi dynamiser notre \u00e9conomie, cr\u00e9er des opportunit\u00e9s d\u2019emploi et de la richesse\u00a0\u00bb.<\/em><\/p>\n<p>Pour terminer, le chef du gouvernement \u00a0Guin\u00e9en a rassur\u00e9 la CGE-GUIN\u00c9E quant \u00e0 l\u2019accompagnement du CNRD et de son gouvernement pour ainsi dynamiser notre \u00e9conomie, cr\u00e9er des emplois et de la richesse pour une soci\u00e9t\u00e9 juste et \u00e9galitaire.<\/p><\/div>\n<div dir=\"ltr\"><a href=\"https:\/\/universnews224.com\/wp-content\/uploads\/2022\/05\/91C2CA7C-6396-46D9-B59E-69F18B56626E-scaled.jpeg\"><img loading=\"lazy\" class=\"alignnone size-medium wp-image-1438\" src=\"https:\/\/universnews224.com\/wp-content\/uploads\/2022\/05\/91C2CA7C-6396-46D9-B59E-69F18B56626E-300x225.jpeg\" alt=\"\" width=\"300\" height=\"225\" srcset=\"https:\/\/universnews224.com\/wp-content\/uploads\/2022\/05\/91C2CA7C-6396-46D9-B59E-69F18B56626E-300x225.jpeg 300w, https:\/\/universnews224.com\/wp-content\/uploads\/2022\/05\/91C2CA7C-6396-46D9-B59E-69F18B56626E-1024x768.jpeg 1024w, https:\/\/universnews224.com\/wp-content\/uploads\/2022\/05\/91C2CA7C-6396-46D9-B59E-69F18B56626E-768x576.jpeg 768w, https:\/\/universnews224.com\/wp-content\/uploads\/2022\/05\/91C2CA7C-6396-46D9-B59E-69F18B56626E-1536x1152.jpeg 1536w, https:\/\/universnews224.com\/wp-content\/uploads\/2022\/05\/91C2CA7C-6396-46D9-B59E-69F18B56626E-2048x1536.jpeg 2048w, https:\/\/universnews224.com\/wp-content\/uploads\/2022\/05\/91C2CA7C-6396-46D9-B59E-69F18B56626E-720x540.jpeg 720w\" sizes=\"(max-width: 300px) 100vw, 300px\" \/><\/a><\/p>\n<p>Mohamed Camara<\/p><\/div>\n<div dir=\"ltr\">611 46 04 10<\/div>\n","protected":false},"excerpt":{"rendered":"<p>Min\u00e9es depuis quelques ann\u00e9es par une crise de leadership, les organisations patronales de Guin\u00e9e ont<\/p>\n","protected":false},"author":2,"featured_media":1439,"comment_status":"closed","ping_status":"open","sticky":false,"template":"","format":"standard","meta":[],"categories":[3],"tags":[229],"yoast_head":"<!-- This site is optimized with the Yoast SEO plugin v19.13 - https:\/\/yoast.com\/wordpress\/plugins\/seo\/ -->\n<title>Guin\u00e9e: Conf\u00e9d\u00e9ration G\u00e9n\u00e9rale des Entreprises de Guin\u00e9e (CGE-GUI) lance officiellement ses activit\u00e9s. - UNIVERSNEWS224<\/title>\n<meta name=\"robots\" content=\"index, follow, max-snippet:-1, max-image-preview:large, max-video-preview:-1\" \/>\n<link rel=\"canonical\" href=\"https:\/\/universnews224.com\/index.php\/guinee-confederation-generale-des-entreprises-de-guinee-cge-gui-lance-officiellement-ses-activites\/\" \/>\n<meta property=\"og:locale\" content=\"fr_FR\" \/>\n<meta property=\"og:type\" content=\"article\" \/>\n<meta property=\"og:title\" content=\"Guin\u00e9e: Conf\u00e9d\u00e9ration G\u00e9n\u00e9rale des Entreprises de Guin\u00e9e (CGE-GUI) lance officiellement ses activit\u00e9s. - UNIVERSNEWS224\" \/>\n<meta property=\"og:description\" content=\"Min\u00e9es depuis quelques ann\u00e9es par une crise de leadership, les organisations patronales de Guin\u00e9e ont\" \/>\n<meta property=\"og:url\" content=\"https:\/\/universnews224.com\/index.php\/guinee-confederation-generale-des-entreprises-de-guinee-cge-gui-lance-officiellement-ses-activites\/\" \/>\n<meta property=\"og:site_name\" content=\"UNIVERSNEWS224\" \/>\n<meta property=\"article:published_time\" content=\"2022-05-20T07:09:29+00:00\" \/>\n<meta property=\"og:image\" content=\"https:\/\/universnews224.com\/wp-content\/uploads\/2022\/05\/EE57672E-1F8A-4BE1-A264-05F94A99C379-scaled.jpeg\" \/>\n\t<meta property=\"og:image:width\" content=\"2560\" \/>\n\t<meta property=\"og:image:height\" content=\"1920\" \/>\n\t<meta property=\"og:image:type\" content=\"image\/jpeg\" \/>\n<meta name=\"author\" content=\"La R\u00e9daction\" \/>\n<meta name=\"twitter:label1\" content=\"\u00c9crit par\" \/>\n\t<meta name=\"twitter:data1\" content=\"La R\u00e9daction\" \/>\n\t<meta name=\"twitter:label2\" content=\"Dur\u00e9e de lecture estim\u00e9e\" \/>\n\t<meta name=\"twitter:data2\" content=\"6 minutes\" \/>\n<script type=\"application\/ld+json\" class=\"yoast-schema-graph\">{\"@context\":\"https:\/\/schema.org\",\"@graph\":[{\"@type\":\"Article\",\"@id\":\"https:\/\/universnews224.com\/index.php\/guinee-confederation-generale-des-entreprises-de-guinee-cge-gui-lance-officiellement-ses-activites\/#article\",\"isPartOf\":{\"@id\":\"https:\/\/universnews224.com\/index.php\/guinee-confederation-generale-des-entreprises-de-guinee-cge-gui-lance-officiellement-ses-activites\/\"},\"author\":{\"name\":\"La R\u00e9daction\",\"@id\":\"https:\/\/universnews224.com\/#\/schema\/person\/a4b7d4f94a4716df60456a491260485e\"},\"headline\":\"Guin\u00e9e: Conf\u00e9d\u00e9ration G\u00e9n\u00e9rale des Entreprises de Guin\u00e9e (CGE-GUI) lance officiellement ses activit\u00e9s.\",\"datePublished\":\"2022-05-20T07:09:29+00:00\",\"dateModified\":\"2022-05-20T07:09:29+00:00\",\"mainEntityOfPage\":{\"@id\":\"https:\/\/universnews224.com\/index.php\/guinee-confederation-generale-des-entreprises-de-guinee-cge-gui-lance-officiellement-ses-activites\/\"},\"wordCount\":987,\"publisher\":{\"@id\":\"https:\/\/universnews224.com\/#organization\"},\"keywords\":[\"La une\"],\"articleSection\":[\"ACTU\"],\"inLanguage\":\"fr-FR\"},{\"@type\":\"WebPage\",\"@id\":\"https:\/\/universnews224.com\/index.php\/guinee-confederation-generale-des-entreprises-de-guinee-cge-gui-lance-officiellement-ses-activites\/\",\"url\":\"https:\/\/universnews224.com\/index.php\/guinee-confederation-generale-des-entreprises-de-guinee-cge-gui-lance-officiellement-ses-activites\/\",\"name\":\"Guin\u00e9e: Conf\u00e9d\u00e9ration G\u00e9n\u00e9rale des Entreprises de Guin\u00e9e (CGE-GUI) lance officiellement ses activit\u00e9s. - UNIVERSNEWS224\",\"isPartOf\":{\"@id\":\"https:\/\/universnews224.com\/#website\"},\"datePublished\":\"2022-05-20T07:09:29+00:00\",\"dateModified\":\"2022-05-20T07:09:29+00:00\",\"inLanguage\":\"fr-FR\",\"potentialAction\":[{\"@type\":\"ReadAction\",\"target\":[\"https:\/\/universnews224.com\/index.php\/guinee-confederation-generale-des-entreprises-de-guinee-cge-gui-lance-officiellement-ses-activites\/\"]}]},{\"@type\":\"WebSite\",\"@id\":\"https:\/\/universnews224.com\/#website\",\"url\":\"https:\/\/universnews224.com\/\",\"name\":\"UNIVERSNEWS224\",\"description\":\"\",\"publisher\":{\"@id\":\"https:\/\/universnews224.com\/#organization\"},\"potentialAction\":[{\"@type\":\"SearchAction\",\"target\":{\"@type\":\"EntryPoint\",\"urlTemplate\":\"https:\/\/universnews224.com\/?s={search_term_string}\"},\"query-input\":\"required name=search_term_string\"}],\"inLanguage\":\"fr-FR\"},{\"@type\":\"Organization\",\"@id\":\"https:\/\/universnews224.com\/#organization\",\"name\":\"UNIVERSNEWS224\",\"url\":\"https:\/\/universnews224.com\/\",\"logo\":{\"@type\":\"ImageObject\",\"inLanguage\":\"fr-FR\",\"@id\":\"https:\/\/universnews224.com\/#\/schema\/logo\/image\/\",\"url\":\"https:\/\/universnews224.com\/wp-content\/uploads\/2022\/08\/cropped-cropped-logoban.jpg\",\"contentUrl\":\"https:\/\/universnews224.com\/wp-content\/uploads\/2022\/08\/cropped-cropped-logoban.jpg\",\"width\":1080,\"height\":138,\"caption\":\"UNIVERSNEWS224\"},\"image\":{\"@id\":\"https:\/\/universnews224.com\/#\/schema\/logo\/image\/\"}},{\"@type\":\"Person\",\"@id\":\"https:\/\/universnews224.com\/#\/schema\/person\/a4b7d4f94a4716df60456a491260485e\",\"name\":\"La R\u00e9daction\",\"image\":{\"@type\":\"ImageObject\",\"inLanguage\":\"fr-FR\",\"@id\":\"https:\/\/universnews224.com\/#\/schema\/person\/image\/\",\"url\":\"https:\/\/secure.gravatar.com\/avatar\/edb90acc7752b23e1b3307ad36c14f0d?s=96&d=mm&r=g\",\"contentUrl\":\"https:\/\/secure.gravatar.com\/avatar\/edb90acc7752b23e1b3307ad36c14f0d?s=96&d=mm&r=g\",\"caption\":\"La R\u00e9daction\"},\"sameAs\":[\"https:\/\/universnews224.com\"],\"url\":\"https:\/\/universnews224.com\/index.php\/author\/m-camara\/\"}]}<\/script>\n<!-- \/ Yoast SEO plugin. -->","yoast_head_json":{"title":"Guin\u00e9e: Conf\u00e9d\u00e9ration G\u00e9n\u00e9rale des Entreprises de Guin\u00e9e (CGE-GUI) lance officiellement ses activit\u00e9s. - UNIVERSNEWS224","robots":{"index":"index","follow":"follow","max-snippet":"max-snippet:-1","max-image-preview":"max-image-preview:large","max-video-preview":"max-video-preview:-1"},"canonical":"https:\/\/universnews224.com\/index.php\/guinee-confederation-generale-des-entreprises-de-guinee-cge-gui-lance-officiellement-ses-activites\/","og_locale":"fr_FR","og_type":"article","og_title":"Guin\u00e9e: Conf\u00e9d\u00e9ration G\u00e9n\u00e9rale des Entreprises de Guin\u00e9e (CGE-GUI) lance officiellement ses activit\u00e9s. - UNIVERSNEWS224","og_description":"Min\u00e9es depuis quelques ann\u00e9es par une crise de leadership, les organisations patronales de Guin\u00e9e ont","og_url":"https:\/\/universnews224.com\/index.php\/guinee-confederation-generale-des-entreprises-de-guinee-cge-gui-lance-officiellement-ses-activites\/","og_site_name":"UNIVERSNEWS224","article_published_time":"2022-05-20T07:09:29+00:00","og_image":[{"width":2560,"height":1920,"url":"https:\/\/universnews224.com\/wp-content\/uploads\/2022\/05\/EE57672E-1F8A-4BE1-A264-05F94A99C379-scaled.jpeg","type":"image\/jpeg"}],"author":"La R\u00e9daction","twitter_misc":{"\u00c9crit par":"La R\u00e9daction","Dur\u00e9e de lecture estim\u00e9e":"6 minutes"},"schema":{"@context":"https:\/\/schema.org","@graph":[{"@type":"Article","@id":"https:\/\/universnews224.com\/index.php\/guinee-confederation-generale-des-entreprises-de-guinee-cge-gui-lance-officiellement-ses-activites\/#article","isPartOf":{"@id":"https:\/\/universnews224.com\/index.php\/guinee-confederation-generale-des-entreprises-de-guinee-cge-gui-lance-officiellement-ses-activites\/"},"author":{"name":"La R\u00e9daction","@id":"https:\/\/universnews224.com\/#\/schema\/person\/a4b7d4f94a4716df60456a491260485e"},"headline":"Guin\u00e9e: Conf\u00e9d\u00e9ration G\u00e9n\u00e9rale des Entreprises de Guin\u00e9e (CGE-GUI) lance officiellement ses activit\u00e9s.","datePublished":"2022-05-20T07:09:29+00:00","dateModified":"2022-05-20T07:09:29+00:00","mainEntityOfPage":{"@id":"https:\/\/universnews224.com\/index.php\/guinee-confederation-generale-des-entreprises-de-guinee-cge-gui-lance-officiellement-ses-activites\/"},"wordCount":987,"publisher":{"@id":"https:\/\/universnews224.com\/#organization"},"keywords":["La une"],"articleSection":["ACTU"],"inLanguage":"fr-FR"},{"@type":"WebPage","@id":"https:\/\/universnews224.com\/index.php\/guinee-confederation-generale-des-entreprises-de-guinee-cge-gui-lance-officiellement-ses-activites\/","url":"https:\/\/universnews224.com\/index.php\/guinee-confederation-generale-des-entreprises-de-guinee-cge-gui-lance-officiellement-ses-activites\/","name":"Guin\u00e9e: Conf\u00e9d\u00e9ration G\u00e9n\u00e9rale des Entreprises de Guin\u00e9e (CGE-GUI) lance officiellement ses activit\u00e9s. - UNIVERSNEWS224","isPartOf":{"@id":"https:\/\/universnews224.com\/#website"},"datePublished":"2022-05-20T07:09:29+00:00","dateModified":"2022-05-20T07:09:29+00:00","inLanguage":"fr-FR","potentialAction":[{"@type":"ReadAction","target":["https:\/\/universnews224.com\/index.php\/guinee-confederation-generale-des-entreprises-de-guinee-cge-gui-lance-officiellement-ses-activites\/"]}]},{"@type":"WebSite","@id":"https:\/\/universnews224.com\/#website","url":"https:\/\/universnews224.com\/","name":"UNIVERSNEWS224","description":"","publisher":{"@id":"https:\/\/universnews224.com\/#organization"},"potentialAction":[{"@type":"SearchAction","target":{"@type":"EntryPoint","urlTemplate":"https:\/\/universnews224.com\/?s={search_term_string}"},"query-input":"required name=search_term_string"}],"inLanguage":"fr-FR"},{"@type":"Organization","@id":"https:\/\/universnews224.com\/#organization","name":"UNIVERSNEWS224","url":"https:\/\/universnews224.com\/","logo":{"@type":"ImageObject","inLanguage":"fr-FR","@id":"https:\/\/universnews224.com\/#\/schema\/logo\/image\/","url":"https:\/\/universnews224.com\/wp-content\/uploads\/2022\/08\/cropped-cropped-logoban.jpg","contentUrl":"https:\/\/universnews224.com\/wp-content\/uploads\/2022\/08\/cropped-cropped-logoban.jpg","width":1080,"height":138,"caption":"UNIVERSNEWS224"},"image":{"@id":"https:\/\/universnews224.com\/#\/schema\/logo\/image\/"}},{"@type":"Person","@id":"https:\/\/universnews224.com\/#\/schema\/person\/a4b7d4f94a4716df60456a491260485e","name":"La R\u00e9daction","image":{"@type":"ImageObject","inLanguage":"fr-FR","@id":"https:\/\/universnews224.com\/#\/schema\/person\/image\/","url":"https:\/\/secure.gravatar.com\/avatar\/edb90acc7752b23e1b3307ad36c14f0d?s=96&d=mm&r=g","contentUrl":"https:\/\/secure.gravatar.com\/avatar\/edb90acc7752b23e1b3307ad36c14f0d?s=96&d=mm&r=g","caption":"La R\u00e9daction"},"sameAs":["https:\/\/universnews224.com"],"url":"https:\/\/universnews224.com\/index.php\/author\/m-camara\/"}]}},"_links":{"self":[{"href":"https:\/\/universnews224.com\/index.php\/wp-json\/wp\/v2\/posts\/1432"}],"collection":[{"href":"https:\/\/universnews224.com\/index.php\/wp-json\/wp\/v2\/posts"}],"about":[{"href":"https:\/\/universnews224.com\/index.php\/wp-json\/wp\/v2\/types\/post"}],"author":[{"embeddable":true,"href":"https:\/\/universnews224.com\/index.php\/wp-json\/wp\/v2\/users\/2"}],"replies":[{"embeddable":true,"href":"https:\/\/universnews224.com\/index.php\/wp-json\/wp\/v2\/comments?post=1432"}],"version-history":[{"count":1,"href":"https:\/\/universnews224.com\/index.php\/wp-json\/wp\/v2\/posts\/1432\/revisions"}],"predecessor-version":[{"id":1440,"href":"https:\/\/universnews224.com\/index.php\/wp-json\/wp\/v2\/posts\/1432\/revisions\/1440"}],"wp:featuredmedia":[{"embeddable":true,"href":"https:\/\/universnews224.com\/index.php\/wp-json\/wp\/v2\/media\/1439"}],"wp:attachment":[{"href":"https:\/\/universnews224.com\/index.php\/wp-json\/wp\/v2\/media?parent=1432"}],"wp:term":[{"taxonomy":"category","embeddable":true,"href":"https:\/\/universnews224.com\/index.php\/wp-json\/wp\/v2\/categories?post=1432"},{"taxonomy":"post_tag","embeddable":true,"href":"https:\/\/universnews224.com\/index.php\/wp-json\/wp\/v2\/tags?post=1432"}],"curies":[{"name":"wp","href":"https:\/\/api.w.org\/{rel}","templated":true}]}}